{"id":4160,"date":"2017-06-04T11:05:33","date_gmt":"2017-06-04T10:05:33","guid":{"rendered":"https:\/\/elcotarro.com\/?p=4160"},"modified":"2017-06-04T10:12:36","modified_gmt":"2017-06-04T09:12:36","slug":"una-confundida-identidad-canaria","status":"publish","type":"post","link":"https:\/\/elcotarro.com\/?p=4160","title":{"rendered":"UNA CONFUNDIDA IDENTIDAD CANARIA"},"content":{"rendered":"<p>El pasado martes, el llamado D\u00eda de Canarias, tuve que ir al Puerto de la Cruz y, entre ida y venida, llegue a la conclusi\u00f3n de que el personal debe tener un potaje con esto de la identidad canaria que alguien debe \u201cencarrilar\u201d. Me temo que el presidente <strong>Fernando Clavijo<\/strong> (que creo lo tiene claro) y mucha gente que le rodea (que igual no lo tiene tan claro) deber\u00edan urgentemente poner manos a la obra en el asunto, corregir el \u201csurco\u201d y r\u00e1pidamente \u201csembrar\u201d bien&#8230;, si quieren \u201ccosechar\u201d mejor.<\/p>\n<p style=\"text-align: center\"><a href=\"https:\/\/elcotarro.com\/wp-content\/uploads\/2017\/06\/FOTO-1.-DIA-DE-CANARIAS.jpg\"><img loading=\"lazy\" decoding=\"async\" class=\"alignnone size-full wp-image-4161\" src=\"https:\/\/elcotarro.com\/wp-content\/uploads\/2017\/06\/FOTO-1.-DIA-DE-CANARIAS.jpg\" alt=\"FOTO 1.- DIA DE CANARIAS\" width=\"850\" height=\"315\" srcset=\"https:\/\/elcotarro.com\/wp-content\/uploads\/2017\/06\/FOTO-1.-DIA-DE-CANARIAS.jpg 850w, https:\/\/elcotarro.com\/wp-content\/uploads\/2017\/06\/FOTO-1.-DIA-DE-CANARIAS-300x111.jpg 300w\" sizes=\"auto, (max-width: 850px) 100vw, 850px\" \/><\/a><\/p>\n<p style=\"text-align: center\"><em>Est\u00e1 en manos de todos consensuar definitivamente los s\u00edmbolos que nos unir\u00e1n en el futuro<\/em><\/p>\n","protected":false},"excerpt":{"rendered":"<p>El pasado martes, el llamado D\u00eda de Canarias, tuve que ir al Puerto de la Cruz y, entre ida y venida, llegue a la conclusi\u00f3n de que el personal debe tener un potaje con esto de la identidad canaria que alguien debe \u201cencarrilar\u201d. Me temo que el presidente Fernando Clavijo (que creo lo tiene claro) &#8230; <a class=\"read-more\" href=\"https:\/\/elcotarro.com\/?p=4160\">Read more<\/a><\/p>\n","protected":false},"author":2,"featured_media":0,"comment_status":"open","ping_status":"open","sticky":false,"template":"","format":"standard","meta":{"_jetpack_memberships_contains_paid_content":false,"footnotes":""},"categories":[1],"tags":[],"class_list":["post-4160","post","type-post","status-publish","format-standard","hentry","category-sin-categoria"],"yoast_head":"<!-- This site is optimized with the Yoast SEO plugin v27.0 - https:\/\/yoast.com\/product\/yoast-seo-wordpress\/ -->\n<title>UNA CONFUNDIDA IDENTIDAD CANARIA - El Cotarro<\/title>\n<meta name=\"robots\" content=\"index, follow, max-snippet:-1, max-image-preview:large, max-video-preview:-1\" \/>\n<link rel=\"canonical\" href=\"https:\/\/elcotarro.com\/?p=4160\" \/>\n<meta property=\"og:locale\" content=\"es_ES\" \/>\n<meta property=\"og:type\" content=\"article\" \/>\n<meta property=\"og:title\" content=\"UNA CONFUNDIDA IDENTIDAD CANARIA - El Cotarro\" \/>\n<meta property=\"og:description\" content=\"El pasado martes, el llamado D\u00eda de Canarias, tuve que ir al Puerto de la Cruz y, entre ida y venida, llegue a la conclusi\u00f3n de que el personal debe tener un potaje con esto de la identidad canaria que alguien debe \u201cencarrilar\u201d. Me temo que el presidente Fernando Clavijo (que creo lo tiene claro) ... Read more\" \/>\n<meta property=\"og:url\" content=\"https:\/\/elcotarro.com\/?p=4160\" \/>\n<meta property=\"og:site_name\" content=\"El Cotarro\" \/>\n<meta property=\"article:publisher\" content=\"https:\/\/www.facebook.com\/ElCotarro.Tenerife\" \/>\n<meta property=\"article:published_time\" content=\"2017-06-04T10:05:33+00:00\" \/>\n<meta property=\"og:image\" content=\"https:\/\/elcotarro.com\/wp-content\/uploads\/2017\/06\/FOTO-1.-DIA-DE-CANARIAS.jpg\" \/>\n<meta name=\"author\" content=\"Jos\u00e9 Carlos Marrero Gonz\u00e1lez\" \/>\n<meta name=\"twitter:label1\" content=\"Escrito por\" \/>\n\t<meta name=\"twitter:data1\" content=\"Jos\u00e9 Carlos Marrero Gonz\u00e1lez\" \/>\n\t<meta name=\"twitter:label2\" content=\"Tiempo de lectura\" \/>\n\t<meta name=\"twitter:data2\" content=\"1 minuto\" \/>\n<script type=\"application\/ld+json\" class=\"yoast-schema-graph\">{\"@context\":\"https:\/\/schema.org\",\"@graph\":[{\"@type\":\"Article\",\"@id\":\"https:\/\/elcotarro.com\/?p=4160#article\",\"isPartOf\":{\"@id\":\"https:\/\/elcotarro.com\/?p=4160\"},\"author\":{\"name\":\"Jos\u00e9 Carlos Marrero Gonz\u00e1lez\",\"@id\":\"https:\/\/elcotarro.com\/#\/schema\/person\/af537ee7d60d15984c7e0affcd8a918b\"},\"headline\":\"UNA CONFUNDIDA IDENTIDAD CANARIA\",\"datePublished\":\"2017-06-04T10:05:33+00:00\",\"mainEntityOfPage\":{\"@id\":\"https:\/\/elcotarro.com\/?p=4160\"},\"wordCount\":114,\"commentCount\":0,\"publisher\":{\"@id\":\"https:\/\/elcotarro.com\/#organization\"},\"image\":{\"@id\":\"https:\/\/elcotarro.com\/?p=4160#primaryimage\"},\"thumbnailUrl\":\"https:\/\/elcotarro.com\/wp-content\/uploads\/2017\/06\/FOTO-1.-DIA-DE-CANARIAS.jpg\",\"inLanguage\":\"es\",\"potentialAction\":[{\"@type\":\"CommentAction\",\"name\":\"Comment\",\"target\":[\"https:\/\/elcotarro.com\/?p=4160#respond\"]}]},{\"@type\":\"WebPage\",\"@id\":\"https:\/\/elcotarro.com\/?p=4160\",\"url\":\"https:\/\/elcotarro.com\/?p=4160\",\"name\":\"UNA CONFUNDIDA IDENTIDAD CANARIA - El Cotarro\",\"isPartOf\":{\"@id\":\"https:\/\/elcotarro.com\/#website\"},\"primaryImageOfPage\":{\"@id\":\"https:\/\/elcotarro.com\/?p=4160#primaryimage\"},\"image\":{\"@id\":\"https:\/\/elcotarro.com\/?p=4160#primaryimage\"},\"thumbnailUrl\":\"https:\/\/elcotarro.com\/wp-content\/uploads\/2017\/06\/FOTO-1.-DIA-DE-CANARIAS.jpg\",\"datePublished\":\"2017-06-04T10:05:33+00:00\",\"breadcrumb\":{\"@id\":\"https:\/\/elcotarro.com\/?p=4160#breadcrumb\"},\"inLanguage\":\"es\",\"potentialAction\":[{\"@type\":\"ReadAction\",\"target\":[\"https:\/\/elcotarro.com\/?p=4160\"]}]},{\"@type\":\"ImageObject\",\"inLanguage\":\"es\",\"@id\":\"https:\/\/elcotarro.com\/?p=4160#primaryimage\",\"url\":\"https:\/\/elcotarro.com\/wp-content\/uploads\/2017\/06\/FOTO-1.-DIA-DE-CANARIAS.jpg\",\"contentUrl\":\"https:\/\/elcotarro.com\/wp-content\/uploads\/2017\/06\/FOTO-1.-DIA-DE-CANARIAS.jpg\",\"width\":850,\"height\":315},{\"@type\":\"BreadcrumbList\",\"@id\":\"https:\/\/elcotarro.com\/?p=4160#breadcrumb\",\"itemListElement\":[{\"@type\":\"ListItem\",\"position\":1,\"name\":\"Portada\",\"item\":\"https:\/\/elcotarro.com\/\"},{\"@type\":\"ListItem\",\"position\":2,\"name\":\"UNA CONFUNDIDA IDENTIDAD CANARIA\"}]},{\"@type\":\"WebSite\",\"@id\":\"https:\/\/elcotarro.com\/#website\",\"url\":\"https:\/\/elcotarro.com\/\",\"name\":\"El Cotarro\",\"description\":\"Peri\u00f3dico Digital Independiente dirigido por Jos\u00e9 Carlos Marrero\",\"publisher\":{\"@id\":\"https:\/\/elcotarro.com\/#organization\"},\"potentialAction\":[{\"@type\":\"SearchAction\",\"target\":{\"@type\":\"EntryPoint\",\"urlTemplate\":\"https:\/\/elcotarro.com\/?s={search_term_string}\"},\"query-input\":{\"@type\":\"PropertyValueSpecification\",\"valueRequired\":true,\"valueName\":\"search_term_string\"}}],\"inLanguage\":\"es\"},{\"@type\":\"Organization\",\"@id\":\"https:\/\/elcotarro.com\/#organization\",\"name\":\"El Cotarro\",\"url\":\"https:\/\/elcotarro.com\/\",\"logo\":{\"@type\":\"ImageObject\",\"inLanguage\":\"es\",\"@id\":\"https:\/\/elcotarro.com\/#\/schema\/logo\/image\/\",\"url\":\"https:\/\/elcotarro.com\/wp-content\/uploads\/2014\/09\/Cabecera_El_Cotarro_v2.jpg\",\"contentUrl\":\"https:\/\/elcotarro.com\/wp-content\/uploads\/2014\/09\/Cabecera_El_Cotarro_v2.jpg\",\"width\":3540,\"height\":441,\"caption\":\"El Cotarro\"},\"image\":{\"@id\":\"https:\/\/elcotarro.com\/#\/schema\/logo\/image\/\"},\"sameAs\":[\"https:\/\/www.facebook.com\/ElCotarro.Tenerife\"]},{\"@type\":\"Person\",\"@id\":\"https:\/\/elcotarro.com\/#\/schema\/person\/af537ee7d60d15984c7e0affcd8a918b\",\"name\":\"Jos\u00e9 Carlos Marrero Gonz\u00e1lez\",\"image\":{\"@type\":\"ImageObject\",\"inLanguage\":\"es\",\"@id\":\"https:\/\/elcotarro.com\/#\/schema\/person\/image\/\",\"url\":\"https:\/\/secure.gravatar.com\/avatar\/def4da036efb5d32c74d49c351f6dccc064dd69ad9f3aadc295c5a9a5391ca01?s=96&d=mm&r=g\",\"contentUrl\":\"https:\/\/secure.gravatar.com\/avatar\/def4da036efb5d32c74d49c351f6dccc064dd69ad9f3aadc295c5a9a5391ca01?s=96&d=mm&r=g\",\"caption\":\"Jos\u00e9 Carlos Marrero Gonz\u00e1lez\"},\"sameAs\":[\"https:\/\/elcotarro.com\"],\"url\":\"https:\/\/elcotarro.com\/?author=2\"}]}<\/script>\n<!-- \/ Yoast SEO plugin. -->","yoast_head_json":{"title":"UNA CONFUNDIDA IDENTIDAD CANARIA - El Cotarro","robots":{"index":"index","follow":"follow","max-snippet":"max-snippet:-1","max-image-preview":"max-image-preview:large","max-video-preview":"max-video-preview:-1"},"canonical":"https:\/\/elcotarro.com\/?p=4160","og_locale":"es_ES","og_type":"article","og_title":"UNA CONFUNDIDA IDENTIDAD CANARIA - El Cotarro","og_description":"El pasado martes, el llamado D\u00eda de Canarias, tuve que ir al Puerto de la Cruz y, entre ida y venida, llegue a la conclusi\u00f3n de que el personal debe tener un potaje con esto de la identidad canaria que alguien debe \u201cencarrilar\u201d. Me temo que el presidente Fernando Clavijo (que creo lo tiene claro) ... Read more","og_url":"https:\/\/elcotarro.com\/?p=4160","og_site_name":"El Cotarro","article_publisher":"https:\/\/www.facebook.com\/ElCotarro.Tenerife","article_published_time":"2017-06-04T10:05:33+00:00","og_image":[{"url":"https:\/\/elcotarro.com\/wp-content\/uploads\/2017\/06\/FOTO-1.-DIA-DE-CANARIAS.jpg","type":"","width":"","height":""}],"author":"Jos\u00e9 Carlos Marrero Gonz\u00e1lez","twitter_misc":{"Escrito por":"Jos\u00e9 Carlos Marrero Gonz\u00e1lez","Tiempo de lectura":"1 minuto"},"schema":{"@context":"https:\/\/schema.org","@graph":[{"@type":"Article","@id":"https:\/\/elcotarro.com\/?p=4160#article","isPartOf":{"@id":"https:\/\/elcotarro.com\/?p=4160"},"author":{"name":"Jos\u00e9 Carlos Marrero Gonz\u00e1lez","@id":"https:\/\/elcotarro.com\/#\/schema\/person\/af537ee7d60d15984c7e0affcd8a918b"},"headline":"UNA CONFUNDIDA IDENTIDAD CANARIA","datePublished":"2017-06-04T10:05:33+00:00","mainEntityOfPage":{"@id":"https:\/\/elcotarro.com\/?p=4160"},"wordCount":114,"commentCount":0,"publisher":{"@id":"https:\/\/elcotarro.com\/#organization"},"image":{"@id":"https:\/\/elcotarro.com\/?p=4160#primaryimage"},"thumbnailUrl":"https:\/\/elcotarro.com\/wp-content\/uploads\/2017\/06\/FOTO-1.-DIA-DE-CANARIAS.jpg","inLanguage":"es","potentialAction":[{"@type":"CommentAction","name":"Comment","target":["https:\/\/elcotarro.com\/?p=4160#respond"]}]},{"@type":"WebPage","@id":"https:\/\/elcotarro.com\/?p=4160","url":"https:\/\/elcotarro.com\/?p=4160","name":"UNA CONFUNDIDA IDENTIDAD CANARIA - El Cotarro","isPartOf":{"@id":"https:\/\/elcotarro.com\/#website"},"primaryImageOfPage":{"@id":"https:\/\/elcotarro.com\/?p=4160#primaryimage"},"image":{"@id":"https:\/\/elcotarro.com\/?p=4160#primaryimage"},"thumbnailUrl":"https:\/\/elcotarro.com\/wp-content\/uploads\/2017\/06\/FOTO-1.-DIA-DE-CANARIAS.jpg","datePublished":"2017-06-04T10:05:33+00:00","breadcrumb":{"@id":"https:\/\/elcotarro.com\/?p=4160#breadcrumb"},"inLanguage":"es","potentialAction":[{"@type":"ReadAction","target":["https:\/\/elcotarro.com\/?p=4160"]}]},{"@type":"ImageObject","inLanguage":"es","@id":"https:\/\/elcotarro.com\/?p=4160#primaryimage","url":"https:\/\/elcotarro.com\/wp-content\/uploads\/2017\/06\/FOTO-1.-DIA-DE-CANARIAS.jpg","contentUrl":"https:\/\/elcotarro.com\/wp-content\/uploads\/2017\/06\/FOTO-1.-DIA-DE-CANARIAS.jpg","width":850,"height":315},{"@type":"BreadcrumbList","@id":"https:\/\/elcotarro.com\/?p=4160#breadcrumb","itemListElement":[{"@type":"ListItem","position":1,"name":"Portada","item":"https:\/\/elcotarro.com\/"},{"@type":"ListItem","position":2,"name":"UNA CONFUNDIDA IDENTIDAD CANARIA"}]},{"@type":"WebSite","@id":"https:\/\/elcotarro.com\/#website","url":"https:\/\/elcotarro.com\/","name":"El Cotarro","description":"Peri\u00f3dico Digital Independiente dirigido por Jos\u00e9 Carlos Marrero","publisher":{"@id":"https:\/\/elcotarro.com\/#organization"},"potentialAction":[{"@type":"SearchAction","target":{"@type":"EntryPoint","urlTemplate":"https:\/\/elcotarro.com\/?s={search_term_string}"},"query-input":{"@type":"PropertyValueSpecification","valueRequired":true,"valueName":"search_term_string"}}],"inLanguage":"es"},{"@type":"Organization","@id":"https:\/\/elcotarro.com\/#organization","name":"El Cotarro","url":"https:\/\/elcotarro.com\/","logo":{"@type":"ImageObject","inLanguage":"es","@id":"https:\/\/elcotarro.com\/#\/schema\/logo\/image\/","url":"https:\/\/elcotarro.com\/wp-content\/uploads\/2014\/09\/Cabecera_El_Cotarro_v2.jpg","contentUrl":"https:\/\/elcotarro.com\/wp-content\/uploads\/2014\/09\/Cabecera_El_Cotarro_v2.jpg","width":3540,"height":441,"caption":"El Cotarro"},"image":{"@id":"https:\/\/elcotarro.com\/#\/schema\/logo\/image\/"},"sameAs":["https:\/\/www.facebook.com\/ElCotarro.Tenerife"]},{"@type":"Person","@id":"https:\/\/elcotarro.com\/#\/schema\/person\/af537ee7d60d15984c7e0affcd8a918b","name":"Jos\u00e9 Carlos Marrero Gonz\u00e1lez","image":{"@type":"ImageObject","inLanguage":"es","@id":"https:\/\/elcotarro.com\/#\/schema\/person\/image\/","url":"https:\/\/secure.gravatar.com\/avatar\/def4da036efb5d32c74d49c351f6dccc064dd69ad9f3aadc295c5a9a5391ca01?s=96&d=mm&r=g","contentUrl":"https:\/\/secure.gravatar.com\/avatar\/def4da036efb5d32c74d49c351f6dccc064dd69ad9f3aadc295c5a9a5391ca01?s=96&d=mm&r=g","caption":"Jos\u00e9 Carlos Marrero Gonz\u00e1lez"},"sameAs":["https:\/\/elcotarro.com"],"url":"https:\/\/elcotarro.com\/?author=2"}]}},"jetpack_featured_media_url":"","jetpack_sharing_enabled":true,"_links":{"self":[{"href":"https:\/\/elcotarro.com\/index.php?rest_route=\/wp\/v2\/posts\/4160","targetHints":{"allow":["GET"]}}],"collection":[{"href":"https:\/\/elcotarro.com\/index.php?rest_route=\/wp\/v2\/posts"}],"about":[{"href":"https:\/\/elcotarro.com\/index.php?rest_route=\/wp\/v2\/types\/post"}],"author":[{"embeddable":true,"href":"https:\/\/elcotarro.com\/index.php?rest_route=\/wp\/v2\/users\/2"}],"replies":[{"embeddable":true,"href":"https:\/\/elcotarro.com\/index.php?rest_route=%2Fwp%2Fv2%2Fcomments&post=4160"}],"version-history":[{"count":1,"href":"https:\/\/elcotarro.com\/index.php?rest_route=\/wp\/v2\/posts\/4160\/revisions"}],"predecessor-version":[{"id":4162,"href":"https:\/\/elcotarro.com\/index.php?rest_route=\/wp\/v2\/posts\/4160\/revisions\/4162"}],"wp:attachment":[{"href":"https:\/\/elcotarro.com\/index.php?rest_route=%2Fwp%2Fv2%2Fmedia&parent=4160"}],"wp:term":[{"taxonomy":"category","embeddable":true,"href":"https:\/\/elcotarro.com\/index.php?rest_route=%2Fwp%2Fv2%2Fcategories&post=4160"},{"taxonomy":"post_tag","embeddable":true,"href":"https:\/\/elcotarro.com\/index.php?rest_route=%2Fwp%2Fv2%2Ftags&post=4160"}],"curies":[{"name":"wp","href":"https:\/\/api.w.org\/{rel}","templated":true}]}}