{"id":4169,"date":"2017-06-04T11:02:58","date_gmt":"2017-06-04T10:02:58","guid":{"rendered":"https:\/\/elcotarro.com\/?p=4169"},"modified":"2017-06-04T10:17:35","modified_gmt":"2017-06-04T09:17:35","slug":"division-hasta-con-la-bandera","status":"publish","type":"post","link":"https:\/\/elcotarro.com\/?p=4169","title":{"rendered":"DIVISI\u00d3N HASTA CON LA BANDERA"},"content":{"rendered":"<p>Lo dicho, no una sino dos. \u00bfNo quieres caldo?, pues toma dos tazas. Dos banderas canarias para (imagino) un pueblo dividido sentimentalmente&#8230; \u00a1una con las siete estrellas verdes y otra con el escudo de los perros!.. Supongo que una le gustar\u00e1 m\u00e1s a <strong>Fernando Clavijo<\/strong> y otra a <strong>Asier Antona<\/strong>, pero creo que gran parte de la ciudadan\u00eda canaria tiene el <em>\u201ccoraz\u00f3n part\u00edo\u201d.<\/em> Y lo cierto y verdad es que en unos sitios ponen una, en otros la otra y en muchos ni la una ni la otra, sino la de los tres colores, sin m\u00e1s&#8230; y muchas veces, encima, con las franjas en sentido horizontal&#8230; \u00a1Pa\u00eds!<\/p>\n<p style=\"text-align: center\"><a href=\"https:\/\/elcotarro.com\/wp-content\/uploads\/2017\/06\/FOTO-6.-BANDERA-CANARIA-7-ESTRELLAS.jpg\"><img loading=\"lazy\" decoding=\"async\" class=\"alignnone size-full wp-image-4170\" src=\"https:\/\/elcotarro.com\/wp-content\/uploads\/2017\/06\/FOTO-6.-BANDERA-CANARIA-7-ESTRELLAS.jpg\" alt=\"FOTO 6.- BANDERA CANARIA 7 ESTRELLAS\" width=\"400\" height=\"267\" srcset=\"https:\/\/elcotarro.com\/wp-content\/uploads\/2017\/06\/FOTO-6.-BANDERA-CANARIA-7-ESTRELLAS.jpg 400w, https:\/\/elcotarro.com\/wp-content\/uploads\/2017\/06\/FOTO-6.-BANDERA-CANARIA-7-ESTRELLAS-300x200.jpg 300w\" sizes=\"auto, (max-width: 400px) 100vw, 400px\" \/><\/a><\/p>\n<p style=\"text-align: center\"><em>Bandera canaria con las 7 estrellas verdes, adoptada por algunos partidos como \u201csuya\u201d<\/em><\/p>\n","protected":false},"excerpt":{"rendered":"<p>Lo dicho, no una sino dos. \u00bfNo quieres caldo?, pues toma dos tazas. Dos banderas canarias para (imagino) un pueblo dividido sentimentalmente&#8230; \u00a1una con las siete estrellas verdes y otra con el escudo de los perros!.. Supongo que una le gustar\u00e1 m\u00e1s a Fernando Clavijo y otra a Asier Antona, pero creo que gran parte &#8230; <a class=\"read-more\" href=\"https:\/\/elcotarro.com\/?p=4169\">Read more<\/a><\/p>\n","protected":false},"author":2,"featured_media":0,"comment_status":"open","ping_status":"open","sticky":false,"template":"","format":"standard","meta":{"_jetpack_memberships_contains_paid_content":false,"footnotes":""},"categories":[1],"tags":[],"class_list":["post-4169","post","type-post","status-publish","format-standard","hentry","category-sin-categoria"],"yoast_head":"<!-- This site is optimized with the Yoast SEO plugin v27.0 - https:\/\/yoast.com\/product\/yoast-seo-wordpress\/ -->\n<title>DIVISI\u00d3N HASTA CON LA BANDERA - El Cotarro<\/title>\n<meta name=\"robots\" content=\"index, follow, max-snippet:-1, max-image-preview:large, max-video-preview:-1\" \/>\n<link rel=\"canonical\" href=\"https:\/\/elcotarro.com\/?p=4169\" \/>\n<meta property=\"og:locale\" content=\"es_ES\" \/>\n<meta property=\"og:type\" content=\"article\" \/>\n<meta property=\"og:title\" content=\"DIVISI\u00d3N HASTA CON LA BANDERA - El Cotarro\" \/>\n<meta property=\"og:description\" content=\"Lo dicho, no una sino dos. \u00bfNo quieres caldo?, pues toma dos tazas. Dos banderas canarias para (imagino) un pueblo dividido sentimentalmente&#8230; \u00a1una con las siete estrellas verdes y otra con el escudo de los perros!.. Supongo que una le gustar\u00e1 m\u00e1s a Fernando Clavijo y otra a Asier Antona, pero creo que gran parte ... Read more\" \/>\n<meta property=\"og:url\" content=\"https:\/\/elcotarro.com\/?p=4169\" \/>\n<meta property=\"og:site_name\" content=\"El Cotarro\" \/>\n<meta property=\"article:publisher\" content=\"https:\/\/www.facebook.com\/ElCotarro.Tenerife\" \/>\n<meta property=\"article:published_time\" content=\"2017-06-04T10:02:58+00:00\" \/>\n<meta property=\"og:image\" content=\"https:\/\/elcotarro.com\/wp-content\/uploads\/2017\/06\/FOTO-6.-BANDERA-CANARIA-7-ESTRELLAS.jpg\" \/>\n<meta name=\"author\" content=\"Jos\u00e9 Carlos Marrero Gonz\u00e1lez\" \/>\n<meta name=\"twitter:label1\" content=\"Escrito por\" \/>\n\t<meta name=\"twitter:data1\" content=\"Jos\u00e9 Carlos Marrero Gonz\u00e1lez\" \/>\n\t<meta name=\"twitter:label2\" content=\"Tiempo de lectura\" \/>\n\t<meta name=\"twitter:data2\" content=\"1 minuto\" \/>\n<script type=\"application\/ld+json\" class=\"yoast-schema-graph\">{\"@context\":\"https:\/\/schema.org\",\"@graph\":[{\"@type\":\"Article\",\"@id\":\"https:\/\/elcotarro.com\/?p=4169#article\",\"isPartOf\":{\"@id\":\"https:\/\/elcotarro.com\/?p=4169\"},\"author\":{\"name\":\"Jos\u00e9 Carlos Marrero Gonz\u00e1lez\",\"@id\":\"https:\/\/elcotarro.com\/#\/schema\/person\/af537ee7d60d15984c7e0affcd8a918b\"},\"headline\":\"DIVISI\u00d3N HASTA CON LA BANDERA\",\"datePublished\":\"2017-06-04T10:02:58+00:00\",\"mainEntityOfPage\":{\"@id\":\"https:\/\/elcotarro.com\/?p=4169\"},\"wordCount\":131,\"commentCount\":0,\"publisher\":{\"@id\":\"https:\/\/elcotarro.com\/#organization\"},\"image\":{\"@id\":\"https:\/\/elcotarro.com\/?p=4169#primaryimage\"},\"thumbnailUrl\":\"https:\/\/elcotarro.com\/wp-content\/uploads\/2017\/06\/FOTO-6.-BANDERA-CANARIA-7-ESTRELLAS.jpg\",\"inLanguage\":\"es\",\"potentialAction\":[{\"@type\":\"CommentAction\",\"name\":\"Comment\",\"target\":[\"https:\/\/elcotarro.com\/?p=4169#respond\"]}]},{\"@type\":\"WebPage\",\"@id\":\"https:\/\/elcotarro.com\/?p=4169\",\"url\":\"https:\/\/elcotarro.com\/?p=4169\",\"name\":\"DIVISI\u00d3N HASTA CON LA BANDERA - El Cotarro\",\"isPartOf\":{\"@id\":\"https:\/\/elcotarro.com\/#website\"},\"primaryImageOfPage\":{\"@id\":\"https:\/\/elcotarro.com\/?p=4169#primaryimage\"},\"image\":{\"@id\":\"https:\/\/elcotarro.com\/?p=4169#primaryimage\"},\"thumbnailUrl\":\"https:\/\/elcotarro.com\/wp-content\/uploads\/2017\/06\/FOTO-6.-BANDERA-CANARIA-7-ESTRELLAS.jpg\",\"datePublished\":\"2017-06-04T10:02:58+00:00\",\"breadcrumb\":{\"@id\":\"https:\/\/elcotarro.com\/?p=4169#breadcrumb\"},\"inLanguage\":\"es\",\"potentialAction\":[{\"@type\":\"ReadAction\",\"target\":[\"https:\/\/elcotarro.com\/?p=4169\"]}]},{\"@type\":\"ImageObject\",\"inLanguage\":\"es\",\"@id\":\"https:\/\/elcotarro.com\/?p=4169#primaryimage\",\"url\":\"https:\/\/elcotarro.com\/wp-content\/uploads\/2017\/06\/FOTO-6.-BANDERA-CANARIA-7-ESTRELLAS.jpg\",\"contentUrl\":\"https:\/\/elcotarro.com\/wp-content\/uploads\/2017\/06\/FOTO-6.-BANDERA-CANARIA-7-ESTRELLAS.jpg\",\"width\":400,\"height\":267},{\"@type\":\"BreadcrumbList\",\"@id\":\"https:\/\/elcotarro.com\/?p=4169#breadcrumb\",\"itemListElement\":[{\"@type\":\"ListItem\",\"position\":1,\"name\":\"Portada\",\"item\":\"https:\/\/elcotarro.com\/\"},{\"@type\":\"ListItem\",\"position\":2,\"name\":\"DIVISI\u00d3N HASTA CON LA BANDERA\"}]},{\"@type\":\"WebSite\",\"@id\":\"https:\/\/elcotarro.com\/#website\",\"url\":\"https:\/\/elcotarro.com\/\",\"name\":\"El Cotarro\",\"description\":\"Peri\u00f3dico Digital Independiente dirigido por Jos\u00e9 Carlos Marrero\",\"publisher\":{\"@id\":\"https:\/\/elcotarro.com\/#organization\"},\"potentialAction\":[{\"@type\":\"SearchAction\",\"target\":{\"@type\":\"EntryPoint\",\"urlTemplate\":\"https:\/\/elcotarro.com\/?s={search_term_string}\"},\"query-input\":{\"@type\":\"PropertyValueSpecification\",\"valueRequired\":true,\"valueName\":\"search_term_string\"}}],\"inLanguage\":\"es\"},{\"@type\":\"Organization\",\"@id\":\"https:\/\/elcotarro.com\/#organization\",\"name\":\"El Cotarro\",\"url\":\"https:\/\/elcotarro.com\/\",\"logo\":{\"@type\":\"ImageObject\",\"inLanguage\":\"es\",\"@id\":\"https:\/\/elcotarro.com\/#\/schema\/logo\/image\/\",\"url\":\"https:\/\/elcotarro.com\/wp-content\/uploads\/2014\/09\/Cabecera_El_Cotarro_v2.jpg\",\"contentUrl\":\"https:\/\/elcotarro.com\/wp-content\/uploads\/2014\/09\/Cabecera_El_Cotarro_v2.jpg\",\"width\":3540,\"height\":441,\"caption\":\"El Cotarro\"},\"image\":{\"@id\":\"https:\/\/elcotarro.com\/#\/schema\/logo\/image\/\"},\"sameAs\":[\"https:\/\/www.facebook.com\/ElCotarro.Tenerife\"]},{\"@type\":\"Person\",\"@id\":\"https:\/\/elcotarro.com\/#\/schema\/person\/af537ee7d60d15984c7e0affcd8a918b\",\"name\":\"Jos\u00e9 Carlos Marrero Gonz\u00e1lez\",\"image\":{\"@type\":\"ImageObject\",\"inLanguage\":\"es\",\"@id\":\"https:\/\/elcotarro.com\/#\/schema\/person\/image\/\",\"url\":\"https:\/\/secure.gravatar.com\/avatar\/def4da036efb5d32c74d49c351f6dccc064dd69ad9f3aadc295c5a9a5391ca01?s=96&d=mm&r=g\",\"contentUrl\":\"https:\/\/secure.gravatar.com\/avatar\/def4da036efb5d32c74d49c351f6dccc064dd69ad9f3aadc295c5a9a5391ca01?s=96&d=mm&r=g\",\"caption\":\"Jos\u00e9 Carlos Marrero Gonz\u00e1lez\"},\"sameAs\":[\"https:\/\/elcotarro.com\"],\"url\":\"https:\/\/elcotarro.com\/?author=2\"}]}<\/script>\n<!-- \/ Yoast SEO plugin. -->","yoast_head_json":{"title":"DIVISI\u00d3N HASTA CON LA BANDERA - El Cotarro","robots":{"index":"index","follow":"follow","max-snippet":"max-snippet:-1","max-image-preview":"max-image-preview:large","max-video-preview":"max-video-preview:-1"},"canonical":"https:\/\/elcotarro.com\/?p=4169","og_locale":"es_ES","og_type":"article","og_title":"DIVISI\u00d3N HASTA CON LA BANDERA - El Cotarro","og_description":"Lo dicho, no una sino dos. \u00bfNo quieres caldo?, pues toma dos tazas. Dos banderas canarias para (imagino) un pueblo dividido sentimentalmente&#8230; \u00a1una con las siete estrellas verdes y otra con el escudo de los perros!.. Supongo que una le gustar\u00e1 m\u00e1s a Fernando Clavijo y otra a Asier Antona, pero creo que gran parte ... Read more","og_url":"https:\/\/elcotarro.com\/?p=4169","og_site_name":"El Cotarro","article_publisher":"https:\/\/www.facebook.com\/ElCotarro.Tenerife","article_published_time":"2017-06-04T10:02:58+00:00","og_image":[{"url":"https:\/\/elcotarro.com\/wp-content\/uploads\/2017\/06\/FOTO-6.-BANDERA-CANARIA-7-ESTRELLAS.jpg","type":"","width":"","height":""}],"author":"Jos\u00e9 Carlos Marrero Gonz\u00e1lez","twitter_misc":{"Escrito por":"Jos\u00e9 Carlos Marrero Gonz\u00e1lez","Tiempo de lectura":"1 minuto"},"schema":{"@context":"https:\/\/schema.org","@graph":[{"@type":"Article","@id":"https:\/\/elcotarro.com\/?p=4169#article","isPartOf":{"@id":"https:\/\/elcotarro.com\/?p=4169"},"author":{"name":"Jos\u00e9 Carlos Marrero Gonz\u00e1lez","@id":"https:\/\/elcotarro.com\/#\/schema\/person\/af537ee7d60d15984c7e0affcd8a918b"},"headline":"DIVISI\u00d3N HASTA CON LA BANDERA","datePublished":"2017-06-04T10:02:58+00:00","mainEntityOfPage":{"@id":"https:\/\/elcotarro.com\/?p=4169"},"wordCount":131,"commentCount":0,"publisher":{"@id":"https:\/\/elcotarro.com\/#organization"},"image":{"@id":"https:\/\/elcotarro.com\/?p=4169#primaryimage"},"thumbnailUrl":"https:\/\/elcotarro.com\/wp-content\/uploads\/2017\/06\/FOTO-6.-BANDERA-CANARIA-7-ESTRELLAS.jpg","inLanguage":"es","potentialAction":[{"@type":"CommentAction","name":"Comment","target":["https:\/\/elcotarro.com\/?p=4169#respond"]}]},{"@type":"WebPage","@id":"https:\/\/elcotarro.com\/?p=4169","url":"https:\/\/elcotarro.com\/?p=4169","name":"DIVISI\u00d3N HASTA CON LA BANDERA - El Cotarro","isPartOf":{"@id":"https:\/\/elcotarro.com\/#website"},"primaryImageOfPage":{"@id":"https:\/\/elcotarro.com\/?p=4169#primaryimage"},"image":{"@id":"https:\/\/elcotarro.com\/?p=4169#primaryimage"},"thumbnailUrl":"https:\/\/elcotarro.com\/wp-content\/uploads\/2017\/06\/FOTO-6.-BANDERA-CANARIA-7-ESTRELLAS.jpg","datePublished":"2017-06-04T10:02:58+00:00","breadcrumb":{"@id":"https:\/\/elcotarro.com\/?p=4169#breadcrumb"},"inLanguage":"es","potentialAction":[{"@type":"ReadAction","target":["https:\/\/elcotarro.com\/?p=4169"]}]},{"@type":"ImageObject","inLanguage":"es","@id":"https:\/\/elcotarro.com\/?p=4169#primaryimage","url":"https:\/\/elcotarro.com\/wp-content\/uploads\/2017\/06\/FOTO-6.-BANDERA-CANARIA-7-ESTRELLAS.jpg","contentUrl":"https:\/\/elcotarro.com\/wp-content\/uploads\/2017\/06\/FOTO-6.-BANDERA-CANARIA-7-ESTRELLAS.jpg","width":400,"height":267},{"@type":"BreadcrumbList","@id":"https:\/\/elcotarro.com\/?p=4169#breadcrumb","itemListElement":[{"@type":"ListItem","position":1,"name":"Portada","item":"https:\/\/elcotarro.com\/"},{"@type":"ListItem","position":2,"name":"DIVISI\u00d3N HASTA CON LA BANDERA"}]},{"@type":"WebSite","@id":"https:\/\/elcotarro.com\/#website","url":"https:\/\/elcotarro.com\/","name":"El Cotarro","description":"Peri\u00f3dico Digital Independiente dirigido por Jos\u00e9 Carlos Marrero","publisher":{"@id":"https:\/\/elcotarro.com\/#organization"},"potentialAction":[{"@type":"SearchAction","target":{"@type":"EntryPoint","urlTemplate":"https:\/\/elcotarro.com\/?s={search_term_string}"},"query-input":{"@type":"PropertyValueSpecification","valueRequired":true,"valueName":"search_term_string"}}],"inLanguage":"es"},{"@type":"Organization","@id":"https:\/\/elcotarro.com\/#organization","name":"El Cotarro","url":"https:\/\/elcotarro.com\/","logo":{"@type":"ImageObject","inLanguage":"es","@id":"https:\/\/elcotarro.com\/#\/schema\/logo\/image\/","url":"https:\/\/elcotarro.com\/wp-content\/uploads\/2014\/09\/Cabecera_El_Cotarro_v2.jpg","contentUrl":"https:\/\/elcotarro.com\/wp-content\/uploads\/2014\/09\/Cabecera_El_Cotarro_v2.jpg","width":3540,"height":441,"caption":"El Cotarro"},"image":{"@id":"https:\/\/elcotarro.com\/#\/schema\/logo\/image\/"},"sameAs":["https:\/\/www.facebook.com\/ElCotarro.Tenerife"]},{"@type":"Person","@id":"https:\/\/elcotarro.com\/#\/schema\/person\/af537ee7d60d15984c7e0affcd8a918b","name":"Jos\u00e9 Carlos Marrero Gonz\u00e1lez","image":{"@type":"ImageObject","inLanguage":"es","@id":"https:\/\/elcotarro.com\/#\/schema\/person\/image\/","url":"https:\/\/secure.gravatar.com\/avatar\/def4da036efb5d32c74d49c351f6dccc064dd69ad9f3aadc295c5a9a5391ca01?s=96&d=mm&r=g","contentUrl":"https:\/\/secure.gravatar.com\/avatar\/def4da036efb5d32c74d49c351f6dccc064dd69ad9f3aadc295c5a9a5391ca01?s=96&d=mm&r=g","caption":"Jos\u00e9 Carlos Marrero Gonz\u00e1lez"},"sameAs":["https:\/\/elcotarro.com"],"url":"https:\/\/elcotarro.com\/?author=2"}]}},"jetpack_featured_media_url":"","jetpack_sharing_enabled":true,"_links":{"self":[{"href":"https:\/\/elcotarro.com\/index.php?rest_route=\/wp\/v2\/posts\/4169","targetHints":{"allow":["GET"]}}],"collection":[{"href":"https:\/\/elcotarro.com\/index.php?rest_route=\/wp\/v2\/posts"}],"about":[{"href":"https:\/\/elcotarro.com\/index.php?rest_route=\/wp\/v2\/types\/post"}],"author":[{"embeddable":true,"href":"https:\/\/elcotarro.com\/index.php?rest_route=\/wp\/v2\/users\/2"}],"replies":[{"embeddable":true,"href":"https:\/\/elcotarro.com\/index.php?rest_route=%2Fwp%2Fv2%2Fcomments&post=4169"}],"version-history":[{"count":1,"href":"https:\/\/elcotarro.com\/index.php?rest_route=\/wp\/v2\/posts\/4169\/revisions"}],"predecessor-version":[{"id":4171,"href":"https:\/\/elcotarro.com\/index.php?rest_route=\/wp\/v2\/posts\/4169\/revisions\/4171"}],"wp:attachment":[{"href":"https:\/\/elcotarro.com\/index.php?rest_route=%2Fwp%2Fv2%2Fmedia&parent=4169"}],"wp:term":[{"taxonomy":"category","embeddable":true,"href":"https:\/\/elcotarro.com\/index.php?rest_route=%2Fwp%2Fv2%2Fcategories&post=4169"},{"taxonomy":"post_tag","embeddable":true,"href":"https:\/\/elcotarro.com\/index.php?rest_route=%2Fwp%2Fv2%2Ftags&post=4169"}],"curies":[{"name":"wp","href":"https:\/\/api.w.org\/{rel}","templated":true}]}}