{"id":4175,"date":"2017-06-04T11:00:22","date_gmt":"2017-06-04T10:00:22","guid":{"rendered":"https:\/\/elcotarro.com\/?p=4175"},"modified":"2017-06-04T10:19:12","modified_gmt":"2017-06-04T09:19:12","slug":"perpetrado-y-muy-triste-traje-de-mago","status":"publish","type":"post","link":"https:\/\/elcotarro.com\/?p=4175","title":{"rendered":"PERPETRADO Y MUY TRISTE TRAJE DE MAGO"},"content":{"rendered":"<p>Es de verg\u00fcenza ver a m\u00e1s de un impresentable (como el del dibujo) luciendo nuestro traje t\u00edpico en una romer\u00eda o baile de magos. Impresentable el vaquero de pitillo remangado y mucho m\u00e1s las bermudas. Vergonzosa la camisa blanca del esmoquin de fin de a\u00f1o. Surrealista la bufanda roja utilizada como faj\u00edn. Chocantes los tenis marrones sin calcetines y mucho m\u00e1s los Nike. Fuera de lugar el sombrero pajizo de propaganda con publicidad de una marca de bebidas. Sobrantes las gafas de sol Ray-Ban y, para rematarla y fastidiar a la ciudadan\u00eda, se van de \u201cbotell\u00f3n\u201d cuando no han probado un vaso de vino \u201cdel pa\u00eds\u201d en su vida. Celebro que alcaldes como <strong>Paco Linares<\/strong>, en La Orotava, hayan emprendido una cruzada en favor de cuidar y respetar lo nuestro.<\/p>\n<p style=\"text-align: center\"><a href=\"https:\/\/elcotarro.com\/wp-content\/uploads\/2017\/06\/FOTO-8.-TRAJE-DE-MAGO.jpg\"><img loading=\"lazy\" decoding=\"async\" class=\"alignnone size-full wp-image-4176\" src=\"https:\/\/elcotarro.com\/wp-content\/uploads\/2017\/06\/FOTO-8.-TRAJE-DE-MAGO.jpg\" alt=\"FOTO 8.- TRAJE DE MAGO\" width=\"602\" height=\"598\" srcset=\"https:\/\/elcotarro.com\/wp-content\/uploads\/2017\/06\/FOTO-8.-TRAJE-DE-MAGO.jpg 602w, https:\/\/elcotarro.com\/wp-content\/uploads\/2017\/06\/FOTO-8.-TRAJE-DE-MAGO-150x150.jpg 150w, https:\/\/elcotarro.com\/wp-content\/uploads\/2017\/06\/FOTO-8.-TRAJE-DE-MAGO-300x298.jpg 300w\" sizes=\"auto, (max-width: 602px) 100vw, 602px\" \/><\/a><\/p>\n<p style=\"text-align: center\"><em>Todo un atentado contra lo que entendemos por nuestra vestimenta tradicional.<\/em><\/p>\n","protected":false},"excerpt":{"rendered":"<p>Es de verg\u00fcenza ver a m\u00e1s de un impresentable (como el del dibujo) luciendo nuestro traje t\u00edpico en una romer\u00eda o baile de magos. Impresentable el vaquero de pitillo remangado y mucho m\u00e1s las bermudas. Vergonzosa la camisa blanca del esmoquin de fin de a\u00f1o. Surrealista la bufanda roja utilizada como faj\u00edn. Chocantes los tenis &#8230; <a class=\"read-more\" href=\"https:\/\/elcotarro.com\/?p=4175\">Read more<\/a><\/p>\n","protected":false},"author":2,"featured_media":0,"comment_status":"open","ping_status":"open","sticky":false,"template":"","format":"standard","meta":{"_jetpack_memberships_contains_paid_content":false,"footnotes":""},"categories":[1],"tags":[],"class_list":["post-4175","post","type-post","status-publish","format-standard","hentry","category-sin-categoria"],"yoast_head":"<!-- This site is optimized with the Yoast SEO plugin v27.0 - https:\/\/yoast.com\/product\/yoast-seo-wordpress\/ -->\n<title>PERPETRADO Y MUY TRISTE TRAJE DE MAGO - El Cotarro<\/title>\n<meta name=\"robots\" content=\"index, follow, max-snippet:-1, max-image-preview:large, max-video-preview:-1\" \/>\n<link rel=\"canonical\" href=\"https:\/\/elcotarro.com\/?p=4175\" \/>\n<meta property=\"og:locale\" content=\"es_ES\" \/>\n<meta property=\"og:type\" content=\"article\" \/>\n<meta property=\"og:title\" content=\"PERPETRADO Y MUY TRISTE TRAJE DE MAGO - El Cotarro\" \/>\n<meta property=\"og:description\" content=\"Es de verg\u00fcenza ver a m\u00e1s de un impresentable (como el del dibujo) luciendo nuestro traje t\u00edpico en una romer\u00eda o baile de magos. Impresentable el vaquero de pitillo remangado y mucho m\u00e1s las bermudas. Vergonzosa la camisa blanca del esmoquin de fin de a\u00f1o. Surrealista la bufanda roja utilizada como faj\u00edn. Chocantes los tenis ... Read more\" \/>\n<meta property=\"og:url\" content=\"https:\/\/elcotarro.com\/?p=4175\" \/>\n<meta property=\"og:site_name\" content=\"El Cotarro\" \/>\n<meta property=\"article:publisher\" content=\"https:\/\/www.facebook.com\/ElCotarro.Tenerife\" \/>\n<meta property=\"article:published_time\" content=\"2017-06-04T10:00:22+00:00\" \/>\n<meta property=\"og:image\" content=\"https:\/\/elcotarro.com\/wp-content\/uploads\/2017\/06\/FOTO-8.-TRAJE-DE-MAGO.jpg\" \/>\n<meta name=\"author\" content=\"Jos\u00e9 Carlos Marrero Gonz\u00e1lez\" \/>\n<meta name=\"twitter:label1\" content=\"Escrito por\" \/>\n\t<meta name=\"twitter:data1\" content=\"Jos\u00e9 Carlos Marrero Gonz\u00e1lez\" \/>\n\t<meta name=\"twitter:label2\" content=\"Tiempo de lectura\" \/>\n\t<meta name=\"twitter:data2\" content=\"1 minuto\" \/>\n<script type=\"application\/ld+json\" class=\"yoast-schema-graph\">{\"@context\":\"https:\/\/schema.org\",\"@graph\":[{\"@type\":\"Article\",\"@id\":\"https:\/\/elcotarro.com\/?p=4175#article\",\"isPartOf\":{\"@id\":\"https:\/\/elcotarro.com\/?p=4175\"},\"author\":{\"name\":\"Jos\u00e9 Carlos Marrero Gonz\u00e1lez\",\"@id\":\"https:\/\/elcotarro.com\/#\/schema\/person\/af537ee7d60d15984c7e0affcd8a918b\"},\"headline\":\"PERPETRADO Y MUY TRISTE TRAJE DE MAGO\",\"datePublished\":\"2017-06-04T10:00:22+00:00\",\"mainEntityOfPage\":{\"@id\":\"https:\/\/elcotarro.com\/?p=4175\"},\"wordCount\":159,\"commentCount\":1,\"publisher\":{\"@id\":\"https:\/\/elcotarro.com\/#organization\"},\"image\":{\"@id\":\"https:\/\/elcotarro.com\/?p=4175#primaryimage\"},\"thumbnailUrl\":\"https:\/\/elcotarro.com\/wp-content\/uploads\/2017\/06\/FOTO-8.-TRAJE-DE-MAGO.jpg\",\"inLanguage\":\"es\",\"potentialAction\":[{\"@type\":\"CommentAction\",\"name\":\"Comment\",\"target\":[\"https:\/\/elcotarro.com\/?p=4175#respond\"]}]},{\"@type\":\"WebPage\",\"@id\":\"https:\/\/elcotarro.com\/?p=4175\",\"url\":\"https:\/\/elcotarro.com\/?p=4175\",\"name\":\"PERPETRADO Y MUY TRISTE TRAJE DE MAGO - El Cotarro\",\"isPartOf\":{\"@id\":\"https:\/\/elcotarro.com\/#website\"},\"primaryImageOfPage\":{\"@id\":\"https:\/\/elcotarro.com\/?p=4175#primaryimage\"},\"image\":{\"@id\":\"https:\/\/elcotarro.com\/?p=4175#primaryimage\"},\"thumbnailUrl\":\"https:\/\/elcotarro.com\/wp-content\/uploads\/2017\/06\/FOTO-8.-TRAJE-DE-MAGO.jpg\",\"datePublished\":\"2017-06-04T10:00:22+00:00\",\"breadcrumb\":{\"@id\":\"https:\/\/elcotarro.com\/?p=4175#breadcrumb\"},\"inLanguage\":\"es\",\"potentialAction\":[{\"@type\":\"ReadAction\",\"target\":[\"https:\/\/elcotarro.com\/?p=4175\"]}]},{\"@type\":\"ImageObject\",\"inLanguage\":\"es\",\"@id\":\"https:\/\/elcotarro.com\/?p=4175#primaryimage\",\"url\":\"https:\/\/elcotarro.com\/wp-content\/uploads\/2017\/06\/FOTO-8.-TRAJE-DE-MAGO.jpg\",\"contentUrl\":\"https:\/\/elcotarro.com\/wp-content\/uploads\/2017\/06\/FOTO-8.-TRAJE-DE-MAGO.jpg\",\"width\":602,\"height\":598},{\"@type\":\"BreadcrumbList\",\"@id\":\"https:\/\/elcotarro.com\/?p=4175#breadcrumb\",\"itemListElement\":[{\"@type\":\"ListItem\",\"position\":1,\"name\":\"Portada\",\"item\":\"https:\/\/elcotarro.com\/\"},{\"@type\":\"ListItem\",\"position\":2,\"name\":\"PERPETRADO Y MUY TRISTE TRAJE DE MAGO\"}]},{\"@type\":\"WebSite\",\"@id\":\"https:\/\/elcotarro.com\/#website\",\"url\":\"https:\/\/elcotarro.com\/\",\"name\":\"El Cotarro\",\"description\":\"Peri\u00f3dico Digital Independiente dirigido por Jos\u00e9 Carlos Marrero\",\"publisher\":{\"@id\":\"https:\/\/elcotarro.com\/#organization\"},\"potentialAction\":[{\"@type\":\"SearchAction\",\"target\":{\"@type\":\"EntryPoint\",\"urlTemplate\":\"https:\/\/elcotarro.com\/?s={search_term_string}\"},\"query-input\":{\"@type\":\"PropertyValueSpecification\",\"valueRequired\":true,\"valueName\":\"search_term_string\"}}],\"inLanguage\":\"es\"},{\"@type\":\"Organization\",\"@id\":\"https:\/\/elcotarro.com\/#organization\",\"name\":\"El Cotarro\",\"url\":\"https:\/\/elcotarro.com\/\",\"logo\":{\"@type\":\"ImageObject\",\"inLanguage\":\"es\",\"@id\":\"https:\/\/elcotarro.com\/#\/schema\/logo\/image\/\",\"url\":\"https:\/\/elcotarro.com\/wp-content\/uploads\/2014\/09\/Cabecera_El_Cotarro_v2.jpg\",\"contentUrl\":\"https:\/\/elcotarro.com\/wp-content\/uploads\/2014\/09\/Cabecera_El_Cotarro_v2.jpg\",\"width\":3540,\"height\":441,\"caption\":\"El Cotarro\"},\"image\":{\"@id\":\"https:\/\/elcotarro.com\/#\/schema\/logo\/image\/\"},\"sameAs\":[\"https:\/\/www.facebook.com\/ElCotarro.Tenerife\"]},{\"@type\":\"Person\",\"@id\":\"https:\/\/elcotarro.com\/#\/schema\/person\/af537ee7d60d15984c7e0affcd8a918b\",\"name\":\"Jos\u00e9 Carlos Marrero Gonz\u00e1lez\",\"image\":{\"@type\":\"ImageObject\",\"inLanguage\":\"es\",\"@id\":\"https:\/\/elcotarro.com\/#\/schema\/person\/image\/\",\"url\":\"https:\/\/secure.gravatar.com\/avatar\/def4da036efb5d32c74d49c351f6dccc064dd69ad9f3aadc295c5a9a5391ca01?s=96&d=mm&r=g\",\"contentUrl\":\"https:\/\/secure.gravatar.com\/avatar\/def4da036efb5d32c74d49c351f6dccc064dd69ad9f3aadc295c5a9a5391ca01?s=96&d=mm&r=g\",\"caption\":\"Jos\u00e9 Carlos Marrero Gonz\u00e1lez\"},\"sameAs\":[\"https:\/\/elcotarro.com\"],\"url\":\"https:\/\/elcotarro.com\/?author=2\"}]}<\/script>\n<!-- \/ Yoast SEO plugin. -->","yoast_head_json":{"title":"PERPETRADO Y MUY TRISTE TRAJE DE MAGO - El Cotarro","robots":{"index":"index","follow":"follow","max-snippet":"max-snippet:-1","max-image-preview":"max-image-preview:large","max-video-preview":"max-video-preview:-1"},"canonical":"https:\/\/elcotarro.com\/?p=4175","og_locale":"es_ES","og_type":"article","og_title":"PERPETRADO Y MUY TRISTE TRAJE DE MAGO - El Cotarro","og_description":"Es de verg\u00fcenza ver a m\u00e1s de un impresentable (como el del dibujo) luciendo nuestro traje t\u00edpico en una romer\u00eda o baile de magos. Impresentable el vaquero de pitillo remangado y mucho m\u00e1s las bermudas. Vergonzosa la camisa blanca del esmoquin de fin de a\u00f1o. Surrealista la bufanda roja utilizada como faj\u00edn. Chocantes los tenis ... Read more","og_url":"https:\/\/elcotarro.com\/?p=4175","og_site_name":"El Cotarro","article_publisher":"https:\/\/www.facebook.com\/ElCotarro.Tenerife","article_published_time":"2017-06-04T10:00:22+00:00","og_image":[{"url":"https:\/\/elcotarro.com\/wp-content\/uploads\/2017\/06\/FOTO-8.-TRAJE-DE-MAGO.jpg","type":"","width":"","height":""}],"author":"Jos\u00e9 Carlos Marrero Gonz\u00e1lez","twitter_misc":{"Escrito por":"Jos\u00e9 Carlos Marrero Gonz\u00e1lez","Tiempo de lectura":"1 minuto"},"schema":{"@context":"https:\/\/schema.org","@graph":[{"@type":"Article","@id":"https:\/\/elcotarro.com\/?p=4175#article","isPartOf":{"@id":"https:\/\/elcotarro.com\/?p=4175"},"author":{"name":"Jos\u00e9 Carlos Marrero Gonz\u00e1lez","@id":"https:\/\/elcotarro.com\/#\/schema\/person\/af537ee7d60d15984c7e0affcd8a918b"},"headline":"PERPETRADO Y MUY TRISTE TRAJE DE MAGO","datePublished":"2017-06-04T10:00:22+00:00","mainEntityOfPage":{"@id":"https:\/\/elcotarro.com\/?p=4175"},"wordCount":159,"commentCount":1,"publisher":{"@id":"https:\/\/elcotarro.com\/#organization"},"image":{"@id":"https:\/\/elcotarro.com\/?p=4175#primaryimage"},"thumbnailUrl":"https:\/\/elcotarro.com\/wp-content\/uploads\/2017\/06\/FOTO-8.-TRAJE-DE-MAGO.jpg","inLanguage":"es","potentialAction":[{"@type":"CommentAction","name":"Comment","target":["https:\/\/elcotarro.com\/?p=4175#respond"]}]},{"@type":"WebPage","@id":"https:\/\/elcotarro.com\/?p=4175","url":"https:\/\/elcotarro.com\/?p=4175","name":"PERPETRADO Y MUY TRISTE TRAJE DE MAGO - El Cotarro","isPartOf":{"@id":"https:\/\/elcotarro.com\/#website"},"primaryImageOfPage":{"@id":"https:\/\/elcotarro.com\/?p=4175#primaryimage"},"image":{"@id":"https:\/\/elcotarro.com\/?p=4175#primaryimage"},"thumbnailUrl":"https:\/\/elcotarro.com\/wp-content\/uploads\/2017\/06\/FOTO-8.-TRAJE-DE-MAGO.jpg","datePublished":"2017-06-04T10:00:22+00:00","breadcrumb":{"@id":"https:\/\/elcotarro.com\/?p=4175#breadcrumb"},"inLanguage":"es","potentialAction":[{"@type":"ReadAction","target":["https:\/\/elcotarro.com\/?p=4175"]}]},{"@type":"ImageObject","inLanguage":"es","@id":"https:\/\/elcotarro.com\/?p=4175#primaryimage","url":"https:\/\/elcotarro.com\/wp-content\/uploads\/2017\/06\/FOTO-8.-TRAJE-DE-MAGO.jpg","contentUrl":"https:\/\/elcotarro.com\/wp-content\/uploads\/2017\/06\/FOTO-8.-TRAJE-DE-MAGO.jpg","width":602,"height":598},{"@type":"BreadcrumbList","@id":"https:\/\/elcotarro.com\/?p=4175#breadcrumb","itemListElement":[{"@type":"ListItem","position":1,"name":"Portada","item":"https:\/\/elcotarro.com\/"},{"@type":"ListItem","position":2,"name":"PERPETRADO Y MUY TRISTE TRAJE DE MAGO"}]},{"@type":"WebSite","@id":"https:\/\/elcotarro.com\/#website","url":"https:\/\/elcotarro.com\/","name":"El Cotarro","description":"Peri\u00f3dico Digital Independiente dirigido por Jos\u00e9 Carlos Marrero","publisher":{"@id":"https:\/\/elcotarro.com\/#organization"},"potentialAction":[{"@type":"SearchAction","target":{"@type":"EntryPoint","urlTemplate":"https:\/\/elcotarro.com\/?s={search_term_string}"},"query-input":{"@type":"PropertyValueSpecification","valueRequired":true,"valueName":"search_term_string"}}],"inLanguage":"es"},{"@type":"Organization","@id":"https:\/\/elcotarro.com\/#organization","name":"El Cotarro","url":"https:\/\/elcotarro.com\/","logo":{"@type":"ImageObject","inLanguage":"es","@id":"https:\/\/elcotarro.com\/#\/schema\/logo\/image\/","url":"https:\/\/elcotarro.com\/wp-content\/uploads\/2014\/09\/Cabecera_El_Cotarro_v2.jpg","contentUrl":"https:\/\/elcotarro.com\/wp-content\/uploads\/2014\/09\/Cabecera_El_Cotarro_v2.jpg","width":3540,"height":441,"caption":"El Cotarro"},"image":{"@id":"https:\/\/elcotarro.com\/#\/schema\/logo\/image\/"},"sameAs":["https:\/\/www.facebook.com\/ElCotarro.Tenerife"]},{"@type":"Person","@id":"https:\/\/elcotarro.com\/#\/schema\/person\/af537ee7d60d15984c7e0affcd8a918b","name":"Jos\u00e9 Carlos Marrero Gonz\u00e1lez","image":{"@type":"ImageObject","inLanguage":"es","@id":"https:\/\/elcotarro.com\/#\/schema\/person\/image\/","url":"https:\/\/secure.gravatar.com\/avatar\/def4da036efb5d32c74d49c351f6dccc064dd69ad9f3aadc295c5a9a5391ca01?s=96&d=mm&r=g","contentUrl":"https:\/\/secure.gravatar.com\/avatar\/def4da036efb5d32c74d49c351f6dccc064dd69ad9f3aadc295c5a9a5391ca01?s=96&d=mm&r=g","caption":"Jos\u00e9 Carlos Marrero Gonz\u00e1lez"},"sameAs":["https:\/\/elcotarro.com"],"url":"https:\/\/elcotarro.com\/?author=2"}]}},"jetpack_featured_media_url":"","jetpack_sharing_enabled":true,"_links":{"self":[{"href":"https:\/\/elcotarro.com\/index.php?rest_route=\/wp\/v2\/posts\/4175","targetHints":{"allow":["GET"]}}],"collection":[{"href":"https:\/\/elcotarro.com\/index.php?rest_route=\/wp\/v2\/posts"}],"about":[{"href":"https:\/\/elcotarro.com\/index.php?rest_route=\/wp\/v2\/types\/post"}],"author":[{"embeddable":true,"href":"https:\/\/elcotarro.com\/index.php?rest_route=\/wp\/v2\/users\/2"}],"replies":[{"embeddable":true,"href":"https:\/\/elcotarro.com\/index.php?rest_route=%2Fwp%2Fv2%2Fcomments&post=4175"}],"version-history":[{"count":1,"href":"https:\/\/elcotarro.com\/index.php?rest_route=\/wp\/v2\/posts\/4175\/revisions"}],"predecessor-version":[{"id":4177,"href":"https:\/\/elcotarro.com\/index.php?rest_route=\/wp\/v2\/posts\/4175\/revisions\/4177"}],"wp:attachment":[{"href":"https:\/\/elcotarro.com\/index.php?rest_route=%2Fwp%2Fv2%2Fmedia&parent=4175"}],"wp:term":[{"taxonomy":"category","embeddable":true,"href":"https:\/\/elcotarro.com\/index.php?rest_route=%2Fwp%2Fv2%2Fcategories&post=4175"},{"taxonomy":"post_tag","embeddable":true,"href":"https:\/\/elcotarro.com\/index.php?rest_route=%2Fwp%2Fv2%2Ftags&post=4175"}],"curies":[{"name":"wp","href":"https:\/\/api.w.org\/{rel}","templated":true}]}}