{"id":4197,"date":"2017-06-11T11:03:49","date_gmt":"2017-06-11T10:03:49","guid":{"rendered":"https:\/\/elcotarro.com\/?p=4197"},"modified":"2017-06-11T10:21:30","modified_gmt":"2017-06-11T09:21:30","slug":"25-anos-y-parece-que-fue-ayer","status":"publish","type":"post","link":"https:\/\/elcotarro.com\/?p=4197","title":{"rendered":"25 A\u00d1OS Y PARECE QUE FUE AYER"},"content":{"rendered":"<p>Hace ahora casi 25 a\u00f1os (que se dice pronto) el <em>desinquieto<\/em> empresario <strong>Amid Achi Fadul<\/strong>, sirio de nacimiento y tinerfe\u00f1o de adopci\u00f3n comenz\u00f3 un gran centro comercial en A\u00f1aza, que hoy es motor y referencia de aquel ya populoso barrio santacrucero. Por aquel entonces, el movimiento vecinal de A\u00f1aza lo comandaba otro <em>desinquieto<\/em> vecino, <strong>Luis Celso Garc\u00eda<\/strong>, quien, desde los comienzos de la vida del barrio, luch\u00f3 para dignificar la vida de sus vecinos. Para ello cont\u00f3 desde el primer momento con la colaboraci\u00f3n de <strong>Amid Achi Fadul,<\/strong> que all\u00e1 por 1990 comenz\u00f3 a colaborar con \u00e9l y a\u00fan hoy lo sigue haciendo con casi todas las iniciativas que surgen en el barrio, como las del tercer <em>desinquieto<\/em>, el sacerdote <strong>Jos\u00e9 Fern\u00e1ndez<\/strong> (O sea, <strong>Pepe<\/strong>, el cura de A\u00f1aza).<\/p>\n<p style=\"text-align: center\"><a href=\"https:\/\/elcotarro.com\/wp-content\/uploads\/2017\/06\/FOTO-4.-AMID-ACHI.jpg\"><img loading=\"lazy\" decoding=\"async\" class=\"alignnone size-full wp-image-4198\" src=\"https:\/\/elcotarro.com\/wp-content\/uploads\/2017\/06\/FOTO-4.-AMID-ACHI.jpg\" alt=\"FOTO 4.- AMID ACHI\" width=\"898\" height=\"755\" srcset=\"https:\/\/elcotarro.com\/wp-content\/uploads\/2017\/06\/FOTO-4.-AMID-ACHI.jpg 898w, https:\/\/elcotarro.com\/wp-content\/uploads\/2017\/06\/FOTO-4.-AMID-ACHI-300x252.jpg 300w\" sizes=\"auto, (max-width: 898px) 100vw, 898px\" \/><\/a><\/p>\n<p style=\"text-align: center\"><em>Amid Achi recibe la placa de agradecimiento que le entrega Jos\u00e9 Samuel Garc\u00eda.<\/em><\/p>\n","protected":false},"excerpt":{"rendered":"<p>Hace ahora casi 25 a\u00f1os (que se dice pronto) el desinquieto empresario Amid Achi Fadul, sirio de nacimiento y tinerfe\u00f1o de adopci\u00f3n comenz\u00f3 un gran centro comercial en A\u00f1aza, que hoy es motor y referencia de aquel ya populoso barrio santacrucero. Por aquel entonces, el movimiento vecinal de A\u00f1aza lo comandaba otro desinquieto vecino, Luis &#8230; <a class=\"read-more\" href=\"https:\/\/elcotarro.com\/?p=4197\">Read more<\/a><\/p>\n","protected":false},"author":2,"featured_media":0,"comment_status":"open","ping_status":"open","sticky":false,"template":"","format":"standard","meta":{"_jetpack_memberships_contains_paid_content":false,"footnotes":""},"categories":[1],"tags":[],"class_list":["post-4197","post","type-post","status-publish","format-standard","hentry","category-sin-categoria"],"yoast_head":"<!-- This site is optimized with the Yoast SEO plugin v27.0 - https:\/\/yoast.com\/product\/yoast-seo-wordpress\/ -->\n<title>25 A\u00d1OS Y PARECE QUE FUE AYER - El Cotarro<\/title>\n<meta name=\"robots\" content=\"index, follow, max-snippet:-1, max-image-preview:large, max-video-preview:-1\" \/>\n<link rel=\"canonical\" href=\"https:\/\/elcotarro.com\/?p=4197\" \/>\n<meta property=\"og:locale\" content=\"es_ES\" \/>\n<meta property=\"og:type\" content=\"article\" \/>\n<meta property=\"og:title\" content=\"25 A\u00d1OS Y PARECE QUE FUE AYER - El Cotarro\" \/>\n<meta property=\"og:description\" content=\"Hace ahora casi 25 a\u00f1os (que se dice pronto) el desinquieto empresario Amid Achi Fadul, sirio de nacimiento y tinerfe\u00f1o de adopci\u00f3n comenz\u00f3 un gran centro comercial en A\u00f1aza, que hoy es motor y referencia de aquel ya populoso barrio santacrucero. Por aquel entonces, el movimiento vecinal de A\u00f1aza lo comandaba otro desinquieto vecino, Luis ... Read more\" \/>\n<meta property=\"og:url\" content=\"https:\/\/elcotarro.com\/?p=4197\" \/>\n<meta property=\"og:site_name\" content=\"El Cotarro\" \/>\n<meta property=\"article:publisher\" content=\"https:\/\/www.facebook.com\/ElCotarro.Tenerife\" \/>\n<meta property=\"article:published_time\" content=\"2017-06-11T10:03:49+00:00\" \/>\n<meta property=\"og:image\" content=\"https:\/\/elcotarro.com\/wp-content\/uploads\/2017\/06\/FOTO-4.-AMID-ACHI.jpg\" \/>\n<meta name=\"author\" content=\"Jos\u00e9 Carlos Marrero Gonz\u00e1lez\" \/>\n<meta name=\"twitter:label1\" content=\"Escrito por\" \/>\n\t<meta name=\"twitter:data1\" content=\"Jos\u00e9 Carlos Marrero Gonz\u00e1lez\" \/>\n\t<meta name=\"twitter:label2\" content=\"Tiempo de lectura\" \/>\n\t<meta name=\"twitter:data2\" content=\"1 minuto\" \/>\n<script type=\"application\/ld+json\" class=\"yoast-schema-graph\">{\"@context\":\"https:\/\/schema.org\",\"@graph\":[{\"@type\":\"Article\",\"@id\":\"https:\/\/elcotarro.com\/?p=4197#article\",\"isPartOf\":{\"@id\":\"https:\/\/elcotarro.com\/?p=4197\"},\"author\":{\"name\":\"Jos\u00e9 Carlos Marrero Gonz\u00e1lez\",\"@id\":\"https:\/\/elcotarro.com\/#\/schema\/person\/af537ee7d60d15984c7e0affcd8a918b\"},\"headline\":\"25 A\u00d1OS Y PARECE QUE FUE AYER\",\"datePublished\":\"2017-06-11T10:03:49+00:00\",\"mainEntityOfPage\":{\"@id\":\"https:\/\/elcotarro.com\/?p=4197\"},\"wordCount\":158,\"commentCount\":0,\"publisher\":{\"@id\":\"https:\/\/elcotarro.com\/#organization\"},\"image\":{\"@id\":\"https:\/\/elcotarro.com\/?p=4197#primaryimage\"},\"thumbnailUrl\":\"https:\/\/elcotarro.com\/wp-content\/uploads\/2017\/06\/FOTO-4.-AMID-ACHI.jpg\",\"inLanguage\":\"es\",\"potentialAction\":[{\"@type\":\"CommentAction\",\"name\":\"Comment\",\"target\":[\"https:\/\/elcotarro.com\/?p=4197#respond\"]}]},{\"@type\":\"WebPage\",\"@id\":\"https:\/\/elcotarro.com\/?p=4197\",\"url\":\"https:\/\/elcotarro.com\/?p=4197\",\"name\":\"25 A\u00d1OS Y PARECE QUE FUE AYER - El Cotarro\",\"isPartOf\":{\"@id\":\"https:\/\/elcotarro.com\/#website\"},\"primaryImageOfPage\":{\"@id\":\"https:\/\/elcotarro.com\/?p=4197#primaryimage\"},\"image\":{\"@id\":\"https:\/\/elcotarro.com\/?p=4197#primaryimage\"},\"thumbnailUrl\":\"https:\/\/elcotarro.com\/wp-content\/uploads\/2017\/06\/FOTO-4.-AMID-ACHI.jpg\",\"datePublished\":\"2017-06-11T10:03:49+00:00\",\"breadcrumb\":{\"@id\":\"https:\/\/elcotarro.com\/?p=4197#breadcrumb\"},\"inLanguage\":\"es\",\"potentialAction\":[{\"@type\":\"ReadAction\",\"target\":[\"https:\/\/elcotarro.com\/?p=4197\"]}]},{\"@type\":\"ImageObject\",\"inLanguage\":\"es\",\"@id\":\"https:\/\/elcotarro.com\/?p=4197#primaryimage\",\"url\":\"https:\/\/elcotarro.com\/wp-content\/uploads\/2017\/06\/FOTO-4.-AMID-ACHI.jpg\",\"contentUrl\":\"https:\/\/elcotarro.com\/wp-content\/uploads\/2017\/06\/FOTO-4.-AMID-ACHI.jpg\",\"width\":898,\"height\":755},{\"@type\":\"BreadcrumbList\",\"@id\":\"https:\/\/elcotarro.com\/?p=4197#breadcrumb\",\"itemListElement\":[{\"@type\":\"ListItem\",\"position\":1,\"name\":\"Portada\",\"item\":\"https:\/\/elcotarro.com\/\"},{\"@type\":\"ListItem\",\"position\":2,\"name\":\"25 A\u00d1OS Y PARECE QUE FUE AYER\"}]},{\"@type\":\"WebSite\",\"@id\":\"https:\/\/elcotarro.com\/#website\",\"url\":\"https:\/\/elcotarro.com\/\",\"name\":\"El Cotarro\",\"description\":\"Peri\u00f3dico Digital Independiente dirigido por Jos\u00e9 Carlos Marrero\",\"publisher\":{\"@id\":\"https:\/\/elcotarro.com\/#organization\"},\"potentialAction\":[{\"@type\":\"SearchAction\",\"target\":{\"@type\":\"EntryPoint\",\"urlTemplate\":\"https:\/\/elcotarro.com\/?s={search_term_string}\"},\"query-input\":{\"@type\":\"PropertyValueSpecification\",\"valueRequired\":true,\"valueName\":\"search_term_string\"}}],\"inLanguage\":\"es\"},{\"@type\":\"Organization\",\"@id\":\"https:\/\/elcotarro.com\/#organization\",\"name\":\"El Cotarro\",\"url\":\"https:\/\/elcotarro.com\/\",\"logo\":{\"@type\":\"ImageObject\",\"inLanguage\":\"es\",\"@id\":\"https:\/\/elcotarro.com\/#\/schema\/logo\/image\/\",\"url\":\"https:\/\/elcotarro.com\/wp-content\/uploads\/2014\/09\/Cabecera_El_Cotarro_v2.jpg\",\"contentUrl\":\"https:\/\/elcotarro.com\/wp-content\/uploads\/2014\/09\/Cabecera_El_Cotarro_v2.jpg\",\"width\":3540,\"height\":441,\"caption\":\"El Cotarro\"},\"image\":{\"@id\":\"https:\/\/elcotarro.com\/#\/schema\/logo\/image\/\"},\"sameAs\":[\"https:\/\/www.facebook.com\/ElCotarro.Tenerife\"]},{\"@type\":\"Person\",\"@id\":\"https:\/\/elcotarro.com\/#\/schema\/person\/af537ee7d60d15984c7e0affcd8a918b\",\"name\":\"Jos\u00e9 Carlos Marrero Gonz\u00e1lez\",\"image\":{\"@type\":\"ImageObject\",\"inLanguage\":\"es\",\"@id\":\"https:\/\/elcotarro.com\/#\/schema\/person\/image\/\",\"url\":\"https:\/\/secure.gravatar.com\/avatar\/def4da036efb5d32c74d49c351f6dccc064dd69ad9f3aadc295c5a9a5391ca01?s=96&d=mm&r=g\",\"contentUrl\":\"https:\/\/secure.gravatar.com\/avatar\/def4da036efb5d32c74d49c351f6dccc064dd69ad9f3aadc295c5a9a5391ca01?s=96&d=mm&r=g\",\"caption\":\"Jos\u00e9 Carlos Marrero Gonz\u00e1lez\"},\"sameAs\":[\"https:\/\/elcotarro.com\"],\"url\":\"https:\/\/elcotarro.com\/?author=2\"}]}<\/script>\n<!-- \/ Yoast SEO plugin. -->","yoast_head_json":{"title":"25 A\u00d1OS Y PARECE QUE FUE AYER - El Cotarro","robots":{"index":"index","follow":"follow","max-snippet":"max-snippet:-1","max-image-preview":"max-image-preview:large","max-video-preview":"max-video-preview:-1"},"canonical":"https:\/\/elcotarro.com\/?p=4197","og_locale":"es_ES","og_type":"article","og_title":"25 A\u00d1OS Y PARECE QUE FUE AYER - El Cotarro","og_description":"Hace ahora casi 25 a\u00f1os (que se dice pronto) el desinquieto empresario Amid Achi Fadul, sirio de nacimiento y tinerfe\u00f1o de adopci\u00f3n comenz\u00f3 un gran centro comercial en A\u00f1aza, que hoy es motor y referencia de aquel ya populoso barrio santacrucero. Por aquel entonces, el movimiento vecinal de A\u00f1aza lo comandaba otro desinquieto vecino, Luis ... Read more","og_url":"https:\/\/elcotarro.com\/?p=4197","og_site_name":"El Cotarro","article_publisher":"https:\/\/www.facebook.com\/ElCotarro.Tenerife","article_published_time":"2017-06-11T10:03:49+00:00","og_image":[{"url":"https:\/\/elcotarro.com\/wp-content\/uploads\/2017\/06\/FOTO-4.-AMID-ACHI.jpg","type":"","width":"","height":""}],"author":"Jos\u00e9 Carlos Marrero Gonz\u00e1lez","twitter_misc":{"Escrito por":"Jos\u00e9 Carlos Marrero Gonz\u00e1lez","Tiempo de lectura":"1 minuto"},"schema":{"@context":"https:\/\/schema.org","@graph":[{"@type":"Article","@id":"https:\/\/elcotarro.com\/?p=4197#article","isPartOf":{"@id":"https:\/\/elcotarro.com\/?p=4197"},"author":{"name":"Jos\u00e9 Carlos Marrero Gonz\u00e1lez","@id":"https:\/\/elcotarro.com\/#\/schema\/person\/af537ee7d60d15984c7e0affcd8a918b"},"headline":"25 A\u00d1OS Y PARECE QUE FUE AYER","datePublished":"2017-06-11T10:03:49+00:00","mainEntityOfPage":{"@id":"https:\/\/elcotarro.com\/?p=4197"},"wordCount":158,"commentCount":0,"publisher":{"@id":"https:\/\/elcotarro.com\/#organization"},"image":{"@id":"https:\/\/elcotarro.com\/?p=4197#primaryimage"},"thumbnailUrl":"https:\/\/elcotarro.com\/wp-content\/uploads\/2017\/06\/FOTO-4.-AMID-ACHI.jpg","inLanguage":"es","potentialAction":[{"@type":"CommentAction","name":"Comment","target":["https:\/\/elcotarro.com\/?p=4197#respond"]}]},{"@type":"WebPage","@id":"https:\/\/elcotarro.com\/?p=4197","url":"https:\/\/elcotarro.com\/?p=4197","name":"25 A\u00d1OS Y PARECE QUE FUE AYER - El Cotarro","isPartOf":{"@id":"https:\/\/elcotarro.com\/#website"},"primaryImageOfPage":{"@id":"https:\/\/elcotarro.com\/?p=4197#primaryimage"},"image":{"@id":"https:\/\/elcotarro.com\/?p=4197#primaryimage"},"thumbnailUrl":"https:\/\/elcotarro.com\/wp-content\/uploads\/2017\/06\/FOTO-4.-AMID-ACHI.jpg","datePublished":"2017-06-11T10:03:49+00:00","breadcrumb":{"@id":"https:\/\/elcotarro.com\/?p=4197#breadcrumb"},"inLanguage":"es","potentialAction":[{"@type":"ReadAction","target":["https:\/\/elcotarro.com\/?p=4197"]}]},{"@type":"ImageObject","inLanguage":"es","@id":"https:\/\/elcotarro.com\/?p=4197#primaryimage","url":"https:\/\/elcotarro.com\/wp-content\/uploads\/2017\/06\/FOTO-4.-AMID-ACHI.jpg","contentUrl":"https:\/\/elcotarro.com\/wp-content\/uploads\/2017\/06\/FOTO-4.-AMID-ACHI.jpg","width":898,"height":755},{"@type":"BreadcrumbList","@id":"https:\/\/elcotarro.com\/?p=4197#breadcrumb","itemListElement":[{"@type":"ListItem","position":1,"name":"Portada","item":"https:\/\/elcotarro.com\/"},{"@type":"ListItem","position":2,"name":"25 A\u00d1OS Y PARECE QUE FUE AYER"}]},{"@type":"WebSite","@id":"https:\/\/elcotarro.com\/#website","url":"https:\/\/elcotarro.com\/","name":"El Cotarro","description":"Peri\u00f3dico Digital Independiente dirigido por Jos\u00e9 Carlos Marrero","publisher":{"@id":"https:\/\/elcotarro.com\/#organization"},"potentialAction":[{"@type":"SearchAction","target":{"@type":"EntryPoint","urlTemplate":"https:\/\/elcotarro.com\/?s={search_term_string}"},"query-input":{"@type":"PropertyValueSpecification","valueRequired":true,"valueName":"search_term_string"}}],"inLanguage":"es"},{"@type":"Organization","@id":"https:\/\/elcotarro.com\/#organization","name":"El Cotarro","url":"https:\/\/elcotarro.com\/","logo":{"@type":"ImageObject","inLanguage":"es","@id":"https:\/\/elcotarro.com\/#\/schema\/logo\/image\/","url":"https:\/\/elcotarro.com\/wp-content\/uploads\/2014\/09\/Cabecera_El_Cotarro_v2.jpg","contentUrl":"https:\/\/elcotarro.com\/wp-content\/uploads\/2014\/09\/Cabecera_El_Cotarro_v2.jpg","width":3540,"height":441,"caption":"El Cotarro"},"image":{"@id":"https:\/\/elcotarro.com\/#\/schema\/logo\/image\/"},"sameAs":["https:\/\/www.facebook.com\/ElCotarro.Tenerife"]},{"@type":"Person","@id":"https:\/\/elcotarro.com\/#\/schema\/person\/af537ee7d60d15984c7e0affcd8a918b","name":"Jos\u00e9 Carlos Marrero Gonz\u00e1lez","image":{"@type":"ImageObject","inLanguage":"es","@id":"https:\/\/elcotarro.com\/#\/schema\/person\/image\/","url":"https:\/\/secure.gravatar.com\/avatar\/def4da036efb5d32c74d49c351f6dccc064dd69ad9f3aadc295c5a9a5391ca01?s=96&d=mm&r=g","contentUrl":"https:\/\/secure.gravatar.com\/avatar\/def4da036efb5d32c74d49c351f6dccc064dd69ad9f3aadc295c5a9a5391ca01?s=96&d=mm&r=g","caption":"Jos\u00e9 Carlos Marrero Gonz\u00e1lez"},"sameAs":["https:\/\/elcotarro.com"],"url":"https:\/\/elcotarro.com\/?author=2"}]}},"jetpack_featured_media_url":"","jetpack_sharing_enabled":true,"_links":{"self":[{"href":"https:\/\/elcotarro.com\/index.php?rest_route=\/wp\/v2\/posts\/4197","targetHints":{"allow":["GET"]}}],"collection":[{"href":"https:\/\/elcotarro.com\/index.php?rest_route=\/wp\/v2\/posts"}],"about":[{"href":"https:\/\/elcotarro.com\/index.php?rest_route=\/wp\/v2\/types\/post"}],"author":[{"embeddable":true,"href":"https:\/\/elcotarro.com\/index.php?rest_route=\/wp\/v2\/users\/2"}],"replies":[{"embeddable":true,"href":"https:\/\/elcotarro.com\/index.php?rest_route=%2Fwp%2Fv2%2Fcomments&post=4197"}],"version-history":[{"count":1,"href":"https:\/\/elcotarro.com\/index.php?rest_route=\/wp\/v2\/posts\/4197\/revisions"}],"predecessor-version":[{"id":4199,"href":"https:\/\/elcotarro.com\/index.php?rest_route=\/wp\/v2\/posts\/4197\/revisions\/4199"}],"wp:attachment":[{"href":"https:\/\/elcotarro.com\/index.php?rest_route=%2Fwp%2Fv2%2Fmedia&parent=4197"}],"wp:term":[{"taxonomy":"category","embeddable":true,"href":"https:\/\/elcotarro.com\/index.php?rest_route=%2Fwp%2Fv2%2Fcategories&post=4197"},{"taxonomy":"post_tag","embeddable":true,"href":"https:\/\/elcotarro.com\/index.php?rest_route=%2Fwp%2Fv2%2Ftags&post=4197"}],"curies":[{"name":"wp","href":"https:\/\/api.w.org\/{rel}","templated":true}]}}