{"id":4247,"date":"2017-06-25T11:05:46","date_gmt":"2017-06-25T10:05:46","guid":{"rendered":"https:\/\/elcotarro.com\/?p=4247"},"modified":"2017-06-25T09:00:53","modified_gmt":"2017-06-25T08:00:53","slug":"de-congreso-socialista-por-madrid","status":"publish","type":"post","link":"https:\/\/elcotarro.com\/?p=4247","title":{"rendered":"DE CONGRESO SOCIALISTA POR MADRID"},"content":{"rendered":"<p>Las luchas y piques internos en el seno del Partido Socialista Obrero Espa\u00f1ol, han quedado solventadas (o eso parece) en el 39\u00ba Congreso Federal del PSOE, celebrado el pasado fin de semana en los madriles. Dicho congreso ha dejado una serie de an\u00e9cdotas y cuitas, cuyos coletazos, en Canarias, terminaremos de ver (en primera instancia) en el horizonte del pr\u00f3ximo 23 de julio. Y es que, en lo que al apartado canario se refiere, el resultado de las primarias que dejaron compuesta y sin secretar\u00eda general a <strong>Susana D\u00edaz<\/strong>, tiene aqu\u00ed a m\u00e1s de uno desconcertado y a m\u00e1s de una temblando. Parece que el ampliamente respaldado <strong>Pedro S\u00e1nchez<\/strong>, nuevo secretario general del PSOE, ha dejado claro en Madrid, con gestos y nombramientos, qui\u00e9n es qui\u00e9n y, sobre todo, por d\u00f3nde pasa el futuro del PSOE en nuestra tierra canaria.<\/p>\n<p style=\"text-align: center\"><a href=\"https:\/\/elcotarro.com\/wp-content\/uploads\/2017\/06\/FOTO-1.-\u00c1NGEL-Y-PEDRO.jpg\"><img loading=\"lazy\" decoding=\"async\" class=\"alignnone size-large wp-image-4248\" src=\"https:\/\/elcotarro.com\/wp-content\/uploads\/2017\/06\/FOTO-1.-\u00c1NGEL-Y-PEDRO-1024x768.jpg\" alt=\"FOTO 1.- \u00c1NGEL Y PEDRO\" width=\"1024\" height=\"768\" srcset=\"https:\/\/elcotarro.com\/wp-content\/uploads\/2017\/06\/FOTO-1.-\u00c1NGEL-Y-PEDRO-1024x768.jpg 1024w, https:\/\/elcotarro.com\/wp-content\/uploads\/2017\/06\/FOTO-1.-\u00c1NGEL-Y-PEDRO-300x225.jpg 300w, https:\/\/elcotarro.com\/wp-content\/uploads\/2017\/06\/FOTO-1.-\u00c1NGEL-Y-PEDRO.jpg 1600w\" sizes=\"auto, (max-width: 1024px) 100vw, 1024px\" \/><\/a><\/p>\n<p style=\"text-align: center\"><em>Pedro S\u00e1nchez, l\u00edder del PSOE (d) en Madrid el pasado fin de semana, junto con \u00c1ngel V\u00edctor Torres, su hombre de confianza en Canarias<\/em><\/p>\n","protected":false},"excerpt":{"rendered":"<p>Las luchas y piques internos en el seno del Partido Socialista Obrero Espa\u00f1ol, han quedado solventadas (o eso parece) en el 39\u00ba Congreso Federal del PSOE, celebrado el pasado fin de semana en los madriles. Dicho congreso ha dejado una serie de an\u00e9cdotas y cuitas, cuyos coletazos, en Canarias, terminaremos de ver (en primera instancia) &#8230; <a class=\"read-more\" href=\"https:\/\/elcotarro.com\/?p=4247\">Read more<\/a><\/p>\n","protected":false},"author":2,"featured_media":0,"comment_status":"open","ping_status":"open","sticky":false,"template":"","format":"standard","meta":{"_jetpack_memberships_contains_paid_content":false,"footnotes":""},"categories":[1],"tags":[],"class_list":["post-4247","post","type-post","status-publish","format-standard","hentry","category-sin-categoria"],"yoast_head":"<!-- This site is optimized with the Yoast SEO plugin v27.0 - https:\/\/yoast.com\/product\/yoast-seo-wordpress\/ -->\n<title>DE CONGRESO SOCIALISTA POR MADRID - El Cotarro<\/title>\n<meta name=\"robots\" content=\"index, follow, max-snippet:-1, max-image-preview:large, max-video-preview:-1\" \/>\n<link rel=\"canonical\" href=\"https:\/\/elcotarro.com\/?p=4247\" \/>\n<meta property=\"og:locale\" content=\"es_ES\" \/>\n<meta property=\"og:type\" content=\"article\" \/>\n<meta property=\"og:title\" content=\"DE CONGRESO SOCIALISTA POR MADRID - El Cotarro\" \/>\n<meta property=\"og:description\" content=\"Las luchas y piques internos en el seno del Partido Socialista Obrero Espa\u00f1ol, han quedado solventadas (o eso parece) en el 39\u00ba Congreso Federal del PSOE, celebrado el pasado fin de semana en los madriles. Dicho congreso ha dejado una serie de an\u00e9cdotas y cuitas, cuyos coletazos, en Canarias, terminaremos de ver (en primera instancia) ... Read more\" \/>\n<meta property=\"og:url\" content=\"https:\/\/elcotarro.com\/?p=4247\" \/>\n<meta property=\"og:site_name\" content=\"El Cotarro\" \/>\n<meta property=\"article:publisher\" content=\"https:\/\/www.facebook.com\/ElCotarro.Tenerife\" \/>\n<meta property=\"article:published_time\" content=\"2017-06-25T10:05:46+00:00\" \/>\n<meta name=\"author\" content=\"Jos\u00e9 Carlos Marrero Gonz\u00e1lez\" \/>\n<meta name=\"twitter:label1\" content=\"Escrito por\" \/>\n\t<meta name=\"twitter:data1\" content=\"Jos\u00e9 Carlos Marrero Gonz\u00e1lez\" \/>\n\t<meta name=\"twitter:label2\" content=\"Tiempo de lectura\" \/>\n\t<meta name=\"twitter:data2\" content=\"1 minuto\" \/>\n<script type=\"application\/ld+json\" class=\"yoast-schema-graph\">{\"@context\":\"https:\/\/schema.org\",\"@graph\":[{\"@type\":\"Article\",\"@id\":\"https:\/\/elcotarro.com\/?p=4247#article\",\"isPartOf\":{\"@id\":\"https:\/\/elcotarro.com\/?p=4247\"},\"author\":{\"name\":\"Jos\u00e9 Carlos Marrero Gonz\u00e1lez\",\"@id\":\"https:\/\/elcotarro.com\/#\/schema\/person\/af537ee7d60d15984c7e0affcd8a918b\"},\"headline\":\"DE CONGRESO SOCIALISTA POR MADRID\",\"datePublished\":\"2017-06-25T10:05:46+00:00\",\"mainEntityOfPage\":{\"@id\":\"https:\/\/elcotarro.com\/?p=4247\"},\"wordCount\":181,\"commentCount\":2,\"publisher\":{\"@id\":\"https:\/\/elcotarro.com\/#organization\"},\"inLanguage\":\"es\",\"potentialAction\":[{\"@type\":\"CommentAction\",\"name\":\"Comment\",\"target\":[\"https:\/\/elcotarro.com\/?p=4247#respond\"]}]},{\"@type\":\"WebPage\",\"@id\":\"https:\/\/elcotarro.com\/?p=4247\",\"url\":\"https:\/\/elcotarro.com\/?p=4247\",\"name\":\"DE CONGRESO SOCIALISTA POR MADRID - El Cotarro\",\"isPartOf\":{\"@id\":\"https:\/\/elcotarro.com\/#website\"},\"datePublished\":\"2017-06-25T10:05:46+00:00\",\"breadcrumb\":{\"@id\":\"https:\/\/elcotarro.com\/?p=4247#breadcrumb\"},\"inLanguage\":\"es\",\"potentialAction\":[{\"@type\":\"ReadAction\",\"target\":[\"https:\/\/elcotarro.com\/?p=4247\"]}]},{\"@type\":\"BreadcrumbList\",\"@id\":\"https:\/\/elcotarro.com\/?p=4247#breadcrumb\",\"itemListElement\":[{\"@type\":\"ListItem\",\"position\":1,\"name\":\"Portada\",\"item\":\"https:\/\/elcotarro.com\/\"},{\"@type\":\"ListItem\",\"position\":2,\"name\":\"DE CONGRESO SOCIALISTA POR MADRID\"}]},{\"@type\":\"WebSite\",\"@id\":\"https:\/\/elcotarro.com\/#website\",\"url\":\"https:\/\/elcotarro.com\/\",\"name\":\"El Cotarro\",\"description\":\"Peri\u00f3dico Digital Independiente dirigido por Jos\u00e9 Carlos Marrero\",\"publisher\":{\"@id\":\"https:\/\/elcotarro.com\/#organization\"},\"potentialAction\":[{\"@type\":\"SearchAction\",\"target\":{\"@type\":\"EntryPoint\",\"urlTemplate\":\"https:\/\/elcotarro.com\/?s={search_term_string}\"},\"query-input\":{\"@type\":\"PropertyValueSpecification\",\"valueRequired\":true,\"valueName\":\"search_term_string\"}}],\"inLanguage\":\"es\"},{\"@type\":\"Organization\",\"@id\":\"https:\/\/elcotarro.com\/#organization\",\"name\":\"El Cotarro\",\"url\":\"https:\/\/elcotarro.com\/\",\"logo\":{\"@type\":\"ImageObject\",\"inLanguage\":\"es\",\"@id\":\"https:\/\/elcotarro.com\/#\/schema\/logo\/image\/\",\"url\":\"https:\/\/elcotarro.com\/wp-content\/uploads\/2014\/09\/Cabecera_El_Cotarro_v2.jpg\",\"contentUrl\":\"https:\/\/elcotarro.com\/wp-content\/uploads\/2014\/09\/Cabecera_El_Cotarro_v2.jpg\",\"width\":3540,\"height\":441,\"caption\":\"El Cotarro\"},\"image\":{\"@id\":\"https:\/\/elcotarro.com\/#\/schema\/logo\/image\/\"},\"sameAs\":[\"https:\/\/www.facebook.com\/ElCotarro.Tenerife\"]},{\"@type\":\"Person\",\"@id\":\"https:\/\/elcotarro.com\/#\/schema\/person\/af537ee7d60d15984c7e0affcd8a918b\",\"name\":\"Jos\u00e9 Carlos Marrero Gonz\u00e1lez\",\"image\":{\"@type\":\"ImageObject\",\"inLanguage\":\"es\",\"@id\":\"https:\/\/elcotarro.com\/#\/schema\/person\/image\/\",\"url\":\"https:\/\/secure.gravatar.com\/avatar\/def4da036efb5d32c74d49c351f6dccc064dd69ad9f3aadc295c5a9a5391ca01?s=96&d=mm&r=g\",\"contentUrl\":\"https:\/\/secure.gravatar.com\/avatar\/def4da036efb5d32c74d49c351f6dccc064dd69ad9f3aadc295c5a9a5391ca01?s=96&d=mm&r=g\",\"caption\":\"Jos\u00e9 Carlos Marrero Gonz\u00e1lez\"},\"sameAs\":[\"https:\/\/elcotarro.com\"],\"url\":\"https:\/\/elcotarro.com\/?author=2\"}]}<\/script>\n<!-- \/ Yoast SEO plugin. -->","yoast_head_json":{"title":"DE CONGRESO SOCIALISTA POR MADRID - El Cotarro","robots":{"index":"index","follow":"follow","max-snippet":"max-snippet:-1","max-image-preview":"max-image-preview:large","max-video-preview":"max-video-preview:-1"},"canonical":"https:\/\/elcotarro.com\/?p=4247","og_locale":"es_ES","og_type":"article","og_title":"DE CONGRESO SOCIALISTA POR MADRID - El Cotarro","og_description":"Las luchas y piques internos en el seno del Partido Socialista Obrero Espa\u00f1ol, han quedado solventadas (o eso parece) en el 39\u00ba Congreso Federal del PSOE, celebrado el pasado fin de semana en los madriles. Dicho congreso ha dejado una serie de an\u00e9cdotas y cuitas, cuyos coletazos, en Canarias, terminaremos de ver (en primera instancia) ... Read more","og_url":"https:\/\/elcotarro.com\/?p=4247","og_site_name":"El Cotarro","article_publisher":"https:\/\/www.facebook.com\/ElCotarro.Tenerife","article_published_time":"2017-06-25T10:05:46+00:00","author":"Jos\u00e9 Carlos Marrero Gonz\u00e1lez","twitter_misc":{"Escrito por":"Jos\u00e9 Carlos Marrero Gonz\u00e1lez","Tiempo de lectura":"1 minuto"},"schema":{"@context":"https:\/\/schema.org","@graph":[{"@type":"Article","@id":"https:\/\/elcotarro.com\/?p=4247#article","isPartOf":{"@id":"https:\/\/elcotarro.com\/?p=4247"},"author":{"name":"Jos\u00e9 Carlos Marrero Gonz\u00e1lez","@id":"https:\/\/elcotarro.com\/#\/schema\/person\/af537ee7d60d15984c7e0affcd8a918b"},"headline":"DE CONGRESO SOCIALISTA POR MADRID","datePublished":"2017-06-25T10:05:46+00:00","mainEntityOfPage":{"@id":"https:\/\/elcotarro.com\/?p=4247"},"wordCount":181,"commentCount":2,"publisher":{"@id":"https:\/\/elcotarro.com\/#organization"},"inLanguage":"es","potentialAction":[{"@type":"CommentAction","name":"Comment","target":["https:\/\/elcotarro.com\/?p=4247#respond"]}]},{"@type":"WebPage","@id":"https:\/\/elcotarro.com\/?p=4247","url":"https:\/\/elcotarro.com\/?p=4247","name":"DE CONGRESO SOCIALISTA POR MADRID - El Cotarro","isPartOf":{"@id":"https:\/\/elcotarro.com\/#website"},"datePublished":"2017-06-25T10:05:46+00:00","breadcrumb":{"@id":"https:\/\/elcotarro.com\/?p=4247#breadcrumb"},"inLanguage":"es","potentialAction":[{"@type":"ReadAction","target":["https:\/\/elcotarro.com\/?p=4247"]}]},{"@type":"BreadcrumbList","@id":"https:\/\/elcotarro.com\/?p=4247#breadcrumb","itemListElement":[{"@type":"ListItem","position":1,"name":"Portada","item":"https:\/\/elcotarro.com\/"},{"@type":"ListItem","position":2,"name":"DE CONGRESO SOCIALISTA POR MADRID"}]},{"@type":"WebSite","@id":"https:\/\/elcotarro.com\/#website","url":"https:\/\/elcotarro.com\/","name":"El Cotarro","description":"Peri\u00f3dico Digital Independiente dirigido por Jos\u00e9 Carlos Marrero","publisher":{"@id":"https:\/\/elcotarro.com\/#organization"},"potentialAction":[{"@type":"SearchAction","target":{"@type":"EntryPoint","urlTemplate":"https:\/\/elcotarro.com\/?s={search_term_string}"},"query-input":{"@type":"PropertyValueSpecification","valueRequired":true,"valueName":"search_term_string"}}],"inLanguage":"es"},{"@type":"Organization","@id":"https:\/\/elcotarro.com\/#organization","name":"El Cotarro","url":"https:\/\/elcotarro.com\/","logo":{"@type":"ImageObject","inLanguage":"es","@id":"https:\/\/elcotarro.com\/#\/schema\/logo\/image\/","url":"https:\/\/elcotarro.com\/wp-content\/uploads\/2014\/09\/Cabecera_El_Cotarro_v2.jpg","contentUrl":"https:\/\/elcotarro.com\/wp-content\/uploads\/2014\/09\/Cabecera_El_Cotarro_v2.jpg","width":3540,"height":441,"caption":"El Cotarro"},"image":{"@id":"https:\/\/elcotarro.com\/#\/schema\/logo\/image\/"},"sameAs":["https:\/\/www.facebook.com\/ElCotarro.Tenerife"]},{"@type":"Person","@id":"https:\/\/elcotarro.com\/#\/schema\/person\/af537ee7d60d15984c7e0affcd8a918b","name":"Jos\u00e9 Carlos Marrero Gonz\u00e1lez","image":{"@type":"ImageObject","inLanguage":"es","@id":"https:\/\/elcotarro.com\/#\/schema\/person\/image\/","url":"https:\/\/secure.gravatar.com\/avatar\/def4da036efb5d32c74d49c351f6dccc064dd69ad9f3aadc295c5a9a5391ca01?s=96&d=mm&r=g","contentUrl":"https:\/\/secure.gravatar.com\/avatar\/def4da036efb5d32c74d49c351f6dccc064dd69ad9f3aadc295c5a9a5391ca01?s=96&d=mm&r=g","caption":"Jos\u00e9 Carlos Marrero Gonz\u00e1lez"},"sameAs":["https:\/\/elcotarro.com"],"url":"https:\/\/elcotarro.com\/?author=2"}]}},"jetpack_featured_media_url":"","jetpack_sharing_enabled":true,"_links":{"self":[{"href":"https:\/\/elcotarro.com\/index.php?rest_route=\/wp\/v2\/posts\/4247","targetHints":{"allow":["GET"]}}],"collection":[{"href":"https:\/\/elcotarro.com\/index.php?rest_route=\/wp\/v2\/posts"}],"about":[{"href":"https:\/\/elcotarro.com\/index.php?rest_route=\/wp\/v2\/types\/post"}],"author":[{"embeddable":true,"href":"https:\/\/elcotarro.com\/index.php?rest_route=\/wp\/v2\/users\/2"}],"replies":[{"embeddable":true,"href":"https:\/\/elcotarro.com\/index.php?rest_route=%2Fwp%2Fv2%2Fcomments&post=4247"}],"version-history":[{"count":1,"href":"https:\/\/elcotarro.com\/index.php?rest_route=\/wp\/v2\/posts\/4247\/revisions"}],"predecessor-version":[{"id":4249,"href":"https:\/\/elcotarro.com\/index.php?rest_route=\/wp\/v2\/posts\/4247\/revisions\/4249"}],"wp:attachment":[{"href":"https:\/\/elcotarro.com\/index.php?rest_route=%2Fwp%2Fv2%2Fmedia&parent=4247"}],"wp:term":[{"taxonomy":"category","embeddable":true,"href":"https:\/\/elcotarro.com\/index.php?rest_route=%2Fwp%2Fv2%2Fcategories&post=4247"},{"taxonomy":"post_tag","embeddable":true,"href":"https:\/\/elcotarro.com\/index.php?rest_route=%2Fwp%2Fv2%2Ftags&post=4247"}],"curies":[{"name":"wp","href":"https:\/\/api.w.org\/{rel}","templated":true}]}}