{"id":4250,"date":"2017-06-25T11:04:57","date_gmt":"2017-06-25T10:04:57","guid":{"rendered":"https:\/\/elcotarro.com\/?p=4250"},"modified":"2017-06-25T09:01:46","modified_gmt":"2017-06-25T08:01:46","slug":"una-madrugada-con-pedro-sanchez","status":"publish","type":"post","link":"https:\/\/elcotarro.com\/?p=4250","title":{"rendered":"UNA MADRUGADA CON PEDRO S\u00c1NCHEZ"},"content":{"rendered":"<p>Hay que decir que la delegaci\u00f3n de Canarias cont\u00f3 con una serie de delegados y una serie de invitados, alguno de ellos \u201cmuy especial, pero solo tres tuvieron la oportunidad, el privilegio y por supuesto, el honor, de estar reunidos durante un buen rato con el mism\u00edsimo <strong>Pedro S\u00e1nchez<\/strong> en la madrugada del s\u00e1bado al domingo. Fueron <strong>\u00c1ngel V\u00edctor Torres P\u00e9rez<\/strong> (Fil\u00f3logo, actual vicepresidente primero del Cabildo Insular de Gran Canaria y, sin duda, hombre fuerte de <strong>Pedro S\u00e1nchez<\/strong> en territorio canari\u00f3n, donde parece que tiene un gran futuro);\u2008<strong>Zeben Gonz\u00e1lez<\/strong> (secretario de Organizaci\u00f3n del PSOE en el Puerto de la Cruz) y <strong>Pedro Ramos Negr\u00edn<\/strong> (doctor en Psicolog\u00eda, ex-presidente del PSOE en La Laguna y, sin duda tambi\u00e9n, hombre fuerte de <strong>Pedro S\u00e1nchez<\/strong> en Tenerife). De lo que hablaron y acordaron se sabe ya bastante (pero no todo) y lo que falta se ver\u00e1 clarito de aqu\u00ed al 23 de julio.<\/p>\n<p style=\"text-align: center\"><a href=\"https:\/\/elcotarro.com\/wp-content\/uploads\/2017\/06\/FOTO-2.-CONGRESO-PSOE-2017.jpg\"><img loading=\"lazy\" decoding=\"async\" class=\"alignnone size-large wp-image-4251\" src=\"https:\/\/elcotarro.com\/wp-content\/uploads\/2017\/06\/FOTO-2.-CONGRESO-PSOE-2017-1024x768.jpg\" alt=\"FOTO 2.- CONGRESO PSOE 2017\" width=\"1024\" height=\"768\" srcset=\"https:\/\/elcotarro.com\/wp-content\/uploads\/2017\/06\/FOTO-2.-CONGRESO-PSOE-2017-1024x768.jpg 1024w, https:\/\/elcotarro.com\/wp-content\/uploads\/2017\/06\/FOTO-2.-CONGRESO-PSOE-2017-300x225.jpg 300w, https:\/\/elcotarro.com\/wp-content\/uploads\/2017\/06\/FOTO-2.-CONGRESO-PSOE-2017.jpg 1600w\" sizes=\"auto, (max-width: 1024px) 100vw, 1024px\" \/><\/a><\/p>\n<p style=\"text-align: center\"><em>Zeben Gonz\u00e1lez (i), H\u00e9ctor G\u00f3mez (c) y Pedro Ramos <\/em><em>Negr\u00edn, los puntales de S\u00e1nchez en Tenerife, durante el 39\u00ba Congreso Federal del PSOE en Madrid.<\/em><\/p>\n","protected":false},"excerpt":{"rendered":"<p>Hay que decir que la delegaci\u00f3n de Canarias cont\u00f3 con una serie de delegados y una serie de invitados, alguno de ellos \u201cmuy especial, pero solo tres tuvieron la oportunidad, el privilegio y por supuesto, el honor, de estar reunidos durante un buen rato con el mism\u00edsimo Pedro S\u00e1nchez en la madrugada del s\u00e1bado al &#8230; <a class=\"read-more\" href=\"https:\/\/elcotarro.com\/?p=4250\">Read more<\/a><\/p>\n","protected":false},"author":2,"featured_media":0,"comment_status":"open","ping_status":"open","sticky":false,"template":"","format":"standard","meta":{"_jetpack_memberships_contains_paid_content":false,"footnotes":""},"categories":[1],"tags":[],"class_list":["post-4250","post","type-post","status-publish","format-standard","hentry","category-sin-categoria"],"yoast_head":"<!-- This site is optimized with the Yoast SEO plugin v27.0 - https:\/\/yoast.com\/product\/yoast-seo-wordpress\/ -->\n<title>UNA MADRUGADA CON PEDRO S\u00c1NCHEZ - El Cotarro<\/title>\n<meta name=\"robots\" content=\"index, follow, max-snippet:-1, max-image-preview:large, max-video-preview:-1\" \/>\n<link rel=\"canonical\" href=\"https:\/\/elcotarro.com\/?p=4250\" \/>\n<meta property=\"og:locale\" content=\"es_ES\" \/>\n<meta property=\"og:type\" content=\"article\" \/>\n<meta property=\"og:title\" content=\"UNA MADRUGADA CON PEDRO S\u00c1NCHEZ - El Cotarro\" \/>\n<meta property=\"og:description\" content=\"Hay que decir que la delegaci\u00f3n de Canarias cont\u00f3 con una serie de delegados y una serie de invitados, alguno de ellos \u201cmuy especial, pero solo tres tuvieron la oportunidad, el privilegio y por supuesto, el honor, de estar reunidos durante un buen rato con el mism\u00edsimo Pedro S\u00e1nchez en la madrugada del s\u00e1bado al ... Read more\" \/>\n<meta property=\"og:url\" content=\"https:\/\/elcotarro.com\/?p=4250\" \/>\n<meta property=\"og:site_name\" content=\"El Cotarro\" \/>\n<meta property=\"article:publisher\" content=\"https:\/\/www.facebook.com\/ElCotarro.Tenerife\" \/>\n<meta property=\"article:published_time\" content=\"2017-06-25T10:04:57+00:00\" \/>\n<meta property=\"og:image\" content=\"https:\/\/elcotarro.com\/wp-content\/uploads\/2017\/06\/FOTO-2.-CONGRESO-PSOE-2017-1024x768.jpg\" \/>\n<meta name=\"author\" content=\"Jos\u00e9 Carlos Marrero Gonz\u00e1lez\" \/>\n<meta name=\"twitter:label1\" content=\"Escrito por\" \/>\n\t<meta name=\"twitter:data1\" content=\"Jos\u00e9 Carlos Marrero Gonz\u00e1lez\" \/>\n\t<meta name=\"twitter:label2\" content=\"Tiempo de lectura\" \/>\n\t<meta name=\"twitter:data2\" content=\"1 minuto\" \/>\n<script type=\"application\/ld+json\" class=\"yoast-schema-graph\">{\"@context\":\"https:\/\/schema.org\",\"@graph\":[{\"@type\":\"Article\",\"@id\":\"https:\/\/elcotarro.com\/?p=4250#article\",\"isPartOf\":{\"@id\":\"https:\/\/elcotarro.com\/?p=4250\"},\"author\":{\"name\":\"Jos\u00e9 Carlos Marrero Gonz\u00e1lez\",\"@id\":\"https:\/\/elcotarro.com\/#\/schema\/person\/af537ee7d60d15984c7e0affcd8a918b\"},\"headline\":\"UNA MADRUGADA CON PEDRO S\u00c1NCHEZ\",\"datePublished\":\"2017-06-25T10:04:57+00:00\",\"mainEntityOfPage\":{\"@id\":\"https:\/\/elcotarro.com\/?p=4250\"},\"wordCount\":201,\"commentCount\":0,\"publisher\":{\"@id\":\"https:\/\/elcotarro.com\/#organization\"},\"image\":{\"@id\":\"https:\/\/elcotarro.com\/?p=4250#primaryimage\"},\"thumbnailUrl\":\"https:\/\/elcotarro.com\/wp-content\/uploads\/2017\/06\/FOTO-2.-CONGRESO-PSOE-2017-1024x768.jpg\",\"inLanguage\":\"es\",\"potentialAction\":[{\"@type\":\"CommentAction\",\"name\":\"Comment\",\"target\":[\"https:\/\/elcotarro.com\/?p=4250#respond\"]}]},{\"@type\":\"WebPage\",\"@id\":\"https:\/\/elcotarro.com\/?p=4250\",\"url\":\"https:\/\/elcotarro.com\/?p=4250\",\"name\":\"UNA MADRUGADA CON PEDRO S\u00c1NCHEZ - El Cotarro\",\"isPartOf\":{\"@id\":\"https:\/\/elcotarro.com\/#website\"},\"primaryImageOfPage\":{\"@id\":\"https:\/\/elcotarro.com\/?p=4250#primaryimage\"},\"image\":{\"@id\":\"https:\/\/elcotarro.com\/?p=4250#primaryimage\"},\"thumbnailUrl\":\"https:\/\/elcotarro.com\/wp-content\/uploads\/2017\/06\/FOTO-2.-CONGRESO-PSOE-2017-1024x768.jpg\",\"datePublished\":\"2017-06-25T10:04:57+00:00\",\"breadcrumb\":{\"@id\":\"https:\/\/elcotarro.com\/?p=4250#breadcrumb\"},\"inLanguage\":\"es\",\"potentialAction\":[{\"@type\":\"ReadAction\",\"target\":[\"https:\/\/elcotarro.com\/?p=4250\"]}]},{\"@type\":\"ImageObject\",\"inLanguage\":\"es\",\"@id\":\"https:\/\/elcotarro.com\/?p=4250#primaryimage\",\"url\":\"https:\/\/elcotarro.com\/wp-content\/uploads\/2017\/06\/FOTO-2.-CONGRESO-PSOE-2017.jpg\",\"contentUrl\":\"https:\/\/elcotarro.com\/wp-content\/uploads\/2017\/06\/FOTO-2.-CONGRESO-PSOE-2017.jpg\",\"width\":1600,\"height\":1200},{\"@type\":\"BreadcrumbList\",\"@id\":\"https:\/\/elcotarro.com\/?p=4250#breadcrumb\",\"itemListElement\":[{\"@type\":\"ListItem\",\"position\":1,\"name\":\"Portada\",\"item\":\"https:\/\/elcotarro.com\/\"},{\"@type\":\"ListItem\",\"position\":2,\"name\":\"UNA MADRUGADA CON PEDRO S\u00c1NCHEZ\"}]},{\"@type\":\"WebSite\",\"@id\":\"https:\/\/elcotarro.com\/#website\",\"url\":\"https:\/\/elcotarro.com\/\",\"name\":\"El Cotarro\",\"description\":\"Peri\u00f3dico Digital Independiente dirigido por Jos\u00e9 Carlos Marrero\",\"publisher\":{\"@id\":\"https:\/\/elcotarro.com\/#organization\"},\"potentialAction\":[{\"@type\":\"SearchAction\",\"target\":{\"@type\":\"EntryPoint\",\"urlTemplate\":\"https:\/\/elcotarro.com\/?s={search_term_string}\"},\"query-input\":{\"@type\":\"PropertyValueSpecification\",\"valueRequired\":true,\"valueName\":\"search_term_string\"}}],\"inLanguage\":\"es\"},{\"@type\":\"Organization\",\"@id\":\"https:\/\/elcotarro.com\/#organization\",\"name\":\"El Cotarro\",\"url\":\"https:\/\/elcotarro.com\/\",\"logo\":{\"@type\":\"ImageObject\",\"inLanguage\":\"es\",\"@id\":\"https:\/\/elcotarro.com\/#\/schema\/logo\/image\/\",\"url\":\"https:\/\/elcotarro.com\/wp-content\/uploads\/2014\/09\/Cabecera_El_Cotarro_v2.jpg\",\"contentUrl\":\"https:\/\/elcotarro.com\/wp-content\/uploads\/2014\/09\/Cabecera_El_Cotarro_v2.jpg\",\"width\":3540,\"height\":441,\"caption\":\"El Cotarro\"},\"image\":{\"@id\":\"https:\/\/elcotarro.com\/#\/schema\/logo\/image\/\"},\"sameAs\":[\"https:\/\/www.facebook.com\/ElCotarro.Tenerife\"]},{\"@type\":\"Person\",\"@id\":\"https:\/\/elcotarro.com\/#\/schema\/person\/af537ee7d60d15984c7e0affcd8a918b\",\"name\":\"Jos\u00e9 Carlos Marrero Gonz\u00e1lez\",\"image\":{\"@type\":\"ImageObject\",\"inLanguage\":\"es\",\"@id\":\"https:\/\/elcotarro.com\/#\/schema\/person\/image\/\",\"url\":\"https:\/\/secure.gravatar.com\/avatar\/def4da036efb5d32c74d49c351f6dccc064dd69ad9f3aadc295c5a9a5391ca01?s=96&d=mm&r=g\",\"contentUrl\":\"https:\/\/secure.gravatar.com\/avatar\/def4da036efb5d32c74d49c351f6dccc064dd69ad9f3aadc295c5a9a5391ca01?s=96&d=mm&r=g\",\"caption\":\"Jos\u00e9 Carlos Marrero Gonz\u00e1lez\"},\"sameAs\":[\"https:\/\/elcotarro.com\"],\"url\":\"https:\/\/elcotarro.com\/?author=2\"}]}<\/script>\n<!-- \/ Yoast SEO plugin. -->","yoast_head_json":{"title":"UNA MADRUGADA CON PEDRO S\u00c1NCHEZ - El Cotarro","robots":{"index":"index","follow":"follow","max-snippet":"max-snippet:-1","max-image-preview":"max-image-preview:large","max-video-preview":"max-video-preview:-1"},"canonical":"https:\/\/elcotarro.com\/?p=4250","og_locale":"es_ES","og_type":"article","og_title":"UNA MADRUGADA CON PEDRO S\u00c1NCHEZ - El Cotarro","og_description":"Hay que decir que la delegaci\u00f3n de Canarias cont\u00f3 con una serie de delegados y una serie de invitados, alguno de ellos \u201cmuy especial, pero solo tres tuvieron la oportunidad, el privilegio y por supuesto, el honor, de estar reunidos durante un buen rato con el mism\u00edsimo Pedro S\u00e1nchez en la madrugada del s\u00e1bado al ... Read more","og_url":"https:\/\/elcotarro.com\/?p=4250","og_site_name":"El Cotarro","article_publisher":"https:\/\/www.facebook.com\/ElCotarro.Tenerife","article_published_time":"2017-06-25T10:04:57+00:00","og_image":[{"url":"https:\/\/elcotarro.com\/wp-content\/uploads\/2017\/06\/FOTO-2.-CONGRESO-PSOE-2017-1024x768.jpg","type":"","width":"","height":""}],"author":"Jos\u00e9 Carlos Marrero Gonz\u00e1lez","twitter_misc":{"Escrito por":"Jos\u00e9 Carlos Marrero Gonz\u00e1lez","Tiempo de lectura":"1 minuto"},"schema":{"@context":"https:\/\/schema.org","@graph":[{"@type":"Article","@id":"https:\/\/elcotarro.com\/?p=4250#article","isPartOf":{"@id":"https:\/\/elcotarro.com\/?p=4250"},"author":{"name":"Jos\u00e9 Carlos Marrero Gonz\u00e1lez","@id":"https:\/\/elcotarro.com\/#\/schema\/person\/af537ee7d60d15984c7e0affcd8a918b"},"headline":"UNA MADRUGADA CON PEDRO S\u00c1NCHEZ","datePublished":"2017-06-25T10:04:57+00:00","mainEntityOfPage":{"@id":"https:\/\/elcotarro.com\/?p=4250"},"wordCount":201,"commentCount":0,"publisher":{"@id":"https:\/\/elcotarro.com\/#organization"},"image":{"@id":"https:\/\/elcotarro.com\/?p=4250#primaryimage"},"thumbnailUrl":"https:\/\/elcotarro.com\/wp-content\/uploads\/2017\/06\/FOTO-2.-CONGRESO-PSOE-2017-1024x768.jpg","inLanguage":"es","potentialAction":[{"@type":"CommentAction","name":"Comment","target":["https:\/\/elcotarro.com\/?p=4250#respond"]}]},{"@type":"WebPage","@id":"https:\/\/elcotarro.com\/?p=4250","url":"https:\/\/elcotarro.com\/?p=4250","name":"UNA MADRUGADA CON PEDRO S\u00c1NCHEZ - El Cotarro","isPartOf":{"@id":"https:\/\/elcotarro.com\/#website"},"primaryImageOfPage":{"@id":"https:\/\/elcotarro.com\/?p=4250#primaryimage"},"image":{"@id":"https:\/\/elcotarro.com\/?p=4250#primaryimage"},"thumbnailUrl":"https:\/\/elcotarro.com\/wp-content\/uploads\/2017\/06\/FOTO-2.-CONGRESO-PSOE-2017-1024x768.jpg","datePublished":"2017-06-25T10:04:57+00:00","breadcrumb":{"@id":"https:\/\/elcotarro.com\/?p=4250#breadcrumb"},"inLanguage":"es","potentialAction":[{"@type":"ReadAction","target":["https:\/\/elcotarro.com\/?p=4250"]}]},{"@type":"ImageObject","inLanguage":"es","@id":"https:\/\/elcotarro.com\/?p=4250#primaryimage","url":"https:\/\/elcotarro.com\/wp-content\/uploads\/2017\/06\/FOTO-2.-CONGRESO-PSOE-2017.jpg","contentUrl":"https:\/\/elcotarro.com\/wp-content\/uploads\/2017\/06\/FOTO-2.-CONGRESO-PSOE-2017.jpg","width":1600,"height":1200},{"@type":"BreadcrumbList","@id":"https:\/\/elcotarro.com\/?p=4250#breadcrumb","itemListElement":[{"@type":"ListItem","position":1,"name":"Portada","item":"https:\/\/elcotarro.com\/"},{"@type":"ListItem","position":2,"name":"UNA MADRUGADA CON PEDRO S\u00c1NCHEZ"}]},{"@type":"WebSite","@id":"https:\/\/elcotarro.com\/#website","url":"https:\/\/elcotarro.com\/","name":"El Cotarro","description":"Peri\u00f3dico Digital Independiente dirigido por Jos\u00e9 Carlos Marrero","publisher":{"@id":"https:\/\/elcotarro.com\/#organization"},"potentialAction":[{"@type":"SearchAction","target":{"@type":"EntryPoint","urlTemplate":"https:\/\/elcotarro.com\/?s={search_term_string}"},"query-input":{"@type":"PropertyValueSpecification","valueRequired":true,"valueName":"search_term_string"}}],"inLanguage":"es"},{"@type":"Organization","@id":"https:\/\/elcotarro.com\/#organization","name":"El Cotarro","url":"https:\/\/elcotarro.com\/","logo":{"@type":"ImageObject","inLanguage":"es","@id":"https:\/\/elcotarro.com\/#\/schema\/logo\/image\/","url":"https:\/\/elcotarro.com\/wp-content\/uploads\/2014\/09\/Cabecera_El_Cotarro_v2.jpg","contentUrl":"https:\/\/elcotarro.com\/wp-content\/uploads\/2014\/09\/Cabecera_El_Cotarro_v2.jpg","width":3540,"height":441,"caption":"El Cotarro"},"image":{"@id":"https:\/\/elcotarro.com\/#\/schema\/logo\/image\/"},"sameAs":["https:\/\/www.facebook.com\/ElCotarro.Tenerife"]},{"@type":"Person","@id":"https:\/\/elcotarro.com\/#\/schema\/person\/af537ee7d60d15984c7e0affcd8a918b","name":"Jos\u00e9 Carlos Marrero Gonz\u00e1lez","image":{"@type":"ImageObject","inLanguage":"es","@id":"https:\/\/elcotarro.com\/#\/schema\/person\/image\/","url":"https:\/\/secure.gravatar.com\/avatar\/def4da036efb5d32c74d49c351f6dccc064dd69ad9f3aadc295c5a9a5391ca01?s=96&d=mm&r=g","contentUrl":"https:\/\/secure.gravatar.com\/avatar\/def4da036efb5d32c74d49c351f6dccc064dd69ad9f3aadc295c5a9a5391ca01?s=96&d=mm&r=g","caption":"Jos\u00e9 Carlos Marrero Gonz\u00e1lez"},"sameAs":["https:\/\/elcotarro.com"],"url":"https:\/\/elcotarro.com\/?author=2"}]}},"jetpack_featured_media_url":"","jetpack_sharing_enabled":true,"_links":{"self":[{"href":"https:\/\/elcotarro.com\/index.php?rest_route=\/wp\/v2\/posts\/4250","targetHints":{"allow":["GET"]}}],"collection":[{"href":"https:\/\/elcotarro.com\/index.php?rest_route=\/wp\/v2\/posts"}],"about":[{"href":"https:\/\/elcotarro.com\/index.php?rest_route=\/wp\/v2\/types\/post"}],"author":[{"embeddable":true,"href":"https:\/\/elcotarro.com\/index.php?rest_route=\/wp\/v2\/users\/2"}],"replies":[{"embeddable":true,"href":"https:\/\/elcotarro.com\/index.php?rest_route=%2Fwp%2Fv2%2Fcomments&post=4250"}],"version-history":[{"count":1,"href":"https:\/\/elcotarro.com\/index.php?rest_route=\/wp\/v2\/posts\/4250\/revisions"}],"predecessor-version":[{"id":4252,"href":"https:\/\/elcotarro.com\/index.php?rest_route=\/wp\/v2\/posts\/4250\/revisions\/4252"}],"wp:attachment":[{"href":"https:\/\/elcotarro.com\/index.php?rest_route=%2Fwp%2Fv2%2Fmedia&parent=4250"}],"wp:term":[{"taxonomy":"category","embeddable":true,"href":"https:\/\/elcotarro.com\/index.php?rest_route=%2Fwp%2Fv2%2Fcategories&post=4250"},{"taxonomy":"post_tag","embeddable":true,"href":"https:\/\/elcotarro.com\/index.php?rest_route=%2Fwp%2Fv2%2Ftags&post=4250"}],"curies":[{"name":"wp","href":"https:\/\/api.w.org\/{rel}","templated":true}]}}