{"id":4259,"date":"2017-06-25T11:01:25","date_gmt":"2017-06-25T10:01:25","guid":{"rendered":"https:\/\/elcotarro.com\/?p=4259"},"modified":"2017-06-25T09:04:27","modified_gmt":"2017-06-25T08:04:27","slug":"pero-primero-estan-las-primarias","status":"publish","type":"post","link":"https:\/\/elcotarro.com\/?p=4259","title":{"rendered":"PERO PRIMERO&#8230; EST\u00c1N LAS PRIMARIAS"},"content":{"rendered":"<p>El futuro est\u00e1 por venir, aunque comenz\u00f3 a sembrarse el pasado jueves con la apertura del plazo para apuntarse en las Primarias del Partido Socialista de Canarias (PSC-PSOE). Seg\u00fan se sabe (hasta hoy) cuatro son las personas que ya han manifestado o se han apuntado en esa carrera. Desde Tenerife\u2008<strong>Patricia Hern\u00e1ndez<\/strong> (ex-presidenta del Gobierno de Canarias y defensora de la perdedora <strong>Susana D\u00edaz<\/strong>, ahora de capa ca\u00edda); desde Gran Canaria, el ya nombrado <strong>\u00c1ngel V\u00edctor Torres<\/strong> y el eurodiputado <strong>Juan Fernando L\u00f3pez Aguilar<\/strong> (que quiere y est\u00e1 \u201cfrito\u201d por ser de nuevo eurodiputado el a\u00f1o 2018), as\u00ed como, desde La Gomera, <strong>Pompeyo Curbelo Mart\u00edn<\/strong> (que, asombrosamente, parece que vive en Viena por razones de trabajo). Tres hombres y una mujer que tendr\u00e1n que conseguir m\u00e1s de 679 avales antes del pr\u00f3ximo d\u00eda 6. Justo el d\u00eda despu\u00e9s, 7 de julio (San Ferm\u00edn) se proclamar\u00e1n como candidatos en firme a los que logren pasar dicha cifra de avales. Entonces comenzar\u00e1 la campa\u00f1a hasta el 23 de julio fecha en que en votaci\u00f3n secreta, los y las afiliados socialistas de Canarias decidir\u00e1n qui\u00e9n ocupar\u00e1 la secretar\u00eda general del PSC-PSOE a partir del congreso regional que se celebrar\u00e1 del 15 al 17 de septiembre. \u00bfY qu\u00e9 har\u00e1 quien gane las primarias hasta entonces? Pues como todo el resto de los socialistas de Canarias: ir a la playa, broncearse\u2026y esperar.<\/p>\n<p style=\"text-align: center\"><a href=\"https:\/\/elcotarro.com\/wp-content\/uploads\/2017\/06\/FOTO-5.-\u00c1NGEL-V\u00cdCTOR-TORRES.jpg\"><img loading=\"lazy\" decoding=\"async\" class=\"alignnone size-full wp-image-4260\" src=\"https:\/\/elcotarro.com\/wp-content\/uploads\/2017\/06\/FOTO-5.-\u00c1NGEL-V\u00cdCTOR-TORRES.jpg\" alt=\"FOTO 5.- \u00c1NGEL V\u00cdCTOR TORRES\" width=\"800\" height=\"557\" srcset=\"https:\/\/elcotarro.com\/wp-content\/uploads\/2017\/06\/FOTO-5.-\u00c1NGEL-V\u00cdCTOR-TORRES.jpg 800w, https:\/\/elcotarro.com\/wp-content\/uploads\/2017\/06\/FOTO-5.-\u00c1NGEL-V\u00cdCTOR-TORRES-300x209.jpg 300w\" sizes=\"auto, (max-width: 800px) 100vw, 800px\" \/><\/a><\/p>\n<p style=\"text-align: center\"><em>\u00c1ngel V\u00edctor Torres en el momento de firmar su precandidatura a las primarias del PSOE<\/em><\/p>\n","protected":false},"excerpt":{"rendered":"<p>El futuro est\u00e1 por venir, aunque comenz\u00f3 a sembrarse el pasado jueves con la apertura del plazo para apuntarse en las Primarias del Partido Socialista de Canarias (PSC-PSOE). Seg\u00fan se sabe (hasta hoy) cuatro son las personas que ya han manifestado o se han apuntado en esa carrera. Desde Tenerife\u2008Patricia Hern\u00e1ndez (ex-presidenta del Gobierno de &#8230; <a class=\"read-more\" href=\"https:\/\/elcotarro.com\/?p=4259\">Read more<\/a><\/p>\n","protected":false},"author":2,"featured_media":0,"comment_status":"open","ping_status":"open","sticky":false,"template":"","format":"standard","meta":{"_jetpack_memberships_contains_paid_content":false,"footnotes":""},"categories":[1],"tags":[],"class_list":["post-4259","post","type-post","status-publish","format-standard","hentry","category-sin-categoria"],"yoast_head":"<!-- This site is optimized with the Yoast SEO plugin v27.0 - https:\/\/yoast.com\/product\/yoast-seo-wordpress\/ -->\n<title>PERO PRIMERO... EST\u00c1N LAS PRIMARIAS - El Cotarro<\/title>\n<meta name=\"robots\" content=\"index, follow, max-snippet:-1, max-image-preview:large, max-video-preview:-1\" \/>\n<link rel=\"canonical\" href=\"https:\/\/elcotarro.com\/?p=4259\" \/>\n<meta property=\"og:locale\" content=\"es_ES\" \/>\n<meta property=\"og:type\" content=\"article\" \/>\n<meta property=\"og:title\" content=\"PERO PRIMERO... EST\u00c1N LAS PRIMARIAS - El Cotarro\" \/>\n<meta property=\"og:description\" content=\"El futuro est\u00e1 por venir, aunque comenz\u00f3 a sembrarse el pasado jueves con la apertura del plazo para apuntarse en las Primarias del Partido Socialista de Canarias (PSC-PSOE). Seg\u00fan se sabe (hasta hoy) cuatro son las personas que ya han manifestado o se han apuntado en esa carrera. Desde Tenerife\u2008Patricia Hern\u00e1ndez (ex-presidenta del Gobierno de ... Read more\" \/>\n<meta property=\"og:url\" content=\"https:\/\/elcotarro.com\/?p=4259\" \/>\n<meta property=\"og:site_name\" content=\"El Cotarro\" \/>\n<meta property=\"article:publisher\" content=\"https:\/\/www.facebook.com\/ElCotarro.Tenerife\" \/>\n<meta property=\"article:published_time\" content=\"2017-06-25T10:01:25+00:00\" \/>\n<meta name=\"author\" content=\"Jos\u00e9 Carlos Marrero Gonz\u00e1lez\" \/>\n<meta name=\"twitter:label1\" content=\"Escrito por\" \/>\n\t<meta name=\"twitter:data1\" content=\"Jos\u00e9 Carlos Marrero Gonz\u00e1lez\" \/>\n\t<meta name=\"twitter:label2\" content=\"Tiempo de lectura\" \/>\n\t<meta name=\"twitter:data2\" content=\"1 minuto\" \/>\n<script type=\"application\/ld+json\" class=\"yoast-schema-graph\">{\"@context\":\"https:\/\/schema.org\",\"@graph\":[{\"@type\":\"Article\",\"@id\":\"https:\/\/elcotarro.com\/?p=4259#article\",\"isPartOf\":{\"@id\":\"https:\/\/elcotarro.com\/?p=4259\"},\"author\":{\"name\":\"Jos\u00e9 Carlos Marrero Gonz\u00e1lez\",\"@id\":\"https:\/\/elcotarro.com\/#\/schema\/person\/af537ee7d60d15984c7e0affcd8a918b\"},\"headline\":\"PERO PRIMERO&#8230; EST\u00c1N LAS PRIMARIAS\",\"datePublished\":\"2017-06-25T10:01:25+00:00\",\"mainEntityOfPage\":{\"@id\":\"https:\/\/elcotarro.com\/?p=4259\"},\"wordCount\":264,\"commentCount\":0,\"publisher\":{\"@id\":\"https:\/\/elcotarro.com\/#organization\"},\"inLanguage\":\"es\",\"potentialAction\":[{\"@type\":\"CommentAction\",\"name\":\"Comment\",\"target\":[\"https:\/\/elcotarro.com\/?p=4259#respond\"]}]},{\"@type\":\"WebPage\",\"@id\":\"https:\/\/elcotarro.com\/?p=4259\",\"url\":\"https:\/\/elcotarro.com\/?p=4259\",\"name\":\"PERO PRIMERO... EST\u00c1N LAS PRIMARIAS - El Cotarro\",\"isPartOf\":{\"@id\":\"https:\/\/elcotarro.com\/#website\"},\"datePublished\":\"2017-06-25T10:01:25+00:00\",\"breadcrumb\":{\"@id\":\"https:\/\/elcotarro.com\/?p=4259#breadcrumb\"},\"inLanguage\":\"es\",\"potentialAction\":[{\"@type\":\"ReadAction\",\"target\":[\"https:\/\/elcotarro.com\/?p=4259\"]}]},{\"@type\":\"BreadcrumbList\",\"@id\":\"https:\/\/elcotarro.com\/?p=4259#breadcrumb\",\"itemListElement\":[{\"@type\":\"ListItem\",\"position\":1,\"name\":\"Portada\",\"item\":\"https:\/\/elcotarro.com\/\"},{\"@type\":\"ListItem\",\"position\":2,\"name\":\"PERO PRIMERO&#8230; EST\u00c1N LAS PRIMARIAS\"}]},{\"@type\":\"WebSite\",\"@id\":\"https:\/\/elcotarro.com\/#website\",\"url\":\"https:\/\/elcotarro.com\/\",\"name\":\"El Cotarro\",\"description\":\"Peri\u00f3dico Digital Independiente dirigido por Jos\u00e9 Carlos Marrero\",\"publisher\":{\"@id\":\"https:\/\/elcotarro.com\/#organization\"},\"potentialAction\":[{\"@type\":\"SearchAction\",\"target\":{\"@type\":\"EntryPoint\",\"urlTemplate\":\"https:\/\/elcotarro.com\/?s={search_term_string}\"},\"query-input\":{\"@type\":\"PropertyValueSpecification\",\"valueRequired\":true,\"valueName\":\"search_term_string\"}}],\"inLanguage\":\"es\"},{\"@type\":\"Organization\",\"@id\":\"https:\/\/elcotarro.com\/#organization\",\"name\":\"El Cotarro\",\"url\":\"https:\/\/elcotarro.com\/\",\"logo\":{\"@type\":\"ImageObject\",\"inLanguage\":\"es\",\"@id\":\"https:\/\/elcotarro.com\/#\/schema\/logo\/image\/\",\"url\":\"https:\/\/elcotarro.com\/wp-content\/uploads\/2014\/09\/Cabecera_El_Cotarro_v2.jpg\",\"contentUrl\":\"https:\/\/elcotarro.com\/wp-content\/uploads\/2014\/09\/Cabecera_El_Cotarro_v2.jpg\",\"width\":3540,\"height\":441,\"caption\":\"El Cotarro\"},\"image\":{\"@id\":\"https:\/\/elcotarro.com\/#\/schema\/logo\/image\/\"},\"sameAs\":[\"https:\/\/www.facebook.com\/ElCotarro.Tenerife\"]},{\"@type\":\"Person\",\"@id\":\"https:\/\/elcotarro.com\/#\/schema\/person\/af537ee7d60d15984c7e0affcd8a918b\",\"name\":\"Jos\u00e9 Carlos Marrero Gonz\u00e1lez\",\"image\":{\"@type\":\"ImageObject\",\"inLanguage\":\"es\",\"@id\":\"https:\/\/elcotarro.com\/#\/schema\/person\/image\/\",\"url\":\"https:\/\/secure.gravatar.com\/avatar\/def4da036efb5d32c74d49c351f6dccc064dd69ad9f3aadc295c5a9a5391ca01?s=96&d=mm&r=g\",\"contentUrl\":\"https:\/\/secure.gravatar.com\/avatar\/def4da036efb5d32c74d49c351f6dccc064dd69ad9f3aadc295c5a9a5391ca01?s=96&d=mm&r=g\",\"caption\":\"Jos\u00e9 Carlos Marrero Gonz\u00e1lez\"},\"sameAs\":[\"https:\/\/elcotarro.com\"],\"url\":\"https:\/\/elcotarro.com\/?author=2\"}]}<\/script>\n<!-- \/ Yoast SEO plugin. -->","yoast_head_json":{"title":"PERO PRIMERO... EST\u00c1N LAS PRIMARIAS - El Cotarro","robots":{"index":"index","follow":"follow","max-snippet":"max-snippet:-1","max-image-preview":"max-image-preview:large","max-video-preview":"max-video-preview:-1"},"canonical":"https:\/\/elcotarro.com\/?p=4259","og_locale":"es_ES","og_type":"article","og_title":"PERO PRIMERO... EST\u00c1N LAS PRIMARIAS - El Cotarro","og_description":"El futuro est\u00e1 por venir, aunque comenz\u00f3 a sembrarse el pasado jueves con la apertura del plazo para apuntarse en las Primarias del Partido Socialista de Canarias (PSC-PSOE). Seg\u00fan se sabe (hasta hoy) cuatro son las personas que ya han manifestado o se han apuntado en esa carrera. Desde Tenerife\u2008Patricia Hern\u00e1ndez (ex-presidenta del Gobierno de ... Read more","og_url":"https:\/\/elcotarro.com\/?p=4259","og_site_name":"El Cotarro","article_publisher":"https:\/\/www.facebook.com\/ElCotarro.Tenerife","article_published_time":"2017-06-25T10:01:25+00:00","author":"Jos\u00e9 Carlos Marrero Gonz\u00e1lez","twitter_misc":{"Escrito por":"Jos\u00e9 Carlos Marrero Gonz\u00e1lez","Tiempo de lectura":"1 minuto"},"schema":{"@context":"https:\/\/schema.org","@graph":[{"@type":"Article","@id":"https:\/\/elcotarro.com\/?p=4259#article","isPartOf":{"@id":"https:\/\/elcotarro.com\/?p=4259"},"author":{"name":"Jos\u00e9 Carlos Marrero Gonz\u00e1lez","@id":"https:\/\/elcotarro.com\/#\/schema\/person\/af537ee7d60d15984c7e0affcd8a918b"},"headline":"PERO PRIMERO&#8230; EST\u00c1N LAS PRIMARIAS","datePublished":"2017-06-25T10:01:25+00:00","mainEntityOfPage":{"@id":"https:\/\/elcotarro.com\/?p=4259"},"wordCount":264,"commentCount":0,"publisher":{"@id":"https:\/\/elcotarro.com\/#organization"},"inLanguage":"es","potentialAction":[{"@type":"CommentAction","name":"Comment","target":["https:\/\/elcotarro.com\/?p=4259#respond"]}]},{"@type":"WebPage","@id":"https:\/\/elcotarro.com\/?p=4259","url":"https:\/\/elcotarro.com\/?p=4259","name":"PERO PRIMERO... EST\u00c1N LAS PRIMARIAS - El Cotarro","isPartOf":{"@id":"https:\/\/elcotarro.com\/#website"},"datePublished":"2017-06-25T10:01:25+00:00","breadcrumb":{"@id":"https:\/\/elcotarro.com\/?p=4259#breadcrumb"},"inLanguage":"es","potentialAction":[{"@type":"ReadAction","target":["https:\/\/elcotarro.com\/?p=4259"]}]},{"@type":"BreadcrumbList","@id":"https:\/\/elcotarro.com\/?p=4259#breadcrumb","itemListElement":[{"@type":"ListItem","position":1,"name":"Portada","item":"https:\/\/elcotarro.com\/"},{"@type":"ListItem","position":2,"name":"PERO PRIMERO&#8230; EST\u00c1N LAS PRIMARIAS"}]},{"@type":"WebSite","@id":"https:\/\/elcotarro.com\/#website","url":"https:\/\/elcotarro.com\/","name":"El Cotarro","description":"Peri\u00f3dico Digital Independiente dirigido por Jos\u00e9 Carlos Marrero","publisher":{"@id":"https:\/\/elcotarro.com\/#organization"},"potentialAction":[{"@type":"SearchAction","target":{"@type":"EntryPoint","urlTemplate":"https:\/\/elcotarro.com\/?s={search_term_string}"},"query-input":{"@type":"PropertyValueSpecification","valueRequired":true,"valueName":"search_term_string"}}],"inLanguage":"es"},{"@type":"Organization","@id":"https:\/\/elcotarro.com\/#organization","name":"El Cotarro","url":"https:\/\/elcotarro.com\/","logo":{"@type":"ImageObject","inLanguage":"es","@id":"https:\/\/elcotarro.com\/#\/schema\/logo\/image\/","url":"https:\/\/elcotarro.com\/wp-content\/uploads\/2014\/09\/Cabecera_El_Cotarro_v2.jpg","contentUrl":"https:\/\/elcotarro.com\/wp-content\/uploads\/2014\/09\/Cabecera_El_Cotarro_v2.jpg","width":3540,"height":441,"caption":"El Cotarro"},"image":{"@id":"https:\/\/elcotarro.com\/#\/schema\/logo\/image\/"},"sameAs":["https:\/\/www.facebook.com\/ElCotarro.Tenerife"]},{"@type":"Person","@id":"https:\/\/elcotarro.com\/#\/schema\/person\/af537ee7d60d15984c7e0affcd8a918b","name":"Jos\u00e9 Carlos Marrero Gonz\u00e1lez","image":{"@type":"ImageObject","inLanguage":"es","@id":"https:\/\/elcotarro.com\/#\/schema\/person\/image\/","url":"https:\/\/secure.gravatar.com\/avatar\/def4da036efb5d32c74d49c351f6dccc064dd69ad9f3aadc295c5a9a5391ca01?s=96&d=mm&r=g","contentUrl":"https:\/\/secure.gravatar.com\/avatar\/def4da036efb5d32c74d49c351f6dccc064dd69ad9f3aadc295c5a9a5391ca01?s=96&d=mm&r=g","caption":"Jos\u00e9 Carlos Marrero Gonz\u00e1lez"},"sameAs":["https:\/\/elcotarro.com"],"url":"https:\/\/elcotarro.com\/?author=2"}]}},"jetpack_featured_media_url":"","jetpack_sharing_enabled":true,"_links":{"self":[{"href":"https:\/\/elcotarro.com\/index.php?rest_route=\/wp\/v2\/posts\/4259","targetHints":{"allow":["GET"]}}],"collection":[{"href":"https:\/\/elcotarro.com\/index.php?rest_route=\/wp\/v2\/posts"}],"about":[{"href":"https:\/\/elcotarro.com\/index.php?rest_route=\/wp\/v2\/types\/post"}],"author":[{"embeddable":true,"href":"https:\/\/elcotarro.com\/index.php?rest_route=\/wp\/v2\/users\/2"}],"replies":[{"embeddable":true,"href":"https:\/\/elcotarro.com\/index.php?rest_route=%2Fwp%2Fv2%2Fcomments&post=4259"}],"version-history":[{"count":1,"href":"https:\/\/elcotarro.com\/index.php?rest_route=\/wp\/v2\/posts\/4259\/revisions"}],"predecessor-version":[{"id":4261,"href":"https:\/\/elcotarro.com\/index.php?rest_route=\/wp\/v2\/posts\/4259\/revisions\/4261"}],"wp:attachment":[{"href":"https:\/\/elcotarro.com\/index.php?rest_route=%2Fwp%2Fv2%2Fmedia&parent=4259"}],"wp:term":[{"taxonomy":"category","embeddable":true,"href":"https:\/\/elcotarro.com\/index.php?rest_route=%2Fwp%2Fv2%2Fcategories&post=4259"},{"taxonomy":"post_tag","embeddable":true,"href":"https:\/\/elcotarro.com\/index.php?rest_route=%2Fwp%2Fv2%2Ftags&post=4259"}],"curies":[{"name":"wp","href":"https:\/\/api.w.org\/{rel}","templated":true}]}}