{"id":440,"date":"2014-11-23T00:03:57","date_gmt":"2014-11-23T00:03:57","guid":{"rendered":"https:\/\/elcotarro.com\/?p=440"},"modified":"2014-11-22T21:21:36","modified_gmt":"2014-11-22T21:21:36","slug":"la-idea-de-westerdahl-y-sartoris","status":"publish","type":"post","link":"https:\/\/elcotarro.com\/?p=440","title":{"rendered":"LA IDEA DE WESTERDAHL Y SARTORIS"},"content":{"rendered":"<p style=\"text-align: justify;\">\u2666\u00a0La gran afluencia de artistas extranjeros al Archipi\u00e9lago, en unos a\u00f1os de auge cultural sin precedentes, llev\u00f3 a <strong>Eduardo Westerdahl<\/strong>, en 1933 a plantearse una idea que le acompa\u00f1ar\u00eda el resto de su vida, y sobre la que se posicionar\u00eda el bloque de redactores de Gaceta de Arte en uno de sus \u00faltimos n\u00fameros del a\u00f1o 1935: \u00abse propugna el establecimiento en Tenerife de una residencia de invierno para intelectuales europeos\u00bb. El arquitecto italo-suizo, <strong>Alberto Sartoris<\/strong>, conocedor de las residencias de artistas en Suiza y Francia, impulsar\u00eda definitivamente la idea que acabar\u00eda siendo nominada como \u00abResidencia Canaria de Cultura Internacional\u00bb. En 1953, fruto de su buena relaci\u00f3n con <strong>Westerdahl<\/strong>, desembarc\u00f3 en Tenerife, aunque no por primera vez, el arquitecto Sartoris aceptando una invitaci\u00f3n del entonces alcalde de Puerto de la Cruz, <strong>Isidoro Luz C\u00e1rpenter,<\/strong> que tambi\u00e9n era presidente del Instituto de Estudios Hisp\u00e1nicos de Canarias.<\/p>\n<table align=\"center\">\n<tbody>\n<tr>\n<td><img loading=\"lazy\" decoding=\"async\" class=\"aligncenter wp-image-441 size-full\" src=\"https:\/\/elcotarro.com\/wp-content\/uploads\/2014\/11\/Eduardo-Westerdahl.jpg\" alt=\"el cotarro - Eduardo Westerdahl\" width=\"1200\" height=\"900\" srcset=\"https:\/\/elcotarro.com\/wp-content\/uploads\/2014\/11\/Eduardo-Westerdahl.jpg 1200w, https:\/\/elcotarro.com\/wp-content\/uploads\/2014\/11\/Eduardo-Westerdahl-300x225.jpg 300w, https:\/\/elcotarro.com\/wp-content\/uploads\/2014\/11\/Eduardo-Westerdahl-1024x768.jpg 1024w\" sizes=\"auto, (max-width: 1200px) 100vw, 1200px\" \/><\/td>\n<td><a href=\"https:\/\/elcotarro.com\/wp-content\/uploads\/2014\/11\/Alberto-Sartoris.jpg\"><img loading=\"lazy\" decoding=\"async\" class=\"aligncenter size-full wp-image-442\" src=\"https:\/\/elcotarro.com\/wp-content\/uploads\/2014\/11\/Alberto-Sartoris.jpg\" alt=\"el cotarro - Alberto Sartoris\" width=\"1200\" height=\"900\" srcset=\"https:\/\/elcotarro.com\/wp-content\/uploads\/2014\/11\/Alberto-Sartoris.jpg 1200w, https:\/\/elcotarro.com\/wp-content\/uploads\/2014\/11\/Alberto-Sartoris-300x225.jpg 300w, https:\/\/elcotarro.com\/wp-content\/uploads\/2014\/11\/Alberto-Sartoris-1024x768.jpg 1024w\" sizes=\"auto, (max-width: 1200px) 100vw, 1200px\" \/><\/a><\/td>\n<\/tr>\n<\/tbody>\n<\/table>\n<p class=\"comentario\" style=\"text-align: center;\">Eduardo Westerdahl (a la izquierda) y Alberto Sartoris<\/p>\n","protected":false},"excerpt":{"rendered":"<p>\u2666\u00a0La gran afluencia de artistas extranjeros al Archipi\u00e9lago, en unos a\u00f1os de auge cultural sin precedentes, llev\u00f3 a Eduardo Westerdahl, en 1933 a plantearse una idea que le acompa\u00f1ar\u00eda el resto de su vida, y sobre la que se posicionar\u00eda el bloque de redactores de Gaceta de Arte en uno de sus \u00faltimos n\u00fameros del &#8230; <a class=\"read-more\" href=\"https:\/\/elcotarro.com\/?p=440\">Read more<\/a><\/p>\n","protected":false},"author":2,"featured_media":0,"comment_status":"open","ping_status":"open","sticky":false,"template":"","format":"standard","meta":{"_jetpack_memberships_contains_paid_content":false,"footnotes":""},"categories":[54],"tags":[210,209,214,212],"class_list":["post-440","post","type-post","status-publish","format-standard","hentry","category-personajes","tag-alberto-sartoris","tag-eduardo-westerdahl","tag-isidoro-luz-carpenter","tag-westerdahl"],"yoast_head":"<!-- This site is optimized with the Yoast SEO plugin v27.0 - https:\/\/yoast.com\/product\/yoast-seo-wordpress\/ -->\n<title>LA IDEA DE WESTERDAHL Y SARTORIS - El Cotarrro<\/title>\n<meta name=\"description\" content=\"Nuevo art\u00edculo de El cotarro de cada domingo. Dedicado esta vez a Westerdahl y Sartoris\" \/>\n<meta name=\"robots\" content=\"index, follow, max-snippet:-1, max-image-preview:large, max-video-preview:-1\" \/>\n<link rel=\"canonical\" href=\"https:\/\/elcotarro.com\/?p=440\" \/>\n<meta property=\"og:locale\" content=\"es_ES\" \/>\n<meta property=\"og:type\" content=\"article\" \/>\n<meta property=\"og:title\" content=\"LA IDEA DE WESTERDAHL Y SARTORIS - El Cotarrro\" \/>\n<meta property=\"og:description\" content=\"Nuevo art\u00edculo de El cotarro de cada domingo. Dedicado esta vez a Westerdahl y Sartoris\" \/>\n<meta property=\"og:url\" content=\"https:\/\/elcotarro.com\/?p=440\" \/>\n<meta property=\"og:site_name\" content=\"El Cotarro\" \/>\n<meta property=\"article:publisher\" content=\"https:\/\/www.facebook.com\/ElCotarro.Tenerife\" \/>\n<meta property=\"article:published_time\" content=\"2014-11-23T00:03:57+00:00\" \/>\n<meta property=\"og:image\" content=\"https:\/\/elcotarro.com\/wp-content\/uploads\/2014\/11\/Eduardo-Westerdahl.jpg\" \/>\n<meta name=\"author\" content=\"Jos\u00e9 Carlos Marrero Gonz\u00e1lez\" \/>\n<meta name=\"twitter:label1\" content=\"Escrito por\" \/>\n\t<meta name=\"twitter:data1\" content=\"Jos\u00e9 Carlos Marrero Gonz\u00e1lez\" \/>\n\t<meta name=\"twitter:label2\" content=\"Tiempo de lectura\" \/>\n\t<meta name=\"twitter:data2\" content=\"1 minuto\" \/>\n<script type=\"application\/ld+json\" class=\"yoast-schema-graph\">{\"@context\":\"https:\/\/schema.org\",\"@graph\":[{\"@type\":\"Article\",\"@id\":\"https:\/\/elcotarro.com\/?p=440#article\",\"isPartOf\":{\"@id\":\"https:\/\/elcotarro.com\/?p=440\"},\"author\":{\"name\":\"Jos\u00e9 Carlos Marrero Gonz\u00e1lez\",\"@id\":\"https:\/\/elcotarro.com\/#\/schema\/person\/af537ee7d60d15984c7e0affcd8a918b\"},\"headline\":\"LA IDEA DE WESTERDAHL Y SARTORIS\",\"datePublished\":\"2014-11-23T00:03:57+00:00\",\"mainEntityOfPage\":{\"@id\":\"https:\/\/elcotarro.com\/?p=440\"},\"wordCount\":170,\"commentCount\":0,\"publisher\":{\"@id\":\"https:\/\/elcotarro.com\/#organization\"},\"image\":{\"@id\":\"https:\/\/elcotarro.com\/?p=440#primaryimage\"},\"thumbnailUrl\":\"https:\/\/elcotarro.com\/wp-content\/uploads\/2014\/11\/Eduardo-Westerdahl.jpg\",\"keywords\":[\"Alberto Sartoris\",\"Eduardo Westerdahl\",\"Isidoro Luz C\u00e1rpenter\",\"Westerdahl\"],\"articleSection\":[\"Personajes\"],\"inLanguage\":\"es\",\"potentialAction\":[{\"@type\":\"CommentAction\",\"name\":\"Comment\",\"target\":[\"https:\/\/elcotarro.com\/?p=440#respond\"]}]},{\"@type\":\"WebPage\",\"@id\":\"https:\/\/elcotarro.com\/?p=440\",\"url\":\"https:\/\/elcotarro.com\/?p=440\",\"name\":\"LA IDEA DE WESTERDAHL Y SARTORIS - El Cotarrro\",\"isPartOf\":{\"@id\":\"https:\/\/elcotarro.com\/#website\"},\"primaryImageOfPage\":{\"@id\":\"https:\/\/elcotarro.com\/?p=440#primaryimage\"},\"image\":{\"@id\":\"https:\/\/elcotarro.com\/?p=440#primaryimage\"},\"thumbnailUrl\":\"https:\/\/elcotarro.com\/wp-content\/uploads\/2014\/11\/Eduardo-Westerdahl.jpg\",\"datePublished\":\"2014-11-23T00:03:57+00:00\",\"description\":\"Nuevo art\u00edculo de El cotarro de cada domingo. Dedicado esta vez a Westerdahl y Sartoris\",\"breadcrumb\":{\"@id\":\"https:\/\/elcotarro.com\/?p=440#breadcrumb\"},\"inLanguage\":\"es\",\"potentialAction\":[{\"@type\":\"ReadAction\",\"target\":[\"https:\/\/elcotarro.com\/?p=440\"]}]},{\"@type\":\"ImageObject\",\"inLanguage\":\"es\",\"@id\":\"https:\/\/elcotarro.com\/?p=440#primaryimage\",\"url\":\"https:\/\/elcotarro.com\/wp-content\/uploads\/2014\/11\/Eduardo-Westerdahl.jpg\",\"contentUrl\":\"https:\/\/elcotarro.com\/wp-content\/uploads\/2014\/11\/Eduardo-Westerdahl.jpg\",\"width\":1200,\"height\":900},{\"@type\":\"BreadcrumbList\",\"@id\":\"https:\/\/elcotarro.com\/?p=440#breadcrumb\",\"itemListElement\":[{\"@type\":\"ListItem\",\"position\":1,\"name\":\"Portada\",\"item\":\"https:\/\/elcotarro.com\/\"},{\"@type\":\"ListItem\",\"position\":2,\"name\":\"LA IDEA DE WESTERDAHL Y SARTORIS\"}]},{\"@type\":\"WebSite\",\"@id\":\"https:\/\/elcotarro.com\/#website\",\"url\":\"https:\/\/elcotarro.com\/\",\"name\":\"El Cotarro\",\"description\":\"Peri\u00f3dico Digital Independiente dirigido por Jos\u00e9 Carlos Marrero\",\"publisher\":{\"@id\":\"https:\/\/elcotarro.com\/#organization\"},\"potentialAction\":[{\"@type\":\"SearchAction\",\"target\":{\"@type\":\"EntryPoint\",\"urlTemplate\":\"https:\/\/elcotarro.com\/?s={search_term_string}\"},\"query-input\":{\"@type\":\"PropertyValueSpecification\",\"valueRequired\":true,\"valueName\":\"search_term_string\"}}],\"inLanguage\":\"es\"},{\"@type\":\"Organization\",\"@id\":\"https:\/\/elcotarro.com\/#organization\",\"name\":\"El Cotarro\",\"url\":\"https:\/\/elcotarro.com\/\",\"logo\":{\"@type\":\"ImageObject\",\"inLanguage\":\"es\",\"@id\":\"https:\/\/elcotarro.com\/#\/schema\/logo\/image\/\",\"url\":\"https:\/\/elcotarro.com\/wp-content\/uploads\/2014\/09\/Cabecera_El_Cotarro_v2.jpg\",\"contentUrl\":\"https:\/\/elcotarro.com\/wp-content\/uploads\/2014\/09\/Cabecera_El_Cotarro_v2.jpg\",\"width\":3540,\"height\":441,\"caption\":\"El Cotarro\"},\"image\":{\"@id\":\"https:\/\/elcotarro.com\/#\/schema\/logo\/image\/\"},\"sameAs\":[\"https:\/\/www.facebook.com\/ElCotarro.Tenerife\"]},{\"@type\":\"Person\",\"@id\":\"https:\/\/elcotarro.com\/#\/schema\/person\/af537ee7d60d15984c7e0affcd8a918b\",\"name\":\"Jos\u00e9 Carlos Marrero Gonz\u00e1lez\",\"image\":{\"@type\":\"ImageObject\",\"inLanguage\":\"es\",\"@id\":\"https:\/\/elcotarro.com\/#\/schema\/person\/image\/\",\"url\":\"https:\/\/secure.gravatar.com\/avatar\/def4da036efb5d32c74d49c351f6dccc064dd69ad9f3aadc295c5a9a5391ca01?s=96&d=mm&r=g\",\"contentUrl\":\"https:\/\/secure.gravatar.com\/avatar\/def4da036efb5d32c74d49c351f6dccc064dd69ad9f3aadc295c5a9a5391ca01?s=96&d=mm&r=g\",\"caption\":\"Jos\u00e9 Carlos Marrero Gonz\u00e1lez\"},\"sameAs\":[\"https:\/\/elcotarro.com\"],\"url\":\"https:\/\/elcotarro.com\/?author=2\"}]}<\/script>\n<!-- \/ Yoast SEO plugin. -->","yoast_head_json":{"title":"LA IDEA DE WESTERDAHL Y SARTORIS - El Cotarrro","description":"Nuevo art\u00edculo de El cotarro de cada domingo. Dedicado esta vez a Westerdahl y Sartoris","robots":{"index":"index","follow":"follow","max-snippet":"max-snippet:-1","max-image-preview":"max-image-preview:large","max-video-preview":"max-video-preview:-1"},"canonical":"https:\/\/elcotarro.com\/?p=440","og_locale":"es_ES","og_type":"article","og_title":"LA IDEA DE WESTERDAHL Y SARTORIS - El Cotarrro","og_description":"Nuevo art\u00edculo de El cotarro de cada domingo. Dedicado esta vez a Westerdahl y Sartoris","og_url":"https:\/\/elcotarro.com\/?p=440","og_site_name":"El Cotarro","article_publisher":"https:\/\/www.facebook.com\/ElCotarro.Tenerife","article_published_time":"2014-11-23T00:03:57+00:00","og_image":[{"url":"https:\/\/elcotarro.com\/wp-content\/uploads\/2014\/11\/Eduardo-Westerdahl.jpg","type":"","width":"","height":""}],"author":"Jos\u00e9 Carlos Marrero Gonz\u00e1lez","twitter_misc":{"Escrito por":"Jos\u00e9 Carlos Marrero Gonz\u00e1lez","Tiempo de lectura":"1 minuto"},"schema":{"@context":"https:\/\/schema.org","@graph":[{"@type":"Article","@id":"https:\/\/elcotarro.com\/?p=440#article","isPartOf":{"@id":"https:\/\/elcotarro.com\/?p=440"},"author":{"name":"Jos\u00e9 Carlos Marrero Gonz\u00e1lez","@id":"https:\/\/elcotarro.com\/#\/schema\/person\/af537ee7d60d15984c7e0affcd8a918b"},"headline":"LA IDEA DE WESTERDAHL Y SARTORIS","datePublished":"2014-11-23T00:03:57+00:00","mainEntityOfPage":{"@id":"https:\/\/elcotarro.com\/?p=440"},"wordCount":170,"commentCount":0,"publisher":{"@id":"https:\/\/elcotarro.com\/#organization"},"image":{"@id":"https:\/\/elcotarro.com\/?p=440#primaryimage"},"thumbnailUrl":"https:\/\/elcotarro.com\/wp-content\/uploads\/2014\/11\/Eduardo-Westerdahl.jpg","keywords":["Alberto Sartoris","Eduardo Westerdahl","Isidoro Luz C\u00e1rpenter","Westerdahl"],"articleSection":["Personajes"],"inLanguage":"es","potentialAction":[{"@type":"CommentAction","name":"Comment","target":["https:\/\/elcotarro.com\/?p=440#respond"]}]},{"@type":"WebPage","@id":"https:\/\/elcotarro.com\/?p=440","url":"https:\/\/elcotarro.com\/?p=440","name":"LA IDEA DE WESTERDAHL Y SARTORIS - El Cotarrro","isPartOf":{"@id":"https:\/\/elcotarro.com\/#website"},"primaryImageOfPage":{"@id":"https:\/\/elcotarro.com\/?p=440#primaryimage"},"image":{"@id":"https:\/\/elcotarro.com\/?p=440#primaryimage"},"thumbnailUrl":"https:\/\/elcotarro.com\/wp-content\/uploads\/2014\/11\/Eduardo-Westerdahl.jpg","datePublished":"2014-11-23T00:03:57+00:00","description":"Nuevo art\u00edculo de El cotarro de cada domingo. Dedicado esta vez a Westerdahl y Sartoris","breadcrumb":{"@id":"https:\/\/elcotarro.com\/?p=440#breadcrumb"},"inLanguage":"es","potentialAction":[{"@type":"ReadAction","target":["https:\/\/elcotarro.com\/?p=440"]}]},{"@type":"ImageObject","inLanguage":"es","@id":"https:\/\/elcotarro.com\/?p=440#primaryimage","url":"https:\/\/elcotarro.com\/wp-content\/uploads\/2014\/11\/Eduardo-Westerdahl.jpg","contentUrl":"https:\/\/elcotarro.com\/wp-content\/uploads\/2014\/11\/Eduardo-Westerdahl.jpg","width":1200,"height":900},{"@type":"BreadcrumbList","@id":"https:\/\/elcotarro.com\/?p=440#breadcrumb","itemListElement":[{"@type":"ListItem","position":1,"name":"Portada","item":"https:\/\/elcotarro.com\/"},{"@type":"ListItem","position":2,"name":"LA IDEA DE WESTERDAHL Y SARTORIS"}]},{"@type":"WebSite","@id":"https:\/\/elcotarro.com\/#website","url":"https:\/\/elcotarro.com\/","name":"El Cotarro","description":"Peri\u00f3dico Digital Independiente dirigido por Jos\u00e9 Carlos Marrero","publisher":{"@id":"https:\/\/elcotarro.com\/#organization"},"potentialAction":[{"@type":"SearchAction","target":{"@type":"EntryPoint","urlTemplate":"https:\/\/elcotarro.com\/?s={search_term_string}"},"query-input":{"@type":"PropertyValueSpecification","valueRequired":true,"valueName":"search_term_string"}}],"inLanguage":"es"},{"@type":"Organization","@id":"https:\/\/elcotarro.com\/#organization","name":"El Cotarro","url":"https:\/\/elcotarro.com\/","logo":{"@type":"ImageObject","inLanguage":"es","@id":"https:\/\/elcotarro.com\/#\/schema\/logo\/image\/","url":"https:\/\/elcotarro.com\/wp-content\/uploads\/2014\/09\/Cabecera_El_Cotarro_v2.jpg","contentUrl":"https:\/\/elcotarro.com\/wp-content\/uploads\/2014\/09\/Cabecera_El_Cotarro_v2.jpg","width":3540,"height":441,"caption":"El Cotarro"},"image":{"@id":"https:\/\/elcotarro.com\/#\/schema\/logo\/image\/"},"sameAs":["https:\/\/www.facebook.com\/ElCotarro.Tenerife"]},{"@type":"Person","@id":"https:\/\/elcotarro.com\/#\/schema\/person\/af537ee7d60d15984c7e0affcd8a918b","name":"Jos\u00e9 Carlos Marrero Gonz\u00e1lez","image":{"@type":"ImageObject","inLanguage":"es","@id":"https:\/\/elcotarro.com\/#\/schema\/person\/image\/","url":"https:\/\/secure.gravatar.com\/avatar\/def4da036efb5d32c74d49c351f6dccc064dd69ad9f3aadc295c5a9a5391ca01?s=96&d=mm&r=g","contentUrl":"https:\/\/secure.gravatar.com\/avatar\/def4da036efb5d32c74d49c351f6dccc064dd69ad9f3aadc295c5a9a5391ca01?s=96&d=mm&r=g","caption":"Jos\u00e9 Carlos Marrero Gonz\u00e1lez"},"sameAs":["https:\/\/elcotarro.com"],"url":"https:\/\/elcotarro.com\/?author=2"}]}},"jetpack_featured_media_url":"","jetpack_sharing_enabled":true,"_links":{"self":[{"href":"https:\/\/elcotarro.com\/index.php?rest_route=\/wp\/v2\/posts\/440","targetHints":{"allow":["GET"]}}],"collection":[{"href":"https:\/\/elcotarro.com\/index.php?rest_route=\/wp\/v2\/posts"}],"about":[{"href":"https:\/\/elcotarro.com\/index.php?rest_route=\/wp\/v2\/types\/post"}],"author":[{"embeddable":true,"href":"https:\/\/elcotarro.com\/index.php?rest_route=\/wp\/v2\/users\/2"}],"replies":[{"embeddable":true,"href":"https:\/\/elcotarro.com\/index.php?rest_route=%2Fwp%2Fv2%2Fcomments&post=440"}],"version-history":[{"count":4,"href":"https:\/\/elcotarro.com\/index.php?rest_route=\/wp\/v2\/posts\/440\/revisions"}],"predecessor-version":[{"id":446,"href":"https:\/\/elcotarro.com\/index.php?rest_route=\/wp\/v2\/posts\/440\/revisions\/446"}],"wp:attachment":[{"href":"https:\/\/elcotarro.com\/index.php?rest_route=%2Fwp%2Fv2%2Fmedia&parent=440"}],"wp:term":[{"taxonomy":"category","embeddable":true,"href":"https:\/\/elcotarro.com\/index.php?rest_route=%2Fwp%2Fv2%2Fcategories&post=440"},{"taxonomy":"post_tag","embeddable":true,"href":"https:\/\/elcotarro.com\/index.php?rest_route=%2Fwp%2Fv2%2Ftags&post=440"}],"curies":[{"name":"wp","href":"https:\/\/api.w.org\/{rel}","templated":true}]}}