{"id":4597,"date":"2017-10-01T11:05:36","date_gmt":"2017-10-01T10:05:36","guid":{"rendered":"https:\/\/elcotarro.com\/?p=4597"},"modified":"2017-09-30T19:32:10","modified_gmt":"2017-09-30T18:32:10","slug":"silken-atlantida-cumplio-15-anitos","status":"publish","type":"post","link":"https:\/\/elcotarro.com\/?p=4597","title":{"rendered":"SILKEN ATL\u00c1NTIDA CUMPLI\u00d3 15 A\u00d1ITOS"},"content":{"rendered":"<p>En tiempos de conflictos, da gusto ver c\u00f3mo el hotel Silken Atl\u00e1ntida, que se instal\u00f3 en el espacio que muchos a\u00f1os atr\u00e1s ocupaba la f\u00e1brica de Coca-Cola, en la santacrucera avenida Tres de Mayo, acaba de cumplir sus primeros 15 a\u00f1itos, siendo referente del cambio hacia la modernidad de aquella zona de Santa Cruz. El pasado martes lo celebraron en un sencillo pero emotivo y alegre acto donde, el hoy director de la cadena hotelera Silken, <strong>Javier Villanueva<\/strong>, record\u00f3 que vino a ayudar a su colega <strong>Gabriel Wolgeschaffen,<\/strong> para poner en marcha el hotel. En la actualidad, quince a\u00f1os despu\u00e9s (y aunque nadie termine de aprender a pronunciar el apellido <strong>Wolgeschaffen<\/strong>), el bueno de <strong>Gabriel<\/strong> sigue siendo, m\u00e1s que director del hotel, el l\u00edder (y casi padre profesional) del magn\u00edfico y ejemplar equipo de profesionales del Silken Atl\u00e1ntida.<\/p>\n<p style=\"text-align: center\"><a href=\"https:\/\/elcotarro.com\/wp-content\/uploads\/2017\/09\/FOTO-1.-SILKEN-GRUPO.jpg\"><img loading=\"lazy\" decoding=\"async\" class=\"alignnone size-full wp-image-4598\" src=\"https:\/\/elcotarro.com\/wp-content\/uploads\/2017\/09\/FOTO-1.-SILKEN-GRUPO.jpg\" alt=\"FOTO 1.- SILKEN GRUPO\" width=\"1600\" height=\"1068\" srcset=\"https:\/\/elcotarro.com\/wp-content\/uploads\/2017\/09\/FOTO-1.-SILKEN-GRUPO.jpg 1600w, https:\/\/elcotarro.com\/wp-content\/uploads\/2017\/09\/FOTO-1.-SILKEN-GRUPO-300x200.jpg 300w, https:\/\/elcotarro.com\/wp-content\/uploads\/2017\/09\/FOTO-1.-SILKEN-GRUPO-1024x684.jpg 1024w\" sizes=\"auto, (max-width: 1600px) 100vw, 1600px\" \/><\/a><\/p>\n<p style=\"text-align: center\"><em>Efra\u00edn Medina (vicepresidente del Cabildo de Tenerife), Gabriel Wolgeschaffen (director del Silken Atl\u00e1ntida), Jos\u00e9 Manuel Berm\u00fadez (alcalde de Santa Cruz de Tenerife), Javier Villanueva (director general de la cadena Silken), \u00d3scar Terol (director de Operaciones de Silken) y Crist\u00f3bal de la Rosa (viceconsejero de Turismo del Gobierno de Canarias).<\/em><\/p>\n","protected":false},"excerpt":{"rendered":"<p>En tiempos de conflictos, da gusto ver c\u00f3mo el hotel Silken Atl\u00e1ntida, que se instal\u00f3 en el espacio que muchos a\u00f1os atr\u00e1s ocupaba la f\u00e1brica de Coca-Cola, en la santacrucera avenida Tres de Mayo, acaba de cumplir sus primeros 15 a\u00f1itos, siendo referente del cambio hacia la modernidad de aquella zona de Santa Cruz. El &#8230; <a class=\"read-more\" href=\"https:\/\/elcotarro.com\/?p=4597\">Read more<\/a><\/p>\n","protected":false},"author":2,"featured_media":0,"comment_status":"open","ping_status":"open","sticky":false,"template":"","format":"standard","meta":{"_jetpack_memberships_contains_paid_content":false,"footnotes":""},"categories":[1],"tags":[],"class_list":["post-4597","post","type-post","status-publish","format-standard","hentry","category-sin-categoria"],"yoast_head":"<!-- This site is optimized with the Yoast SEO plugin v27.0 - https:\/\/yoast.com\/product\/yoast-seo-wordpress\/ -->\n<title>SILKEN ATL\u00c1NTIDA CUMPLI\u00d3 15 A\u00d1ITOS - El Cotarro<\/title>\n<meta name=\"robots\" content=\"index, follow, max-snippet:-1, max-image-preview:large, max-video-preview:-1\" \/>\n<link rel=\"canonical\" href=\"https:\/\/elcotarro.com\/?p=4597\" \/>\n<meta property=\"og:locale\" content=\"es_ES\" \/>\n<meta property=\"og:type\" content=\"article\" \/>\n<meta property=\"og:title\" content=\"SILKEN ATL\u00c1NTIDA CUMPLI\u00d3 15 A\u00d1ITOS - El Cotarro\" \/>\n<meta property=\"og:description\" content=\"En tiempos de conflictos, da gusto ver c\u00f3mo el hotel Silken Atl\u00e1ntida, que se instal\u00f3 en el espacio que muchos a\u00f1os atr\u00e1s ocupaba la f\u00e1brica de Coca-Cola, en la santacrucera avenida Tres de Mayo, acaba de cumplir sus primeros 15 a\u00f1itos, siendo referente del cambio hacia la modernidad de aquella zona de Santa Cruz. El ... Read more\" \/>\n<meta property=\"og:url\" content=\"https:\/\/elcotarro.com\/?p=4597\" \/>\n<meta property=\"og:site_name\" content=\"El Cotarro\" \/>\n<meta property=\"article:publisher\" content=\"https:\/\/www.facebook.com\/ElCotarro.Tenerife\" \/>\n<meta property=\"article:published_time\" content=\"2017-10-01T10:05:36+00:00\" \/>\n<meta property=\"og:image\" content=\"https:\/\/elcotarro.com\/wp-content\/uploads\/2017\/09\/FOTO-1.-SILKEN-GRUPO.jpg\" \/>\n<meta name=\"author\" content=\"Jos\u00e9 Carlos Marrero Gonz\u00e1lez\" \/>\n<meta name=\"twitter:label1\" content=\"Escrito por\" \/>\n\t<meta name=\"twitter:data1\" content=\"Jos\u00e9 Carlos Marrero Gonz\u00e1lez\" \/>\n\t<meta name=\"twitter:label2\" content=\"Tiempo de lectura\" \/>\n\t<meta name=\"twitter:data2\" content=\"1 minuto\" \/>\n<script type=\"application\/ld+json\" class=\"yoast-schema-graph\">{\"@context\":\"https:\/\/schema.org\",\"@graph\":[{\"@type\":\"Article\",\"@id\":\"https:\/\/elcotarro.com\/?p=4597#article\",\"isPartOf\":{\"@id\":\"https:\/\/elcotarro.com\/?p=4597\"},\"author\":{\"name\":\"Jos\u00e9 Carlos Marrero Gonz\u00e1lez\",\"@id\":\"https:\/\/elcotarro.com\/#\/schema\/person\/af537ee7d60d15984c7e0affcd8a918b\"},\"headline\":\"SILKEN ATL\u00c1NTIDA CUMPLI\u00d3 15 A\u00d1ITOS\",\"datePublished\":\"2017-10-01T10:05:36+00:00\",\"mainEntityOfPage\":{\"@id\":\"https:\/\/elcotarro.com\/?p=4597\"},\"wordCount\":208,\"commentCount\":0,\"publisher\":{\"@id\":\"https:\/\/elcotarro.com\/#organization\"},\"image\":{\"@id\":\"https:\/\/elcotarro.com\/?p=4597#primaryimage\"},\"thumbnailUrl\":\"https:\/\/elcotarro.com\/wp-content\/uploads\/2017\/09\/FOTO-1.-SILKEN-GRUPO.jpg\",\"inLanguage\":\"es\",\"potentialAction\":[{\"@type\":\"CommentAction\",\"name\":\"Comment\",\"target\":[\"https:\/\/elcotarro.com\/?p=4597#respond\"]}]},{\"@type\":\"WebPage\",\"@id\":\"https:\/\/elcotarro.com\/?p=4597\",\"url\":\"https:\/\/elcotarro.com\/?p=4597\",\"name\":\"SILKEN ATL\u00c1NTIDA CUMPLI\u00d3 15 A\u00d1ITOS - El Cotarro\",\"isPartOf\":{\"@id\":\"https:\/\/elcotarro.com\/#website\"},\"primaryImageOfPage\":{\"@id\":\"https:\/\/elcotarro.com\/?p=4597#primaryimage\"},\"image\":{\"@id\":\"https:\/\/elcotarro.com\/?p=4597#primaryimage\"},\"thumbnailUrl\":\"https:\/\/elcotarro.com\/wp-content\/uploads\/2017\/09\/FOTO-1.-SILKEN-GRUPO.jpg\",\"datePublished\":\"2017-10-01T10:05:36+00:00\",\"breadcrumb\":{\"@id\":\"https:\/\/elcotarro.com\/?p=4597#breadcrumb\"},\"inLanguage\":\"es\",\"potentialAction\":[{\"@type\":\"ReadAction\",\"target\":[\"https:\/\/elcotarro.com\/?p=4597\"]}]},{\"@type\":\"ImageObject\",\"inLanguage\":\"es\",\"@id\":\"https:\/\/elcotarro.com\/?p=4597#primaryimage\",\"url\":\"https:\/\/elcotarro.com\/wp-content\/uploads\/2017\/09\/FOTO-1.-SILKEN-GRUPO.jpg\",\"contentUrl\":\"https:\/\/elcotarro.com\/wp-content\/uploads\/2017\/09\/FOTO-1.-SILKEN-GRUPO.jpg\",\"width\":1600,\"height\":1068},{\"@type\":\"BreadcrumbList\",\"@id\":\"https:\/\/elcotarro.com\/?p=4597#breadcrumb\",\"itemListElement\":[{\"@type\":\"ListItem\",\"position\":1,\"name\":\"Portada\",\"item\":\"https:\/\/elcotarro.com\/\"},{\"@type\":\"ListItem\",\"position\":2,\"name\":\"SILKEN ATL\u00c1NTIDA CUMPLI\u00d3 15 A\u00d1ITOS\"}]},{\"@type\":\"WebSite\",\"@id\":\"https:\/\/elcotarro.com\/#website\",\"url\":\"https:\/\/elcotarro.com\/\",\"name\":\"El Cotarro\",\"description\":\"Peri\u00f3dico Digital Independiente dirigido por Jos\u00e9 Carlos Marrero\",\"publisher\":{\"@id\":\"https:\/\/elcotarro.com\/#organization\"},\"potentialAction\":[{\"@type\":\"SearchAction\",\"target\":{\"@type\":\"EntryPoint\",\"urlTemplate\":\"https:\/\/elcotarro.com\/?s={search_term_string}\"},\"query-input\":{\"@type\":\"PropertyValueSpecification\",\"valueRequired\":true,\"valueName\":\"search_term_string\"}}],\"inLanguage\":\"es\"},{\"@type\":\"Organization\",\"@id\":\"https:\/\/elcotarro.com\/#organization\",\"name\":\"El Cotarro\",\"url\":\"https:\/\/elcotarro.com\/\",\"logo\":{\"@type\":\"ImageObject\",\"inLanguage\":\"es\",\"@id\":\"https:\/\/elcotarro.com\/#\/schema\/logo\/image\/\",\"url\":\"https:\/\/elcotarro.com\/wp-content\/uploads\/2014\/09\/Cabecera_El_Cotarro_v2.jpg\",\"contentUrl\":\"https:\/\/elcotarro.com\/wp-content\/uploads\/2014\/09\/Cabecera_El_Cotarro_v2.jpg\",\"width\":3540,\"height\":441,\"caption\":\"El Cotarro\"},\"image\":{\"@id\":\"https:\/\/elcotarro.com\/#\/schema\/logo\/image\/\"},\"sameAs\":[\"https:\/\/www.facebook.com\/ElCotarro.Tenerife\"]},{\"@type\":\"Person\",\"@id\":\"https:\/\/elcotarro.com\/#\/schema\/person\/af537ee7d60d15984c7e0affcd8a918b\",\"name\":\"Jos\u00e9 Carlos Marrero Gonz\u00e1lez\",\"image\":{\"@type\":\"ImageObject\",\"inLanguage\":\"es\",\"@id\":\"https:\/\/elcotarro.com\/#\/schema\/person\/image\/\",\"url\":\"https:\/\/secure.gravatar.com\/avatar\/def4da036efb5d32c74d49c351f6dccc064dd69ad9f3aadc295c5a9a5391ca01?s=96&d=mm&r=g\",\"contentUrl\":\"https:\/\/secure.gravatar.com\/avatar\/def4da036efb5d32c74d49c351f6dccc064dd69ad9f3aadc295c5a9a5391ca01?s=96&d=mm&r=g\",\"caption\":\"Jos\u00e9 Carlos Marrero Gonz\u00e1lez\"},\"sameAs\":[\"https:\/\/elcotarro.com\"],\"url\":\"https:\/\/elcotarro.com\/?author=2\"}]}<\/script>\n<!-- \/ Yoast SEO plugin. -->","yoast_head_json":{"title":"SILKEN ATL\u00c1NTIDA CUMPLI\u00d3 15 A\u00d1ITOS - El Cotarro","robots":{"index":"index","follow":"follow","max-snippet":"max-snippet:-1","max-image-preview":"max-image-preview:large","max-video-preview":"max-video-preview:-1"},"canonical":"https:\/\/elcotarro.com\/?p=4597","og_locale":"es_ES","og_type":"article","og_title":"SILKEN ATL\u00c1NTIDA CUMPLI\u00d3 15 A\u00d1ITOS - El Cotarro","og_description":"En tiempos de conflictos, da gusto ver c\u00f3mo el hotel Silken Atl\u00e1ntida, que se instal\u00f3 en el espacio que muchos a\u00f1os atr\u00e1s ocupaba la f\u00e1brica de Coca-Cola, en la santacrucera avenida Tres de Mayo, acaba de cumplir sus primeros 15 a\u00f1itos, siendo referente del cambio hacia la modernidad de aquella zona de Santa Cruz. El ... Read more","og_url":"https:\/\/elcotarro.com\/?p=4597","og_site_name":"El Cotarro","article_publisher":"https:\/\/www.facebook.com\/ElCotarro.Tenerife","article_published_time":"2017-10-01T10:05:36+00:00","og_image":[{"url":"https:\/\/elcotarro.com\/wp-content\/uploads\/2017\/09\/FOTO-1.-SILKEN-GRUPO.jpg","type":"","width":"","height":""}],"author":"Jos\u00e9 Carlos Marrero Gonz\u00e1lez","twitter_misc":{"Escrito por":"Jos\u00e9 Carlos Marrero Gonz\u00e1lez","Tiempo de lectura":"1 minuto"},"schema":{"@context":"https:\/\/schema.org","@graph":[{"@type":"Article","@id":"https:\/\/elcotarro.com\/?p=4597#article","isPartOf":{"@id":"https:\/\/elcotarro.com\/?p=4597"},"author":{"name":"Jos\u00e9 Carlos Marrero Gonz\u00e1lez","@id":"https:\/\/elcotarro.com\/#\/schema\/person\/af537ee7d60d15984c7e0affcd8a918b"},"headline":"SILKEN ATL\u00c1NTIDA CUMPLI\u00d3 15 A\u00d1ITOS","datePublished":"2017-10-01T10:05:36+00:00","mainEntityOfPage":{"@id":"https:\/\/elcotarro.com\/?p=4597"},"wordCount":208,"commentCount":0,"publisher":{"@id":"https:\/\/elcotarro.com\/#organization"},"image":{"@id":"https:\/\/elcotarro.com\/?p=4597#primaryimage"},"thumbnailUrl":"https:\/\/elcotarro.com\/wp-content\/uploads\/2017\/09\/FOTO-1.-SILKEN-GRUPO.jpg","inLanguage":"es","potentialAction":[{"@type":"CommentAction","name":"Comment","target":["https:\/\/elcotarro.com\/?p=4597#respond"]}]},{"@type":"WebPage","@id":"https:\/\/elcotarro.com\/?p=4597","url":"https:\/\/elcotarro.com\/?p=4597","name":"SILKEN ATL\u00c1NTIDA CUMPLI\u00d3 15 A\u00d1ITOS - El Cotarro","isPartOf":{"@id":"https:\/\/elcotarro.com\/#website"},"primaryImageOfPage":{"@id":"https:\/\/elcotarro.com\/?p=4597#primaryimage"},"image":{"@id":"https:\/\/elcotarro.com\/?p=4597#primaryimage"},"thumbnailUrl":"https:\/\/elcotarro.com\/wp-content\/uploads\/2017\/09\/FOTO-1.-SILKEN-GRUPO.jpg","datePublished":"2017-10-01T10:05:36+00:00","breadcrumb":{"@id":"https:\/\/elcotarro.com\/?p=4597#breadcrumb"},"inLanguage":"es","potentialAction":[{"@type":"ReadAction","target":["https:\/\/elcotarro.com\/?p=4597"]}]},{"@type":"ImageObject","inLanguage":"es","@id":"https:\/\/elcotarro.com\/?p=4597#primaryimage","url":"https:\/\/elcotarro.com\/wp-content\/uploads\/2017\/09\/FOTO-1.-SILKEN-GRUPO.jpg","contentUrl":"https:\/\/elcotarro.com\/wp-content\/uploads\/2017\/09\/FOTO-1.-SILKEN-GRUPO.jpg","width":1600,"height":1068},{"@type":"BreadcrumbList","@id":"https:\/\/elcotarro.com\/?p=4597#breadcrumb","itemListElement":[{"@type":"ListItem","position":1,"name":"Portada","item":"https:\/\/elcotarro.com\/"},{"@type":"ListItem","position":2,"name":"SILKEN ATL\u00c1NTIDA CUMPLI\u00d3 15 A\u00d1ITOS"}]},{"@type":"WebSite","@id":"https:\/\/elcotarro.com\/#website","url":"https:\/\/elcotarro.com\/","name":"El Cotarro","description":"Peri\u00f3dico Digital Independiente dirigido por Jos\u00e9 Carlos Marrero","publisher":{"@id":"https:\/\/elcotarro.com\/#organization"},"potentialAction":[{"@type":"SearchAction","target":{"@type":"EntryPoint","urlTemplate":"https:\/\/elcotarro.com\/?s={search_term_string}"},"query-input":{"@type":"PropertyValueSpecification","valueRequired":true,"valueName":"search_term_string"}}],"inLanguage":"es"},{"@type":"Organization","@id":"https:\/\/elcotarro.com\/#organization","name":"El Cotarro","url":"https:\/\/elcotarro.com\/","logo":{"@type":"ImageObject","inLanguage":"es","@id":"https:\/\/elcotarro.com\/#\/schema\/logo\/image\/","url":"https:\/\/elcotarro.com\/wp-content\/uploads\/2014\/09\/Cabecera_El_Cotarro_v2.jpg","contentUrl":"https:\/\/elcotarro.com\/wp-content\/uploads\/2014\/09\/Cabecera_El_Cotarro_v2.jpg","width":3540,"height":441,"caption":"El Cotarro"},"image":{"@id":"https:\/\/elcotarro.com\/#\/schema\/logo\/image\/"},"sameAs":["https:\/\/www.facebook.com\/ElCotarro.Tenerife"]},{"@type":"Person","@id":"https:\/\/elcotarro.com\/#\/schema\/person\/af537ee7d60d15984c7e0affcd8a918b","name":"Jos\u00e9 Carlos Marrero Gonz\u00e1lez","image":{"@type":"ImageObject","inLanguage":"es","@id":"https:\/\/elcotarro.com\/#\/schema\/person\/image\/","url":"https:\/\/secure.gravatar.com\/avatar\/def4da036efb5d32c74d49c351f6dccc064dd69ad9f3aadc295c5a9a5391ca01?s=96&d=mm&r=g","contentUrl":"https:\/\/secure.gravatar.com\/avatar\/def4da036efb5d32c74d49c351f6dccc064dd69ad9f3aadc295c5a9a5391ca01?s=96&d=mm&r=g","caption":"Jos\u00e9 Carlos Marrero Gonz\u00e1lez"},"sameAs":["https:\/\/elcotarro.com"],"url":"https:\/\/elcotarro.com\/?author=2"}]}},"jetpack_featured_media_url":"","jetpack_sharing_enabled":true,"_links":{"self":[{"href":"https:\/\/elcotarro.com\/index.php?rest_route=\/wp\/v2\/posts\/4597","targetHints":{"allow":["GET"]}}],"collection":[{"href":"https:\/\/elcotarro.com\/index.php?rest_route=\/wp\/v2\/posts"}],"about":[{"href":"https:\/\/elcotarro.com\/index.php?rest_route=\/wp\/v2\/types\/post"}],"author":[{"embeddable":true,"href":"https:\/\/elcotarro.com\/index.php?rest_route=\/wp\/v2\/users\/2"}],"replies":[{"embeddable":true,"href":"https:\/\/elcotarro.com\/index.php?rest_route=%2Fwp%2Fv2%2Fcomments&post=4597"}],"version-history":[{"count":1,"href":"https:\/\/elcotarro.com\/index.php?rest_route=\/wp\/v2\/posts\/4597\/revisions"}],"predecessor-version":[{"id":4599,"href":"https:\/\/elcotarro.com\/index.php?rest_route=\/wp\/v2\/posts\/4597\/revisions\/4599"}],"wp:attachment":[{"href":"https:\/\/elcotarro.com\/index.php?rest_route=%2Fwp%2Fv2%2Fmedia&parent=4597"}],"wp:term":[{"taxonomy":"category","embeddable":true,"href":"https:\/\/elcotarro.com\/index.php?rest_route=%2Fwp%2Fv2%2Fcategories&post=4597"},{"taxonomy":"post_tag","embeddable":true,"href":"https:\/\/elcotarro.com\/index.php?rest_route=%2Fwp%2Fv2%2Ftags&post=4597"}],"curies":[{"name":"wp","href":"https:\/\/api.w.org\/{rel}","templated":true}]}}