{"id":4606,"date":"2017-10-01T11:02:02","date_gmt":"2017-10-01T10:02:02","guid":{"rendered":"https:\/\/elcotarro.com\/?p=4606"},"modified":"2017-09-30T19:39:03","modified_gmt":"2017-09-30T18:39:03","slug":"muy-sabrosos-proyectos-en-la-palma","status":"publish","type":"post","link":"https:\/\/elcotarro.com\/?p=4606","title":{"rendered":"MUY SABROSOS PROYECTOS EN LA PALMA"},"content":{"rendered":"<p>La sinton\u00eda que <strong>Berm\u00fadez<\/strong> est\u00e1 teniendo en Santa Cruz de Tenerife con el sector de la hosteler\u00eda y la restauraci\u00f3n, deber\u00eda ser un ejemplo para el presidente del Cabildo palmero, <strong>Anselmo Pestana<\/strong> y para todos y cada uno de los alcaldes de la querida Isla Bonita. Dos sabrosas iniciativas est\u00e1n siendo un ejemplo de lo mucho y bueno que se puede hacer en La Palma dentro del sector de la gastronom\u00eda. He tenido ocasi\u00f3n de conocer las inquietudes, ilusiones y atractivos proyectos de la casi reci\u00e9n nacida Agrupaci\u00f3n Gastron\u00f3mica Palmera (AGAP), que preside y lidera el joven empresario y gastr\u00f3nomo <strong>Pablo Pais<\/strong>. Fue en el transcurso de un exquisito y saludable almuerzo elaborado por el chef <strong>Pedro Hern\u00e1ndez Castillo<\/strong> en su gastrobar \u201cEl Duende del Fuego\u201d, en Los Llanos de Aridane, donde \u00e9l mismo presenta su <em>\u201ccocina conceptual canaria readaptada para alergias e intolerancias alimentarias\u201d.<\/em><\/p>\n<p style=\"text-align: center\"><a href=\"https:\/\/elcotarro.com\/wp-content\/uploads\/2017\/09\/FOTO-4.-PEDRO-Y-PABLO.jpg\"><img loading=\"lazy\" decoding=\"async\" class=\"alignnone size-full wp-image-4607\" src=\"https:\/\/elcotarro.com\/wp-content\/uploads\/2017\/09\/FOTO-4.-PEDRO-Y-PABLO.jpg\" alt=\"FOTO 4.- PEDRO Y PABLO\" width=\"2016\" height=\"1512\" srcset=\"https:\/\/elcotarro.com\/wp-content\/uploads\/2017\/09\/FOTO-4.-PEDRO-Y-PABLO.jpg 2016w, https:\/\/elcotarro.com\/wp-content\/uploads\/2017\/09\/FOTO-4.-PEDRO-Y-PABLO-300x225.jpg 300w, https:\/\/elcotarro.com\/wp-content\/uploads\/2017\/09\/FOTO-4.-PEDRO-Y-PABLO-1024x768.jpg 1024w\" sizes=\"auto, (max-width: 2016px) 100vw, 2016px\" \/><\/a><\/p>\n<p style=\"text-align: center\"><em>Pedro Hern\u00e1ndez (i) chef del restaurante El Duende del Fuego, en Los Llanos de Aridane. y Pablo Pais, presidente de la Agrupaci\u00f3n Gastron\u00f3mica Palmera (AGAP).<\/em><\/p>\n","protected":false},"excerpt":{"rendered":"<p>La sinton\u00eda que Berm\u00fadez est\u00e1 teniendo en Santa Cruz de Tenerife con el sector de la hosteler\u00eda y la restauraci\u00f3n, deber\u00eda ser un ejemplo para el presidente del Cabildo palmero, Anselmo Pestana y para todos y cada uno de los alcaldes de la querida Isla Bonita. Dos sabrosas iniciativas est\u00e1n siendo un ejemplo de lo &#8230; <a class=\"read-more\" href=\"https:\/\/elcotarro.com\/?p=4606\">Read more<\/a><\/p>\n","protected":false},"author":2,"featured_media":0,"comment_status":"open","ping_status":"open","sticky":false,"template":"","format":"standard","meta":{"_jetpack_memberships_contains_paid_content":false,"footnotes":""},"categories":[1],"tags":[],"class_list":["post-4606","post","type-post","status-publish","format-standard","hentry","category-sin-categoria"],"yoast_head":"<!-- This site is optimized with the Yoast SEO plugin v27.0 - https:\/\/yoast.com\/product\/yoast-seo-wordpress\/ -->\n<title>MUY SABROSOS PROYECTOS EN LA PALMA - El Cotarro<\/title>\n<meta name=\"robots\" content=\"index, follow, max-snippet:-1, max-image-preview:large, max-video-preview:-1\" \/>\n<link rel=\"canonical\" href=\"https:\/\/elcotarro.com\/?p=4606\" \/>\n<meta property=\"og:locale\" content=\"es_ES\" \/>\n<meta property=\"og:type\" content=\"article\" \/>\n<meta property=\"og:title\" content=\"MUY SABROSOS PROYECTOS EN LA PALMA - El Cotarro\" \/>\n<meta property=\"og:description\" content=\"La sinton\u00eda que Berm\u00fadez est\u00e1 teniendo en Santa Cruz de Tenerife con el sector de la hosteler\u00eda y la restauraci\u00f3n, deber\u00eda ser un ejemplo para el presidente del Cabildo palmero, Anselmo Pestana y para todos y cada uno de los alcaldes de la querida Isla Bonita. Dos sabrosas iniciativas est\u00e1n siendo un ejemplo de lo ... Read more\" \/>\n<meta property=\"og:url\" content=\"https:\/\/elcotarro.com\/?p=4606\" \/>\n<meta property=\"og:site_name\" content=\"El Cotarro\" \/>\n<meta property=\"article:publisher\" content=\"https:\/\/www.facebook.com\/ElCotarro.Tenerife\" \/>\n<meta property=\"article:published_time\" content=\"2017-10-01T10:02:02+00:00\" \/>\n<meta property=\"og:image\" content=\"https:\/\/elcotarro.com\/wp-content\/uploads\/2017\/09\/FOTO-4.-PEDRO-Y-PABLO.jpg\" \/>\n<meta name=\"author\" content=\"Jos\u00e9 Carlos Marrero Gonz\u00e1lez\" \/>\n<meta name=\"twitter:label1\" content=\"Escrito por\" \/>\n\t<meta name=\"twitter:data1\" content=\"Jos\u00e9 Carlos Marrero Gonz\u00e1lez\" \/>\n\t<meta name=\"twitter:label2\" content=\"Tiempo de lectura\" \/>\n\t<meta name=\"twitter:data2\" content=\"1 minuto\" \/>\n<script type=\"application\/ld+json\" class=\"yoast-schema-graph\">{\"@context\":\"https:\/\/schema.org\",\"@graph\":[{\"@type\":\"Article\",\"@id\":\"https:\/\/elcotarro.com\/?p=4606#article\",\"isPartOf\":{\"@id\":\"https:\/\/elcotarro.com\/?p=4606\"},\"author\":{\"name\":\"Jos\u00e9 Carlos Marrero Gonz\u00e1lez\",\"@id\":\"https:\/\/elcotarro.com\/#\/schema\/person\/af537ee7d60d15984c7e0affcd8a918b\"},\"headline\":\"MUY SABROSOS PROYECTOS EN LA PALMA\",\"datePublished\":\"2017-10-01T10:02:02+00:00\",\"mainEntityOfPage\":{\"@id\":\"https:\/\/elcotarro.com\/?p=4606\"},\"wordCount\":192,\"commentCount\":0,\"publisher\":{\"@id\":\"https:\/\/elcotarro.com\/#organization\"},\"image\":{\"@id\":\"https:\/\/elcotarro.com\/?p=4606#primaryimage\"},\"thumbnailUrl\":\"https:\/\/elcotarro.com\/wp-content\/uploads\/2017\/09\/FOTO-4.-PEDRO-Y-PABLO.jpg\",\"inLanguage\":\"es\",\"potentialAction\":[{\"@type\":\"CommentAction\",\"name\":\"Comment\",\"target\":[\"https:\/\/elcotarro.com\/?p=4606#respond\"]}]},{\"@type\":\"WebPage\",\"@id\":\"https:\/\/elcotarro.com\/?p=4606\",\"url\":\"https:\/\/elcotarro.com\/?p=4606\",\"name\":\"MUY SABROSOS PROYECTOS EN LA PALMA - El Cotarro\",\"isPartOf\":{\"@id\":\"https:\/\/elcotarro.com\/#website\"},\"primaryImageOfPage\":{\"@id\":\"https:\/\/elcotarro.com\/?p=4606#primaryimage\"},\"image\":{\"@id\":\"https:\/\/elcotarro.com\/?p=4606#primaryimage\"},\"thumbnailUrl\":\"https:\/\/elcotarro.com\/wp-content\/uploads\/2017\/09\/FOTO-4.-PEDRO-Y-PABLO.jpg\",\"datePublished\":\"2017-10-01T10:02:02+00:00\",\"breadcrumb\":{\"@id\":\"https:\/\/elcotarro.com\/?p=4606#breadcrumb\"},\"inLanguage\":\"es\",\"potentialAction\":[{\"@type\":\"ReadAction\",\"target\":[\"https:\/\/elcotarro.com\/?p=4606\"]}]},{\"@type\":\"ImageObject\",\"inLanguage\":\"es\",\"@id\":\"https:\/\/elcotarro.com\/?p=4606#primaryimage\",\"url\":\"https:\/\/elcotarro.com\/wp-content\/uploads\/2017\/09\/FOTO-4.-PEDRO-Y-PABLO.jpg\",\"contentUrl\":\"https:\/\/elcotarro.com\/wp-content\/uploads\/2017\/09\/FOTO-4.-PEDRO-Y-PABLO.jpg\",\"width\":2016,\"height\":1512},{\"@type\":\"BreadcrumbList\",\"@id\":\"https:\/\/elcotarro.com\/?p=4606#breadcrumb\",\"itemListElement\":[{\"@type\":\"ListItem\",\"position\":1,\"name\":\"Portada\",\"item\":\"https:\/\/elcotarro.com\/\"},{\"@type\":\"ListItem\",\"position\":2,\"name\":\"MUY SABROSOS PROYECTOS EN LA PALMA\"}]},{\"@type\":\"WebSite\",\"@id\":\"https:\/\/elcotarro.com\/#website\",\"url\":\"https:\/\/elcotarro.com\/\",\"name\":\"El Cotarro\",\"description\":\"Peri\u00f3dico Digital Independiente dirigido por Jos\u00e9 Carlos Marrero\",\"publisher\":{\"@id\":\"https:\/\/elcotarro.com\/#organization\"},\"potentialAction\":[{\"@type\":\"SearchAction\",\"target\":{\"@type\":\"EntryPoint\",\"urlTemplate\":\"https:\/\/elcotarro.com\/?s={search_term_string}\"},\"query-input\":{\"@type\":\"PropertyValueSpecification\",\"valueRequired\":true,\"valueName\":\"search_term_string\"}}],\"inLanguage\":\"es\"},{\"@type\":\"Organization\",\"@id\":\"https:\/\/elcotarro.com\/#organization\",\"name\":\"El Cotarro\",\"url\":\"https:\/\/elcotarro.com\/\",\"logo\":{\"@type\":\"ImageObject\",\"inLanguage\":\"es\",\"@id\":\"https:\/\/elcotarro.com\/#\/schema\/logo\/image\/\",\"url\":\"https:\/\/elcotarro.com\/wp-content\/uploads\/2014\/09\/Cabecera_El_Cotarro_v2.jpg\",\"contentUrl\":\"https:\/\/elcotarro.com\/wp-content\/uploads\/2014\/09\/Cabecera_El_Cotarro_v2.jpg\",\"width\":3540,\"height\":441,\"caption\":\"El Cotarro\"},\"image\":{\"@id\":\"https:\/\/elcotarro.com\/#\/schema\/logo\/image\/\"},\"sameAs\":[\"https:\/\/www.facebook.com\/ElCotarro.Tenerife\"]},{\"@type\":\"Person\",\"@id\":\"https:\/\/elcotarro.com\/#\/schema\/person\/af537ee7d60d15984c7e0affcd8a918b\",\"name\":\"Jos\u00e9 Carlos Marrero Gonz\u00e1lez\",\"image\":{\"@type\":\"ImageObject\",\"inLanguage\":\"es\",\"@id\":\"https:\/\/elcotarro.com\/#\/schema\/person\/image\/\",\"url\":\"https:\/\/secure.gravatar.com\/avatar\/def4da036efb5d32c74d49c351f6dccc064dd69ad9f3aadc295c5a9a5391ca01?s=96&d=mm&r=g\",\"contentUrl\":\"https:\/\/secure.gravatar.com\/avatar\/def4da036efb5d32c74d49c351f6dccc064dd69ad9f3aadc295c5a9a5391ca01?s=96&d=mm&r=g\",\"caption\":\"Jos\u00e9 Carlos Marrero Gonz\u00e1lez\"},\"sameAs\":[\"https:\/\/elcotarro.com\"],\"url\":\"https:\/\/elcotarro.com\/?author=2\"}]}<\/script>\n<!-- \/ Yoast SEO plugin. -->","yoast_head_json":{"title":"MUY SABROSOS PROYECTOS EN LA PALMA - El Cotarro","robots":{"index":"index","follow":"follow","max-snippet":"max-snippet:-1","max-image-preview":"max-image-preview:large","max-video-preview":"max-video-preview:-1"},"canonical":"https:\/\/elcotarro.com\/?p=4606","og_locale":"es_ES","og_type":"article","og_title":"MUY SABROSOS PROYECTOS EN LA PALMA - El Cotarro","og_description":"La sinton\u00eda que Berm\u00fadez est\u00e1 teniendo en Santa Cruz de Tenerife con el sector de la hosteler\u00eda y la restauraci\u00f3n, deber\u00eda ser un ejemplo para el presidente del Cabildo palmero, Anselmo Pestana y para todos y cada uno de los alcaldes de la querida Isla Bonita. Dos sabrosas iniciativas est\u00e1n siendo un ejemplo de lo ... Read more","og_url":"https:\/\/elcotarro.com\/?p=4606","og_site_name":"El Cotarro","article_publisher":"https:\/\/www.facebook.com\/ElCotarro.Tenerife","article_published_time":"2017-10-01T10:02:02+00:00","og_image":[{"url":"https:\/\/elcotarro.com\/wp-content\/uploads\/2017\/09\/FOTO-4.-PEDRO-Y-PABLO.jpg","type":"","width":"","height":""}],"author":"Jos\u00e9 Carlos Marrero Gonz\u00e1lez","twitter_misc":{"Escrito por":"Jos\u00e9 Carlos Marrero Gonz\u00e1lez","Tiempo de lectura":"1 minuto"},"schema":{"@context":"https:\/\/schema.org","@graph":[{"@type":"Article","@id":"https:\/\/elcotarro.com\/?p=4606#article","isPartOf":{"@id":"https:\/\/elcotarro.com\/?p=4606"},"author":{"name":"Jos\u00e9 Carlos Marrero Gonz\u00e1lez","@id":"https:\/\/elcotarro.com\/#\/schema\/person\/af537ee7d60d15984c7e0affcd8a918b"},"headline":"MUY SABROSOS PROYECTOS EN LA PALMA","datePublished":"2017-10-01T10:02:02+00:00","mainEntityOfPage":{"@id":"https:\/\/elcotarro.com\/?p=4606"},"wordCount":192,"commentCount":0,"publisher":{"@id":"https:\/\/elcotarro.com\/#organization"},"image":{"@id":"https:\/\/elcotarro.com\/?p=4606#primaryimage"},"thumbnailUrl":"https:\/\/elcotarro.com\/wp-content\/uploads\/2017\/09\/FOTO-4.-PEDRO-Y-PABLO.jpg","inLanguage":"es","potentialAction":[{"@type":"CommentAction","name":"Comment","target":["https:\/\/elcotarro.com\/?p=4606#respond"]}]},{"@type":"WebPage","@id":"https:\/\/elcotarro.com\/?p=4606","url":"https:\/\/elcotarro.com\/?p=4606","name":"MUY SABROSOS PROYECTOS EN LA PALMA - El Cotarro","isPartOf":{"@id":"https:\/\/elcotarro.com\/#website"},"primaryImageOfPage":{"@id":"https:\/\/elcotarro.com\/?p=4606#primaryimage"},"image":{"@id":"https:\/\/elcotarro.com\/?p=4606#primaryimage"},"thumbnailUrl":"https:\/\/elcotarro.com\/wp-content\/uploads\/2017\/09\/FOTO-4.-PEDRO-Y-PABLO.jpg","datePublished":"2017-10-01T10:02:02+00:00","breadcrumb":{"@id":"https:\/\/elcotarro.com\/?p=4606#breadcrumb"},"inLanguage":"es","potentialAction":[{"@type":"ReadAction","target":["https:\/\/elcotarro.com\/?p=4606"]}]},{"@type":"ImageObject","inLanguage":"es","@id":"https:\/\/elcotarro.com\/?p=4606#primaryimage","url":"https:\/\/elcotarro.com\/wp-content\/uploads\/2017\/09\/FOTO-4.-PEDRO-Y-PABLO.jpg","contentUrl":"https:\/\/elcotarro.com\/wp-content\/uploads\/2017\/09\/FOTO-4.-PEDRO-Y-PABLO.jpg","width":2016,"height":1512},{"@type":"BreadcrumbList","@id":"https:\/\/elcotarro.com\/?p=4606#breadcrumb","itemListElement":[{"@type":"ListItem","position":1,"name":"Portada","item":"https:\/\/elcotarro.com\/"},{"@type":"ListItem","position":2,"name":"MUY SABROSOS PROYECTOS EN LA PALMA"}]},{"@type":"WebSite","@id":"https:\/\/elcotarro.com\/#website","url":"https:\/\/elcotarro.com\/","name":"El Cotarro","description":"Peri\u00f3dico Digital Independiente dirigido por Jos\u00e9 Carlos Marrero","publisher":{"@id":"https:\/\/elcotarro.com\/#organization"},"potentialAction":[{"@type":"SearchAction","target":{"@type":"EntryPoint","urlTemplate":"https:\/\/elcotarro.com\/?s={search_term_string}"},"query-input":{"@type":"PropertyValueSpecification","valueRequired":true,"valueName":"search_term_string"}}],"inLanguage":"es"},{"@type":"Organization","@id":"https:\/\/elcotarro.com\/#organization","name":"El Cotarro","url":"https:\/\/elcotarro.com\/","logo":{"@type":"ImageObject","inLanguage":"es","@id":"https:\/\/elcotarro.com\/#\/schema\/logo\/image\/","url":"https:\/\/elcotarro.com\/wp-content\/uploads\/2014\/09\/Cabecera_El_Cotarro_v2.jpg","contentUrl":"https:\/\/elcotarro.com\/wp-content\/uploads\/2014\/09\/Cabecera_El_Cotarro_v2.jpg","width":3540,"height":441,"caption":"El Cotarro"},"image":{"@id":"https:\/\/elcotarro.com\/#\/schema\/logo\/image\/"},"sameAs":["https:\/\/www.facebook.com\/ElCotarro.Tenerife"]},{"@type":"Person","@id":"https:\/\/elcotarro.com\/#\/schema\/person\/af537ee7d60d15984c7e0affcd8a918b","name":"Jos\u00e9 Carlos Marrero Gonz\u00e1lez","image":{"@type":"ImageObject","inLanguage":"es","@id":"https:\/\/elcotarro.com\/#\/schema\/person\/image\/","url":"https:\/\/secure.gravatar.com\/avatar\/def4da036efb5d32c74d49c351f6dccc064dd69ad9f3aadc295c5a9a5391ca01?s=96&d=mm&r=g","contentUrl":"https:\/\/secure.gravatar.com\/avatar\/def4da036efb5d32c74d49c351f6dccc064dd69ad9f3aadc295c5a9a5391ca01?s=96&d=mm&r=g","caption":"Jos\u00e9 Carlos Marrero Gonz\u00e1lez"},"sameAs":["https:\/\/elcotarro.com"],"url":"https:\/\/elcotarro.com\/?author=2"}]}},"jetpack_featured_media_url":"","jetpack_sharing_enabled":true,"_links":{"self":[{"href":"https:\/\/elcotarro.com\/index.php?rest_route=\/wp\/v2\/posts\/4606","targetHints":{"allow":["GET"]}}],"collection":[{"href":"https:\/\/elcotarro.com\/index.php?rest_route=\/wp\/v2\/posts"}],"about":[{"href":"https:\/\/elcotarro.com\/index.php?rest_route=\/wp\/v2\/types\/post"}],"author":[{"embeddable":true,"href":"https:\/\/elcotarro.com\/index.php?rest_route=\/wp\/v2\/users\/2"}],"replies":[{"embeddable":true,"href":"https:\/\/elcotarro.com\/index.php?rest_route=%2Fwp%2Fv2%2Fcomments&post=4606"}],"version-history":[{"count":1,"href":"https:\/\/elcotarro.com\/index.php?rest_route=\/wp\/v2\/posts\/4606\/revisions"}],"predecessor-version":[{"id":4608,"href":"https:\/\/elcotarro.com\/index.php?rest_route=\/wp\/v2\/posts\/4606\/revisions\/4608"}],"wp:attachment":[{"href":"https:\/\/elcotarro.com\/index.php?rest_route=%2Fwp%2Fv2%2Fmedia&parent=4606"}],"wp:term":[{"taxonomy":"category","embeddable":true,"href":"https:\/\/elcotarro.com\/index.php?rest_route=%2Fwp%2Fv2%2Fcategories&post=4606"},{"taxonomy":"post_tag","embeddable":true,"href":"https:\/\/elcotarro.com\/index.php?rest_route=%2Fwp%2Fv2%2Ftags&post=4606"}],"curies":[{"name":"wp","href":"https:\/\/api.w.org\/{rel}","templated":true}]}}