{"id":4612,"date":"2017-10-01T11:00:05","date_gmt":"2017-10-01T10:00:05","guid":{"rendered":"https:\/\/elcotarro.com\/?p=4612"},"modified":"2017-09-30T19:44:25","modified_gmt":"2017-09-30T18:44:25","slug":"i-jornadas-de-la-carne-de-machorra","status":"publish","type":"post","link":"https:\/\/elcotarro.com\/?p=4612","title":{"rendered":"I JORNADAS DE LA CARNE DE MACHORRA"},"content":{"rendered":"<p>Para rematar con sabor, perm\u00edtanme hacerme eco y tambi\u00e9n felicitar por su iniciativa, a la lagunera y relanzada Asociaci\u00f3n Cultural \u201cPe\u00f1a <strong>Pepe Fuentes<\/strong>\u201d (Tambi\u00e9n conocida como el Casino de Casa Pepe \u201cEl Gago\u201d) que preside el palmero <strong>Santiago Silva<\/strong>. Nada m\u00e1s y nada menos que la \u201cI\u2008Jornada Gastron\u00f3mica de la Carne de Machorra\u201d (o sea, de la carne de una cabra que no ha parido), promovida por <strong>Agust\u00edn Gonz\u00e1lez \u201cEl Fosforo<\/strong>\u201d, puntal del Instituto Canario de Investigaciones Agrarias (ICIA). Cont\u00f3 con una amena charla del gran experto palmero en cabras <strong>Juan Francisco Capote<\/strong>, prestigioso investigador del (IC\u00cdA), que coment\u00f3 las caracter\u00edsticas de la machorra y su carne. La jornada se bord\u00f3 con la degustaci\u00f3n de un tremendo guiso de carne de machorra, elaborado \u201cin situ\u201d por otro palmero y tambi\u00e9n trabajador del ICIA, <strong>Manuel Mart\u00edn<\/strong>, un cocinero autodidacta (aunque se ha codeado con chefs internacionales) especialista en cocina tradicional canaria, que para s\u00ed lo quisiera la Michelin. El gourmet <strong>Jos\u00e9 \u00c1ngel Garc\u00eda Ramos<\/strong>, asesor de la pe\u00f1a en temas gastron\u00f3micos, colabor\u00f3 para que todo saliera \u201cdel diez\u201d. Una vez m\u00e1s, cultura con y sobre \u201clo nuestro\u201d, que hay que apoyar y apoyo. Am\u00e9n y \u00a1a los vasos!.<\/p>\n<p style=\"text-align: center\"><a href=\"https:\/\/elcotarro.com\/wp-content\/uploads\/2017\/09\/FOTO-6.-MACHORRA.jpg\"><img loading=\"lazy\" decoding=\"async\" class=\"alignnone size-full wp-image-4613\" src=\"https:\/\/elcotarro.com\/wp-content\/uploads\/2017\/09\/FOTO-6.-MACHORRA.jpg\" alt=\"FOTO 6.- MACHORRA\" width=\"2016\" height=\"1512\" srcset=\"https:\/\/elcotarro.com\/wp-content\/uploads\/2017\/09\/FOTO-6.-MACHORRA.jpg 2016w, https:\/\/elcotarro.com\/wp-content\/uploads\/2017\/09\/FOTO-6.-MACHORRA-300x225.jpg 300w, https:\/\/elcotarro.com\/wp-content\/uploads\/2017\/09\/FOTO-6.-MACHORRA-1024x768.jpg 1024w\" sizes=\"auto, (max-width: 2016px) 100vw, 2016px\" \/><\/a><\/p>\n<p style=\"text-align: center\"><em>Santiago Silva, Juan Francisco Capote, Manuel Mart\u00edn y Agust\u00edn Gonz\u00e1lez \u201cEl F\u00f3sforo\u201d (de izquierda a derecha) puntales de la I Jornada de la Carne de Machorra.<\/em><\/p>\n<p style=\"text-align: center\"><a href=\"http:\/\/www.careca.es\/\" target=\"_blank\"><img loading=\"lazy\" decoding=\"async\" class=\"size-full wp-image-2216 aligncenter\" src=\"https:\/\/elcotarro.com\/wp-content\/uploads\/2016\/07\/InsulacafeElCotarro.jpg\" alt=\"Bnn_Careca\" width=\"750\" height=\"150\" \/><\/a><\/p>\n","protected":false},"excerpt":{"rendered":"<p>Para rematar con sabor, perm\u00edtanme hacerme eco y tambi\u00e9n felicitar por su iniciativa, a la lagunera y relanzada Asociaci\u00f3n Cultural \u201cPe\u00f1a Pepe Fuentes\u201d (Tambi\u00e9n conocida como el Casino de Casa Pepe \u201cEl Gago\u201d) que preside el palmero Santiago Silva. Nada m\u00e1s y nada menos que la \u201cI\u2008Jornada Gastron\u00f3mica de la Carne de Machorra\u201d (o sea, &#8230; <a class=\"read-more\" href=\"https:\/\/elcotarro.com\/?p=4612\">Read more<\/a><\/p>\n","protected":false},"author":2,"featured_media":0,"comment_status":"open","ping_status":"open","sticky":false,"template":"","format":"standard","meta":{"_jetpack_memberships_contains_paid_content":false,"footnotes":""},"categories":[1],"tags":[],"class_list":["post-4612","post","type-post","status-publish","format-standard","hentry","category-sin-categoria"],"yoast_head":"<!-- This site is optimized with the Yoast SEO plugin v27.0 - https:\/\/yoast.com\/product\/yoast-seo-wordpress\/ -->\n<title>I JORNADAS DE LA CARNE DE MACHORRA - El Cotarro<\/title>\n<meta name=\"robots\" content=\"index, follow, max-snippet:-1, max-image-preview:large, max-video-preview:-1\" \/>\n<link rel=\"canonical\" href=\"https:\/\/elcotarro.com\/?p=4612\" \/>\n<meta property=\"og:locale\" content=\"es_ES\" \/>\n<meta property=\"og:type\" content=\"article\" \/>\n<meta property=\"og:title\" content=\"I JORNADAS DE LA CARNE DE MACHORRA - El Cotarro\" \/>\n<meta property=\"og:description\" content=\"Para rematar con sabor, perm\u00edtanme hacerme eco y tambi\u00e9n felicitar por su iniciativa, a la lagunera y relanzada Asociaci\u00f3n Cultural \u201cPe\u00f1a Pepe Fuentes\u201d (Tambi\u00e9n conocida como el Casino de Casa Pepe \u201cEl Gago\u201d) que preside el palmero Santiago Silva. Nada m\u00e1s y nada menos que la \u201cI\u2008Jornada Gastron\u00f3mica de la Carne de Machorra\u201d (o sea, ... Read more\" \/>\n<meta property=\"og:url\" content=\"https:\/\/elcotarro.com\/?p=4612\" \/>\n<meta property=\"og:site_name\" content=\"El Cotarro\" \/>\n<meta property=\"article:publisher\" content=\"https:\/\/www.facebook.com\/ElCotarro.Tenerife\" \/>\n<meta property=\"article:published_time\" content=\"2017-10-01T10:00:05+00:00\" \/>\n<meta property=\"og:image\" content=\"https:\/\/elcotarro.com\/wp-content\/uploads\/2017\/09\/FOTO-6.-MACHORRA.jpg\" \/>\n<meta name=\"author\" content=\"Jos\u00e9 Carlos Marrero Gonz\u00e1lez\" \/>\n<meta name=\"twitter:label1\" content=\"Escrito por\" \/>\n\t<meta name=\"twitter:data1\" content=\"Jos\u00e9 Carlos Marrero Gonz\u00e1lez\" \/>\n\t<meta name=\"twitter:label2\" content=\"Tiempo de lectura\" \/>\n\t<meta name=\"twitter:data2\" content=\"1 minuto\" \/>\n<script type=\"application\/ld+json\" class=\"yoast-schema-graph\">{\"@context\":\"https:\/\/schema.org\",\"@graph\":[{\"@type\":\"Article\",\"@id\":\"https:\/\/elcotarro.com\/?p=4612#article\",\"isPartOf\":{\"@id\":\"https:\/\/elcotarro.com\/?p=4612\"},\"author\":{\"name\":\"Jos\u00e9 Carlos Marrero Gonz\u00e1lez\",\"@id\":\"https:\/\/elcotarro.com\/#\/schema\/person\/af537ee7d60d15984c7e0affcd8a918b\"},\"headline\":\"I JORNADAS DE LA CARNE DE MACHORRA\",\"datePublished\":\"2017-10-01T10:00:05+00:00\",\"mainEntityOfPage\":{\"@id\":\"https:\/\/elcotarro.com\/?p=4612\"},\"wordCount\":254,\"commentCount\":0,\"publisher\":{\"@id\":\"https:\/\/elcotarro.com\/#organization\"},\"image\":{\"@id\":\"https:\/\/elcotarro.com\/?p=4612#primaryimage\"},\"thumbnailUrl\":\"https:\/\/elcotarro.com\/wp-content\/uploads\/2017\/09\/FOTO-6.-MACHORRA.jpg\",\"inLanguage\":\"es\",\"potentialAction\":[{\"@type\":\"CommentAction\",\"name\":\"Comment\",\"target\":[\"https:\/\/elcotarro.com\/?p=4612#respond\"]}]},{\"@type\":\"WebPage\",\"@id\":\"https:\/\/elcotarro.com\/?p=4612\",\"url\":\"https:\/\/elcotarro.com\/?p=4612\",\"name\":\"I JORNADAS DE LA CARNE DE MACHORRA - El Cotarro\",\"isPartOf\":{\"@id\":\"https:\/\/elcotarro.com\/#website\"},\"primaryImageOfPage\":{\"@id\":\"https:\/\/elcotarro.com\/?p=4612#primaryimage\"},\"image\":{\"@id\":\"https:\/\/elcotarro.com\/?p=4612#primaryimage\"},\"thumbnailUrl\":\"https:\/\/elcotarro.com\/wp-content\/uploads\/2017\/09\/FOTO-6.-MACHORRA.jpg\",\"datePublished\":\"2017-10-01T10:00:05+00:00\",\"breadcrumb\":{\"@id\":\"https:\/\/elcotarro.com\/?p=4612#breadcrumb\"},\"inLanguage\":\"es\",\"potentialAction\":[{\"@type\":\"ReadAction\",\"target\":[\"https:\/\/elcotarro.com\/?p=4612\"]}]},{\"@type\":\"ImageObject\",\"inLanguage\":\"es\",\"@id\":\"https:\/\/elcotarro.com\/?p=4612#primaryimage\",\"url\":\"https:\/\/elcotarro.com\/wp-content\/uploads\/2017\/09\/FOTO-6.-MACHORRA.jpg\",\"contentUrl\":\"https:\/\/elcotarro.com\/wp-content\/uploads\/2017\/09\/FOTO-6.-MACHORRA.jpg\",\"width\":2016,\"height\":1512},{\"@type\":\"BreadcrumbList\",\"@id\":\"https:\/\/elcotarro.com\/?p=4612#breadcrumb\",\"itemListElement\":[{\"@type\":\"ListItem\",\"position\":1,\"name\":\"Portada\",\"item\":\"https:\/\/elcotarro.com\/\"},{\"@type\":\"ListItem\",\"position\":2,\"name\":\"I JORNADAS DE LA CARNE DE MACHORRA\"}]},{\"@type\":\"WebSite\",\"@id\":\"https:\/\/elcotarro.com\/#website\",\"url\":\"https:\/\/elcotarro.com\/\",\"name\":\"El Cotarro\",\"description\":\"Peri\u00f3dico Digital Independiente dirigido por Jos\u00e9 Carlos Marrero\",\"publisher\":{\"@id\":\"https:\/\/elcotarro.com\/#organization\"},\"potentialAction\":[{\"@type\":\"SearchAction\",\"target\":{\"@type\":\"EntryPoint\",\"urlTemplate\":\"https:\/\/elcotarro.com\/?s={search_term_string}\"},\"query-input\":{\"@type\":\"PropertyValueSpecification\",\"valueRequired\":true,\"valueName\":\"search_term_string\"}}],\"inLanguage\":\"es\"},{\"@type\":\"Organization\",\"@id\":\"https:\/\/elcotarro.com\/#organization\",\"name\":\"El Cotarro\",\"url\":\"https:\/\/elcotarro.com\/\",\"logo\":{\"@type\":\"ImageObject\",\"inLanguage\":\"es\",\"@id\":\"https:\/\/elcotarro.com\/#\/schema\/logo\/image\/\",\"url\":\"https:\/\/elcotarro.com\/wp-content\/uploads\/2014\/09\/Cabecera_El_Cotarro_v2.jpg\",\"contentUrl\":\"https:\/\/elcotarro.com\/wp-content\/uploads\/2014\/09\/Cabecera_El_Cotarro_v2.jpg\",\"width\":3540,\"height\":441,\"caption\":\"El Cotarro\"},\"image\":{\"@id\":\"https:\/\/elcotarro.com\/#\/schema\/logo\/image\/\"},\"sameAs\":[\"https:\/\/www.facebook.com\/ElCotarro.Tenerife\"]},{\"@type\":\"Person\",\"@id\":\"https:\/\/elcotarro.com\/#\/schema\/person\/af537ee7d60d15984c7e0affcd8a918b\",\"name\":\"Jos\u00e9 Carlos Marrero Gonz\u00e1lez\",\"image\":{\"@type\":\"ImageObject\",\"inLanguage\":\"es\",\"@id\":\"https:\/\/elcotarro.com\/#\/schema\/person\/image\/\",\"url\":\"https:\/\/secure.gravatar.com\/avatar\/def4da036efb5d32c74d49c351f6dccc064dd69ad9f3aadc295c5a9a5391ca01?s=96&d=mm&r=g\",\"contentUrl\":\"https:\/\/secure.gravatar.com\/avatar\/def4da036efb5d32c74d49c351f6dccc064dd69ad9f3aadc295c5a9a5391ca01?s=96&d=mm&r=g\",\"caption\":\"Jos\u00e9 Carlos Marrero Gonz\u00e1lez\"},\"sameAs\":[\"https:\/\/elcotarro.com\"],\"url\":\"https:\/\/elcotarro.com\/?author=2\"}]}<\/script>\n<!-- \/ Yoast SEO plugin. -->","yoast_head_json":{"title":"I JORNADAS DE LA CARNE DE MACHORRA - El Cotarro","robots":{"index":"index","follow":"follow","max-snippet":"max-snippet:-1","max-image-preview":"max-image-preview:large","max-video-preview":"max-video-preview:-1"},"canonical":"https:\/\/elcotarro.com\/?p=4612","og_locale":"es_ES","og_type":"article","og_title":"I JORNADAS DE LA CARNE DE MACHORRA - El Cotarro","og_description":"Para rematar con sabor, perm\u00edtanme hacerme eco y tambi\u00e9n felicitar por su iniciativa, a la lagunera y relanzada Asociaci\u00f3n Cultural \u201cPe\u00f1a Pepe Fuentes\u201d (Tambi\u00e9n conocida como el Casino de Casa Pepe \u201cEl Gago\u201d) que preside el palmero Santiago Silva. Nada m\u00e1s y nada menos que la \u201cI\u2008Jornada Gastron\u00f3mica de la Carne de Machorra\u201d (o sea, ... Read more","og_url":"https:\/\/elcotarro.com\/?p=4612","og_site_name":"El Cotarro","article_publisher":"https:\/\/www.facebook.com\/ElCotarro.Tenerife","article_published_time":"2017-10-01T10:00:05+00:00","og_image":[{"url":"https:\/\/elcotarro.com\/wp-content\/uploads\/2017\/09\/FOTO-6.-MACHORRA.jpg","type":"","width":"","height":""}],"author":"Jos\u00e9 Carlos Marrero Gonz\u00e1lez","twitter_misc":{"Escrito por":"Jos\u00e9 Carlos Marrero Gonz\u00e1lez","Tiempo de lectura":"1 minuto"},"schema":{"@context":"https:\/\/schema.org","@graph":[{"@type":"Article","@id":"https:\/\/elcotarro.com\/?p=4612#article","isPartOf":{"@id":"https:\/\/elcotarro.com\/?p=4612"},"author":{"name":"Jos\u00e9 Carlos Marrero Gonz\u00e1lez","@id":"https:\/\/elcotarro.com\/#\/schema\/person\/af537ee7d60d15984c7e0affcd8a918b"},"headline":"I JORNADAS DE LA CARNE DE MACHORRA","datePublished":"2017-10-01T10:00:05+00:00","mainEntityOfPage":{"@id":"https:\/\/elcotarro.com\/?p=4612"},"wordCount":254,"commentCount":0,"publisher":{"@id":"https:\/\/elcotarro.com\/#organization"},"image":{"@id":"https:\/\/elcotarro.com\/?p=4612#primaryimage"},"thumbnailUrl":"https:\/\/elcotarro.com\/wp-content\/uploads\/2017\/09\/FOTO-6.-MACHORRA.jpg","inLanguage":"es","potentialAction":[{"@type":"CommentAction","name":"Comment","target":["https:\/\/elcotarro.com\/?p=4612#respond"]}]},{"@type":"WebPage","@id":"https:\/\/elcotarro.com\/?p=4612","url":"https:\/\/elcotarro.com\/?p=4612","name":"I JORNADAS DE LA CARNE DE MACHORRA - El Cotarro","isPartOf":{"@id":"https:\/\/elcotarro.com\/#website"},"primaryImageOfPage":{"@id":"https:\/\/elcotarro.com\/?p=4612#primaryimage"},"image":{"@id":"https:\/\/elcotarro.com\/?p=4612#primaryimage"},"thumbnailUrl":"https:\/\/elcotarro.com\/wp-content\/uploads\/2017\/09\/FOTO-6.-MACHORRA.jpg","datePublished":"2017-10-01T10:00:05+00:00","breadcrumb":{"@id":"https:\/\/elcotarro.com\/?p=4612#breadcrumb"},"inLanguage":"es","potentialAction":[{"@type":"ReadAction","target":["https:\/\/elcotarro.com\/?p=4612"]}]},{"@type":"ImageObject","inLanguage":"es","@id":"https:\/\/elcotarro.com\/?p=4612#primaryimage","url":"https:\/\/elcotarro.com\/wp-content\/uploads\/2017\/09\/FOTO-6.-MACHORRA.jpg","contentUrl":"https:\/\/elcotarro.com\/wp-content\/uploads\/2017\/09\/FOTO-6.-MACHORRA.jpg","width":2016,"height":1512},{"@type":"BreadcrumbList","@id":"https:\/\/elcotarro.com\/?p=4612#breadcrumb","itemListElement":[{"@type":"ListItem","position":1,"name":"Portada","item":"https:\/\/elcotarro.com\/"},{"@type":"ListItem","position":2,"name":"I JORNADAS DE LA CARNE DE MACHORRA"}]},{"@type":"WebSite","@id":"https:\/\/elcotarro.com\/#website","url":"https:\/\/elcotarro.com\/","name":"El Cotarro","description":"Peri\u00f3dico Digital Independiente dirigido por Jos\u00e9 Carlos Marrero","publisher":{"@id":"https:\/\/elcotarro.com\/#organization"},"potentialAction":[{"@type":"SearchAction","target":{"@type":"EntryPoint","urlTemplate":"https:\/\/elcotarro.com\/?s={search_term_string}"},"query-input":{"@type":"PropertyValueSpecification","valueRequired":true,"valueName":"search_term_string"}}],"inLanguage":"es"},{"@type":"Organization","@id":"https:\/\/elcotarro.com\/#organization","name":"El Cotarro","url":"https:\/\/elcotarro.com\/","logo":{"@type":"ImageObject","inLanguage":"es","@id":"https:\/\/elcotarro.com\/#\/schema\/logo\/image\/","url":"https:\/\/elcotarro.com\/wp-content\/uploads\/2014\/09\/Cabecera_El_Cotarro_v2.jpg","contentUrl":"https:\/\/elcotarro.com\/wp-content\/uploads\/2014\/09\/Cabecera_El_Cotarro_v2.jpg","width":3540,"height":441,"caption":"El Cotarro"},"image":{"@id":"https:\/\/elcotarro.com\/#\/schema\/logo\/image\/"},"sameAs":["https:\/\/www.facebook.com\/ElCotarro.Tenerife"]},{"@type":"Person","@id":"https:\/\/elcotarro.com\/#\/schema\/person\/af537ee7d60d15984c7e0affcd8a918b","name":"Jos\u00e9 Carlos Marrero Gonz\u00e1lez","image":{"@type":"ImageObject","inLanguage":"es","@id":"https:\/\/elcotarro.com\/#\/schema\/person\/image\/","url":"https:\/\/secure.gravatar.com\/avatar\/def4da036efb5d32c74d49c351f6dccc064dd69ad9f3aadc295c5a9a5391ca01?s=96&d=mm&r=g","contentUrl":"https:\/\/secure.gravatar.com\/avatar\/def4da036efb5d32c74d49c351f6dccc064dd69ad9f3aadc295c5a9a5391ca01?s=96&d=mm&r=g","caption":"Jos\u00e9 Carlos Marrero Gonz\u00e1lez"},"sameAs":["https:\/\/elcotarro.com"],"url":"https:\/\/elcotarro.com\/?author=2"}]}},"jetpack_featured_media_url":"","jetpack_sharing_enabled":true,"_links":{"self":[{"href":"https:\/\/elcotarro.com\/index.php?rest_route=\/wp\/v2\/posts\/4612","targetHints":{"allow":["GET"]}}],"collection":[{"href":"https:\/\/elcotarro.com\/index.php?rest_route=\/wp\/v2\/posts"}],"about":[{"href":"https:\/\/elcotarro.com\/index.php?rest_route=\/wp\/v2\/types\/post"}],"author":[{"embeddable":true,"href":"https:\/\/elcotarro.com\/index.php?rest_route=\/wp\/v2\/users\/2"}],"replies":[{"embeddable":true,"href":"https:\/\/elcotarro.com\/index.php?rest_route=%2Fwp%2Fv2%2Fcomments&post=4612"}],"version-history":[{"count":1,"href":"https:\/\/elcotarro.com\/index.php?rest_route=\/wp\/v2\/posts\/4612\/revisions"}],"predecessor-version":[{"id":4614,"href":"https:\/\/elcotarro.com\/index.php?rest_route=\/wp\/v2\/posts\/4612\/revisions\/4614"}],"wp:attachment":[{"href":"https:\/\/elcotarro.com\/index.php?rest_route=%2Fwp%2Fv2%2Fmedia&parent=4612"}],"wp:term":[{"taxonomy":"category","embeddable":true,"href":"https:\/\/elcotarro.com\/index.php?rest_route=%2Fwp%2Fv2%2Fcategories&post=4612"},{"taxonomy":"post_tag","embeddable":true,"href":"https:\/\/elcotarro.com\/index.php?rest_route=%2Fwp%2Fv2%2Ftags&post=4612"}],"curies":[{"name":"wp","href":"https:\/\/api.w.org\/{rel}","templated":true}]}}