{"id":4642,"date":"2017-10-08T10:58:31","date_gmt":"2017-10-08T09:58:31","guid":{"rendered":"https:\/\/elcotarro.com\/?p=4642"},"modified":"2017-10-07T14:50:51","modified_gmt":"2017-10-07T13:50:51","slug":"8-islas-en-8-anos-por-la-unidad","status":"publish","type":"post","link":"https:\/\/elcotarro.com\/?p=4642","title":{"rendered":"8 ISLAS EN 8 A\u00d1OS POR LA UNIDAD"},"content":{"rendered":"<p>Casi podr\u00edamos decir que, en n\u00fameros redondos y recordando el libro de <strong>Julio Verne,<\/strong> nuestros paisanos han dado la \u201cvuelta al mundo canario en 80 d\u00edas\u201d\u2026 Hito importante fue el verano del 2012 en la isla de La Graciosa, que recorrieron el tercer a\u00f1o en dos d\u00edas, llevando unas camisetas reivindicativas que generaron un movimiento con los lugare\u00f1os, para que se nombrase La Graciosa, como la octava isla habitada, hecho por el cual, en mayo de este a\u00f1o, recibieron junto con la plataforma \u201cCiudadanos de La Graciosa\u201d la Medalla del Oro del Gobierno de Canarias por la iniciativa que, en su d\u00eda, tuvieron <strong>Francisco Zamora<\/strong> y su hija <strong>Haridian<\/strong>, junto a la \u201cAsociaci\u00f3n Cultural Guajara\u201d creada por ellos mismos. Felicidades por la iniciativa, enhorabuena por haber culminado felizmente el reto y, como siempre dice <strong>Francisco Zamora<\/strong>, \u00a1que el gofio les acompa\u00f1e!<\/p>\n<p style=\"text-align: center\"><a href=\"https:\/\/elcotarro.com\/wp-content\/uploads\/2017\/10\/FOTO-19.-EN-BICI-8-ISLAS.jpg\"><img loading=\"lazy\" decoding=\"async\" class=\"alignnone size-full wp-image-4643\" src=\"https:\/\/elcotarro.com\/wp-content\/uploads\/2017\/10\/FOTO-19.-EN-BICI-8-ISLAS.jpg\" alt=\"FOTO 19.- EN BICI 8 ISLAS\" width=\"1141\" height=\"634\" srcset=\"https:\/\/elcotarro.com\/wp-content\/uploads\/2017\/10\/FOTO-19.-EN-BICI-8-ISLAS.jpg 1141w, https:\/\/elcotarro.com\/wp-content\/uploads\/2017\/10\/FOTO-19.-EN-BICI-8-ISLAS-300x167.jpg 300w, https:\/\/elcotarro.com\/wp-content\/uploads\/2017\/10\/FOTO-19.-EN-BICI-8-ISLAS-1024x569.jpg 1024w\" sizes=\"auto, (max-width: 1141px) 100vw, 1141px\" \/><\/a><\/p>\n<p style=\"text-align: center\"><em>Misi\u00f3n cumplida\u2026 La vuelta a nuestras 8 islas durante 8 a\u00f1os en bici plegable.<\/em><\/p>\n<p style=\"text-align: center\"><a href=\"http:\/\/www.careca.es\/\" target=\"_blank\"><img loading=\"lazy\" decoding=\"async\" class=\"size-full wp-image-2216 aligncenter\" src=\"https:\/\/elcotarro.com\/wp-content\/uploads\/2016\/07\/InsulacafeElCotarro.jpg\" alt=\"Bnn_Careca\" width=\"750\" height=\"150\" \/><\/a><\/p>\n","protected":false},"excerpt":{"rendered":"<p>Casi podr\u00edamos decir que, en n\u00fameros redondos y recordando el libro de Julio Verne, nuestros paisanos han dado la \u201cvuelta al mundo canario en 80 d\u00edas\u201d\u2026 Hito importante fue el verano del 2012 en la isla de La Graciosa, que recorrieron el tercer a\u00f1o en dos d\u00edas, llevando unas camisetas reivindicativas que generaron un movimiento &#8230; <a class=\"read-more\" href=\"https:\/\/elcotarro.com\/?p=4642\">Read more<\/a><\/p>\n","protected":false},"author":2,"featured_media":0,"comment_status":"open","ping_status":"open","sticky":false,"template":"","format":"standard","meta":{"_jetpack_memberships_contains_paid_content":false,"footnotes":""},"categories":[1],"tags":[],"class_list":["post-4642","post","type-post","status-publish","format-standard","hentry","category-sin-categoria"],"yoast_head":"<!-- This site is optimized with the Yoast SEO plugin v27.0 - https:\/\/yoast.com\/product\/yoast-seo-wordpress\/ -->\n<title>8 ISLAS EN 8 A\u00d1OS POR LA UNIDAD - El Cotarro<\/title>\n<meta name=\"robots\" content=\"index, follow, max-snippet:-1, max-image-preview:large, max-video-preview:-1\" \/>\n<link rel=\"canonical\" href=\"https:\/\/elcotarro.com\/?p=4642\" \/>\n<meta property=\"og:locale\" content=\"es_ES\" \/>\n<meta property=\"og:type\" content=\"article\" \/>\n<meta property=\"og:title\" content=\"8 ISLAS EN 8 A\u00d1OS POR LA UNIDAD - El Cotarro\" \/>\n<meta property=\"og:description\" content=\"Casi podr\u00edamos decir que, en n\u00fameros redondos y recordando el libro de Julio Verne, nuestros paisanos han dado la \u201cvuelta al mundo canario en 80 d\u00edas\u201d\u2026 Hito importante fue el verano del 2012 en la isla de La Graciosa, que recorrieron el tercer a\u00f1o en dos d\u00edas, llevando unas camisetas reivindicativas que generaron un movimiento ... Read more\" \/>\n<meta property=\"og:url\" content=\"https:\/\/elcotarro.com\/?p=4642\" \/>\n<meta property=\"og:site_name\" content=\"El Cotarro\" \/>\n<meta property=\"article:publisher\" content=\"https:\/\/www.facebook.com\/ElCotarro.Tenerife\" \/>\n<meta property=\"article:published_time\" content=\"2017-10-08T09:58:31+00:00\" \/>\n<meta property=\"og:image\" content=\"https:\/\/elcotarro.com\/wp-content\/uploads\/2017\/10\/FOTO-19.-EN-BICI-8-ISLAS.jpg\" \/>\n<meta name=\"author\" content=\"Jos\u00e9 Carlos Marrero Gonz\u00e1lez\" \/>\n<meta name=\"twitter:label1\" content=\"Escrito por\" \/>\n\t<meta name=\"twitter:data1\" content=\"Jos\u00e9 Carlos Marrero Gonz\u00e1lez\" \/>\n\t<meta name=\"twitter:label2\" content=\"Tiempo de lectura\" \/>\n\t<meta name=\"twitter:data2\" content=\"1 minuto\" \/>\n<script type=\"application\/ld+json\" class=\"yoast-schema-graph\">{\"@context\":\"https:\/\/schema.org\",\"@graph\":[{\"@type\":\"Article\",\"@id\":\"https:\/\/elcotarro.com\/?p=4642#article\",\"isPartOf\":{\"@id\":\"https:\/\/elcotarro.com\/?p=4642\"},\"author\":{\"name\":\"Jos\u00e9 Carlos Marrero Gonz\u00e1lez\",\"@id\":\"https:\/\/elcotarro.com\/#\/schema\/person\/af537ee7d60d15984c7e0affcd8a918b\"},\"headline\":\"8 ISLAS EN 8 A\u00d1OS POR LA UNIDAD\",\"datePublished\":\"2017-10-08T09:58:31+00:00\",\"mainEntityOfPage\":{\"@id\":\"https:\/\/elcotarro.com\/?p=4642\"},\"wordCount\":170,\"commentCount\":0,\"publisher\":{\"@id\":\"https:\/\/elcotarro.com\/#organization\"},\"image\":{\"@id\":\"https:\/\/elcotarro.com\/?p=4642#primaryimage\"},\"thumbnailUrl\":\"https:\/\/elcotarro.com\/wp-content\/uploads\/2017\/10\/FOTO-19.-EN-BICI-8-ISLAS.jpg\",\"inLanguage\":\"es\",\"potentialAction\":[{\"@type\":\"CommentAction\",\"name\":\"Comment\",\"target\":[\"https:\/\/elcotarro.com\/?p=4642#respond\"]}]},{\"@type\":\"WebPage\",\"@id\":\"https:\/\/elcotarro.com\/?p=4642\",\"url\":\"https:\/\/elcotarro.com\/?p=4642\",\"name\":\"8 ISLAS EN 8 A\u00d1OS POR LA UNIDAD - El Cotarro\",\"isPartOf\":{\"@id\":\"https:\/\/elcotarro.com\/#website\"},\"primaryImageOfPage\":{\"@id\":\"https:\/\/elcotarro.com\/?p=4642#primaryimage\"},\"image\":{\"@id\":\"https:\/\/elcotarro.com\/?p=4642#primaryimage\"},\"thumbnailUrl\":\"https:\/\/elcotarro.com\/wp-content\/uploads\/2017\/10\/FOTO-19.-EN-BICI-8-ISLAS.jpg\",\"datePublished\":\"2017-10-08T09:58:31+00:00\",\"breadcrumb\":{\"@id\":\"https:\/\/elcotarro.com\/?p=4642#breadcrumb\"},\"inLanguage\":\"es\",\"potentialAction\":[{\"@type\":\"ReadAction\",\"target\":[\"https:\/\/elcotarro.com\/?p=4642\"]}]},{\"@type\":\"ImageObject\",\"inLanguage\":\"es\",\"@id\":\"https:\/\/elcotarro.com\/?p=4642#primaryimage\",\"url\":\"https:\/\/elcotarro.com\/wp-content\/uploads\/2017\/10\/FOTO-19.-EN-BICI-8-ISLAS.jpg\",\"contentUrl\":\"https:\/\/elcotarro.com\/wp-content\/uploads\/2017\/10\/FOTO-19.-EN-BICI-8-ISLAS.jpg\",\"width\":1141,\"height\":634},{\"@type\":\"BreadcrumbList\",\"@id\":\"https:\/\/elcotarro.com\/?p=4642#breadcrumb\",\"itemListElement\":[{\"@type\":\"ListItem\",\"position\":1,\"name\":\"Portada\",\"item\":\"https:\/\/elcotarro.com\/\"},{\"@type\":\"ListItem\",\"position\":2,\"name\":\"8 ISLAS EN 8 A\u00d1OS POR LA UNIDAD\"}]},{\"@type\":\"WebSite\",\"@id\":\"https:\/\/elcotarro.com\/#website\",\"url\":\"https:\/\/elcotarro.com\/\",\"name\":\"El Cotarro\",\"description\":\"Peri\u00f3dico Digital Independiente dirigido por Jos\u00e9 Carlos Marrero\",\"publisher\":{\"@id\":\"https:\/\/elcotarro.com\/#organization\"},\"potentialAction\":[{\"@type\":\"SearchAction\",\"target\":{\"@type\":\"EntryPoint\",\"urlTemplate\":\"https:\/\/elcotarro.com\/?s={search_term_string}\"},\"query-input\":{\"@type\":\"PropertyValueSpecification\",\"valueRequired\":true,\"valueName\":\"search_term_string\"}}],\"inLanguage\":\"es\"},{\"@type\":\"Organization\",\"@id\":\"https:\/\/elcotarro.com\/#organization\",\"name\":\"El Cotarro\",\"url\":\"https:\/\/elcotarro.com\/\",\"logo\":{\"@type\":\"ImageObject\",\"inLanguage\":\"es\",\"@id\":\"https:\/\/elcotarro.com\/#\/schema\/logo\/image\/\",\"url\":\"https:\/\/elcotarro.com\/wp-content\/uploads\/2014\/09\/Cabecera_El_Cotarro_v2.jpg\",\"contentUrl\":\"https:\/\/elcotarro.com\/wp-content\/uploads\/2014\/09\/Cabecera_El_Cotarro_v2.jpg\",\"width\":3540,\"height\":441,\"caption\":\"El Cotarro\"},\"image\":{\"@id\":\"https:\/\/elcotarro.com\/#\/schema\/logo\/image\/\"},\"sameAs\":[\"https:\/\/www.facebook.com\/ElCotarro.Tenerife\"]},{\"@type\":\"Person\",\"@id\":\"https:\/\/elcotarro.com\/#\/schema\/person\/af537ee7d60d15984c7e0affcd8a918b\",\"name\":\"Jos\u00e9 Carlos Marrero Gonz\u00e1lez\",\"image\":{\"@type\":\"ImageObject\",\"inLanguage\":\"es\",\"@id\":\"https:\/\/elcotarro.com\/#\/schema\/person\/image\/\",\"url\":\"https:\/\/secure.gravatar.com\/avatar\/def4da036efb5d32c74d49c351f6dccc064dd69ad9f3aadc295c5a9a5391ca01?s=96&d=mm&r=g\",\"contentUrl\":\"https:\/\/secure.gravatar.com\/avatar\/def4da036efb5d32c74d49c351f6dccc064dd69ad9f3aadc295c5a9a5391ca01?s=96&d=mm&r=g\",\"caption\":\"Jos\u00e9 Carlos Marrero Gonz\u00e1lez\"},\"sameAs\":[\"https:\/\/elcotarro.com\"],\"url\":\"https:\/\/elcotarro.com\/?author=2\"}]}<\/script>\n<!-- \/ Yoast SEO plugin. -->","yoast_head_json":{"title":"8 ISLAS EN 8 A\u00d1OS POR LA UNIDAD - El Cotarro","robots":{"index":"index","follow":"follow","max-snippet":"max-snippet:-1","max-image-preview":"max-image-preview:large","max-video-preview":"max-video-preview:-1"},"canonical":"https:\/\/elcotarro.com\/?p=4642","og_locale":"es_ES","og_type":"article","og_title":"8 ISLAS EN 8 A\u00d1OS POR LA UNIDAD - El Cotarro","og_description":"Casi podr\u00edamos decir que, en n\u00fameros redondos y recordando el libro de Julio Verne, nuestros paisanos han dado la \u201cvuelta al mundo canario en 80 d\u00edas\u201d\u2026 Hito importante fue el verano del 2012 en la isla de La Graciosa, que recorrieron el tercer a\u00f1o en dos d\u00edas, llevando unas camisetas reivindicativas que generaron un movimiento ... Read more","og_url":"https:\/\/elcotarro.com\/?p=4642","og_site_name":"El Cotarro","article_publisher":"https:\/\/www.facebook.com\/ElCotarro.Tenerife","article_published_time":"2017-10-08T09:58:31+00:00","og_image":[{"url":"https:\/\/elcotarro.com\/wp-content\/uploads\/2017\/10\/FOTO-19.-EN-BICI-8-ISLAS.jpg","type":"","width":"","height":""}],"author":"Jos\u00e9 Carlos Marrero Gonz\u00e1lez","twitter_misc":{"Escrito por":"Jos\u00e9 Carlos Marrero Gonz\u00e1lez","Tiempo de lectura":"1 minuto"},"schema":{"@context":"https:\/\/schema.org","@graph":[{"@type":"Article","@id":"https:\/\/elcotarro.com\/?p=4642#article","isPartOf":{"@id":"https:\/\/elcotarro.com\/?p=4642"},"author":{"name":"Jos\u00e9 Carlos Marrero Gonz\u00e1lez","@id":"https:\/\/elcotarro.com\/#\/schema\/person\/af537ee7d60d15984c7e0affcd8a918b"},"headline":"8 ISLAS EN 8 A\u00d1OS POR LA UNIDAD","datePublished":"2017-10-08T09:58:31+00:00","mainEntityOfPage":{"@id":"https:\/\/elcotarro.com\/?p=4642"},"wordCount":170,"commentCount":0,"publisher":{"@id":"https:\/\/elcotarro.com\/#organization"},"image":{"@id":"https:\/\/elcotarro.com\/?p=4642#primaryimage"},"thumbnailUrl":"https:\/\/elcotarro.com\/wp-content\/uploads\/2017\/10\/FOTO-19.-EN-BICI-8-ISLAS.jpg","inLanguage":"es","potentialAction":[{"@type":"CommentAction","name":"Comment","target":["https:\/\/elcotarro.com\/?p=4642#respond"]}]},{"@type":"WebPage","@id":"https:\/\/elcotarro.com\/?p=4642","url":"https:\/\/elcotarro.com\/?p=4642","name":"8 ISLAS EN 8 A\u00d1OS POR LA UNIDAD - El Cotarro","isPartOf":{"@id":"https:\/\/elcotarro.com\/#website"},"primaryImageOfPage":{"@id":"https:\/\/elcotarro.com\/?p=4642#primaryimage"},"image":{"@id":"https:\/\/elcotarro.com\/?p=4642#primaryimage"},"thumbnailUrl":"https:\/\/elcotarro.com\/wp-content\/uploads\/2017\/10\/FOTO-19.-EN-BICI-8-ISLAS.jpg","datePublished":"2017-10-08T09:58:31+00:00","breadcrumb":{"@id":"https:\/\/elcotarro.com\/?p=4642#breadcrumb"},"inLanguage":"es","potentialAction":[{"@type":"ReadAction","target":["https:\/\/elcotarro.com\/?p=4642"]}]},{"@type":"ImageObject","inLanguage":"es","@id":"https:\/\/elcotarro.com\/?p=4642#primaryimage","url":"https:\/\/elcotarro.com\/wp-content\/uploads\/2017\/10\/FOTO-19.-EN-BICI-8-ISLAS.jpg","contentUrl":"https:\/\/elcotarro.com\/wp-content\/uploads\/2017\/10\/FOTO-19.-EN-BICI-8-ISLAS.jpg","width":1141,"height":634},{"@type":"BreadcrumbList","@id":"https:\/\/elcotarro.com\/?p=4642#breadcrumb","itemListElement":[{"@type":"ListItem","position":1,"name":"Portada","item":"https:\/\/elcotarro.com\/"},{"@type":"ListItem","position":2,"name":"8 ISLAS EN 8 A\u00d1OS POR LA UNIDAD"}]},{"@type":"WebSite","@id":"https:\/\/elcotarro.com\/#website","url":"https:\/\/elcotarro.com\/","name":"El Cotarro","description":"Peri\u00f3dico Digital Independiente dirigido por Jos\u00e9 Carlos Marrero","publisher":{"@id":"https:\/\/elcotarro.com\/#organization"},"potentialAction":[{"@type":"SearchAction","target":{"@type":"EntryPoint","urlTemplate":"https:\/\/elcotarro.com\/?s={search_term_string}"},"query-input":{"@type":"PropertyValueSpecification","valueRequired":true,"valueName":"search_term_string"}}],"inLanguage":"es"},{"@type":"Organization","@id":"https:\/\/elcotarro.com\/#organization","name":"El Cotarro","url":"https:\/\/elcotarro.com\/","logo":{"@type":"ImageObject","inLanguage":"es","@id":"https:\/\/elcotarro.com\/#\/schema\/logo\/image\/","url":"https:\/\/elcotarro.com\/wp-content\/uploads\/2014\/09\/Cabecera_El_Cotarro_v2.jpg","contentUrl":"https:\/\/elcotarro.com\/wp-content\/uploads\/2014\/09\/Cabecera_El_Cotarro_v2.jpg","width":3540,"height":441,"caption":"El Cotarro"},"image":{"@id":"https:\/\/elcotarro.com\/#\/schema\/logo\/image\/"},"sameAs":["https:\/\/www.facebook.com\/ElCotarro.Tenerife"]},{"@type":"Person","@id":"https:\/\/elcotarro.com\/#\/schema\/person\/af537ee7d60d15984c7e0affcd8a918b","name":"Jos\u00e9 Carlos Marrero Gonz\u00e1lez","image":{"@type":"ImageObject","inLanguage":"es","@id":"https:\/\/elcotarro.com\/#\/schema\/person\/image\/","url":"https:\/\/secure.gravatar.com\/avatar\/def4da036efb5d32c74d49c351f6dccc064dd69ad9f3aadc295c5a9a5391ca01?s=96&d=mm&r=g","contentUrl":"https:\/\/secure.gravatar.com\/avatar\/def4da036efb5d32c74d49c351f6dccc064dd69ad9f3aadc295c5a9a5391ca01?s=96&d=mm&r=g","caption":"Jos\u00e9 Carlos Marrero Gonz\u00e1lez"},"sameAs":["https:\/\/elcotarro.com"],"url":"https:\/\/elcotarro.com\/?author=2"}]}},"jetpack_featured_media_url":"","jetpack_sharing_enabled":true,"_links":{"self":[{"href":"https:\/\/elcotarro.com\/index.php?rest_route=\/wp\/v2\/posts\/4642","targetHints":{"allow":["GET"]}}],"collection":[{"href":"https:\/\/elcotarro.com\/index.php?rest_route=\/wp\/v2\/posts"}],"about":[{"href":"https:\/\/elcotarro.com\/index.php?rest_route=\/wp\/v2\/types\/post"}],"author":[{"embeddable":true,"href":"https:\/\/elcotarro.com\/index.php?rest_route=\/wp\/v2\/users\/2"}],"replies":[{"embeddable":true,"href":"https:\/\/elcotarro.com\/index.php?rest_route=%2Fwp%2Fv2%2Fcomments&post=4642"}],"version-history":[{"count":1,"href":"https:\/\/elcotarro.com\/index.php?rest_route=\/wp\/v2\/posts\/4642\/revisions"}],"predecessor-version":[{"id":4644,"href":"https:\/\/elcotarro.com\/index.php?rest_route=\/wp\/v2\/posts\/4642\/revisions\/4644"}],"wp:attachment":[{"href":"https:\/\/elcotarro.com\/index.php?rest_route=%2Fwp%2Fv2%2Fmedia&parent=4642"}],"wp:term":[{"taxonomy":"category","embeddable":true,"href":"https:\/\/elcotarro.com\/index.php?rest_route=%2Fwp%2Fv2%2Fcategories&post=4642"},{"taxonomy":"post_tag","embeddable":true,"href":"https:\/\/elcotarro.com\/index.php?rest_route=%2Fwp%2Fv2%2Ftags&post=4642"}],"curies":[{"name":"wp","href":"https:\/\/api.w.org\/{rel}","templated":true}]}}