{"id":4684,"date":"2017-10-22T11:03:37","date_gmt":"2017-10-22T10:03:37","guid":{"rendered":"https:\/\/elcotarro.com\/?p=4684"},"modified":"2017-10-21T12:29:25","modified_gmt":"2017-10-21T11:29:25","slug":"tenerife-puente-tricontinental","status":"publish","type":"post","link":"https:\/\/elcotarro.com\/?p=4684","title":{"rendered":"TENERIFE PUENTE TRICONTINENTAL"},"content":{"rendered":"<p>Otro momento precioso y no menos \u201cm\u00e1gico\u201d del Foro, fue cuando Tenerife sirvi\u00f3 (una vez m\u00e1s) de puente tricontinental. En este caso, entre Europa y Am\u00e9rica, entre Espa\u00f1a y Per\u00fa, entre Tenerife y Lima. En el escenario del Auditorio estaban los cocineros <strong>\u201cMicha\u201d\u2008Tsumura<\/strong> con su ayudante, <strong>Joao Escudero<\/strong> y el productor <strong>Edilberto Soto<\/strong>, mientras que en Lima estaban los chefs <strong>Virgilio Mart\u00ednez<\/strong> (Central. N\u00ba4 del mundo seg\u00fan la lista 50Best) y <strong>Gast\u00f3n Acurio<\/strong> (Astrid y Gast\u00f3n. N\u00ba33 de 50Best), todos ellos embajadores de la papa peruana por el mundo. Puso los pelos de punta verlos en directo, unos aqu\u00ed y otros all\u00e1, hablando de nuestras Papas Antiguas Canarias de Tenerife y compartiendo vivencias, recetas y t\u00e9cnicas. La foto, tambi\u00e9n en exclusiva, es la de arriba al centro.<\/p>\n<p style=\"text-align: center\"><a href=\"https:\/\/elcotarro.com\/wp-content\/uploads\/2017\/10\/FOTO-2.-TRICONTINENTAL.jpg\"><img loading=\"lazy\" decoding=\"async\" class=\"alignnone size-full wp-image-4685\" src=\"https:\/\/elcotarro.com\/wp-content\/uploads\/2017\/10\/FOTO-2.-TRICONTINENTAL.jpg\" alt=\"FOTO 2.- TRICONTINENTAL\" width=\"2016\" height=\"1512\" srcset=\"https:\/\/elcotarro.com\/wp-content\/uploads\/2017\/10\/FOTO-2.-TRICONTINENTAL.jpg 2016w, https:\/\/elcotarro.com\/wp-content\/uploads\/2017\/10\/FOTO-2.-TRICONTINENTAL-300x225.jpg 300w, https:\/\/elcotarro.com\/wp-content\/uploads\/2017\/10\/FOTO-2.-TRICONTINENTAL-1024x768.jpg 1024w\" sizes=\"auto, (max-width: 2016px) 100vw, 2016px\" \/><\/a><\/p>\n<p style=\"text-align: center\"><em>En el escenario del I Foro de la Papa, delante, en Tenerife: Joao Escudero (i), \u201cMicha\u201d Tsumura (c) y Edilberto Soto. Detr\u00e1s, en Per\u00fa: Virgilio Mart\u00ednez (i) y Gast\u00f3n Acurio.<\/em><\/p>\n","protected":false},"excerpt":{"rendered":"<p>Otro momento precioso y no menos \u201cm\u00e1gico\u201d del Foro, fue cuando Tenerife sirvi\u00f3 (una vez m\u00e1s) de puente tricontinental. En este caso, entre Europa y Am\u00e9rica, entre Espa\u00f1a y Per\u00fa, entre Tenerife y Lima. En el escenario del Auditorio estaban los cocineros \u201cMicha\u201d\u2008Tsumura con su ayudante, Joao Escudero y el productor Edilberto Soto, mientras que &#8230; <a class=\"read-more\" href=\"https:\/\/elcotarro.com\/?p=4684\">Read more<\/a><\/p>\n","protected":false},"author":2,"featured_media":0,"comment_status":"open","ping_status":"open","sticky":false,"template":"","format":"standard","meta":{"_jetpack_memberships_contains_paid_content":false,"footnotes":""},"categories":[1],"tags":[],"class_list":["post-4684","post","type-post","status-publish","format-standard","hentry","category-sin-categoria"],"yoast_head":"<!-- This site is optimized with the Yoast SEO plugin v27.0 - https:\/\/yoast.com\/product\/yoast-seo-wordpress\/ -->\n<title>TENERIFE PUENTE TRICONTINENTAL - El Cotarro<\/title>\n<meta name=\"robots\" content=\"index, follow, max-snippet:-1, max-image-preview:large, max-video-preview:-1\" \/>\n<link rel=\"canonical\" href=\"https:\/\/elcotarro.com\/?p=4684\" \/>\n<meta property=\"og:locale\" content=\"es_ES\" \/>\n<meta property=\"og:type\" content=\"article\" \/>\n<meta property=\"og:title\" content=\"TENERIFE PUENTE TRICONTINENTAL - El Cotarro\" \/>\n<meta property=\"og:description\" content=\"Otro momento precioso y no menos \u201cm\u00e1gico\u201d del Foro, fue cuando Tenerife sirvi\u00f3 (una vez m\u00e1s) de puente tricontinental. En este caso, entre Europa y Am\u00e9rica, entre Espa\u00f1a y Per\u00fa, entre Tenerife y Lima. En el escenario del Auditorio estaban los cocineros \u201cMicha\u201d\u2008Tsumura con su ayudante, Joao Escudero y el productor Edilberto Soto, mientras que ... Read more\" \/>\n<meta property=\"og:url\" content=\"https:\/\/elcotarro.com\/?p=4684\" \/>\n<meta property=\"og:site_name\" content=\"El Cotarro\" \/>\n<meta property=\"article:publisher\" content=\"https:\/\/www.facebook.com\/ElCotarro.Tenerife\" \/>\n<meta property=\"article:published_time\" content=\"2017-10-22T10:03:37+00:00\" \/>\n<meta property=\"og:image\" content=\"https:\/\/elcotarro.com\/wp-content\/uploads\/2017\/10\/FOTO-2.-TRICONTINENTAL.jpg\" \/>\n<meta name=\"author\" content=\"Jos\u00e9 Carlos Marrero Gonz\u00e1lez\" \/>\n<meta name=\"twitter:label1\" content=\"Escrito por\" \/>\n\t<meta name=\"twitter:data1\" content=\"Jos\u00e9 Carlos Marrero Gonz\u00e1lez\" \/>\n\t<meta name=\"twitter:label2\" content=\"Tiempo de lectura\" \/>\n\t<meta name=\"twitter:data2\" content=\"1 minuto\" \/>\n<script type=\"application\/ld+json\" class=\"yoast-schema-graph\">{\"@context\":\"https:\/\/schema.org\",\"@graph\":[{\"@type\":\"Article\",\"@id\":\"https:\/\/elcotarro.com\/?p=4684#article\",\"isPartOf\":{\"@id\":\"https:\/\/elcotarro.com\/?p=4684\"},\"author\":{\"name\":\"Jos\u00e9 Carlos Marrero Gonz\u00e1lez\",\"@id\":\"https:\/\/elcotarro.com\/#\/schema\/person\/af537ee7d60d15984c7e0affcd8a918b\"},\"headline\":\"TENERIFE PUENTE TRICONTINENTAL\",\"datePublished\":\"2017-10-22T10:03:37+00:00\",\"mainEntityOfPage\":{\"@id\":\"https:\/\/elcotarro.com\/?p=4684\"},\"wordCount\":174,\"commentCount\":0,\"publisher\":{\"@id\":\"https:\/\/elcotarro.com\/#organization\"},\"image\":{\"@id\":\"https:\/\/elcotarro.com\/?p=4684#primaryimage\"},\"thumbnailUrl\":\"https:\/\/elcotarro.com\/wp-content\/uploads\/2017\/10\/FOTO-2.-TRICONTINENTAL.jpg\",\"inLanguage\":\"es\",\"potentialAction\":[{\"@type\":\"CommentAction\",\"name\":\"Comment\",\"target\":[\"https:\/\/elcotarro.com\/?p=4684#respond\"]}]},{\"@type\":\"WebPage\",\"@id\":\"https:\/\/elcotarro.com\/?p=4684\",\"url\":\"https:\/\/elcotarro.com\/?p=4684\",\"name\":\"TENERIFE PUENTE TRICONTINENTAL - El Cotarro\",\"isPartOf\":{\"@id\":\"https:\/\/elcotarro.com\/#website\"},\"primaryImageOfPage\":{\"@id\":\"https:\/\/elcotarro.com\/?p=4684#primaryimage\"},\"image\":{\"@id\":\"https:\/\/elcotarro.com\/?p=4684#primaryimage\"},\"thumbnailUrl\":\"https:\/\/elcotarro.com\/wp-content\/uploads\/2017\/10\/FOTO-2.-TRICONTINENTAL.jpg\",\"datePublished\":\"2017-10-22T10:03:37+00:00\",\"breadcrumb\":{\"@id\":\"https:\/\/elcotarro.com\/?p=4684#breadcrumb\"},\"inLanguage\":\"es\",\"potentialAction\":[{\"@type\":\"ReadAction\",\"target\":[\"https:\/\/elcotarro.com\/?p=4684\"]}]},{\"@type\":\"ImageObject\",\"inLanguage\":\"es\",\"@id\":\"https:\/\/elcotarro.com\/?p=4684#primaryimage\",\"url\":\"https:\/\/elcotarro.com\/wp-content\/uploads\/2017\/10\/FOTO-2.-TRICONTINENTAL.jpg\",\"contentUrl\":\"https:\/\/elcotarro.com\/wp-content\/uploads\/2017\/10\/FOTO-2.-TRICONTINENTAL.jpg\",\"width\":2016,\"height\":1512},{\"@type\":\"BreadcrumbList\",\"@id\":\"https:\/\/elcotarro.com\/?p=4684#breadcrumb\",\"itemListElement\":[{\"@type\":\"ListItem\",\"position\":1,\"name\":\"Portada\",\"item\":\"https:\/\/elcotarro.com\/\"},{\"@type\":\"ListItem\",\"position\":2,\"name\":\"TENERIFE PUENTE TRICONTINENTAL\"}]},{\"@type\":\"WebSite\",\"@id\":\"https:\/\/elcotarro.com\/#website\",\"url\":\"https:\/\/elcotarro.com\/\",\"name\":\"El Cotarro\",\"description\":\"Peri\u00f3dico Digital Independiente dirigido por Jos\u00e9 Carlos Marrero\",\"publisher\":{\"@id\":\"https:\/\/elcotarro.com\/#organization\"},\"potentialAction\":[{\"@type\":\"SearchAction\",\"target\":{\"@type\":\"EntryPoint\",\"urlTemplate\":\"https:\/\/elcotarro.com\/?s={search_term_string}\"},\"query-input\":{\"@type\":\"PropertyValueSpecification\",\"valueRequired\":true,\"valueName\":\"search_term_string\"}}],\"inLanguage\":\"es\"},{\"@type\":\"Organization\",\"@id\":\"https:\/\/elcotarro.com\/#organization\",\"name\":\"El Cotarro\",\"url\":\"https:\/\/elcotarro.com\/\",\"logo\":{\"@type\":\"ImageObject\",\"inLanguage\":\"es\",\"@id\":\"https:\/\/elcotarro.com\/#\/schema\/logo\/image\/\",\"url\":\"https:\/\/elcotarro.com\/wp-content\/uploads\/2014\/09\/Cabecera_El_Cotarro_v2.jpg\",\"contentUrl\":\"https:\/\/elcotarro.com\/wp-content\/uploads\/2014\/09\/Cabecera_El_Cotarro_v2.jpg\",\"width\":3540,\"height\":441,\"caption\":\"El Cotarro\"},\"image\":{\"@id\":\"https:\/\/elcotarro.com\/#\/schema\/logo\/image\/\"},\"sameAs\":[\"https:\/\/www.facebook.com\/ElCotarro.Tenerife\"]},{\"@type\":\"Person\",\"@id\":\"https:\/\/elcotarro.com\/#\/schema\/person\/af537ee7d60d15984c7e0affcd8a918b\",\"name\":\"Jos\u00e9 Carlos Marrero Gonz\u00e1lez\",\"image\":{\"@type\":\"ImageObject\",\"inLanguage\":\"es\",\"@id\":\"https:\/\/elcotarro.com\/#\/schema\/person\/image\/\",\"url\":\"https:\/\/secure.gravatar.com\/avatar\/def4da036efb5d32c74d49c351f6dccc064dd69ad9f3aadc295c5a9a5391ca01?s=96&d=mm&r=g\",\"contentUrl\":\"https:\/\/secure.gravatar.com\/avatar\/def4da036efb5d32c74d49c351f6dccc064dd69ad9f3aadc295c5a9a5391ca01?s=96&d=mm&r=g\",\"caption\":\"Jos\u00e9 Carlos Marrero Gonz\u00e1lez\"},\"sameAs\":[\"https:\/\/elcotarro.com\"],\"url\":\"https:\/\/elcotarro.com\/?author=2\"}]}<\/script>\n<!-- \/ Yoast SEO plugin. -->","yoast_head_json":{"title":"TENERIFE PUENTE TRICONTINENTAL - El Cotarro","robots":{"index":"index","follow":"follow","max-snippet":"max-snippet:-1","max-image-preview":"max-image-preview:large","max-video-preview":"max-video-preview:-1"},"canonical":"https:\/\/elcotarro.com\/?p=4684","og_locale":"es_ES","og_type":"article","og_title":"TENERIFE PUENTE TRICONTINENTAL - El Cotarro","og_description":"Otro momento precioso y no menos \u201cm\u00e1gico\u201d del Foro, fue cuando Tenerife sirvi\u00f3 (una vez m\u00e1s) de puente tricontinental. En este caso, entre Europa y Am\u00e9rica, entre Espa\u00f1a y Per\u00fa, entre Tenerife y Lima. En el escenario del Auditorio estaban los cocineros \u201cMicha\u201d\u2008Tsumura con su ayudante, Joao Escudero y el productor Edilberto Soto, mientras que ... Read more","og_url":"https:\/\/elcotarro.com\/?p=4684","og_site_name":"El Cotarro","article_publisher":"https:\/\/www.facebook.com\/ElCotarro.Tenerife","article_published_time":"2017-10-22T10:03:37+00:00","og_image":[{"url":"https:\/\/elcotarro.com\/wp-content\/uploads\/2017\/10\/FOTO-2.-TRICONTINENTAL.jpg","type":"","width":"","height":""}],"author":"Jos\u00e9 Carlos Marrero Gonz\u00e1lez","twitter_misc":{"Escrito por":"Jos\u00e9 Carlos Marrero Gonz\u00e1lez","Tiempo de lectura":"1 minuto"},"schema":{"@context":"https:\/\/schema.org","@graph":[{"@type":"Article","@id":"https:\/\/elcotarro.com\/?p=4684#article","isPartOf":{"@id":"https:\/\/elcotarro.com\/?p=4684"},"author":{"name":"Jos\u00e9 Carlos Marrero Gonz\u00e1lez","@id":"https:\/\/elcotarro.com\/#\/schema\/person\/af537ee7d60d15984c7e0affcd8a918b"},"headline":"TENERIFE PUENTE TRICONTINENTAL","datePublished":"2017-10-22T10:03:37+00:00","mainEntityOfPage":{"@id":"https:\/\/elcotarro.com\/?p=4684"},"wordCount":174,"commentCount":0,"publisher":{"@id":"https:\/\/elcotarro.com\/#organization"},"image":{"@id":"https:\/\/elcotarro.com\/?p=4684#primaryimage"},"thumbnailUrl":"https:\/\/elcotarro.com\/wp-content\/uploads\/2017\/10\/FOTO-2.-TRICONTINENTAL.jpg","inLanguage":"es","potentialAction":[{"@type":"CommentAction","name":"Comment","target":["https:\/\/elcotarro.com\/?p=4684#respond"]}]},{"@type":"WebPage","@id":"https:\/\/elcotarro.com\/?p=4684","url":"https:\/\/elcotarro.com\/?p=4684","name":"TENERIFE PUENTE TRICONTINENTAL - El Cotarro","isPartOf":{"@id":"https:\/\/elcotarro.com\/#website"},"primaryImageOfPage":{"@id":"https:\/\/elcotarro.com\/?p=4684#primaryimage"},"image":{"@id":"https:\/\/elcotarro.com\/?p=4684#primaryimage"},"thumbnailUrl":"https:\/\/elcotarro.com\/wp-content\/uploads\/2017\/10\/FOTO-2.-TRICONTINENTAL.jpg","datePublished":"2017-10-22T10:03:37+00:00","breadcrumb":{"@id":"https:\/\/elcotarro.com\/?p=4684#breadcrumb"},"inLanguage":"es","potentialAction":[{"@type":"ReadAction","target":["https:\/\/elcotarro.com\/?p=4684"]}]},{"@type":"ImageObject","inLanguage":"es","@id":"https:\/\/elcotarro.com\/?p=4684#primaryimage","url":"https:\/\/elcotarro.com\/wp-content\/uploads\/2017\/10\/FOTO-2.-TRICONTINENTAL.jpg","contentUrl":"https:\/\/elcotarro.com\/wp-content\/uploads\/2017\/10\/FOTO-2.-TRICONTINENTAL.jpg","width":2016,"height":1512},{"@type":"BreadcrumbList","@id":"https:\/\/elcotarro.com\/?p=4684#breadcrumb","itemListElement":[{"@type":"ListItem","position":1,"name":"Portada","item":"https:\/\/elcotarro.com\/"},{"@type":"ListItem","position":2,"name":"TENERIFE PUENTE TRICONTINENTAL"}]},{"@type":"WebSite","@id":"https:\/\/elcotarro.com\/#website","url":"https:\/\/elcotarro.com\/","name":"El Cotarro","description":"Peri\u00f3dico Digital Independiente dirigido por Jos\u00e9 Carlos Marrero","publisher":{"@id":"https:\/\/elcotarro.com\/#organization"},"potentialAction":[{"@type":"SearchAction","target":{"@type":"EntryPoint","urlTemplate":"https:\/\/elcotarro.com\/?s={search_term_string}"},"query-input":{"@type":"PropertyValueSpecification","valueRequired":true,"valueName":"search_term_string"}}],"inLanguage":"es"},{"@type":"Organization","@id":"https:\/\/elcotarro.com\/#organization","name":"El Cotarro","url":"https:\/\/elcotarro.com\/","logo":{"@type":"ImageObject","inLanguage":"es","@id":"https:\/\/elcotarro.com\/#\/schema\/logo\/image\/","url":"https:\/\/elcotarro.com\/wp-content\/uploads\/2014\/09\/Cabecera_El_Cotarro_v2.jpg","contentUrl":"https:\/\/elcotarro.com\/wp-content\/uploads\/2014\/09\/Cabecera_El_Cotarro_v2.jpg","width":3540,"height":441,"caption":"El Cotarro"},"image":{"@id":"https:\/\/elcotarro.com\/#\/schema\/logo\/image\/"},"sameAs":["https:\/\/www.facebook.com\/ElCotarro.Tenerife"]},{"@type":"Person","@id":"https:\/\/elcotarro.com\/#\/schema\/person\/af537ee7d60d15984c7e0affcd8a918b","name":"Jos\u00e9 Carlos Marrero Gonz\u00e1lez","image":{"@type":"ImageObject","inLanguage":"es","@id":"https:\/\/elcotarro.com\/#\/schema\/person\/image\/","url":"https:\/\/secure.gravatar.com\/avatar\/def4da036efb5d32c74d49c351f6dccc064dd69ad9f3aadc295c5a9a5391ca01?s=96&d=mm&r=g","contentUrl":"https:\/\/secure.gravatar.com\/avatar\/def4da036efb5d32c74d49c351f6dccc064dd69ad9f3aadc295c5a9a5391ca01?s=96&d=mm&r=g","caption":"Jos\u00e9 Carlos Marrero Gonz\u00e1lez"},"sameAs":["https:\/\/elcotarro.com"],"url":"https:\/\/elcotarro.com\/?author=2"}]}},"jetpack_featured_media_url":"","jetpack_sharing_enabled":true,"_links":{"self":[{"href":"https:\/\/elcotarro.com\/index.php?rest_route=\/wp\/v2\/posts\/4684","targetHints":{"allow":["GET"]}}],"collection":[{"href":"https:\/\/elcotarro.com\/index.php?rest_route=\/wp\/v2\/posts"}],"about":[{"href":"https:\/\/elcotarro.com\/index.php?rest_route=\/wp\/v2\/types\/post"}],"author":[{"embeddable":true,"href":"https:\/\/elcotarro.com\/index.php?rest_route=\/wp\/v2\/users\/2"}],"replies":[{"embeddable":true,"href":"https:\/\/elcotarro.com\/index.php?rest_route=%2Fwp%2Fv2%2Fcomments&post=4684"}],"version-history":[{"count":1,"href":"https:\/\/elcotarro.com\/index.php?rest_route=\/wp\/v2\/posts\/4684\/revisions"}],"predecessor-version":[{"id":4686,"href":"https:\/\/elcotarro.com\/index.php?rest_route=\/wp\/v2\/posts\/4684\/revisions\/4686"}],"wp:attachment":[{"href":"https:\/\/elcotarro.com\/index.php?rest_route=%2Fwp%2Fv2%2Fmedia&parent=4684"}],"wp:term":[{"taxonomy":"category","embeddable":true,"href":"https:\/\/elcotarro.com\/index.php?rest_route=%2Fwp%2Fv2%2Fcategories&post=4684"},{"taxonomy":"post_tag","embeddable":true,"href":"https:\/\/elcotarro.com\/index.php?rest_route=%2Fwp%2Fv2%2Ftags&post=4684"}],"curies":[{"name":"wp","href":"https:\/\/api.w.org\/{rel}","templated":true}]}}