{"id":4702,"date":"2017-10-29T11:05:40","date_gmt":"2017-10-29T11:05:40","guid":{"rendered":"https:\/\/elcotarro.com\/?p=4702"},"modified":"2017-10-29T10:27:30","modified_gmt":"2017-10-29T10:27:30","slug":"exito-de-casa-duque-en-el-corte-ingles","status":"publish","type":"post","link":"https:\/\/elcotarro.com\/?p=4702","title":{"rendered":"\u00c9XITO DE CASA DUQUE EN EL CORTE INGL\u00c9S"},"content":{"rendered":"<p>Hasta el d\u00eda de ayer el restaurante \u201cEl Mirador\u201d ubicado en la octava planta de El Corte Ingl\u00e9s de Tres de Mayo, acogi\u00f3 un a\u00f1o m\u00e1s, con un total \u00e9xito, las Jornadas Gastron\u00f3micas de la Cocina Segoviana, protagonizadas por el equipo del hist\u00f3rico restaurante Casa Duque, liderado por su propietaria, <strong>Marisa Duque Pascual<\/strong>, con <strong>Carlos Mart\u00edn<\/strong> como jefe de Cocina. Ellos, conjuntamente con el equipo de Tenerife liderado por <strong>Roberto Rivetti,<\/strong> llenaron el restaurante todos los d\u00edas, poniendo cada jornada el cartel de \u201ccompleto\u201d.<\/p>\n<p style=\"text-align: center\"><a href=\"https:\/\/elcotarro.com\/wp-content\/uploads\/2017\/10\/FOTO-1.-CASA-DUQUE-EN-ECI.jpg\"><img loading=\"lazy\" decoding=\"async\" class=\"alignnone size-full wp-image-4703\" src=\"https:\/\/elcotarro.com\/wp-content\/uploads\/2017\/10\/FOTO-1.-CASA-DUQUE-EN-ECI.jpg\" alt=\"FOTO 1.- CASA DUQUE EN ECI\" width=\"4032\" height=\"3024\" srcset=\"https:\/\/elcotarro.com\/wp-content\/uploads\/2017\/10\/FOTO-1.-CASA-DUQUE-EN-ECI.jpg 4032w, https:\/\/elcotarro.com\/wp-content\/uploads\/2017\/10\/FOTO-1.-CASA-DUQUE-EN-ECI-300x225.jpg 300w, https:\/\/elcotarro.com\/wp-content\/uploads\/2017\/10\/FOTO-1.-CASA-DUQUE-EN-ECI-1024x768.jpg 1024w\" sizes=\"auto, (max-width: 4032px) 100vw, 4032px\" \/><\/a><\/p>\n<p style=\"text-align: center\"><em>Marisa Duque Pascual, actual propietaria del hist\u00f3rico restaurante Casa Duque, de Segovia, junto a su jefe de cocina, Carlos Mart\u00edn, en El Corte Ingl\u00e9s de Tres de Mayo.<\/em><\/p>\n","protected":false},"excerpt":{"rendered":"<p>Hasta el d\u00eda de ayer el restaurante \u201cEl Mirador\u201d ubicado en la octava planta de El Corte Ingl\u00e9s de Tres de Mayo, acogi\u00f3 un a\u00f1o m\u00e1s, con un total \u00e9xito, las Jornadas Gastron\u00f3micas de la Cocina Segoviana, protagonizadas por el equipo del hist\u00f3rico restaurante Casa Duque, liderado por su propietaria, Marisa Duque Pascual, con Carlos &#8230; <a class=\"read-more\" href=\"https:\/\/elcotarro.com\/?p=4702\">Read more<\/a><\/p>\n","protected":false},"author":2,"featured_media":0,"comment_status":"open","ping_status":"open","sticky":false,"template":"","format":"standard","meta":{"_jetpack_memberships_contains_paid_content":false,"footnotes":""},"categories":[1],"tags":[],"class_list":["post-4702","post","type-post","status-publish","format-standard","hentry","category-sin-categoria"],"yoast_head":"<!-- This site is optimized with the Yoast SEO plugin v27.0 - https:\/\/yoast.com\/product\/yoast-seo-wordpress\/ -->\n<title>\u00c9XITO DE CASA DUQUE EN EL CORTE INGL\u00c9S - El Cotarro<\/title>\n<meta name=\"robots\" content=\"index, follow, max-snippet:-1, max-image-preview:large, max-video-preview:-1\" \/>\n<link rel=\"canonical\" href=\"https:\/\/elcotarro.com\/?p=4702\" \/>\n<meta property=\"og:locale\" content=\"es_ES\" \/>\n<meta property=\"og:type\" content=\"article\" \/>\n<meta property=\"og:title\" content=\"\u00c9XITO DE CASA DUQUE EN EL CORTE INGL\u00c9S - El Cotarro\" \/>\n<meta property=\"og:description\" content=\"Hasta el d\u00eda de ayer el restaurante \u201cEl Mirador\u201d ubicado en la octava planta de El Corte Ingl\u00e9s de Tres de Mayo, acogi\u00f3 un a\u00f1o m\u00e1s, con un total \u00e9xito, las Jornadas Gastron\u00f3micas de la Cocina Segoviana, protagonizadas por el equipo del hist\u00f3rico restaurante Casa Duque, liderado por su propietaria, Marisa Duque Pascual, con Carlos ... Read more\" \/>\n<meta property=\"og:url\" content=\"https:\/\/elcotarro.com\/?p=4702\" \/>\n<meta property=\"og:site_name\" content=\"El Cotarro\" \/>\n<meta property=\"article:publisher\" content=\"https:\/\/www.facebook.com\/ElCotarro.Tenerife\" \/>\n<meta property=\"article:published_time\" content=\"2017-10-29T11:05:40+00:00\" \/>\n<meta property=\"og:image\" content=\"https:\/\/elcotarro.com\/wp-content\/uploads\/2017\/10\/FOTO-1.-CASA-DUQUE-EN-ECI.jpg\" \/>\n<meta name=\"author\" content=\"Jos\u00e9 Carlos Marrero Gonz\u00e1lez\" \/>\n<meta name=\"twitter:label1\" content=\"Escrito por\" \/>\n\t<meta name=\"twitter:data1\" content=\"Jos\u00e9 Carlos Marrero Gonz\u00e1lez\" \/>\n\t<meta name=\"twitter:label2\" content=\"Tiempo de lectura\" \/>\n\t<meta name=\"twitter:data2\" content=\"1 minuto\" \/>\n<script type=\"application\/ld+json\" class=\"yoast-schema-graph\">{\"@context\":\"https:\/\/schema.org\",\"@graph\":[{\"@type\":\"Article\",\"@id\":\"https:\/\/elcotarro.com\/?p=4702#article\",\"isPartOf\":{\"@id\":\"https:\/\/elcotarro.com\/?p=4702\"},\"author\":{\"name\":\"Jos\u00e9 Carlos Marrero Gonz\u00e1lez\",\"@id\":\"https:\/\/elcotarro.com\/#\/schema\/person\/af537ee7d60d15984c7e0affcd8a918b\"},\"headline\":\"\u00c9XITO DE CASA DUQUE EN EL CORTE INGL\u00c9S\",\"datePublished\":\"2017-10-29T11:05:40+00:00\",\"mainEntityOfPage\":{\"@id\":\"https:\/\/elcotarro.com\/?p=4702\"},\"wordCount\":132,\"commentCount\":0,\"publisher\":{\"@id\":\"https:\/\/elcotarro.com\/#organization\"},\"image\":{\"@id\":\"https:\/\/elcotarro.com\/?p=4702#primaryimage\"},\"thumbnailUrl\":\"https:\/\/elcotarro.com\/wp-content\/uploads\/2017\/10\/FOTO-1.-CASA-DUQUE-EN-ECI.jpg\",\"inLanguage\":\"es\",\"potentialAction\":[{\"@type\":\"CommentAction\",\"name\":\"Comment\",\"target\":[\"https:\/\/elcotarro.com\/?p=4702#respond\"]}]},{\"@type\":\"WebPage\",\"@id\":\"https:\/\/elcotarro.com\/?p=4702\",\"url\":\"https:\/\/elcotarro.com\/?p=4702\",\"name\":\"\u00c9XITO DE CASA DUQUE EN EL CORTE INGL\u00c9S - El Cotarro\",\"isPartOf\":{\"@id\":\"https:\/\/elcotarro.com\/#website\"},\"primaryImageOfPage\":{\"@id\":\"https:\/\/elcotarro.com\/?p=4702#primaryimage\"},\"image\":{\"@id\":\"https:\/\/elcotarro.com\/?p=4702#primaryimage\"},\"thumbnailUrl\":\"https:\/\/elcotarro.com\/wp-content\/uploads\/2017\/10\/FOTO-1.-CASA-DUQUE-EN-ECI.jpg\",\"datePublished\":\"2017-10-29T11:05:40+00:00\",\"breadcrumb\":{\"@id\":\"https:\/\/elcotarro.com\/?p=4702#breadcrumb\"},\"inLanguage\":\"es\",\"potentialAction\":[{\"@type\":\"ReadAction\",\"target\":[\"https:\/\/elcotarro.com\/?p=4702\"]}]},{\"@type\":\"ImageObject\",\"inLanguage\":\"es\",\"@id\":\"https:\/\/elcotarro.com\/?p=4702#primaryimage\",\"url\":\"https:\/\/elcotarro.com\/wp-content\/uploads\/2017\/10\/FOTO-1.-CASA-DUQUE-EN-ECI.jpg\",\"contentUrl\":\"https:\/\/elcotarro.com\/wp-content\/uploads\/2017\/10\/FOTO-1.-CASA-DUQUE-EN-ECI.jpg\",\"width\":4032,\"height\":3024},{\"@type\":\"BreadcrumbList\",\"@id\":\"https:\/\/elcotarro.com\/?p=4702#breadcrumb\",\"itemListElement\":[{\"@type\":\"ListItem\",\"position\":1,\"name\":\"Portada\",\"item\":\"https:\/\/elcotarro.com\/\"},{\"@type\":\"ListItem\",\"position\":2,\"name\":\"\u00c9XITO DE CASA DUQUE EN EL CORTE INGL\u00c9S\"}]},{\"@type\":\"WebSite\",\"@id\":\"https:\/\/elcotarro.com\/#website\",\"url\":\"https:\/\/elcotarro.com\/\",\"name\":\"El Cotarro\",\"description\":\"Peri\u00f3dico Digital Independiente dirigido por Jos\u00e9 Carlos Marrero\",\"publisher\":{\"@id\":\"https:\/\/elcotarro.com\/#organization\"},\"potentialAction\":[{\"@type\":\"SearchAction\",\"target\":{\"@type\":\"EntryPoint\",\"urlTemplate\":\"https:\/\/elcotarro.com\/?s={search_term_string}\"},\"query-input\":{\"@type\":\"PropertyValueSpecification\",\"valueRequired\":true,\"valueName\":\"search_term_string\"}}],\"inLanguage\":\"es\"},{\"@type\":\"Organization\",\"@id\":\"https:\/\/elcotarro.com\/#organization\",\"name\":\"El Cotarro\",\"url\":\"https:\/\/elcotarro.com\/\",\"logo\":{\"@type\":\"ImageObject\",\"inLanguage\":\"es\",\"@id\":\"https:\/\/elcotarro.com\/#\/schema\/logo\/image\/\",\"url\":\"https:\/\/elcotarro.com\/wp-content\/uploads\/2014\/09\/Cabecera_El_Cotarro_v2.jpg\",\"contentUrl\":\"https:\/\/elcotarro.com\/wp-content\/uploads\/2014\/09\/Cabecera_El_Cotarro_v2.jpg\",\"width\":3540,\"height\":441,\"caption\":\"El Cotarro\"},\"image\":{\"@id\":\"https:\/\/elcotarro.com\/#\/schema\/logo\/image\/\"},\"sameAs\":[\"https:\/\/www.facebook.com\/ElCotarro.Tenerife\"]},{\"@type\":\"Person\",\"@id\":\"https:\/\/elcotarro.com\/#\/schema\/person\/af537ee7d60d15984c7e0affcd8a918b\",\"name\":\"Jos\u00e9 Carlos Marrero Gonz\u00e1lez\",\"image\":{\"@type\":\"ImageObject\",\"inLanguage\":\"es\",\"@id\":\"https:\/\/elcotarro.com\/#\/schema\/person\/image\/\",\"url\":\"https:\/\/secure.gravatar.com\/avatar\/def4da036efb5d32c74d49c351f6dccc064dd69ad9f3aadc295c5a9a5391ca01?s=96&d=mm&r=g\",\"contentUrl\":\"https:\/\/secure.gravatar.com\/avatar\/def4da036efb5d32c74d49c351f6dccc064dd69ad9f3aadc295c5a9a5391ca01?s=96&d=mm&r=g\",\"caption\":\"Jos\u00e9 Carlos Marrero Gonz\u00e1lez\"},\"sameAs\":[\"https:\/\/elcotarro.com\"],\"url\":\"https:\/\/elcotarro.com\/?author=2\"}]}<\/script>\n<!-- \/ Yoast SEO plugin. -->","yoast_head_json":{"title":"\u00c9XITO DE CASA DUQUE EN EL CORTE INGL\u00c9S - El Cotarro","robots":{"index":"index","follow":"follow","max-snippet":"max-snippet:-1","max-image-preview":"max-image-preview:large","max-video-preview":"max-video-preview:-1"},"canonical":"https:\/\/elcotarro.com\/?p=4702","og_locale":"es_ES","og_type":"article","og_title":"\u00c9XITO DE CASA DUQUE EN EL CORTE INGL\u00c9S - El Cotarro","og_description":"Hasta el d\u00eda de ayer el restaurante \u201cEl Mirador\u201d ubicado en la octava planta de El Corte Ingl\u00e9s de Tres de Mayo, acogi\u00f3 un a\u00f1o m\u00e1s, con un total \u00e9xito, las Jornadas Gastron\u00f3micas de la Cocina Segoviana, protagonizadas por el equipo del hist\u00f3rico restaurante Casa Duque, liderado por su propietaria, Marisa Duque Pascual, con Carlos ... Read more","og_url":"https:\/\/elcotarro.com\/?p=4702","og_site_name":"El Cotarro","article_publisher":"https:\/\/www.facebook.com\/ElCotarro.Tenerife","article_published_time":"2017-10-29T11:05:40+00:00","og_image":[{"url":"https:\/\/elcotarro.com\/wp-content\/uploads\/2017\/10\/FOTO-1.-CASA-DUQUE-EN-ECI.jpg","type":"","width":"","height":""}],"author":"Jos\u00e9 Carlos Marrero Gonz\u00e1lez","twitter_misc":{"Escrito por":"Jos\u00e9 Carlos Marrero Gonz\u00e1lez","Tiempo de lectura":"1 minuto"},"schema":{"@context":"https:\/\/schema.org","@graph":[{"@type":"Article","@id":"https:\/\/elcotarro.com\/?p=4702#article","isPartOf":{"@id":"https:\/\/elcotarro.com\/?p=4702"},"author":{"name":"Jos\u00e9 Carlos Marrero Gonz\u00e1lez","@id":"https:\/\/elcotarro.com\/#\/schema\/person\/af537ee7d60d15984c7e0affcd8a918b"},"headline":"\u00c9XITO DE CASA DUQUE EN EL CORTE INGL\u00c9S","datePublished":"2017-10-29T11:05:40+00:00","mainEntityOfPage":{"@id":"https:\/\/elcotarro.com\/?p=4702"},"wordCount":132,"commentCount":0,"publisher":{"@id":"https:\/\/elcotarro.com\/#organization"},"image":{"@id":"https:\/\/elcotarro.com\/?p=4702#primaryimage"},"thumbnailUrl":"https:\/\/elcotarro.com\/wp-content\/uploads\/2017\/10\/FOTO-1.-CASA-DUQUE-EN-ECI.jpg","inLanguage":"es","potentialAction":[{"@type":"CommentAction","name":"Comment","target":["https:\/\/elcotarro.com\/?p=4702#respond"]}]},{"@type":"WebPage","@id":"https:\/\/elcotarro.com\/?p=4702","url":"https:\/\/elcotarro.com\/?p=4702","name":"\u00c9XITO DE CASA DUQUE EN EL CORTE INGL\u00c9S - El Cotarro","isPartOf":{"@id":"https:\/\/elcotarro.com\/#website"},"primaryImageOfPage":{"@id":"https:\/\/elcotarro.com\/?p=4702#primaryimage"},"image":{"@id":"https:\/\/elcotarro.com\/?p=4702#primaryimage"},"thumbnailUrl":"https:\/\/elcotarro.com\/wp-content\/uploads\/2017\/10\/FOTO-1.-CASA-DUQUE-EN-ECI.jpg","datePublished":"2017-10-29T11:05:40+00:00","breadcrumb":{"@id":"https:\/\/elcotarro.com\/?p=4702#breadcrumb"},"inLanguage":"es","potentialAction":[{"@type":"ReadAction","target":["https:\/\/elcotarro.com\/?p=4702"]}]},{"@type":"ImageObject","inLanguage":"es","@id":"https:\/\/elcotarro.com\/?p=4702#primaryimage","url":"https:\/\/elcotarro.com\/wp-content\/uploads\/2017\/10\/FOTO-1.-CASA-DUQUE-EN-ECI.jpg","contentUrl":"https:\/\/elcotarro.com\/wp-content\/uploads\/2017\/10\/FOTO-1.-CASA-DUQUE-EN-ECI.jpg","width":4032,"height":3024},{"@type":"BreadcrumbList","@id":"https:\/\/elcotarro.com\/?p=4702#breadcrumb","itemListElement":[{"@type":"ListItem","position":1,"name":"Portada","item":"https:\/\/elcotarro.com\/"},{"@type":"ListItem","position":2,"name":"\u00c9XITO DE CASA DUQUE EN EL CORTE INGL\u00c9S"}]},{"@type":"WebSite","@id":"https:\/\/elcotarro.com\/#website","url":"https:\/\/elcotarro.com\/","name":"El Cotarro","description":"Peri\u00f3dico Digital Independiente dirigido por Jos\u00e9 Carlos Marrero","publisher":{"@id":"https:\/\/elcotarro.com\/#organization"},"potentialAction":[{"@type":"SearchAction","target":{"@type":"EntryPoint","urlTemplate":"https:\/\/elcotarro.com\/?s={search_term_string}"},"query-input":{"@type":"PropertyValueSpecification","valueRequired":true,"valueName":"search_term_string"}}],"inLanguage":"es"},{"@type":"Organization","@id":"https:\/\/elcotarro.com\/#organization","name":"El Cotarro","url":"https:\/\/elcotarro.com\/","logo":{"@type":"ImageObject","inLanguage":"es","@id":"https:\/\/elcotarro.com\/#\/schema\/logo\/image\/","url":"https:\/\/elcotarro.com\/wp-content\/uploads\/2014\/09\/Cabecera_El_Cotarro_v2.jpg","contentUrl":"https:\/\/elcotarro.com\/wp-content\/uploads\/2014\/09\/Cabecera_El_Cotarro_v2.jpg","width":3540,"height":441,"caption":"El Cotarro"},"image":{"@id":"https:\/\/elcotarro.com\/#\/schema\/logo\/image\/"},"sameAs":["https:\/\/www.facebook.com\/ElCotarro.Tenerife"]},{"@type":"Person","@id":"https:\/\/elcotarro.com\/#\/schema\/person\/af537ee7d60d15984c7e0affcd8a918b","name":"Jos\u00e9 Carlos Marrero Gonz\u00e1lez","image":{"@type":"ImageObject","inLanguage":"es","@id":"https:\/\/elcotarro.com\/#\/schema\/person\/image\/","url":"https:\/\/secure.gravatar.com\/avatar\/def4da036efb5d32c74d49c351f6dccc064dd69ad9f3aadc295c5a9a5391ca01?s=96&d=mm&r=g","contentUrl":"https:\/\/secure.gravatar.com\/avatar\/def4da036efb5d32c74d49c351f6dccc064dd69ad9f3aadc295c5a9a5391ca01?s=96&d=mm&r=g","caption":"Jos\u00e9 Carlos Marrero Gonz\u00e1lez"},"sameAs":["https:\/\/elcotarro.com"],"url":"https:\/\/elcotarro.com\/?author=2"}]}},"jetpack_featured_media_url":"","jetpack_sharing_enabled":true,"_links":{"self":[{"href":"https:\/\/elcotarro.com\/index.php?rest_route=\/wp\/v2\/posts\/4702","targetHints":{"allow":["GET"]}}],"collection":[{"href":"https:\/\/elcotarro.com\/index.php?rest_route=\/wp\/v2\/posts"}],"about":[{"href":"https:\/\/elcotarro.com\/index.php?rest_route=\/wp\/v2\/types\/post"}],"author":[{"embeddable":true,"href":"https:\/\/elcotarro.com\/index.php?rest_route=\/wp\/v2\/users\/2"}],"replies":[{"embeddable":true,"href":"https:\/\/elcotarro.com\/index.php?rest_route=%2Fwp%2Fv2%2Fcomments&post=4702"}],"version-history":[{"count":1,"href":"https:\/\/elcotarro.com\/index.php?rest_route=\/wp\/v2\/posts\/4702\/revisions"}],"predecessor-version":[{"id":4704,"href":"https:\/\/elcotarro.com\/index.php?rest_route=\/wp\/v2\/posts\/4702\/revisions\/4704"}],"wp:attachment":[{"href":"https:\/\/elcotarro.com\/index.php?rest_route=%2Fwp%2Fv2%2Fmedia&parent=4702"}],"wp:term":[{"taxonomy":"category","embeddable":true,"href":"https:\/\/elcotarro.com\/index.php?rest_route=%2Fwp%2Fv2%2Fcategories&post=4702"},{"taxonomy":"post_tag","embeddable":true,"href":"https:\/\/elcotarro.com\/index.php?rest_route=%2Fwp%2Fv2%2Ftags&post=4702"}],"curies":[{"name":"wp","href":"https:\/\/api.w.org\/{rel}","templated":true}]}}