{"id":4708,"date":"2017-10-29T11:03:20","date_gmt":"2017-10-29T11:03:20","guid":{"rendered":"https:\/\/elcotarro.com\/?p=4708"},"modified":"2017-10-29T10:28:58","modified_gmt":"2017-10-29T10:28:58","slug":"hablando-de-lope-va-y-entra-lope","status":"publish","type":"post","link":"https:\/\/elcotarro.com\/?p=4708","title":{"rendered":"HABLANDO DE LOPE&#8230; VA Y ENTRA LOPE"},"content":{"rendered":"<p>Me consta que suelen reunirse para almorzar de vez en cuando y que todos pagan \u201ca escote\u201d. Me consta que en la comida se habl\u00f3 de todo y que, nada m\u00e1s comenzar la misma, entre torreznillos y judiones de La Granja, se coment\u00f3 lo mal que lo deb\u00eda estar pasando (aquel d\u00eda) el alcalde de Puerto de la Cruz, <strong>Lope Afonso Hern\u00e1ndez<\/strong>, por lo de estar imputado por una posible prevaricaci\u00f3n por el tema de los mercadillos&#8230;. Y ni hecho adrede&#8230; Cuando entre los comensales se hablaba del espinoso asunto y de si la imputaci\u00f3n obligar\u00eda a <strong>Lope Afonso<\/strong> a dejar la alcald\u00eda, se abri\u00f3 la puerta del ascensor y aparecieron juntitos (no de la mano) el propio alcalde portuense, acompa\u00f1ado por el presidente regional del PP en Canarias, <strong>Asier Antona<\/strong>, y del consejero insular en el Cabildo de Tenerife por el PP, <strong>Pedro Su\u00e1rez L\u00f3pez de Vergara<\/strong>.<\/p>\n<p style=\"text-align: center\"><a href=\"https:\/\/elcotarro.com\/wp-content\/uploads\/2017\/10\/FOTO-3.-COCHINILLO-EN-ECI.jpg\"><img loading=\"lazy\" decoding=\"async\" class=\"alignnone size-full wp-image-4709\" src=\"https:\/\/elcotarro.com\/wp-content\/uploads\/2017\/10\/FOTO-3.-COCHINILLO-EN-ECI.jpg\" alt=\"FOTO 3.- COCHINILLO EN ECI\" width=\"2016\" height=\"1512\" srcset=\"https:\/\/elcotarro.com\/wp-content\/uploads\/2017\/10\/FOTO-3.-COCHINILLO-EN-ECI.jpg 2016w, https:\/\/elcotarro.com\/wp-content\/uploads\/2017\/10\/FOTO-3.-COCHINILLO-EN-ECI-300x225.jpg 300w, https:\/\/elcotarro.com\/wp-content\/uploads\/2017\/10\/FOTO-3.-COCHINILLO-EN-ECI-1024x768.jpg 1024w\" sizes=\"auto, (max-width: 2016px) 100vw, 2016px\" \/><\/a><\/p>\n<p style=\"text-align: center\"><em>De izquierda a derecha: Pedro Su\u00e1rez L\u00f3pez de Vergara, Asier Antona, Jos\u00e9 Alberto D\u00edaz Dom\u00ednguez, Lope Afonso Hern\u00e1ndez y Marisa Duque Pascual&#8230; Delante, un cochinillo segoviano no identificado.<\/em><\/p>\n","protected":false},"excerpt":{"rendered":"<p>Me consta que suelen reunirse para almorzar de vez en cuando y que todos pagan \u201ca escote\u201d. Me consta que en la comida se habl\u00f3 de todo y que, nada m\u00e1s comenzar la misma, entre torreznillos y judiones de La Granja, se coment\u00f3 lo mal que lo deb\u00eda estar pasando (aquel d\u00eda) el alcalde de &#8230; <a class=\"read-more\" href=\"https:\/\/elcotarro.com\/?p=4708\">Read more<\/a><\/p>\n","protected":false},"author":2,"featured_media":0,"comment_status":"open","ping_status":"open","sticky":false,"template":"","format":"standard","meta":{"_jetpack_memberships_contains_paid_content":false,"footnotes":""},"categories":[1],"tags":[],"class_list":["post-4708","post","type-post","status-publish","format-standard","hentry","category-sin-categoria"],"yoast_head":"<!-- This site is optimized with the Yoast SEO plugin v27.0 - https:\/\/yoast.com\/product\/yoast-seo-wordpress\/ -->\n<title>HABLANDO DE LOPE... VA Y ENTRA LOPE - El Cotarro<\/title>\n<meta name=\"robots\" content=\"index, follow, max-snippet:-1, max-image-preview:large, max-video-preview:-1\" \/>\n<link rel=\"canonical\" href=\"https:\/\/elcotarro.com\/?p=4708\" \/>\n<meta property=\"og:locale\" content=\"es_ES\" \/>\n<meta property=\"og:type\" content=\"article\" \/>\n<meta property=\"og:title\" content=\"HABLANDO DE LOPE... VA Y ENTRA LOPE - El Cotarro\" \/>\n<meta property=\"og:description\" content=\"Me consta que suelen reunirse para almorzar de vez en cuando y que todos pagan \u201ca escote\u201d. Me consta que en la comida se habl\u00f3 de todo y que, nada m\u00e1s comenzar la misma, entre torreznillos y judiones de La Granja, se coment\u00f3 lo mal que lo deb\u00eda estar pasando (aquel d\u00eda) el alcalde de ... Read more\" \/>\n<meta property=\"og:url\" content=\"https:\/\/elcotarro.com\/?p=4708\" \/>\n<meta property=\"og:site_name\" content=\"El Cotarro\" \/>\n<meta property=\"article:publisher\" content=\"https:\/\/www.facebook.com\/ElCotarro.Tenerife\" \/>\n<meta property=\"article:published_time\" content=\"2017-10-29T11:03:20+00:00\" \/>\n<meta property=\"og:image\" content=\"https:\/\/elcotarro.com\/wp-content\/uploads\/2017\/10\/FOTO-3.-COCHINILLO-EN-ECI.jpg\" \/>\n<meta name=\"author\" content=\"Jos\u00e9 Carlos Marrero Gonz\u00e1lez\" \/>\n<meta name=\"twitter:label1\" content=\"Escrito por\" \/>\n\t<meta name=\"twitter:data1\" content=\"Jos\u00e9 Carlos Marrero Gonz\u00e1lez\" \/>\n\t<meta name=\"twitter:label2\" content=\"Tiempo de lectura\" \/>\n\t<meta name=\"twitter:data2\" content=\"1 minuto\" \/>\n<script type=\"application\/ld+json\" class=\"yoast-schema-graph\">{\"@context\":\"https:\/\/schema.org\",\"@graph\":[{\"@type\":\"Article\",\"@id\":\"https:\/\/elcotarro.com\/?p=4708#article\",\"isPartOf\":{\"@id\":\"https:\/\/elcotarro.com\/?p=4708\"},\"author\":{\"name\":\"Jos\u00e9 Carlos Marrero Gonz\u00e1lez\",\"@id\":\"https:\/\/elcotarro.com\/#\/schema\/person\/af537ee7d60d15984c7e0affcd8a918b\"},\"headline\":\"HABLANDO DE LOPE&#8230; VA Y ENTRA LOPE\",\"datePublished\":\"2017-10-29T11:03:20+00:00\",\"mainEntityOfPage\":{\"@id\":\"https:\/\/elcotarro.com\/?p=4708\"},\"wordCount\":199,\"commentCount\":0,\"publisher\":{\"@id\":\"https:\/\/elcotarro.com\/#organization\"},\"image\":{\"@id\":\"https:\/\/elcotarro.com\/?p=4708#primaryimage\"},\"thumbnailUrl\":\"https:\/\/elcotarro.com\/wp-content\/uploads\/2017\/10\/FOTO-3.-COCHINILLO-EN-ECI.jpg\",\"inLanguage\":\"es\",\"potentialAction\":[{\"@type\":\"CommentAction\",\"name\":\"Comment\",\"target\":[\"https:\/\/elcotarro.com\/?p=4708#respond\"]}]},{\"@type\":\"WebPage\",\"@id\":\"https:\/\/elcotarro.com\/?p=4708\",\"url\":\"https:\/\/elcotarro.com\/?p=4708\",\"name\":\"HABLANDO DE LOPE... VA Y ENTRA LOPE - El Cotarro\",\"isPartOf\":{\"@id\":\"https:\/\/elcotarro.com\/#website\"},\"primaryImageOfPage\":{\"@id\":\"https:\/\/elcotarro.com\/?p=4708#primaryimage\"},\"image\":{\"@id\":\"https:\/\/elcotarro.com\/?p=4708#primaryimage\"},\"thumbnailUrl\":\"https:\/\/elcotarro.com\/wp-content\/uploads\/2017\/10\/FOTO-3.-COCHINILLO-EN-ECI.jpg\",\"datePublished\":\"2017-10-29T11:03:20+00:00\",\"breadcrumb\":{\"@id\":\"https:\/\/elcotarro.com\/?p=4708#breadcrumb\"},\"inLanguage\":\"es\",\"potentialAction\":[{\"@type\":\"ReadAction\",\"target\":[\"https:\/\/elcotarro.com\/?p=4708\"]}]},{\"@type\":\"ImageObject\",\"inLanguage\":\"es\",\"@id\":\"https:\/\/elcotarro.com\/?p=4708#primaryimage\",\"url\":\"https:\/\/elcotarro.com\/wp-content\/uploads\/2017\/10\/FOTO-3.-COCHINILLO-EN-ECI.jpg\",\"contentUrl\":\"https:\/\/elcotarro.com\/wp-content\/uploads\/2017\/10\/FOTO-3.-COCHINILLO-EN-ECI.jpg\",\"width\":2016,\"height\":1512},{\"@type\":\"BreadcrumbList\",\"@id\":\"https:\/\/elcotarro.com\/?p=4708#breadcrumb\",\"itemListElement\":[{\"@type\":\"ListItem\",\"position\":1,\"name\":\"Portada\",\"item\":\"https:\/\/elcotarro.com\/\"},{\"@type\":\"ListItem\",\"position\":2,\"name\":\"HABLANDO DE LOPE&#8230; VA Y ENTRA LOPE\"}]},{\"@type\":\"WebSite\",\"@id\":\"https:\/\/elcotarro.com\/#website\",\"url\":\"https:\/\/elcotarro.com\/\",\"name\":\"El Cotarro\",\"description\":\"Peri\u00f3dico Digital Independiente dirigido por Jos\u00e9 Carlos Marrero\",\"publisher\":{\"@id\":\"https:\/\/elcotarro.com\/#organization\"},\"potentialAction\":[{\"@type\":\"SearchAction\",\"target\":{\"@type\":\"EntryPoint\",\"urlTemplate\":\"https:\/\/elcotarro.com\/?s={search_term_string}\"},\"query-input\":{\"@type\":\"PropertyValueSpecification\",\"valueRequired\":true,\"valueName\":\"search_term_string\"}}],\"inLanguage\":\"es\"},{\"@type\":\"Organization\",\"@id\":\"https:\/\/elcotarro.com\/#organization\",\"name\":\"El Cotarro\",\"url\":\"https:\/\/elcotarro.com\/\",\"logo\":{\"@type\":\"ImageObject\",\"inLanguage\":\"es\",\"@id\":\"https:\/\/elcotarro.com\/#\/schema\/logo\/image\/\",\"url\":\"https:\/\/elcotarro.com\/wp-content\/uploads\/2014\/09\/Cabecera_El_Cotarro_v2.jpg\",\"contentUrl\":\"https:\/\/elcotarro.com\/wp-content\/uploads\/2014\/09\/Cabecera_El_Cotarro_v2.jpg\",\"width\":3540,\"height\":441,\"caption\":\"El Cotarro\"},\"image\":{\"@id\":\"https:\/\/elcotarro.com\/#\/schema\/logo\/image\/\"},\"sameAs\":[\"https:\/\/www.facebook.com\/ElCotarro.Tenerife\"]},{\"@type\":\"Person\",\"@id\":\"https:\/\/elcotarro.com\/#\/schema\/person\/af537ee7d60d15984c7e0affcd8a918b\",\"name\":\"Jos\u00e9 Carlos Marrero Gonz\u00e1lez\",\"image\":{\"@type\":\"ImageObject\",\"inLanguage\":\"es\",\"@id\":\"https:\/\/elcotarro.com\/#\/schema\/person\/image\/\",\"url\":\"https:\/\/secure.gravatar.com\/avatar\/def4da036efb5d32c74d49c351f6dccc064dd69ad9f3aadc295c5a9a5391ca01?s=96&d=mm&r=g\",\"contentUrl\":\"https:\/\/secure.gravatar.com\/avatar\/def4da036efb5d32c74d49c351f6dccc064dd69ad9f3aadc295c5a9a5391ca01?s=96&d=mm&r=g\",\"caption\":\"Jos\u00e9 Carlos Marrero Gonz\u00e1lez\"},\"sameAs\":[\"https:\/\/elcotarro.com\"],\"url\":\"https:\/\/elcotarro.com\/?author=2\"}]}<\/script>\n<!-- \/ Yoast SEO plugin. -->","yoast_head_json":{"title":"HABLANDO DE LOPE... VA Y ENTRA LOPE - El Cotarro","robots":{"index":"index","follow":"follow","max-snippet":"max-snippet:-1","max-image-preview":"max-image-preview:large","max-video-preview":"max-video-preview:-1"},"canonical":"https:\/\/elcotarro.com\/?p=4708","og_locale":"es_ES","og_type":"article","og_title":"HABLANDO DE LOPE... VA Y ENTRA LOPE - El Cotarro","og_description":"Me consta que suelen reunirse para almorzar de vez en cuando y que todos pagan \u201ca escote\u201d. Me consta que en la comida se habl\u00f3 de todo y que, nada m\u00e1s comenzar la misma, entre torreznillos y judiones de La Granja, se coment\u00f3 lo mal que lo deb\u00eda estar pasando (aquel d\u00eda) el alcalde de ... Read more","og_url":"https:\/\/elcotarro.com\/?p=4708","og_site_name":"El Cotarro","article_publisher":"https:\/\/www.facebook.com\/ElCotarro.Tenerife","article_published_time":"2017-10-29T11:03:20+00:00","og_image":[{"url":"https:\/\/elcotarro.com\/wp-content\/uploads\/2017\/10\/FOTO-3.-COCHINILLO-EN-ECI.jpg","type":"","width":"","height":""}],"author":"Jos\u00e9 Carlos Marrero Gonz\u00e1lez","twitter_misc":{"Escrito por":"Jos\u00e9 Carlos Marrero Gonz\u00e1lez","Tiempo de lectura":"1 minuto"},"schema":{"@context":"https:\/\/schema.org","@graph":[{"@type":"Article","@id":"https:\/\/elcotarro.com\/?p=4708#article","isPartOf":{"@id":"https:\/\/elcotarro.com\/?p=4708"},"author":{"name":"Jos\u00e9 Carlos Marrero Gonz\u00e1lez","@id":"https:\/\/elcotarro.com\/#\/schema\/person\/af537ee7d60d15984c7e0affcd8a918b"},"headline":"HABLANDO DE LOPE&#8230; VA Y ENTRA LOPE","datePublished":"2017-10-29T11:03:20+00:00","mainEntityOfPage":{"@id":"https:\/\/elcotarro.com\/?p=4708"},"wordCount":199,"commentCount":0,"publisher":{"@id":"https:\/\/elcotarro.com\/#organization"},"image":{"@id":"https:\/\/elcotarro.com\/?p=4708#primaryimage"},"thumbnailUrl":"https:\/\/elcotarro.com\/wp-content\/uploads\/2017\/10\/FOTO-3.-COCHINILLO-EN-ECI.jpg","inLanguage":"es","potentialAction":[{"@type":"CommentAction","name":"Comment","target":["https:\/\/elcotarro.com\/?p=4708#respond"]}]},{"@type":"WebPage","@id":"https:\/\/elcotarro.com\/?p=4708","url":"https:\/\/elcotarro.com\/?p=4708","name":"HABLANDO DE LOPE... VA Y ENTRA LOPE - El Cotarro","isPartOf":{"@id":"https:\/\/elcotarro.com\/#website"},"primaryImageOfPage":{"@id":"https:\/\/elcotarro.com\/?p=4708#primaryimage"},"image":{"@id":"https:\/\/elcotarro.com\/?p=4708#primaryimage"},"thumbnailUrl":"https:\/\/elcotarro.com\/wp-content\/uploads\/2017\/10\/FOTO-3.-COCHINILLO-EN-ECI.jpg","datePublished":"2017-10-29T11:03:20+00:00","breadcrumb":{"@id":"https:\/\/elcotarro.com\/?p=4708#breadcrumb"},"inLanguage":"es","potentialAction":[{"@type":"ReadAction","target":["https:\/\/elcotarro.com\/?p=4708"]}]},{"@type":"ImageObject","inLanguage":"es","@id":"https:\/\/elcotarro.com\/?p=4708#primaryimage","url":"https:\/\/elcotarro.com\/wp-content\/uploads\/2017\/10\/FOTO-3.-COCHINILLO-EN-ECI.jpg","contentUrl":"https:\/\/elcotarro.com\/wp-content\/uploads\/2017\/10\/FOTO-3.-COCHINILLO-EN-ECI.jpg","width":2016,"height":1512},{"@type":"BreadcrumbList","@id":"https:\/\/elcotarro.com\/?p=4708#breadcrumb","itemListElement":[{"@type":"ListItem","position":1,"name":"Portada","item":"https:\/\/elcotarro.com\/"},{"@type":"ListItem","position":2,"name":"HABLANDO DE LOPE&#8230; VA Y ENTRA LOPE"}]},{"@type":"WebSite","@id":"https:\/\/elcotarro.com\/#website","url":"https:\/\/elcotarro.com\/","name":"El Cotarro","description":"Peri\u00f3dico Digital Independiente dirigido por Jos\u00e9 Carlos Marrero","publisher":{"@id":"https:\/\/elcotarro.com\/#organization"},"potentialAction":[{"@type":"SearchAction","target":{"@type":"EntryPoint","urlTemplate":"https:\/\/elcotarro.com\/?s={search_term_string}"},"query-input":{"@type":"PropertyValueSpecification","valueRequired":true,"valueName":"search_term_string"}}],"inLanguage":"es"},{"@type":"Organization","@id":"https:\/\/elcotarro.com\/#organization","name":"El Cotarro","url":"https:\/\/elcotarro.com\/","logo":{"@type":"ImageObject","inLanguage":"es","@id":"https:\/\/elcotarro.com\/#\/schema\/logo\/image\/","url":"https:\/\/elcotarro.com\/wp-content\/uploads\/2014\/09\/Cabecera_El_Cotarro_v2.jpg","contentUrl":"https:\/\/elcotarro.com\/wp-content\/uploads\/2014\/09\/Cabecera_El_Cotarro_v2.jpg","width":3540,"height":441,"caption":"El Cotarro"},"image":{"@id":"https:\/\/elcotarro.com\/#\/schema\/logo\/image\/"},"sameAs":["https:\/\/www.facebook.com\/ElCotarro.Tenerife"]},{"@type":"Person","@id":"https:\/\/elcotarro.com\/#\/schema\/person\/af537ee7d60d15984c7e0affcd8a918b","name":"Jos\u00e9 Carlos Marrero Gonz\u00e1lez","image":{"@type":"ImageObject","inLanguage":"es","@id":"https:\/\/elcotarro.com\/#\/schema\/person\/image\/","url":"https:\/\/secure.gravatar.com\/avatar\/def4da036efb5d32c74d49c351f6dccc064dd69ad9f3aadc295c5a9a5391ca01?s=96&d=mm&r=g","contentUrl":"https:\/\/secure.gravatar.com\/avatar\/def4da036efb5d32c74d49c351f6dccc064dd69ad9f3aadc295c5a9a5391ca01?s=96&d=mm&r=g","caption":"Jos\u00e9 Carlos Marrero Gonz\u00e1lez"},"sameAs":["https:\/\/elcotarro.com"],"url":"https:\/\/elcotarro.com\/?author=2"}]}},"jetpack_featured_media_url":"","jetpack_sharing_enabled":true,"_links":{"self":[{"href":"https:\/\/elcotarro.com\/index.php?rest_route=\/wp\/v2\/posts\/4708","targetHints":{"allow":["GET"]}}],"collection":[{"href":"https:\/\/elcotarro.com\/index.php?rest_route=\/wp\/v2\/posts"}],"about":[{"href":"https:\/\/elcotarro.com\/index.php?rest_route=\/wp\/v2\/types\/post"}],"author":[{"embeddable":true,"href":"https:\/\/elcotarro.com\/index.php?rest_route=\/wp\/v2\/users\/2"}],"replies":[{"embeddable":true,"href":"https:\/\/elcotarro.com\/index.php?rest_route=%2Fwp%2Fv2%2Fcomments&post=4708"}],"version-history":[{"count":1,"href":"https:\/\/elcotarro.com\/index.php?rest_route=\/wp\/v2\/posts\/4708\/revisions"}],"predecessor-version":[{"id":4710,"href":"https:\/\/elcotarro.com\/index.php?rest_route=\/wp\/v2\/posts\/4708\/revisions\/4710"}],"wp:attachment":[{"href":"https:\/\/elcotarro.com\/index.php?rest_route=%2Fwp%2Fv2%2Fmedia&parent=4708"}],"wp:term":[{"taxonomy":"category","embeddable":true,"href":"https:\/\/elcotarro.com\/index.php?rest_route=%2Fwp%2Fv2%2Fcategories&post=4708"},{"taxonomy":"post_tag","embeddable":true,"href":"https:\/\/elcotarro.com\/index.php?rest_route=%2Fwp%2Fv2%2Ftags&post=4708"}],"curies":[{"name":"wp","href":"https:\/\/api.w.org\/{rel}","templated":true}]}}