{"id":4714,"date":"2017-10-29T11:01:50","date_gmt":"2017-10-29T11:01:50","guid":{"rendered":"https:\/\/elcotarro.com\/?p=4714"},"modified":"2017-10-29T10:30:28","modified_gmt":"2017-10-29T10:30:28","slug":"almuerzo-mediatico-en-el-reservado","status":"publish","type":"post","link":"https:\/\/elcotarro.com\/?p=4714","title":{"rendered":"ALMUERZO \u201cMEDI\u00c1TICO\u201d EN EL RESERVADO"},"content":{"rendered":"<p>Cuando terminaron los saludos y se hicieron la foto que les pongo en exclusiva, los contertulios de radio <strong>EL D\u00cdA<\/strong> se quedaron en el comedor general abierto al p\u00fablico, mientras que los tres pol\u00edticos del PP se fueron a almorzar&#8230; a un reservado. Poco despu\u00e9s, apareci\u00f3 por all\u00ed otra determinada persona, actualmente enfrentada a todo lo que huela a Coalici\u00f3n Canaria (que ya les dir\u00e9 qui\u00e9n fue) que pas\u00f3 por todo el comedor sin saludar a nadie y que se fue directa al \u201cpopular\u201d reservado que, supongo, presidir\u00eda el leal <strong>Asier Antona<\/strong>. No s\u00e9 de lo que se habl\u00f3 en el mencionado reservado ni qui\u00e9n en el mismo fue el que se encarg\u00f3 de partir el cochinillo, pero les puedo asegurar que a <strong>Fernando Clavijo<\/strong> le tuvieron que haber estado \u201cchirriando\u201d los o\u00eddos durante el tiempo en que dur\u00f3 aquel \u201creservado\u201d almuerzo.<\/p>\n<p style=\"text-align: center\"><a href=\"https:\/\/elcotarro.com\/wp-content\/uploads\/2017\/10\/FOTO-5.-COCHINILLO.jpg\"><img loading=\"lazy\" decoding=\"async\" class=\"alignnone size-full wp-image-4715\" src=\"https:\/\/elcotarro.com\/wp-content\/uploads\/2017\/10\/FOTO-5.-COCHINILLO.jpg\" alt=\"FOTO 5.- COCHINILLO\" width=\"4032\" height=\"3024\" srcset=\"https:\/\/elcotarro.com\/wp-content\/uploads\/2017\/10\/FOTO-5.-COCHINILLO.jpg 4032w, https:\/\/elcotarro.com\/wp-content\/uploads\/2017\/10\/FOTO-5.-COCHINILLO-300x225.jpg 300w, https:\/\/elcotarro.com\/wp-content\/uploads\/2017\/10\/FOTO-5.-COCHINILLO-1024x768.jpg 1024w\" sizes=\"auto, (max-width: 4032px) 100vw, 4032px\" \/><\/a><\/p>\n<p style=\"text-align: center\"><em>\u00bfQui\u00e9n ayud\u00f3 a Marisa Duque a partir un cochinillo el pasado d\u00eda 25 de octubre, en el comedor reservado (y ocupado por el PP) en el restaurante de El Corte Ingl\u00e9s?<\/em><\/p>\n","protected":false},"excerpt":{"rendered":"<p>Cuando terminaron los saludos y se hicieron la foto que les pongo en exclusiva, los contertulios de radio EL D\u00cdA se quedaron en el comedor general abierto al p\u00fablico, mientras que los tres pol\u00edticos del PP se fueron a almorzar&#8230; a un reservado. Poco despu\u00e9s, apareci\u00f3 por all\u00ed otra determinada persona, actualmente enfrentada a todo &#8230; <a class=\"read-more\" href=\"https:\/\/elcotarro.com\/?p=4714\">Read more<\/a><\/p>\n","protected":false},"author":2,"featured_media":0,"comment_status":"open","ping_status":"open","sticky":false,"template":"","format":"standard","meta":{"_jetpack_memberships_contains_paid_content":false,"footnotes":""},"categories":[1],"tags":[],"class_list":["post-4714","post","type-post","status-publish","format-standard","hentry","category-sin-categoria"],"yoast_head":"<!-- This site is optimized with the Yoast SEO plugin v27.0 - https:\/\/yoast.com\/product\/yoast-seo-wordpress\/ -->\n<title>ALMUERZO \u201cMEDI\u00c1TICO\u201d EN EL RESERVADO - El Cotarro<\/title>\n<meta name=\"robots\" content=\"index, follow, max-snippet:-1, max-image-preview:large, max-video-preview:-1\" \/>\n<link rel=\"canonical\" href=\"https:\/\/elcotarro.com\/?p=4714\" \/>\n<meta property=\"og:locale\" content=\"es_ES\" \/>\n<meta property=\"og:type\" content=\"article\" \/>\n<meta property=\"og:title\" content=\"ALMUERZO \u201cMEDI\u00c1TICO\u201d EN EL RESERVADO - El Cotarro\" \/>\n<meta property=\"og:description\" content=\"Cuando terminaron los saludos y se hicieron la foto que les pongo en exclusiva, los contertulios de radio EL D\u00cdA se quedaron en el comedor general abierto al p\u00fablico, mientras que los tres pol\u00edticos del PP se fueron a almorzar&#8230; a un reservado. Poco despu\u00e9s, apareci\u00f3 por all\u00ed otra determinada persona, actualmente enfrentada a todo ... Read more\" \/>\n<meta property=\"og:url\" content=\"https:\/\/elcotarro.com\/?p=4714\" \/>\n<meta property=\"og:site_name\" content=\"El Cotarro\" \/>\n<meta property=\"article:publisher\" content=\"https:\/\/www.facebook.com\/ElCotarro.Tenerife\" \/>\n<meta property=\"article:published_time\" content=\"2017-10-29T11:01:50+00:00\" \/>\n<meta property=\"og:image\" content=\"https:\/\/elcotarro.com\/wp-content\/uploads\/2017\/10\/FOTO-5.-COCHINILLO.jpg\" \/>\n<meta name=\"author\" content=\"Jos\u00e9 Carlos Marrero Gonz\u00e1lez\" \/>\n<meta name=\"twitter:label1\" content=\"Escrito por\" \/>\n\t<meta name=\"twitter:data1\" content=\"Jos\u00e9 Carlos Marrero Gonz\u00e1lez\" \/>\n\t<meta name=\"twitter:label2\" content=\"Tiempo de lectura\" \/>\n\t<meta name=\"twitter:data2\" content=\"1 minuto\" \/>\n<script type=\"application\/ld+json\" class=\"yoast-schema-graph\">{\"@context\":\"https:\/\/schema.org\",\"@graph\":[{\"@type\":\"Article\",\"@id\":\"https:\/\/elcotarro.com\/?p=4714#article\",\"isPartOf\":{\"@id\":\"https:\/\/elcotarro.com\/?p=4714\"},\"author\":{\"name\":\"Jos\u00e9 Carlos Marrero Gonz\u00e1lez\",\"@id\":\"https:\/\/elcotarro.com\/#\/schema\/person\/af537ee7d60d15984c7e0affcd8a918b\"},\"headline\":\"ALMUERZO \u201cMEDI\u00c1TICO\u201d EN EL RESERVADO\",\"datePublished\":\"2017-10-29T11:01:50+00:00\",\"mainEntityOfPage\":{\"@id\":\"https:\/\/elcotarro.com\/?p=4714\"},\"wordCount\":190,\"commentCount\":0,\"publisher\":{\"@id\":\"https:\/\/elcotarro.com\/#organization\"},\"image\":{\"@id\":\"https:\/\/elcotarro.com\/?p=4714#primaryimage\"},\"thumbnailUrl\":\"https:\/\/elcotarro.com\/wp-content\/uploads\/2017\/10\/FOTO-5.-COCHINILLO.jpg\",\"inLanguage\":\"es\",\"potentialAction\":[{\"@type\":\"CommentAction\",\"name\":\"Comment\",\"target\":[\"https:\/\/elcotarro.com\/?p=4714#respond\"]}]},{\"@type\":\"WebPage\",\"@id\":\"https:\/\/elcotarro.com\/?p=4714\",\"url\":\"https:\/\/elcotarro.com\/?p=4714\",\"name\":\"ALMUERZO \u201cMEDI\u00c1TICO\u201d EN EL RESERVADO - El Cotarro\",\"isPartOf\":{\"@id\":\"https:\/\/elcotarro.com\/#website\"},\"primaryImageOfPage\":{\"@id\":\"https:\/\/elcotarro.com\/?p=4714#primaryimage\"},\"image\":{\"@id\":\"https:\/\/elcotarro.com\/?p=4714#primaryimage\"},\"thumbnailUrl\":\"https:\/\/elcotarro.com\/wp-content\/uploads\/2017\/10\/FOTO-5.-COCHINILLO.jpg\",\"datePublished\":\"2017-10-29T11:01:50+00:00\",\"breadcrumb\":{\"@id\":\"https:\/\/elcotarro.com\/?p=4714#breadcrumb\"},\"inLanguage\":\"es\",\"potentialAction\":[{\"@type\":\"ReadAction\",\"target\":[\"https:\/\/elcotarro.com\/?p=4714\"]}]},{\"@type\":\"ImageObject\",\"inLanguage\":\"es\",\"@id\":\"https:\/\/elcotarro.com\/?p=4714#primaryimage\",\"url\":\"https:\/\/elcotarro.com\/wp-content\/uploads\/2017\/10\/FOTO-5.-COCHINILLO.jpg\",\"contentUrl\":\"https:\/\/elcotarro.com\/wp-content\/uploads\/2017\/10\/FOTO-5.-COCHINILLO.jpg\",\"width\":4032,\"height\":3024},{\"@type\":\"BreadcrumbList\",\"@id\":\"https:\/\/elcotarro.com\/?p=4714#breadcrumb\",\"itemListElement\":[{\"@type\":\"ListItem\",\"position\":1,\"name\":\"Portada\",\"item\":\"https:\/\/elcotarro.com\/\"},{\"@type\":\"ListItem\",\"position\":2,\"name\":\"ALMUERZO \u201cMEDI\u00c1TICO\u201d EN EL RESERVADO\"}]},{\"@type\":\"WebSite\",\"@id\":\"https:\/\/elcotarro.com\/#website\",\"url\":\"https:\/\/elcotarro.com\/\",\"name\":\"El Cotarro\",\"description\":\"Peri\u00f3dico Digital Independiente dirigido por Jos\u00e9 Carlos Marrero\",\"publisher\":{\"@id\":\"https:\/\/elcotarro.com\/#organization\"},\"potentialAction\":[{\"@type\":\"SearchAction\",\"target\":{\"@type\":\"EntryPoint\",\"urlTemplate\":\"https:\/\/elcotarro.com\/?s={search_term_string}\"},\"query-input\":{\"@type\":\"PropertyValueSpecification\",\"valueRequired\":true,\"valueName\":\"search_term_string\"}}],\"inLanguage\":\"es\"},{\"@type\":\"Organization\",\"@id\":\"https:\/\/elcotarro.com\/#organization\",\"name\":\"El Cotarro\",\"url\":\"https:\/\/elcotarro.com\/\",\"logo\":{\"@type\":\"ImageObject\",\"inLanguage\":\"es\",\"@id\":\"https:\/\/elcotarro.com\/#\/schema\/logo\/image\/\",\"url\":\"https:\/\/elcotarro.com\/wp-content\/uploads\/2014\/09\/Cabecera_El_Cotarro_v2.jpg\",\"contentUrl\":\"https:\/\/elcotarro.com\/wp-content\/uploads\/2014\/09\/Cabecera_El_Cotarro_v2.jpg\",\"width\":3540,\"height\":441,\"caption\":\"El Cotarro\"},\"image\":{\"@id\":\"https:\/\/elcotarro.com\/#\/schema\/logo\/image\/\"},\"sameAs\":[\"https:\/\/www.facebook.com\/ElCotarro.Tenerife\"]},{\"@type\":\"Person\",\"@id\":\"https:\/\/elcotarro.com\/#\/schema\/person\/af537ee7d60d15984c7e0affcd8a918b\",\"name\":\"Jos\u00e9 Carlos Marrero Gonz\u00e1lez\",\"image\":{\"@type\":\"ImageObject\",\"inLanguage\":\"es\",\"@id\":\"https:\/\/elcotarro.com\/#\/schema\/person\/image\/\",\"url\":\"https:\/\/secure.gravatar.com\/avatar\/def4da036efb5d32c74d49c351f6dccc064dd69ad9f3aadc295c5a9a5391ca01?s=96&d=mm&r=g\",\"contentUrl\":\"https:\/\/secure.gravatar.com\/avatar\/def4da036efb5d32c74d49c351f6dccc064dd69ad9f3aadc295c5a9a5391ca01?s=96&d=mm&r=g\",\"caption\":\"Jos\u00e9 Carlos Marrero Gonz\u00e1lez\"},\"sameAs\":[\"https:\/\/elcotarro.com\"],\"url\":\"https:\/\/elcotarro.com\/?author=2\"}]}<\/script>\n<!-- \/ Yoast SEO plugin. -->","yoast_head_json":{"title":"ALMUERZO \u201cMEDI\u00c1TICO\u201d EN EL RESERVADO - El Cotarro","robots":{"index":"index","follow":"follow","max-snippet":"max-snippet:-1","max-image-preview":"max-image-preview:large","max-video-preview":"max-video-preview:-1"},"canonical":"https:\/\/elcotarro.com\/?p=4714","og_locale":"es_ES","og_type":"article","og_title":"ALMUERZO \u201cMEDI\u00c1TICO\u201d EN EL RESERVADO - El Cotarro","og_description":"Cuando terminaron los saludos y se hicieron la foto que les pongo en exclusiva, los contertulios de radio EL D\u00cdA se quedaron en el comedor general abierto al p\u00fablico, mientras que los tres pol\u00edticos del PP se fueron a almorzar&#8230; a un reservado. Poco despu\u00e9s, apareci\u00f3 por all\u00ed otra determinada persona, actualmente enfrentada a todo ... Read more","og_url":"https:\/\/elcotarro.com\/?p=4714","og_site_name":"El Cotarro","article_publisher":"https:\/\/www.facebook.com\/ElCotarro.Tenerife","article_published_time":"2017-10-29T11:01:50+00:00","og_image":[{"url":"https:\/\/elcotarro.com\/wp-content\/uploads\/2017\/10\/FOTO-5.-COCHINILLO.jpg","type":"","width":"","height":""}],"author":"Jos\u00e9 Carlos Marrero Gonz\u00e1lez","twitter_misc":{"Escrito por":"Jos\u00e9 Carlos Marrero Gonz\u00e1lez","Tiempo de lectura":"1 minuto"},"schema":{"@context":"https:\/\/schema.org","@graph":[{"@type":"Article","@id":"https:\/\/elcotarro.com\/?p=4714#article","isPartOf":{"@id":"https:\/\/elcotarro.com\/?p=4714"},"author":{"name":"Jos\u00e9 Carlos Marrero Gonz\u00e1lez","@id":"https:\/\/elcotarro.com\/#\/schema\/person\/af537ee7d60d15984c7e0affcd8a918b"},"headline":"ALMUERZO \u201cMEDI\u00c1TICO\u201d EN EL RESERVADO","datePublished":"2017-10-29T11:01:50+00:00","mainEntityOfPage":{"@id":"https:\/\/elcotarro.com\/?p=4714"},"wordCount":190,"commentCount":0,"publisher":{"@id":"https:\/\/elcotarro.com\/#organization"},"image":{"@id":"https:\/\/elcotarro.com\/?p=4714#primaryimage"},"thumbnailUrl":"https:\/\/elcotarro.com\/wp-content\/uploads\/2017\/10\/FOTO-5.-COCHINILLO.jpg","inLanguage":"es","potentialAction":[{"@type":"CommentAction","name":"Comment","target":["https:\/\/elcotarro.com\/?p=4714#respond"]}]},{"@type":"WebPage","@id":"https:\/\/elcotarro.com\/?p=4714","url":"https:\/\/elcotarro.com\/?p=4714","name":"ALMUERZO \u201cMEDI\u00c1TICO\u201d EN EL RESERVADO - El Cotarro","isPartOf":{"@id":"https:\/\/elcotarro.com\/#website"},"primaryImageOfPage":{"@id":"https:\/\/elcotarro.com\/?p=4714#primaryimage"},"image":{"@id":"https:\/\/elcotarro.com\/?p=4714#primaryimage"},"thumbnailUrl":"https:\/\/elcotarro.com\/wp-content\/uploads\/2017\/10\/FOTO-5.-COCHINILLO.jpg","datePublished":"2017-10-29T11:01:50+00:00","breadcrumb":{"@id":"https:\/\/elcotarro.com\/?p=4714#breadcrumb"},"inLanguage":"es","potentialAction":[{"@type":"ReadAction","target":["https:\/\/elcotarro.com\/?p=4714"]}]},{"@type":"ImageObject","inLanguage":"es","@id":"https:\/\/elcotarro.com\/?p=4714#primaryimage","url":"https:\/\/elcotarro.com\/wp-content\/uploads\/2017\/10\/FOTO-5.-COCHINILLO.jpg","contentUrl":"https:\/\/elcotarro.com\/wp-content\/uploads\/2017\/10\/FOTO-5.-COCHINILLO.jpg","width":4032,"height":3024},{"@type":"BreadcrumbList","@id":"https:\/\/elcotarro.com\/?p=4714#breadcrumb","itemListElement":[{"@type":"ListItem","position":1,"name":"Portada","item":"https:\/\/elcotarro.com\/"},{"@type":"ListItem","position":2,"name":"ALMUERZO \u201cMEDI\u00c1TICO\u201d EN EL RESERVADO"}]},{"@type":"WebSite","@id":"https:\/\/elcotarro.com\/#website","url":"https:\/\/elcotarro.com\/","name":"El Cotarro","description":"Peri\u00f3dico Digital Independiente dirigido por Jos\u00e9 Carlos Marrero","publisher":{"@id":"https:\/\/elcotarro.com\/#organization"},"potentialAction":[{"@type":"SearchAction","target":{"@type":"EntryPoint","urlTemplate":"https:\/\/elcotarro.com\/?s={search_term_string}"},"query-input":{"@type":"PropertyValueSpecification","valueRequired":true,"valueName":"search_term_string"}}],"inLanguage":"es"},{"@type":"Organization","@id":"https:\/\/elcotarro.com\/#organization","name":"El Cotarro","url":"https:\/\/elcotarro.com\/","logo":{"@type":"ImageObject","inLanguage":"es","@id":"https:\/\/elcotarro.com\/#\/schema\/logo\/image\/","url":"https:\/\/elcotarro.com\/wp-content\/uploads\/2014\/09\/Cabecera_El_Cotarro_v2.jpg","contentUrl":"https:\/\/elcotarro.com\/wp-content\/uploads\/2014\/09\/Cabecera_El_Cotarro_v2.jpg","width":3540,"height":441,"caption":"El Cotarro"},"image":{"@id":"https:\/\/elcotarro.com\/#\/schema\/logo\/image\/"},"sameAs":["https:\/\/www.facebook.com\/ElCotarro.Tenerife"]},{"@type":"Person","@id":"https:\/\/elcotarro.com\/#\/schema\/person\/af537ee7d60d15984c7e0affcd8a918b","name":"Jos\u00e9 Carlos Marrero Gonz\u00e1lez","image":{"@type":"ImageObject","inLanguage":"es","@id":"https:\/\/elcotarro.com\/#\/schema\/person\/image\/","url":"https:\/\/secure.gravatar.com\/avatar\/def4da036efb5d32c74d49c351f6dccc064dd69ad9f3aadc295c5a9a5391ca01?s=96&d=mm&r=g","contentUrl":"https:\/\/secure.gravatar.com\/avatar\/def4da036efb5d32c74d49c351f6dccc064dd69ad9f3aadc295c5a9a5391ca01?s=96&d=mm&r=g","caption":"Jos\u00e9 Carlos Marrero Gonz\u00e1lez"},"sameAs":["https:\/\/elcotarro.com"],"url":"https:\/\/elcotarro.com\/?author=2"}]}},"jetpack_featured_media_url":"","jetpack_sharing_enabled":true,"_links":{"self":[{"href":"https:\/\/elcotarro.com\/index.php?rest_route=\/wp\/v2\/posts\/4714","targetHints":{"allow":["GET"]}}],"collection":[{"href":"https:\/\/elcotarro.com\/index.php?rest_route=\/wp\/v2\/posts"}],"about":[{"href":"https:\/\/elcotarro.com\/index.php?rest_route=\/wp\/v2\/types\/post"}],"author":[{"embeddable":true,"href":"https:\/\/elcotarro.com\/index.php?rest_route=\/wp\/v2\/users\/2"}],"replies":[{"embeddable":true,"href":"https:\/\/elcotarro.com\/index.php?rest_route=%2Fwp%2Fv2%2Fcomments&post=4714"}],"version-history":[{"count":1,"href":"https:\/\/elcotarro.com\/index.php?rest_route=\/wp\/v2\/posts\/4714\/revisions"}],"predecessor-version":[{"id":4716,"href":"https:\/\/elcotarro.com\/index.php?rest_route=\/wp\/v2\/posts\/4714\/revisions\/4716"}],"wp:attachment":[{"href":"https:\/\/elcotarro.com\/index.php?rest_route=%2Fwp%2Fv2%2Fmedia&parent=4714"}],"wp:term":[{"taxonomy":"category","embeddable":true,"href":"https:\/\/elcotarro.com\/index.php?rest_route=%2Fwp%2Fv2%2Fcategories&post=4714"},{"taxonomy":"post_tag","embeddable":true,"href":"https:\/\/elcotarro.com\/index.php?rest_route=%2Fwp%2Fv2%2Ftags&post=4714"}],"curies":[{"name":"wp","href":"https:\/\/api.w.org\/{rel}","templated":true}]}}