{"id":4729,"date":"2017-11-05T11:05:22","date_gmt":"2017-11-05T11:05:22","guid":{"rendered":"https:\/\/elcotarro.com\/?p=4729"},"modified":"2017-11-04T12:19:51","modified_gmt":"2017-11-04T12:19:51","slug":"micha-pasa-por-tenerife-y-sube-al-no1","status":"publish","type":"post","link":"https:\/\/elcotarro.com\/?p=4729","title":{"rendered":"\u201cMICHA\u201d PASA POR TENERIFE Y SUBE AL N\u00ba1"},"content":{"rendered":"<p>Hace dos semanas, cuando el chef <strong>Mitsuharu \u201cMicha\u201d Tsumura<\/strong> lleg\u00f3 a Tenerife, su restaurante \u201cMaido\u201d (que significa bienvenido en japon\u00e9s) y que se encuentra en Lima (Per\u00fa) ocupaba el segundo puesto en el ranking de mejor restaurante de Sudam\u00e9rica, tras el restaurante \u201cCentral\u201d, liderado por <strong>Virgilio Mart\u00ednez.<\/strong> Asimismo, el \u201cMaido\u201d ocupaba el puesto N\u00ba8 en el ranking mundial, en la prestigiosa y rigurosa lista The 50 Best. No voy a decir yo que el paso de <strong>\u201cMicha\u201d Tsumura<\/strong> por Tenerife, donde asisti\u00f3 como ponente en el I\u2008Foro Gastron\u00f3mico Internacional de la Papa, haya tenido mucho que ver (pero igual algo s\u00ed) porque, lo cierto y verdad es que, una semana despu\u00e9s de pasar por nuestra isla y triunfar en el evento celebrado en nuestra capital, The 50 Best ha sacado su nueva lista del a\u00f1o 2017 y <strong>\u201cMicha\u201d<\/strong> ha desbancado a <strong>Virgilio<\/strong> y ahora \u201cMaido\u201d ocupa el N\u00ba1 como mejor restaurante de Sudam\u00e9rica y <strong>\u201cMicha\u201d<\/strong> ha sido calificado como mejor el chef.<\/p>\n<p style=\"text-align: center\"><a href=\"https:\/\/elcotarro.com\/wp-content\/uploads\/2017\/11\/FOTO-1.-MITSUHARU.jpg\"><img loading=\"lazy\" decoding=\"async\" class=\"alignnone size-full wp-image-4730\" src=\"https:\/\/elcotarro.com\/wp-content\/uploads\/2017\/11\/FOTO-1.-MITSUHARU.jpg\" alt=\"FOTO 1.- MITSUHARU\" width=\"945\" height=\"531\" srcset=\"https:\/\/elcotarro.com\/wp-content\/uploads\/2017\/11\/FOTO-1.-MITSUHARU.jpg 945w, https:\/\/elcotarro.com\/wp-content\/uploads\/2017\/11\/FOTO-1.-MITSUHARU-300x169.jpg 300w\" sizes=\"auto, (max-width: 945px) 100vw, 945px\" \/><\/a><\/p>\n<p style=\"text-align: center\"><em>Mitsuharu \u201cMicha\u201d Tsumura, el mejor chef de Sudam\u00e9rica y propietario de \u201cMaido\u201d<\/em><\/p>\n","protected":false},"excerpt":{"rendered":"<p>Hace dos semanas, cuando el chef Mitsuharu \u201cMicha\u201d Tsumura lleg\u00f3 a Tenerife, su restaurante \u201cMaido\u201d (que significa bienvenido en japon\u00e9s) y que se encuentra en Lima (Per\u00fa) ocupaba el segundo puesto en el ranking de mejor restaurante de Sudam\u00e9rica, tras el restaurante \u201cCentral\u201d, liderado por Virgilio Mart\u00ednez. Asimismo, el \u201cMaido\u201d ocupaba el puesto N\u00ba8 en &#8230; <a class=\"read-more\" href=\"https:\/\/elcotarro.com\/?p=4729\">Read more<\/a><\/p>\n","protected":false},"author":2,"featured_media":0,"comment_status":"open","ping_status":"open","sticky":false,"template":"","format":"standard","meta":{"_jetpack_memberships_contains_paid_content":false,"footnotes":""},"categories":[1],"tags":[],"class_list":["post-4729","post","type-post","status-publish","format-standard","hentry","category-sin-categoria"],"yoast_head":"<!-- This site is optimized with the Yoast SEO plugin v27.0 - https:\/\/yoast.com\/product\/yoast-seo-wordpress\/ -->\n<title>\u201cMICHA\u201d PASA POR TENERIFE Y SUBE AL N\u00ba1 - El Cotarro<\/title>\n<meta name=\"robots\" content=\"index, follow, max-snippet:-1, max-image-preview:large, max-video-preview:-1\" \/>\n<link rel=\"canonical\" href=\"https:\/\/elcotarro.com\/?p=4729\" \/>\n<meta property=\"og:locale\" content=\"es_ES\" \/>\n<meta property=\"og:type\" content=\"article\" \/>\n<meta property=\"og:title\" content=\"\u201cMICHA\u201d PASA POR TENERIFE Y SUBE AL N\u00ba1 - El Cotarro\" \/>\n<meta property=\"og:description\" content=\"Hace dos semanas, cuando el chef Mitsuharu \u201cMicha\u201d Tsumura lleg\u00f3 a Tenerife, su restaurante \u201cMaido\u201d (que significa bienvenido en japon\u00e9s) y que se encuentra en Lima (Per\u00fa) ocupaba el segundo puesto en el ranking de mejor restaurante de Sudam\u00e9rica, tras el restaurante \u201cCentral\u201d, liderado por Virgilio Mart\u00ednez. Asimismo, el \u201cMaido\u201d ocupaba el puesto N\u00ba8 en ... Read more\" \/>\n<meta property=\"og:url\" content=\"https:\/\/elcotarro.com\/?p=4729\" \/>\n<meta property=\"og:site_name\" content=\"El Cotarro\" \/>\n<meta property=\"article:publisher\" content=\"https:\/\/www.facebook.com\/ElCotarro.Tenerife\" \/>\n<meta property=\"article:published_time\" content=\"2017-11-05T11:05:22+00:00\" \/>\n<meta property=\"og:image\" content=\"https:\/\/elcotarro.com\/wp-content\/uploads\/2017\/11\/FOTO-1.-MITSUHARU.jpg\" \/>\n<meta name=\"author\" content=\"Jos\u00e9 Carlos Marrero Gonz\u00e1lez\" \/>\n<meta name=\"twitter:label1\" content=\"Escrito por\" \/>\n\t<meta name=\"twitter:data1\" content=\"Jos\u00e9 Carlos Marrero Gonz\u00e1lez\" \/>\n\t<meta name=\"twitter:label2\" content=\"Tiempo de lectura\" \/>\n\t<meta name=\"twitter:data2\" content=\"1 minuto\" \/>\n<script type=\"application\/ld+json\" class=\"yoast-schema-graph\">{\"@context\":\"https:\/\/schema.org\",\"@graph\":[{\"@type\":\"Article\",\"@id\":\"https:\/\/elcotarro.com\/?p=4729#article\",\"isPartOf\":{\"@id\":\"https:\/\/elcotarro.com\/?p=4729\"},\"author\":{\"name\":\"Jos\u00e9 Carlos Marrero Gonz\u00e1lez\",\"@id\":\"https:\/\/elcotarro.com\/#\/schema\/person\/af537ee7d60d15984c7e0affcd8a918b\"},\"headline\":\"\u201cMICHA\u201d PASA POR TENERIFE Y SUBE AL N\u00ba1\",\"datePublished\":\"2017-11-05T11:05:22+00:00\",\"mainEntityOfPage\":{\"@id\":\"https:\/\/elcotarro.com\/?p=4729\"},\"wordCount\":188,\"commentCount\":0,\"publisher\":{\"@id\":\"https:\/\/elcotarro.com\/#organization\"},\"image\":{\"@id\":\"https:\/\/elcotarro.com\/?p=4729#primaryimage\"},\"thumbnailUrl\":\"https:\/\/elcotarro.com\/wp-content\/uploads\/2017\/11\/FOTO-1.-MITSUHARU.jpg\",\"inLanguage\":\"es\",\"potentialAction\":[{\"@type\":\"CommentAction\",\"name\":\"Comment\",\"target\":[\"https:\/\/elcotarro.com\/?p=4729#respond\"]}]},{\"@type\":\"WebPage\",\"@id\":\"https:\/\/elcotarro.com\/?p=4729\",\"url\":\"https:\/\/elcotarro.com\/?p=4729\",\"name\":\"\u201cMICHA\u201d PASA POR TENERIFE Y SUBE AL N\u00ba1 - El Cotarro\",\"isPartOf\":{\"@id\":\"https:\/\/elcotarro.com\/#website\"},\"primaryImageOfPage\":{\"@id\":\"https:\/\/elcotarro.com\/?p=4729#primaryimage\"},\"image\":{\"@id\":\"https:\/\/elcotarro.com\/?p=4729#primaryimage\"},\"thumbnailUrl\":\"https:\/\/elcotarro.com\/wp-content\/uploads\/2017\/11\/FOTO-1.-MITSUHARU.jpg\",\"datePublished\":\"2017-11-05T11:05:22+00:00\",\"breadcrumb\":{\"@id\":\"https:\/\/elcotarro.com\/?p=4729#breadcrumb\"},\"inLanguage\":\"es\",\"potentialAction\":[{\"@type\":\"ReadAction\",\"target\":[\"https:\/\/elcotarro.com\/?p=4729\"]}]},{\"@type\":\"ImageObject\",\"inLanguage\":\"es\",\"@id\":\"https:\/\/elcotarro.com\/?p=4729#primaryimage\",\"url\":\"https:\/\/elcotarro.com\/wp-content\/uploads\/2017\/11\/FOTO-1.-MITSUHARU.jpg\",\"contentUrl\":\"https:\/\/elcotarro.com\/wp-content\/uploads\/2017\/11\/FOTO-1.-MITSUHARU.jpg\",\"width\":945,\"height\":531},{\"@type\":\"BreadcrumbList\",\"@id\":\"https:\/\/elcotarro.com\/?p=4729#breadcrumb\",\"itemListElement\":[{\"@type\":\"ListItem\",\"position\":1,\"name\":\"Portada\",\"item\":\"https:\/\/elcotarro.com\/\"},{\"@type\":\"ListItem\",\"position\":2,\"name\":\"\u201cMICHA\u201d PASA POR TENERIFE Y SUBE AL N\u00ba1\"}]},{\"@type\":\"WebSite\",\"@id\":\"https:\/\/elcotarro.com\/#website\",\"url\":\"https:\/\/elcotarro.com\/\",\"name\":\"El Cotarro\",\"description\":\"Peri\u00f3dico Digital Independiente dirigido por Jos\u00e9 Carlos Marrero\",\"publisher\":{\"@id\":\"https:\/\/elcotarro.com\/#organization\"},\"potentialAction\":[{\"@type\":\"SearchAction\",\"target\":{\"@type\":\"EntryPoint\",\"urlTemplate\":\"https:\/\/elcotarro.com\/?s={search_term_string}\"},\"query-input\":{\"@type\":\"PropertyValueSpecification\",\"valueRequired\":true,\"valueName\":\"search_term_string\"}}],\"inLanguage\":\"es\"},{\"@type\":\"Organization\",\"@id\":\"https:\/\/elcotarro.com\/#organization\",\"name\":\"El Cotarro\",\"url\":\"https:\/\/elcotarro.com\/\",\"logo\":{\"@type\":\"ImageObject\",\"inLanguage\":\"es\",\"@id\":\"https:\/\/elcotarro.com\/#\/schema\/logo\/image\/\",\"url\":\"https:\/\/elcotarro.com\/wp-content\/uploads\/2014\/09\/Cabecera_El_Cotarro_v2.jpg\",\"contentUrl\":\"https:\/\/elcotarro.com\/wp-content\/uploads\/2014\/09\/Cabecera_El_Cotarro_v2.jpg\",\"width\":3540,\"height\":441,\"caption\":\"El Cotarro\"},\"image\":{\"@id\":\"https:\/\/elcotarro.com\/#\/schema\/logo\/image\/\"},\"sameAs\":[\"https:\/\/www.facebook.com\/ElCotarro.Tenerife\"]},{\"@type\":\"Person\",\"@id\":\"https:\/\/elcotarro.com\/#\/schema\/person\/af537ee7d60d15984c7e0affcd8a918b\",\"name\":\"Jos\u00e9 Carlos Marrero Gonz\u00e1lez\",\"image\":{\"@type\":\"ImageObject\",\"inLanguage\":\"es\",\"@id\":\"https:\/\/elcotarro.com\/#\/schema\/person\/image\/\",\"url\":\"https:\/\/secure.gravatar.com\/avatar\/def4da036efb5d32c74d49c351f6dccc064dd69ad9f3aadc295c5a9a5391ca01?s=96&d=mm&r=g\",\"contentUrl\":\"https:\/\/secure.gravatar.com\/avatar\/def4da036efb5d32c74d49c351f6dccc064dd69ad9f3aadc295c5a9a5391ca01?s=96&d=mm&r=g\",\"caption\":\"Jos\u00e9 Carlos Marrero Gonz\u00e1lez\"},\"sameAs\":[\"https:\/\/elcotarro.com\"],\"url\":\"https:\/\/elcotarro.com\/?author=2\"}]}<\/script>\n<!-- \/ Yoast SEO plugin. -->","yoast_head_json":{"title":"\u201cMICHA\u201d PASA POR TENERIFE Y SUBE AL N\u00ba1 - El Cotarro","robots":{"index":"index","follow":"follow","max-snippet":"max-snippet:-1","max-image-preview":"max-image-preview:large","max-video-preview":"max-video-preview:-1"},"canonical":"https:\/\/elcotarro.com\/?p=4729","og_locale":"es_ES","og_type":"article","og_title":"\u201cMICHA\u201d PASA POR TENERIFE Y SUBE AL N\u00ba1 - El Cotarro","og_description":"Hace dos semanas, cuando el chef Mitsuharu \u201cMicha\u201d Tsumura lleg\u00f3 a Tenerife, su restaurante \u201cMaido\u201d (que significa bienvenido en japon\u00e9s) y que se encuentra en Lima (Per\u00fa) ocupaba el segundo puesto en el ranking de mejor restaurante de Sudam\u00e9rica, tras el restaurante \u201cCentral\u201d, liderado por Virgilio Mart\u00ednez. Asimismo, el \u201cMaido\u201d ocupaba el puesto N\u00ba8 en ... Read more","og_url":"https:\/\/elcotarro.com\/?p=4729","og_site_name":"El Cotarro","article_publisher":"https:\/\/www.facebook.com\/ElCotarro.Tenerife","article_published_time":"2017-11-05T11:05:22+00:00","og_image":[{"url":"https:\/\/elcotarro.com\/wp-content\/uploads\/2017\/11\/FOTO-1.-MITSUHARU.jpg","type":"","width":"","height":""}],"author":"Jos\u00e9 Carlos Marrero Gonz\u00e1lez","twitter_misc":{"Escrito por":"Jos\u00e9 Carlos Marrero Gonz\u00e1lez","Tiempo de lectura":"1 minuto"},"schema":{"@context":"https:\/\/schema.org","@graph":[{"@type":"Article","@id":"https:\/\/elcotarro.com\/?p=4729#article","isPartOf":{"@id":"https:\/\/elcotarro.com\/?p=4729"},"author":{"name":"Jos\u00e9 Carlos Marrero Gonz\u00e1lez","@id":"https:\/\/elcotarro.com\/#\/schema\/person\/af537ee7d60d15984c7e0affcd8a918b"},"headline":"\u201cMICHA\u201d PASA POR TENERIFE Y SUBE AL N\u00ba1","datePublished":"2017-11-05T11:05:22+00:00","mainEntityOfPage":{"@id":"https:\/\/elcotarro.com\/?p=4729"},"wordCount":188,"commentCount":0,"publisher":{"@id":"https:\/\/elcotarro.com\/#organization"},"image":{"@id":"https:\/\/elcotarro.com\/?p=4729#primaryimage"},"thumbnailUrl":"https:\/\/elcotarro.com\/wp-content\/uploads\/2017\/11\/FOTO-1.-MITSUHARU.jpg","inLanguage":"es","potentialAction":[{"@type":"CommentAction","name":"Comment","target":["https:\/\/elcotarro.com\/?p=4729#respond"]}]},{"@type":"WebPage","@id":"https:\/\/elcotarro.com\/?p=4729","url":"https:\/\/elcotarro.com\/?p=4729","name":"\u201cMICHA\u201d PASA POR TENERIFE Y SUBE AL N\u00ba1 - El Cotarro","isPartOf":{"@id":"https:\/\/elcotarro.com\/#website"},"primaryImageOfPage":{"@id":"https:\/\/elcotarro.com\/?p=4729#primaryimage"},"image":{"@id":"https:\/\/elcotarro.com\/?p=4729#primaryimage"},"thumbnailUrl":"https:\/\/elcotarro.com\/wp-content\/uploads\/2017\/11\/FOTO-1.-MITSUHARU.jpg","datePublished":"2017-11-05T11:05:22+00:00","breadcrumb":{"@id":"https:\/\/elcotarro.com\/?p=4729#breadcrumb"},"inLanguage":"es","potentialAction":[{"@type":"ReadAction","target":["https:\/\/elcotarro.com\/?p=4729"]}]},{"@type":"ImageObject","inLanguage":"es","@id":"https:\/\/elcotarro.com\/?p=4729#primaryimage","url":"https:\/\/elcotarro.com\/wp-content\/uploads\/2017\/11\/FOTO-1.-MITSUHARU.jpg","contentUrl":"https:\/\/elcotarro.com\/wp-content\/uploads\/2017\/11\/FOTO-1.-MITSUHARU.jpg","width":945,"height":531},{"@type":"BreadcrumbList","@id":"https:\/\/elcotarro.com\/?p=4729#breadcrumb","itemListElement":[{"@type":"ListItem","position":1,"name":"Portada","item":"https:\/\/elcotarro.com\/"},{"@type":"ListItem","position":2,"name":"\u201cMICHA\u201d PASA POR TENERIFE Y SUBE AL N\u00ba1"}]},{"@type":"WebSite","@id":"https:\/\/elcotarro.com\/#website","url":"https:\/\/elcotarro.com\/","name":"El Cotarro","description":"Peri\u00f3dico Digital Independiente dirigido por Jos\u00e9 Carlos Marrero","publisher":{"@id":"https:\/\/elcotarro.com\/#organization"},"potentialAction":[{"@type":"SearchAction","target":{"@type":"EntryPoint","urlTemplate":"https:\/\/elcotarro.com\/?s={search_term_string}"},"query-input":{"@type":"PropertyValueSpecification","valueRequired":true,"valueName":"search_term_string"}}],"inLanguage":"es"},{"@type":"Organization","@id":"https:\/\/elcotarro.com\/#organization","name":"El Cotarro","url":"https:\/\/elcotarro.com\/","logo":{"@type":"ImageObject","inLanguage":"es","@id":"https:\/\/elcotarro.com\/#\/schema\/logo\/image\/","url":"https:\/\/elcotarro.com\/wp-content\/uploads\/2014\/09\/Cabecera_El_Cotarro_v2.jpg","contentUrl":"https:\/\/elcotarro.com\/wp-content\/uploads\/2014\/09\/Cabecera_El_Cotarro_v2.jpg","width":3540,"height":441,"caption":"El Cotarro"},"image":{"@id":"https:\/\/elcotarro.com\/#\/schema\/logo\/image\/"},"sameAs":["https:\/\/www.facebook.com\/ElCotarro.Tenerife"]},{"@type":"Person","@id":"https:\/\/elcotarro.com\/#\/schema\/person\/af537ee7d60d15984c7e0affcd8a918b","name":"Jos\u00e9 Carlos Marrero Gonz\u00e1lez","image":{"@type":"ImageObject","inLanguage":"es","@id":"https:\/\/elcotarro.com\/#\/schema\/person\/image\/","url":"https:\/\/secure.gravatar.com\/avatar\/def4da036efb5d32c74d49c351f6dccc064dd69ad9f3aadc295c5a9a5391ca01?s=96&d=mm&r=g","contentUrl":"https:\/\/secure.gravatar.com\/avatar\/def4da036efb5d32c74d49c351f6dccc064dd69ad9f3aadc295c5a9a5391ca01?s=96&d=mm&r=g","caption":"Jos\u00e9 Carlos Marrero Gonz\u00e1lez"},"sameAs":["https:\/\/elcotarro.com"],"url":"https:\/\/elcotarro.com\/?author=2"}]}},"jetpack_featured_media_url":"","jetpack_sharing_enabled":true,"_links":{"self":[{"href":"https:\/\/elcotarro.com\/index.php?rest_route=\/wp\/v2\/posts\/4729","targetHints":{"allow":["GET"]}}],"collection":[{"href":"https:\/\/elcotarro.com\/index.php?rest_route=\/wp\/v2\/posts"}],"about":[{"href":"https:\/\/elcotarro.com\/index.php?rest_route=\/wp\/v2\/types\/post"}],"author":[{"embeddable":true,"href":"https:\/\/elcotarro.com\/index.php?rest_route=\/wp\/v2\/users\/2"}],"replies":[{"embeddable":true,"href":"https:\/\/elcotarro.com\/index.php?rest_route=%2Fwp%2Fv2%2Fcomments&post=4729"}],"version-history":[{"count":1,"href":"https:\/\/elcotarro.com\/index.php?rest_route=\/wp\/v2\/posts\/4729\/revisions"}],"predecessor-version":[{"id":4731,"href":"https:\/\/elcotarro.com\/index.php?rest_route=\/wp\/v2\/posts\/4729\/revisions\/4731"}],"wp:attachment":[{"href":"https:\/\/elcotarro.com\/index.php?rest_route=%2Fwp%2Fv2%2Fmedia&parent=4729"}],"wp:term":[{"taxonomy":"category","embeddable":true,"href":"https:\/\/elcotarro.com\/index.php?rest_route=%2Fwp%2Fv2%2Fcategories&post=4729"},{"taxonomy":"post_tag","embeddable":true,"href":"https:\/\/elcotarro.com\/index.php?rest_route=%2Fwp%2Fv2%2Ftags&post=4729"}],"curies":[{"name":"wp","href":"https:\/\/api.w.org\/{rel}","templated":true}]}}