{"id":4752,"date":"2017-11-12T11:05:04","date_gmt":"2017-11-12T11:05:04","guid":{"rendered":"https:\/\/elcotarro.com\/?p=4752"},"modified":"2017-11-12T08:00:33","modified_gmt":"2017-11-12T08:00:33","slug":"el-nava-la-salle-cumplio-100-anitos","status":"publish","type":"post","link":"https:\/\/elcotarro.com\/?p=4752","title":{"rendered":"EL NAVA-LA SALLE CUMPLI\u00d3 100 A\u00d1ITOS"},"content":{"rendered":"<p>Nunca se podr\u00e1 valorar y agradecer suficientemente la inmensa labor educativa que, de forma integral y absolutamente ejemplar, han desarrollado los Hermanos de las Escuelas Cristianas, los hermanos de La Salle, en el ya centenario colegio Nava-La Salle de La Laguna. Ayer s\u00e1bado, despu\u00e9s de un a\u00f1o de celebraci\u00f3n con actividades de todo tipo, el popular \u201cColegio de Los Hermanos\u201d lagunero, cerr\u00f3 el programa conmemorativo de su primer centenario, con un entra\u00f1able acto que reuni\u00f3 a la gran familia lasaliana de Tenerife y Canarias (hermanos, alumnado, familias, profesores) con autoridades, vecinos de La Verdellada (donde actualmente est\u00e1 el colegio La Salle La Laguna) y al que asisti\u00f3 la m\u00e1xima autoridad de la congregaci\u00f3n de La Salle para Espa\u00f1a y Portugal, el hermano <strong>Jos\u00e9 Rom\u00e1n P\u00e9rez Conde<\/strong>, que sigue ostentando el tradicional t\u00edtulo de \u201cHermano Visitador\u201d, especialmente desplazado a Tenerife para esta ocasi\u00f3n.<\/p>\n<p style=\"text-align: center\"><a href=\"https:\/\/elcotarro.com\/wp-content\/uploads\/2017\/11\/FOTO-1.-CENTENARIO-LA-SALLE.jpg\"><img loading=\"lazy\" decoding=\"async\" class=\"alignnone size-full wp-image-4753\" src=\"https:\/\/elcotarro.com\/wp-content\/uploads\/2017\/11\/FOTO-1.-CENTENARIO-LA-SALLE.jpg\" alt=\"FOTO 1.- CENTENARIO LA SALLE\" width=\"1153\" height=\"862\" srcset=\"https:\/\/elcotarro.com\/wp-content\/uploads\/2017\/11\/FOTO-1.-CENTENARIO-LA-SALLE.jpg 1153w, https:\/\/elcotarro.com\/wp-content\/uploads\/2017\/11\/FOTO-1.-CENTENARIO-LA-SALLE-300x224.jpg 300w, https:\/\/elcotarro.com\/wp-content\/uploads\/2017\/11\/FOTO-1.-CENTENARIO-LA-SALLE-1024x766.jpg 1024w\" sizes=\"auto, (max-width: 1153px) 100vw, 1153px\" \/><\/a><\/p>\n<p style=\"text-align: center\"><em>El actual director del colegio La Salle La Laguna, Antol\u00edn Gonz\u00e1lez Cabrera, junto al monumento conmemorativo del primer centenario de la fundaci\u00f3n del centro<\/em>.<\/p>\n","protected":false},"excerpt":{"rendered":"<p>Nunca se podr\u00e1 valorar y agradecer suficientemente la inmensa labor educativa que, de forma integral y absolutamente ejemplar, han desarrollado los Hermanos de las Escuelas Cristianas, los hermanos de La Salle, en el ya centenario colegio Nava-La Salle de La Laguna. Ayer s\u00e1bado, despu\u00e9s de un a\u00f1o de celebraci\u00f3n con actividades de todo tipo, el &#8230; <a class=\"read-more\" href=\"https:\/\/elcotarro.com\/?p=4752\">Read more<\/a><\/p>\n","protected":false},"author":2,"featured_media":0,"comment_status":"open","ping_status":"open","sticky":false,"template":"","format":"standard","meta":{"_jetpack_memberships_contains_paid_content":false,"footnotes":""},"categories":[1],"tags":[],"class_list":["post-4752","post","type-post","status-publish","format-standard","hentry","category-sin-categoria"],"yoast_head":"<!-- This site is optimized with the Yoast SEO plugin v27.0 - https:\/\/yoast.com\/product\/yoast-seo-wordpress\/ -->\n<title>EL NAVA-LA SALLE CUMPLI\u00d3 100 A\u00d1ITOS - El Cotarro<\/title>\n<meta name=\"robots\" content=\"index, follow, max-snippet:-1, max-image-preview:large, max-video-preview:-1\" \/>\n<link rel=\"canonical\" href=\"https:\/\/elcotarro.com\/?p=4752\" \/>\n<meta property=\"og:locale\" content=\"es_ES\" \/>\n<meta property=\"og:type\" content=\"article\" \/>\n<meta property=\"og:title\" content=\"EL NAVA-LA SALLE CUMPLI\u00d3 100 A\u00d1ITOS - El Cotarro\" \/>\n<meta property=\"og:description\" content=\"Nunca se podr\u00e1 valorar y agradecer suficientemente la inmensa labor educativa que, de forma integral y absolutamente ejemplar, han desarrollado los Hermanos de las Escuelas Cristianas, los hermanos de La Salle, en el ya centenario colegio Nava-La Salle de La Laguna. Ayer s\u00e1bado, despu\u00e9s de un a\u00f1o de celebraci\u00f3n con actividades de todo tipo, el ... Read more\" \/>\n<meta property=\"og:url\" content=\"https:\/\/elcotarro.com\/?p=4752\" \/>\n<meta property=\"og:site_name\" content=\"El Cotarro\" \/>\n<meta property=\"article:publisher\" content=\"https:\/\/www.facebook.com\/ElCotarro.Tenerife\" \/>\n<meta property=\"article:published_time\" content=\"2017-11-12T11:05:04+00:00\" \/>\n<meta property=\"og:image\" content=\"https:\/\/elcotarro.com\/wp-content\/uploads\/2017\/11\/FOTO-1.-CENTENARIO-LA-SALLE.jpg\" \/>\n<meta name=\"author\" content=\"Jos\u00e9 Carlos Marrero Gonz\u00e1lez\" \/>\n<meta name=\"twitter:label1\" content=\"Escrito por\" \/>\n\t<meta name=\"twitter:data1\" content=\"Jos\u00e9 Carlos Marrero Gonz\u00e1lez\" \/>\n\t<meta name=\"twitter:label2\" content=\"Tiempo de lectura\" \/>\n\t<meta name=\"twitter:data2\" content=\"1 minuto\" \/>\n<script type=\"application\/ld+json\" class=\"yoast-schema-graph\">{\"@context\":\"https:\/\/schema.org\",\"@graph\":[{\"@type\":\"Article\",\"@id\":\"https:\/\/elcotarro.com\/?p=4752#article\",\"isPartOf\":{\"@id\":\"https:\/\/elcotarro.com\/?p=4752\"},\"author\":{\"name\":\"Jos\u00e9 Carlos Marrero Gonz\u00e1lez\",\"@id\":\"https:\/\/elcotarro.com\/#\/schema\/person\/af537ee7d60d15984c7e0affcd8a918b\"},\"headline\":\"EL NAVA-LA SALLE CUMPLI\u00d3 100 A\u00d1ITOS\",\"datePublished\":\"2017-11-12T11:05:04+00:00\",\"mainEntityOfPage\":{\"@id\":\"https:\/\/elcotarro.com\/?p=4752\"},\"wordCount\":187,\"commentCount\":0,\"publisher\":{\"@id\":\"https:\/\/elcotarro.com\/#organization\"},\"image\":{\"@id\":\"https:\/\/elcotarro.com\/?p=4752#primaryimage\"},\"thumbnailUrl\":\"https:\/\/elcotarro.com\/wp-content\/uploads\/2017\/11\/FOTO-1.-CENTENARIO-LA-SALLE.jpg\",\"inLanguage\":\"es\",\"potentialAction\":[{\"@type\":\"CommentAction\",\"name\":\"Comment\",\"target\":[\"https:\/\/elcotarro.com\/?p=4752#respond\"]}]},{\"@type\":\"WebPage\",\"@id\":\"https:\/\/elcotarro.com\/?p=4752\",\"url\":\"https:\/\/elcotarro.com\/?p=4752\",\"name\":\"EL NAVA-LA SALLE CUMPLI\u00d3 100 A\u00d1ITOS - El Cotarro\",\"isPartOf\":{\"@id\":\"https:\/\/elcotarro.com\/#website\"},\"primaryImageOfPage\":{\"@id\":\"https:\/\/elcotarro.com\/?p=4752#primaryimage\"},\"image\":{\"@id\":\"https:\/\/elcotarro.com\/?p=4752#primaryimage\"},\"thumbnailUrl\":\"https:\/\/elcotarro.com\/wp-content\/uploads\/2017\/11\/FOTO-1.-CENTENARIO-LA-SALLE.jpg\",\"datePublished\":\"2017-11-12T11:05:04+00:00\",\"breadcrumb\":{\"@id\":\"https:\/\/elcotarro.com\/?p=4752#breadcrumb\"},\"inLanguage\":\"es\",\"potentialAction\":[{\"@type\":\"ReadAction\",\"target\":[\"https:\/\/elcotarro.com\/?p=4752\"]}]},{\"@type\":\"ImageObject\",\"inLanguage\":\"es\",\"@id\":\"https:\/\/elcotarro.com\/?p=4752#primaryimage\",\"url\":\"https:\/\/elcotarro.com\/wp-content\/uploads\/2017\/11\/FOTO-1.-CENTENARIO-LA-SALLE.jpg\",\"contentUrl\":\"https:\/\/elcotarro.com\/wp-content\/uploads\/2017\/11\/FOTO-1.-CENTENARIO-LA-SALLE.jpg\",\"width\":1153,\"height\":862},{\"@type\":\"BreadcrumbList\",\"@id\":\"https:\/\/elcotarro.com\/?p=4752#breadcrumb\",\"itemListElement\":[{\"@type\":\"ListItem\",\"position\":1,\"name\":\"Portada\",\"item\":\"https:\/\/elcotarro.com\/\"},{\"@type\":\"ListItem\",\"position\":2,\"name\":\"EL NAVA-LA SALLE CUMPLI\u00d3 100 A\u00d1ITOS\"}]},{\"@type\":\"WebSite\",\"@id\":\"https:\/\/elcotarro.com\/#website\",\"url\":\"https:\/\/elcotarro.com\/\",\"name\":\"El Cotarro\",\"description\":\"Peri\u00f3dico Digital Independiente dirigido por Jos\u00e9 Carlos Marrero\",\"publisher\":{\"@id\":\"https:\/\/elcotarro.com\/#organization\"},\"potentialAction\":[{\"@type\":\"SearchAction\",\"target\":{\"@type\":\"EntryPoint\",\"urlTemplate\":\"https:\/\/elcotarro.com\/?s={search_term_string}\"},\"query-input\":{\"@type\":\"PropertyValueSpecification\",\"valueRequired\":true,\"valueName\":\"search_term_string\"}}],\"inLanguage\":\"es\"},{\"@type\":\"Organization\",\"@id\":\"https:\/\/elcotarro.com\/#organization\",\"name\":\"El Cotarro\",\"url\":\"https:\/\/elcotarro.com\/\",\"logo\":{\"@type\":\"ImageObject\",\"inLanguage\":\"es\",\"@id\":\"https:\/\/elcotarro.com\/#\/schema\/logo\/image\/\",\"url\":\"https:\/\/elcotarro.com\/wp-content\/uploads\/2014\/09\/Cabecera_El_Cotarro_v2.jpg\",\"contentUrl\":\"https:\/\/elcotarro.com\/wp-content\/uploads\/2014\/09\/Cabecera_El_Cotarro_v2.jpg\",\"width\":3540,\"height\":441,\"caption\":\"El Cotarro\"},\"image\":{\"@id\":\"https:\/\/elcotarro.com\/#\/schema\/logo\/image\/\"},\"sameAs\":[\"https:\/\/www.facebook.com\/ElCotarro.Tenerife\"]},{\"@type\":\"Person\",\"@id\":\"https:\/\/elcotarro.com\/#\/schema\/person\/af537ee7d60d15984c7e0affcd8a918b\",\"name\":\"Jos\u00e9 Carlos Marrero Gonz\u00e1lez\",\"image\":{\"@type\":\"ImageObject\",\"inLanguage\":\"es\",\"@id\":\"https:\/\/elcotarro.com\/#\/schema\/person\/image\/\",\"url\":\"https:\/\/secure.gravatar.com\/avatar\/def4da036efb5d32c74d49c351f6dccc064dd69ad9f3aadc295c5a9a5391ca01?s=96&d=mm&r=g\",\"contentUrl\":\"https:\/\/secure.gravatar.com\/avatar\/def4da036efb5d32c74d49c351f6dccc064dd69ad9f3aadc295c5a9a5391ca01?s=96&d=mm&r=g\",\"caption\":\"Jos\u00e9 Carlos Marrero Gonz\u00e1lez\"},\"sameAs\":[\"https:\/\/elcotarro.com\"],\"url\":\"https:\/\/elcotarro.com\/?author=2\"}]}<\/script>\n<!-- \/ Yoast SEO plugin. -->","yoast_head_json":{"title":"EL NAVA-LA SALLE CUMPLI\u00d3 100 A\u00d1ITOS - El Cotarro","robots":{"index":"index","follow":"follow","max-snippet":"max-snippet:-1","max-image-preview":"max-image-preview:large","max-video-preview":"max-video-preview:-1"},"canonical":"https:\/\/elcotarro.com\/?p=4752","og_locale":"es_ES","og_type":"article","og_title":"EL NAVA-LA SALLE CUMPLI\u00d3 100 A\u00d1ITOS - El Cotarro","og_description":"Nunca se podr\u00e1 valorar y agradecer suficientemente la inmensa labor educativa que, de forma integral y absolutamente ejemplar, han desarrollado los Hermanos de las Escuelas Cristianas, los hermanos de La Salle, en el ya centenario colegio Nava-La Salle de La Laguna. Ayer s\u00e1bado, despu\u00e9s de un a\u00f1o de celebraci\u00f3n con actividades de todo tipo, el ... Read more","og_url":"https:\/\/elcotarro.com\/?p=4752","og_site_name":"El Cotarro","article_publisher":"https:\/\/www.facebook.com\/ElCotarro.Tenerife","article_published_time":"2017-11-12T11:05:04+00:00","og_image":[{"url":"https:\/\/elcotarro.com\/wp-content\/uploads\/2017\/11\/FOTO-1.-CENTENARIO-LA-SALLE.jpg","type":"","width":"","height":""}],"author":"Jos\u00e9 Carlos Marrero Gonz\u00e1lez","twitter_misc":{"Escrito por":"Jos\u00e9 Carlos Marrero Gonz\u00e1lez","Tiempo de lectura":"1 minuto"},"schema":{"@context":"https:\/\/schema.org","@graph":[{"@type":"Article","@id":"https:\/\/elcotarro.com\/?p=4752#article","isPartOf":{"@id":"https:\/\/elcotarro.com\/?p=4752"},"author":{"name":"Jos\u00e9 Carlos Marrero Gonz\u00e1lez","@id":"https:\/\/elcotarro.com\/#\/schema\/person\/af537ee7d60d15984c7e0affcd8a918b"},"headline":"EL NAVA-LA SALLE CUMPLI\u00d3 100 A\u00d1ITOS","datePublished":"2017-11-12T11:05:04+00:00","mainEntityOfPage":{"@id":"https:\/\/elcotarro.com\/?p=4752"},"wordCount":187,"commentCount":0,"publisher":{"@id":"https:\/\/elcotarro.com\/#organization"},"image":{"@id":"https:\/\/elcotarro.com\/?p=4752#primaryimage"},"thumbnailUrl":"https:\/\/elcotarro.com\/wp-content\/uploads\/2017\/11\/FOTO-1.-CENTENARIO-LA-SALLE.jpg","inLanguage":"es","potentialAction":[{"@type":"CommentAction","name":"Comment","target":["https:\/\/elcotarro.com\/?p=4752#respond"]}]},{"@type":"WebPage","@id":"https:\/\/elcotarro.com\/?p=4752","url":"https:\/\/elcotarro.com\/?p=4752","name":"EL NAVA-LA SALLE CUMPLI\u00d3 100 A\u00d1ITOS - El Cotarro","isPartOf":{"@id":"https:\/\/elcotarro.com\/#website"},"primaryImageOfPage":{"@id":"https:\/\/elcotarro.com\/?p=4752#primaryimage"},"image":{"@id":"https:\/\/elcotarro.com\/?p=4752#primaryimage"},"thumbnailUrl":"https:\/\/elcotarro.com\/wp-content\/uploads\/2017\/11\/FOTO-1.-CENTENARIO-LA-SALLE.jpg","datePublished":"2017-11-12T11:05:04+00:00","breadcrumb":{"@id":"https:\/\/elcotarro.com\/?p=4752#breadcrumb"},"inLanguage":"es","potentialAction":[{"@type":"ReadAction","target":["https:\/\/elcotarro.com\/?p=4752"]}]},{"@type":"ImageObject","inLanguage":"es","@id":"https:\/\/elcotarro.com\/?p=4752#primaryimage","url":"https:\/\/elcotarro.com\/wp-content\/uploads\/2017\/11\/FOTO-1.-CENTENARIO-LA-SALLE.jpg","contentUrl":"https:\/\/elcotarro.com\/wp-content\/uploads\/2017\/11\/FOTO-1.-CENTENARIO-LA-SALLE.jpg","width":1153,"height":862},{"@type":"BreadcrumbList","@id":"https:\/\/elcotarro.com\/?p=4752#breadcrumb","itemListElement":[{"@type":"ListItem","position":1,"name":"Portada","item":"https:\/\/elcotarro.com\/"},{"@type":"ListItem","position":2,"name":"EL NAVA-LA SALLE CUMPLI\u00d3 100 A\u00d1ITOS"}]},{"@type":"WebSite","@id":"https:\/\/elcotarro.com\/#website","url":"https:\/\/elcotarro.com\/","name":"El Cotarro","description":"Peri\u00f3dico Digital Independiente dirigido por Jos\u00e9 Carlos Marrero","publisher":{"@id":"https:\/\/elcotarro.com\/#organization"},"potentialAction":[{"@type":"SearchAction","target":{"@type":"EntryPoint","urlTemplate":"https:\/\/elcotarro.com\/?s={search_term_string}"},"query-input":{"@type":"PropertyValueSpecification","valueRequired":true,"valueName":"search_term_string"}}],"inLanguage":"es"},{"@type":"Organization","@id":"https:\/\/elcotarro.com\/#organization","name":"El Cotarro","url":"https:\/\/elcotarro.com\/","logo":{"@type":"ImageObject","inLanguage":"es","@id":"https:\/\/elcotarro.com\/#\/schema\/logo\/image\/","url":"https:\/\/elcotarro.com\/wp-content\/uploads\/2014\/09\/Cabecera_El_Cotarro_v2.jpg","contentUrl":"https:\/\/elcotarro.com\/wp-content\/uploads\/2014\/09\/Cabecera_El_Cotarro_v2.jpg","width":3540,"height":441,"caption":"El Cotarro"},"image":{"@id":"https:\/\/elcotarro.com\/#\/schema\/logo\/image\/"},"sameAs":["https:\/\/www.facebook.com\/ElCotarro.Tenerife"]},{"@type":"Person","@id":"https:\/\/elcotarro.com\/#\/schema\/person\/af537ee7d60d15984c7e0affcd8a918b","name":"Jos\u00e9 Carlos Marrero Gonz\u00e1lez","image":{"@type":"ImageObject","inLanguage":"es","@id":"https:\/\/elcotarro.com\/#\/schema\/person\/image\/","url":"https:\/\/secure.gravatar.com\/avatar\/def4da036efb5d32c74d49c351f6dccc064dd69ad9f3aadc295c5a9a5391ca01?s=96&d=mm&r=g","contentUrl":"https:\/\/secure.gravatar.com\/avatar\/def4da036efb5d32c74d49c351f6dccc064dd69ad9f3aadc295c5a9a5391ca01?s=96&d=mm&r=g","caption":"Jos\u00e9 Carlos Marrero Gonz\u00e1lez"},"sameAs":["https:\/\/elcotarro.com"],"url":"https:\/\/elcotarro.com\/?author=2"}]}},"jetpack_featured_media_url":"","jetpack_sharing_enabled":true,"_links":{"self":[{"href":"https:\/\/elcotarro.com\/index.php?rest_route=\/wp\/v2\/posts\/4752","targetHints":{"allow":["GET"]}}],"collection":[{"href":"https:\/\/elcotarro.com\/index.php?rest_route=\/wp\/v2\/posts"}],"about":[{"href":"https:\/\/elcotarro.com\/index.php?rest_route=\/wp\/v2\/types\/post"}],"author":[{"embeddable":true,"href":"https:\/\/elcotarro.com\/index.php?rest_route=\/wp\/v2\/users\/2"}],"replies":[{"embeddable":true,"href":"https:\/\/elcotarro.com\/index.php?rest_route=%2Fwp%2Fv2%2Fcomments&post=4752"}],"version-history":[{"count":1,"href":"https:\/\/elcotarro.com\/index.php?rest_route=\/wp\/v2\/posts\/4752\/revisions"}],"predecessor-version":[{"id":4754,"href":"https:\/\/elcotarro.com\/index.php?rest_route=\/wp\/v2\/posts\/4752\/revisions\/4754"}],"wp:attachment":[{"href":"https:\/\/elcotarro.com\/index.php?rest_route=%2Fwp%2Fv2%2Fmedia&parent=4752"}],"wp:term":[{"taxonomy":"category","embeddable":true,"href":"https:\/\/elcotarro.com\/index.php?rest_route=%2Fwp%2Fv2%2Fcategories&post=4752"},{"taxonomy":"post_tag","embeddable":true,"href":"https:\/\/elcotarro.com\/index.php?rest_route=%2Fwp%2Fv2%2Ftags&post=4752"}],"curies":[{"name":"wp","href":"https:\/\/api.w.org\/{rel}","templated":true}]}}