{"id":4764,"date":"2017-11-12T11:01:29","date_gmt":"2017-11-12T11:01:29","guid":{"rendered":"https:\/\/elcotarro.com\/?p=4764"},"modified":"2017-11-12T08:06:36","modified_gmt":"2017-11-12T08:06:36","slug":"in-seguridad-integral-canaria","status":"publish","type":"post","link":"https:\/\/elcotarro.com\/?p=4764","title":{"rendered":"IN&#8230; SEGURIDAD INTEGRAL CANARIA"},"content":{"rendered":"<p>Seguridad Integral Canarias (SIC), compa\u00f1\u00eda vinculada al empresario grancanario, <strong>Miguel \u00c1ngel Ram\u00edrez<\/strong>, por otro lado, presidente de la U.D. Las Palmas, no est\u00e1 pasando por sus mejores momentos econ\u00f3micos. Seg\u00fan manifiestan algunos sindicatos y sus propios trabajadores, muchos de sus empleados (la mayor\u00eda vigilantes jurados) llevan dos y hasta tres meses sin cobrar sus respectivos sueldos. Hace unos d\u00edas, la que se hace llamar compa\u00f1\u00eda l\u00edder en seguridad de Canarias, \u201cllen\u00f3 la cachimba\u201d de muchos de ellos que optaron por trabajar \u201ca reglamento\u201d, pedir bajas m\u00e9dicas o, simplemente, no acudir a sus turnos. Otra vez m\u00e1s, el paciente p\u00fablico y los usuarios de centros de trabajo como las sedes de algunos juzgados en las islas, por ejemplo, se vieron afectados por la triste situaci\u00f3n. Dentro de este lamentable escenario, sin embargo, es de destacar, reconocer y valorar la profesionalidad y gran lealtad (en este caso no a la empresa que les contrata y no les paga, sino al centro donde desarrollan su labor) que ha tenido un grupo de trabajadores de SIC, que prestan sus servicios en el Recinto Ferial de Tenerife.<\/p>\n<p style=\"text-align: center\"><a href=\"https:\/\/elcotarro.com\/wp-content\/uploads\/2017\/11\/FOTO-5.-RECINTO-FERIAL.jpg\"><img loading=\"lazy\" decoding=\"async\" class=\"alignnone size-full wp-image-4765\" src=\"https:\/\/elcotarro.com\/wp-content\/uploads\/2017\/11\/FOTO-5.-RECINTO-FERIAL.jpg\" alt=\"FOTO 5.- RECINTO FERIAL\" width=\"700\" height=\"365\" srcset=\"https:\/\/elcotarro.com\/wp-content\/uploads\/2017\/11\/FOTO-5.-RECINTO-FERIAL.jpg 700w, https:\/\/elcotarro.com\/wp-content\/uploads\/2017\/11\/FOTO-5.-RECINTO-FERIAL-300x156.jpg 300w\" sizes=\"auto, (max-width: 700px) 100vw, 700px\" \/><\/a><\/p>\n<p style=\"text-align: center\"><em>Imagen a\u00e9rea del Centro Internacional de Ferias y Congresos de Tenerife, nuestro popularmente conocido como \u201cRecinto Ferial\u201d dependiente de la Instituci\u00f3n Ferial.<\/em><\/p>\n","protected":false},"excerpt":{"rendered":"<p>Seguridad Integral Canarias (SIC), compa\u00f1\u00eda vinculada al empresario grancanario, Miguel \u00c1ngel Ram\u00edrez, por otro lado, presidente de la U.D. Las Palmas, no est\u00e1 pasando por sus mejores momentos econ\u00f3micos. Seg\u00fan manifiestan algunos sindicatos y sus propios trabajadores, muchos de sus empleados (la mayor\u00eda vigilantes jurados) llevan dos y hasta tres meses sin cobrar sus respectivos &#8230; <a class=\"read-more\" href=\"https:\/\/elcotarro.com\/?p=4764\">Read more<\/a><\/p>\n","protected":false},"author":2,"featured_media":0,"comment_status":"open","ping_status":"open","sticky":false,"template":"","format":"standard","meta":{"_jetpack_memberships_contains_paid_content":false,"footnotes":""},"categories":[1],"tags":[],"class_list":["post-4764","post","type-post","status-publish","format-standard","hentry","category-sin-categoria"],"yoast_head":"<!-- This site is optimized with the Yoast SEO plugin v27.0 - https:\/\/yoast.com\/product\/yoast-seo-wordpress\/ -->\n<title>IN... SEGURIDAD INTEGRAL CANARIA - El Cotarro<\/title>\n<meta name=\"robots\" content=\"index, follow, max-snippet:-1, max-image-preview:large, max-video-preview:-1\" \/>\n<link rel=\"canonical\" href=\"https:\/\/elcotarro.com\/?p=4764\" \/>\n<meta property=\"og:locale\" content=\"es_ES\" \/>\n<meta property=\"og:type\" content=\"article\" \/>\n<meta property=\"og:title\" content=\"IN... SEGURIDAD INTEGRAL CANARIA - El Cotarro\" \/>\n<meta property=\"og:description\" content=\"Seguridad Integral Canarias (SIC), compa\u00f1\u00eda vinculada al empresario grancanario, Miguel \u00c1ngel Ram\u00edrez, por otro lado, presidente de la U.D. Las Palmas, no est\u00e1 pasando por sus mejores momentos econ\u00f3micos. Seg\u00fan manifiestan algunos sindicatos y sus propios trabajadores, muchos de sus empleados (la mayor\u00eda vigilantes jurados) llevan dos y hasta tres meses sin cobrar sus respectivos ... Read more\" \/>\n<meta property=\"og:url\" content=\"https:\/\/elcotarro.com\/?p=4764\" \/>\n<meta property=\"og:site_name\" content=\"El Cotarro\" \/>\n<meta property=\"article:publisher\" content=\"https:\/\/www.facebook.com\/ElCotarro.Tenerife\" \/>\n<meta property=\"article:published_time\" content=\"2017-11-12T11:01:29+00:00\" \/>\n<meta property=\"og:image\" content=\"https:\/\/elcotarro.com\/wp-content\/uploads\/2017\/11\/FOTO-5.-RECINTO-FERIAL.jpg\" \/>\n<meta name=\"author\" content=\"Jos\u00e9 Carlos Marrero Gonz\u00e1lez\" \/>\n<meta name=\"twitter:label1\" content=\"Escrito por\" \/>\n\t<meta name=\"twitter:data1\" content=\"Jos\u00e9 Carlos Marrero Gonz\u00e1lez\" \/>\n\t<meta name=\"twitter:label2\" content=\"Tiempo de lectura\" \/>\n\t<meta name=\"twitter:data2\" content=\"1 minuto\" \/>\n<script type=\"application\/ld+json\" class=\"yoast-schema-graph\">{\"@context\":\"https:\/\/schema.org\",\"@graph\":[{\"@type\":\"Article\",\"@id\":\"https:\/\/elcotarro.com\/?p=4764#article\",\"isPartOf\":{\"@id\":\"https:\/\/elcotarro.com\/?p=4764\"},\"author\":{\"name\":\"Jos\u00e9 Carlos Marrero Gonz\u00e1lez\",\"@id\":\"https:\/\/elcotarro.com\/#\/schema\/person\/af537ee7d60d15984c7e0affcd8a918b\"},\"headline\":\"IN&#8230; SEGURIDAD INTEGRAL CANARIA\",\"datePublished\":\"2017-11-12T11:01:29+00:00\",\"mainEntityOfPage\":{\"@id\":\"https:\/\/elcotarro.com\/?p=4764\"},\"wordCount\":223,\"commentCount\":0,\"publisher\":{\"@id\":\"https:\/\/elcotarro.com\/#organization\"},\"image\":{\"@id\":\"https:\/\/elcotarro.com\/?p=4764#primaryimage\"},\"thumbnailUrl\":\"https:\/\/elcotarro.com\/wp-content\/uploads\/2017\/11\/FOTO-5.-RECINTO-FERIAL.jpg\",\"inLanguage\":\"es\",\"potentialAction\":[{\"@type\":\"CommentAction\",\"name\":\"Comment\",\"target\":[\"https:\/\/elcotarro.com\/?p=4764#respond\"]}]},{\"@type\":\"WebPage\",\"@id\":\"https:\/\/elcotarro.com\/?p=4764\",\"url\":\"https:\/\/elcotarro.com\/?p=4764\",\"name\":\"IN... SEGURIDAD INTEGRAL CANARIA - El Cotarro\",\"isPartOf\":{\"@id\":\"https:\/\/elcotarro.com\/#website\"},\"primaryImageOfPage\":{\"@id\":\"https:\/\/elcotarro.com\/?p=4764#primaryimage\"},\"image\":{\"@id\":\"https:\/\/elcotarro.com\/?p=4764#primaryimage\"},\"thumbnailUrl\":\"https:\/\/elcotarro.com\/wp-content\/uploads\/2017\/11\/FOTO-5.-RECINTO-FERIAL.jpg\",\"datePublished\":\"2017-11-12T11:01:29+00:00\",\"breadcrumb\":{\"@id\":\"https:\/\/elcotarro.com\/?p=4764#breadcrumb\"},\"inLanguage\":\"es\",\"potentialAction\":[{\"@type\":\"ReadAction\",\"target\":[\"https:\/\/elcotarro.com\/?p=4764\"]}]},{\"@type\":\"ImageObject\",\"inLanguage\":\"es\",\"@id\":\"https:\/\/elcotarro.com\/?p=4764#primaryimage\",\"url\":\"https:\/\/elcotarro.com\/wp-content\/uploads\/2017\/11\/FOTO-5.-RECINTO-FERIAL.jpg\",\"contentUrl\":\"https:\/\/elcotarro.com\/wp-content\/uploads\/2017\/11\/FOTO-5.-RECINTO-FERIAL.jpg\",\"width\":700,\"height\":365},{\"@type\":\"BreadcrumbList\",\"@id\":\"https:\/\/elcotarro.com\/?p=4764#breadcrumb\",\"itemListElement\":[{\"@type\":\"ListItem\",\"position\":1,\"name\":\"Portada\",\"item\":\"https:\/\/elcotarro.com\/\"},{\"@type\":\"ListItem\",\"position\":2,\"name\":\"IN&#8230; SEGURIDAD INTEGRAL CANARIA\"}]},{\"@type\":\"WebSite\",\"@id\":\"https:\/\/elcotarro.com\/#website\",\"url\":\"https:\/\/elcotarro.com\/\",\"name\":\"El Cotarro\",\"description\":\"Peri\u00f3dico Digital Independiente dirigido por Jos\u00e9 Carlos Marrero\",\"publisher\":{\"@id\":\"https:\/\/elcotarro.com\/#organization\"},\"potentialAction\":[{\"@type\":\"SearchAction\",\"target\":{\"@type\":\"EntryPoint\",\"urlTemplate\":\"https:\/\/elcotarro.com\/?s={search_term_string}\"},\"query-input\":{\"@type\":\"PropertyValueSpecification\",\"valueRequired\":true,\"valueName\":\"search_term_string\"}}],\"inLanguage\":\"es\"},{\"@type\":\"Organization\",\"@id\":\"https:\/\/elcotarro.com\/#organization\",\"name\":\"El Cotarro\",\"url\":\"https:\/\/elcotarro.com\/\",\"logo\":{\"@type\":\"ImageObject\",\"inLanguage\":\"es\",\"@id\":\"https:\/\/elcotarro.com\/#\/schema\/logo\/image\/\",\"url\":\"https:\/\/elcotarro.com\/wp-content\/uploads\/2014\/09\/Cabecera_El_Cotarro_v2.jpg\",\"contentUrl\":\"https:\/\/elcotarro.com\/wp-content\/uploads\/2014\/09\/Cabecera_El_Cotarro_v2.jpg\",\"width\":3540,\"height\":441,\"caption\":\"El Cotarro\"},\"image\":{\"@id\":\"https:\/\/elcotarro.com\/#\/schema\/logo\/image\/\"},\"sameAs\":[\"https:\/\/www.facebook.com\/ElCotarro.Tenerife\"]},{\"@type\":\"Person\",\"@id\":\"https:\/\/elcotarro.com\/#\/schema\/person\/af537ee7d60d15984c7e0affcd8a918b\",\"name\":\"Jos\u00e9 Carlos Marrero Gonz\u00e1lez\",\"image\":{\"@type\":\"ImageObject\",\"inLanguage\":\"es\",\"@id\":\"https:\/\/elcotarro.com\/#\/schema\/person\/image\/\",\"url\":\"https:\/\/secure.gravatar.com\/avatar\/def4da036efb5d32c74d49c351f6dccc064dd69ad9f3aadc295c5a9a5391ca01?s=96&d=mm&r=g\",\"contentUrl\":\"https:\/\/secure.gravatar.com\/avatar\/def4da036efb5d32c74d49c351f6dccc064dd69ad9f3aadc295c5a9a5391ca01?s=96&d=mm&r=g\",\"caption\":\"Jos\u00e9 Carlos Marrero Gonz\u00e1lez\"},\"sameAs\":[\"https:\/\/elcotarro.com\"],\"url\":\"https:\/\/elcotarro.com\/?author=2\"}]}<\/script>\n<!-- \/ Yoast SEO plugin. -->","yoast_head_json":{"title":"IN... SEGURIDAD INTEGRAL CANARIA - El Cotarro","robots":{"index":"index","follow":"follow","max-snippet":"max-snippet:-1","max-image-preview":"max-image-preview:large","max-video-preview":"max-video-preview:-1"},"canonical":"https:\/\/elcotarro.com\/?p=4764","og_locale":"es_ES","og_type":"article","og_title":"IN... SEGURIDAD INTEGRAL CANARIA - El Cotarro","og_description":"Seguridad Integral Canarias (SIC), compa\u00f1\u00eda vinculada al empresario grancanario, Miguel \u00c1ngel Ram\u00edrez, por otro lado, presidente de la U.D. Las Palmas, no est\u00e1 pasando por sus mejores momentos econ\u00f3micos. Seg\u00fan manifiestan algunos sindicatos y sus propios trabajadores, muchos de sus empleados (la mayor\u00eda vigilantes jurados) llevan dos y hasta tres meses sin cobrar sus respectivos ... Read more","og_url":"https:\/\/elcotarro.com\/?p=4764","og_site_name":"El Cotarro","article_publisher":"https:\/\/www.facebook.com\/ElCotarro.Tenerife","article_published_time":"2017-11-12T11:01:29+00:00","og_image":[{"url":"https:\/\/elcotarro.com\/wp-content\/uploads\/2017\/11\/FOTO-5.-RECINTO-FERIAL.jpg","type":"","width":"","height":""}],"author":"Jos\u00e9 Carlos Marrero Gonz\u00e1lez","twitter_misc":{"Escrito por":"Jos\u00e9 Carlos Marrero Gonz\u00e1lez","Tiempo de lectura":"1 minuto"},"schema":{"@context":"https:\/\/schema.org","@graph":[{"@type":"Article","@id":"https:\/\/elcotarro.com\/?p=4764#article","isPartOf":{"@id":"https:\/\/elcotarro.com\/?p=4764"},"author":{"name":"Jos\u00e9 Carlos Marrero Gonz\u00e1lez","@id":"https:\/\/elcotarro.com\/#\/schema\/person\/af537ee7d60d15984c7e0affcd8a918b"},"headline":"IN&#8230; SEGURIDAD INTEGRAL CANARIA","datePublished":"2017-11-12T11:01:29+00:00","mainEntityOfPage":{"@id":"https:\/\/elcotarro.com\/?p=4764"},"wordCount":223,"commentCount":0,"publisher":{"@id":"https:\/\/elcotarro.com\/#organization"},"image":{"@id":"https:\/\/elcotarro.com\/?p=4764#primaryimage"},"thumbnailUrl":"https:\/\/elcotarro.com\/wp-content\/uploads\/2017\/11\/FOTO-5.-RECINTO-FERIAL.jpg","inLanguage":"es","potentialAction":[{"@type":"CommentAction","name":"Comment","target":["https:\/\/elcotarro.com\/?p=4764#respond"]}]},{"@type":"WebPage","@id":"https:\/\/elcotarro.com\/?p=4764","url":"https:\/\/elcotarro.com\/?p=4764","name":"IN... SEGURIDAD INTEGRAL CANARIA - El Cotarro","isPartOf":{"@id":"https:\/\/elcotarro.com\/#website"},"primaryImageOfPage":{"@id":"https:\/\/elcotarro.com\/?p=4764#primaryimage"},"image":{"@id":"https:\/\/elcotarro.com\/?p=4764#primaryimage"},"thumbnailUrl":"https:\/\/elcotarro.com\/wp-content\/uploads\/2017\/11\/FOTO-5.-RECINTO-FERIAL.jpg","datePublished":"2017-11-12T11:01:29+00:00","breadcrumb":{"@id":"https:\/\/elcotarro.com\/?p=4764#breadcrumb"},"inLanguage":"es","potentialAction":[{"@type":"ReadAction","target":["https:\/\/elcotarro.com\/?p=4764"]}]},{"@type":"ImageObject","inLanguage":"es","@id":"https:\/\/elcotarro.com\/?p=4764#primaryimage","url":"https:\/\/elcotarro.com\/wp-content\/uploads\/2017\/11\/FOTO-5.-RECINTO-FERIAL.jpg","contentUrl":"https:\/\/elcotarro.com\/wp-content\/uploads\/2017\/11\/FOTO-5.-RECINTO-FERIAL.jpg","width":700,"height":365},{"@type":"BreadcrumbList","@id":"https:\/\/elcotarro.com\/?p=4764#breadcrumb","itemListElement":[{"@type":"ListItem","position":1,"name":"Portada","item":"https:\/\/elcotarro.com\/"},{"@type":"ListItem","position":2,"name":"IN&#8230; SEGURIDAD INTEGRAL CANARIA"}]},{"@type":"WebSite","@id":"https:\/\/elcotarro.com\/#website","url":"https:\/\/elcotarro.com\/","name":"El Cotarro","description":"Peri\u00f3dico Digital Independiente dirigido por Jos\u00e9 Carlos Marrero","publisher":{"@id":"https:\/\/elcotarro.com\/#organization"},"potentialAction":[{"@type":"SearchAction","target":{"@type":"EntryPoint","urlTemplate":"https:\/\/elcotarro.com\/?s={search_term_string}"},"query-input":{"@type":"PropertyValueSpecification","valueRequired":true,"valueName":"search_term_string"}}],"inLanguage":"es"},{"@type":"Organization","@id":"https:\/\/elcotarro.com\/#organization","name":"El Cotarro","url":"https:\/\/elcotarro.com\/","logo":{"@type":"ImageObject","inLanguage":"es","@id":"https:\/\/elcotarro.com\/#\/schema\/logo\/image\/","url":"https:\/\/elcotarro.com\/wp-content\/uploads\/2014\/09\/Cabecera_El_Cotarro_v2.jpg","contentUrl":"https:\/\/elcotarro.com\/wp-content\/uploads\/2014\/09\/Cabecera_El_Cotarro_v2.jpg","width":3540,"height":441,"caption":"El Cotarro"},"image":{"@id":"https:\/\/elcotarro.com\/#\/schema\/logo\/image\/"},"sameAs":["https:\/\/www.facebook.com\/ElCotarro.Tenerife"]},{"@type":"Person","@id":"https:\/\/elcotarro.com\/#\/schema\/person\/af537ee7d60d15984c7e0affcd8a918b","name":"Jos\u00e9 Carlos Marrero Gonz\u00e1lez","image":{"@type":"ImageObject","inLanguage":"es","@id":"https:\/\/elcotarro.com\/#\/schema\/person\/image\/","url":"https:\/\/secure.gravatar.com\/avatar\/def4da036efb5d32c74d49c351f6dccc064dd69ad9f3aadc295c5a9a5391ca01?s=96&d=mm&r=g","contentUrl":"https:\/\/secure.gravatar.com\/avatar\/def4da036efb5d32c74d49c351f6dccc064dd69ad9f3aadc295c5a9a5391ca01?s=96&d=mm&r=g","caption":"Jos\u00e9 Carlos Marrero Gonz\u00e1lez"},"sameAs":["https:\/\/elcotarro.com"],"url":"https:\/\/elcotarro.com\/?author=2"}]}},"jetpack_featured_media_url":"","jetpack_sharing_enabled":true,"_links":{"self":[{"href":"https:\/\/elcotarro.com\/index.php?rest_route=\/wp\/v2\/posts\/4764","targetHints":{"allow":["GET"]}}],"collection":[{"href":"https:\/\/elcotarro.com\/index.php?rest_route=\/wp\/v2\/posts"}],"about":[{"href":"https:\/\/elcotarro.com\/index.php?rest_route=\/wp\/v2\/types\/post"}],"author":[{"embeddable":true,"href":"https:\/\/elcotarro.com\/index.php?rest_route=\/wp\/v2\/users\/2"}],"replies":[{"embeddable":true,"href":"https:\/\/elcotarro.com\/index.php?rest_route=%2Fwp%2Fv2%2Fcomments&post=4764"}],"version-history":[{"count":1,"href":"https:\/\/elcotarro.com\/index.php?rest_route=\/wp\/v2\/posts\/4764\/revisions"}],"predecessor-version":[{"id":4766,"href":"https:\/\/elcotarro.com\/index.php?rest_route=\/wp\/v2\/posts\/4764\/revisions\/4766"}],"wp:attachment":[{"href":"https:\/\/elcotarro.com\/index.php?rest_route=%2Fwp%2Fv2%2Fmedia&parent=4764"}],"wp:term":[{"taxonomy":"category","embeddable":true,"href":"https:\/\/elcotarro.com\/index.php?rest_route=%2Fwp%2Fv2%2Fcategories&post=4764"},{"taxonomy":"post_tag","embeddable":true,"href":"https:\/\/elcotarro.com\/index.php?rest_route=%2Fwp%2Fv2%2Ftags&post=4764"}],"curies":[{"name":"wp","href":"https:\/\/api.w.org\/{rel}","templated":true}]}}