{"id":4767,"date":"2017-11-12T11:00:42","date_gmt":"2017-11-12T11:00:42","guid":{"rendered":"https:\/\/elcotarro.com\/?p=4767"},"modified":"2017-11-12T11:07:18","modified_gmt":"2017-11-12T11:07:18","slug":"profesionalidad-lealtad-seguridad","status":"publish","type":"post","link":"https:\/\/elcotarro.com\/?p=4767","title":{"rendered":"PROFESIONALIDAD, LEALTAD, SEGURIDAD"},"content":{"rendered":"<p>El pasado mi\u00e9rcoles, el equipo directivo de la Instituci\u00f3n Ferial de Tenerife, que actualmente lidera como gerente <strong>I\u00f1aki Dom\u00ednguez Paniagua<\/strong>, temi\u00f3 que la complicada situaci\u00f3n de Seguridad Integral Canaria (que tiene la concesi\u00f3n de la seguridad en el recinto ferial) pudiese afectar a la apertura de la multitudinaria feria Exposaldo (que por cierto se cierra esta tarde) y hasta tuvieron en el pensamiento prevenir a la Polic\u00eda Nacional, ante la posibilidad de encontrarse con miles de personas y sin vigilantes de seguridad. Para su satisfacci\u00f3n, el grupo de nueve vigilantes de seguridad de SIC, que habitualmente trabajan en el Recinto Ferial, conscientes de la necesidad de sus servicios en todas las ferias y muy especialmente en Exposaldo, dieron una lecci\u00f3n de profesionalidad y lealtad (en este caso a la Instituci\u00f3n\u2008Ferial) y todos ellos (y ellas), comenzando por su jefe de equipo, el conocido <strong>Jos\u00e9 Manuel Vivas Sim\u00f3n<\/strong>, acudieron puntuales y diligentemente a su turno laboral. Una actitud y un gesto que, a\u00fan sin haber cobrado alguno desde hace meses, les honra.<\/p>\n<p style=\"text-align: center\"><a href=\"https:\/\/elcotarro.com\/wp-content\/uploads\/2017\/11\/FOTO-6.-EXPOSALDO-2017.jpg\"><img loading=\"lazy\" decoding=\"async\" class=\"alignnone size-full wp-image-4768\" src=\"https:\/\/elcotarro.com\/wp-content\/uploads\/2017\/11\/FOTO-6.-EXPOSALDO-2017.jpg\" alt=\"FOTO 6.- EXPOSALDO 2017\" width=\"660\" height=\"439\" srcset=\"https:\/\/elcotarro.com\/wp-content\/uploads\/2017\/11\/FOTO-6.-EXPOSALDO-2017.jpg 660w, https:\/\/elcotarro.com\/wp-content\/uploads\/2017\/11\/FOTO-6.-EXPOSALDO-2017-300x200.jpg 300w\" sizes=\"auto, (max-width: 660px) 100vw, 660px\" \/><\/a><\/p>\n<p style=\"text-align: center\"><em>De izquierda a derecha: I\u00f1aki Dom\u00ednguez, Efra\u00edn Medina y Jonay L\u00f3pez, en la presentaci\u00f3n de la feria Exposaldo 2017, que concluye hoy. La seguridad de la feria est\u00e1 garantizada gracias a la lealtad y profesionalidad de los trabajadores de Seguridad Integral Canarias adscritos al Recinto Ferial<\/em><\/p>\n<p style=\"text-align: center\"><a href=\"http:\/\/www.careca.es\/\" target=\"_blank\"><img loading=\"lazy\" decoding=\"async\" class=\"size-full wp-image-2216 aligncenter\" src=\"https:\/\/elcotarro.com\/wp-content\/uploads\/2016\/07\/InsulacafeElCotarro.jpg\" alt=\"Bnn_Careca\" width=\"750\" height=\"150\" \/><\/a><\/p>\n","protected":false},"excerpt":{"rendered":"<p>El pasado mi\u00e9rcoles, el equipo directivo de la Instituci\u00f3n Ferial de Tenerife, que actualmente lidera como gerente I\u00f1aki Dom\u00ednguez Paniagua, temi\u00f3 que la complicada situaci\u00f3n de Seguridad Integral Canaria (que tiene la concesi\u00f3n de la seguridad en el recinto ferial) pudiese afectar a la apertura de la multitudinaria feria Exposaldo (que por cierto se cierra &#8230; <a class=\"read-more\" href=\"https:\/\/elcotarro.com\/?p=4767\">Read more<\/a><\/p>\n","protected":false},"author":2,"featured_media":0,"comment_status":"open","ping_status":"open","sticky":false,"template":"","format":"standard","meta":{"_jetpack_memberships_contains_paid_content":false,"footnotes":""},"categories":[1],"tags":[],"class_list":["post-4767","post","type-post","status-publish","format-standard","hentry","category-sin-categoria"],"yoast_head":"<!-- This site is optimized with the Yoast SEO plugin v27.0 - https:\/\/yoast.com\/product\/yoast-seo-wordpress\/ -->\n<title>PROFESIONALIDAD, LEALTAD, SEGURIDAD - El Cotarro<\/title>\n<meta name=\"robots\" content=\"index, follow, max-snippet:-1, max-image-preview:large, max-video-preview:-1\" \/>\n<link rel=\"canonical\" href=\"https:\/\/elcotarro.com\/?p=4767\" \/>\n<meta property=\"og:locale\" content=\"es_ES\" \/>\n<meta property=\"og:type\" content=\"article\" \/>\n<meta property=\"og:title\" content=\"PROFESIONALIDAD, LEALTAD, SEGURIDAD - El Cotarro\" \/>\n<meta property=\"og:description\" content=\"El pasado mi\u00e9rcoles, el equipo directivo de la Instituci\u00f3n Ferial de Tenerife, que actualmente lidera como gerente I\u00f1aki Dom\u00ednguez Paniagua, temi\u00f3 que la complicada situaci\u00f3n de Seguridad Integral Canaria (que tiene la concesi\u00f3n de la seguridad en el recinto ferial) pudiese afectar a la apertura de la multitudinaria feria Exposaldo (que por cierto se cierra ... Read more\" \/>\n<meta property=\"og:url\" content=\"https:\/\/elcotarro.com\/?p=4767\" \/>\n<meta property=\"og:site_name\" content=\"El Cotarro\" \/>\n<meta property=\"article:publisher\" content=\"https:\/\/www.facebook.com\/ElCotarro.Tenerife\" \/>\n<meta property=\"article:published_time\" content=\"2017-11-12T11:00:42+00:00\" \/>\n<meta property=\"article:modified_time\" content=\"2017-11-12T11:07:18+00:00\" \/>\n<meta property=\"og:image\" content=\"https:\/\/elcotarro.com\/wp-content\/uploads\/2017\/11\/FOTO-6.-EXPOSALDO-2017.jpg\" \/>\n<meta name=\"author\" content=\"Jos\u00e9 Carlos Marrero Gonz\u00e1lez\" \/>\n<meta name=\"twitter:label1\" content=\"Escrito por\" \/>\n\t<meta name=\"twitter:data1\" content=\"Jos\u00e9 Carlos Marrero Gonz\u00e1lez\" \/>\n\t<meta name=\"twitter:label2\" content=\"Tiempo de lectura\" \/>\n\t<meta name=\"twitter:data2\" content=\"1 minuto\" \/>\n<script type=\"application\/ld+json\" class=\"yoast-schema-graph\">{\"@context\":\"https:\/\/schema.org\",\"@graph\":[{\"@type\":\"Article\",\"@id\":\"https:\/\/elcotarro.com\/?p=4767#article\",\"isPartOf\":{\"@id\":\"https:\/\/elcotarro.com\/?p=4767\"},\"author\":{\"name\":\"Jos\u00e9 Carlos Marrero Gonz\u00e1lez\",\"@id\":\"https:\/\/elcotarro.com\/#\/schema\/person\/af537ee7d60d15984c7e0affcd8a918b\"},\"headline\":\"PROFESIONALIDAD, LEALTAD, SEGURIDAD\",\"datePublished\":\"2017-11-12T11:00:42+00:00\",\"dateModified\":\"2017-11-12T11:07:18+00:00\",\"mainEntityOfPage\":{\"@id\":\"https:\/\/elcotarro.com\/?p=4767\"},\"wordCount\":237,\"commentCount\":0,\"publisher\":{\"@id\":\"https:\/\/elcotarro.com\/#organization\"},\"image\":{\"@id\":\"https:\/\/elcotarro.com\/?p=4767#primaryimage\"},\"thumbnailUrl\":\"https:\/\/elcotarro.com\/wp-content\/uploads\/2017\/11\/FOTO-6.-EXPOSALDO-2017.jpg\",\"inLanguage\":\"es\",\"potentialAction\":[{\"@type\":\"CommentAction\",\"name\":\"Comment\",\"target\":[\"https:\/\/elcotarro.com\/?p=4767#respond\"]}]},{\"@type\":\"WebPage\",\"@id\":\"https:\/\/elcotarro.com\/?p=4767\",\"url\":\"https:\/\/elcotarro.com\/?p=4767\",\"name\":\"PROFESIONALIDAD, LEALTAD, SEGURIDAD - El Cotarro\",\"isPartOf\":{\"@id\":\"https:\/\/elcotarro.com\/#website\"},\"primaryImageOfPage\":{\"@id\":\"https:\/\/elcotarro.com\/?p=4767#primaryimage\"},\"image\":{\"@id\":\"https:\/\/elcotarro.com\/?p=4767#primaryimage\"},\"thumbnailUrl\":\"https:\/\/elcotarro.com\/wp-content\/uploads\/2017\/11\/FOTO-6.-EXPOSALDO-2017.jpg\",\"datePublished\":\"2017-11-12T11:00:42+00:00\",\"dateModified\":\"2017-11-12T11:07:18+00:00\",\"breadcrumb\":{\"@id\":\"https:\/\/elcotarro.com\/?p=4767#breadcrumb\"},\"inLanguage\":\"es\",\"potentialAction\":[{\"@type\":\"ReadAction\",\"target\":[\"https:\/\/elcotarro.com\/?p=4767\"]}]},{\"@type\":\"ImageObject\",\"inLanguage\":\"es\",\"@id\":\"https:\/\/elcotarro.com\/?p=4767#primaryimage\",\"url\":\"https:\/\/elcotarro.com\/wp-content\/uploads\/2017\/11\/FOTO-6.-EXPOSALDO-2017.jpg\",\"contentUrl\":\"https:\/\/elcotarro.com\/wp-content\/uploads\/2017\/11\/FOTO-6.-EXPOSALDO-2017.jpg\",\"width\":660,\"height\":439},{\"@type\":\"BreadcrumbList\",\"@id\":\"https:\/\/elcotarro.com\/?p=4767#breadcrumb\",\"itemListElement\":[{\"@type\":\"ListItem\",\"position\":1,\"name\":\"Portada\",\"item\":\"https:\/\/elcotarro.com\/\"},{\"@type\":\"ListItem\",\"position\":2,\"name\":\"PROFESIONALIDAD, LEALTAD, SEGURIDAD\"}]},{\"@type\":\"WebSite\",\"@id\":\"https:\/\/elcotarro.com\/#website\",\"url\":\"https:\/\/elcotarro.com\/\",\"name\":\"El Cotarro\",\"description\":\"Peri\u00f3dico Digital Independiente dirigido por Jos\u00e9 Carlos Marrero\",\"publisher\":{\"@id\":\"https:\/\/elcotarro.com\/#organization\"},\"potentialAction\":[{\"@type\":\"SearchAction\",\"target\":{\"@type\":\"EntryPoint\",\"urlTemplate\":\"https:\/\/elcotarro.com\/?s={search_term_string}\"},\"query-input\":{\"@type\":\"PropertyValueSpecification\",\"valueRequired\":true,\"valueName\":\"search_term_string\"}}],\"inLanguage\":\"es\"},{\"@type\":\"Organization\",\"@id\":\"https:\/\/elcotarro.com\/#organization\",\"name\":\"El Cotarro\",\"url\":\"https:\/\/elcotarro.com\/\",\"logo\":{\"@type\":\"ImageObject\",\"inLanguage\":\"es\",\"@id\":\"https:\/\/elcotarro.com\/#\/schema\/logo\/image\/\",\"url\":\"https:\/\/elcotarro.com\/wp-content\/uploads\/2014\/09\/Cabecera_El_Cotarro_v2.jpg\",\"contentUrl\":\"https:\/\/elcotarro.com\/wp-content\/uploads\/2014\/09\/Cabecera_El_Cotarro_v2.jpg\",\"width\":3540,\"height\":441,\"caption\":\"El Cotarro\"},\"image\":{\"@id\":\"https:\/\/elcotarro.com\/#\/schema\/logo\/image\/\"},\"sameAs\":[\"https:\/\/www.facebook.com\/ElCotarro.Tenerife\"]},{\"@type\":\"Person\",\"@id\":\"https:\/\/elcotarro.com\/#\/schema\/person\/af537ee7d60d15984c7e0affcd8a918b\",\"name\":\"Jos\u00e9 Carlos Marrero Gonz\u00e1lez\",\"image\":{\"@type\":\"ImageObject\",\"inLanguage\":\"es\",\"@id\":\"https:\/\/elcotarro.com\/#\/schema\/person\/image\/\",\"url\":\"https:\/\/secure.gravatar.com\/avatar\/def4da036efb5d32c74d49c351f6dccc064dd69ad9f3aadc295c5a9a5391ca01?s=96&d=mm&r=g\",\"contentUrl\":\"https:\/\/secure.gravatar.com\/avatar\/def4da036efb5d32c74d49c351f6dccc064dd69ad9f3aadc295c5a9a5391ca01?s=96&d=mm&r=g\",\"caption\":\"Jos\u00e9 Carlos Marrero Gonz\u00e1lez\"},\"sameAs\":[\"https:\/\/elcotarro.com\"],\"url\":\"https:\/\/elcotarro.com\/?author=2\"}]}<\/script>\n<!-- \/ Yoast SEO plugin. -->","yoast_head_json":{"title":"PROFESIONALIDAD, LEALTAD, SEGURIDAD - El Cotarro","robots":{"index":"index","follow":"follow","max-snippet":"max-snippet:-1","max-image-preview":"max-image-preview:large","max-video-preview":"max-video-preview:-1"},"canonical":"https:\/\/elcotarro.com\/?p=4767","og_locale":"es_ES","og_type":"article","og_title":"PROFESIONALIDAD, LEALTAD, SEGURIDAD - El Cotarro","og_description":"El pasado mi\u00e9rcoles, el equipo directivo de la Instituci\u00f3n Ferial de Tenerife, que actualmente lidera como gerente I\u00f1aki Dom\u00ednguez Paniagua, temi\u00f3 que la complicada situaci\u00f3n de Seguridad Integral Canaria (que tiene la concesi\u00f3n de la seguridad en el recinto ferial) pudiese afectar a la apertura de la multitudinaria feria Exposaldo (que por cierto se cierra ... Read more","og_url":"https:\/\/elcotarro.com\/?p=4767","og_site_name":"El Cotarro","article_publisher":"https:\/\/www.facebook.com\/ElCotarro.Tenerife","article_published_time":"2017-11-12T11:00:42+00:00","article_modified_time":"2017-11-12T11:07:18+00:00","og_image":[{"url":"https:\/\/elcotarro.com\/wp-content\/uploads\/2017\/11\/FOTO-6.-EXPOSALDO-2017.jpg","type":"","width":"","height":""}],"author":"Jos\u00e9 Carlos Marrero Gonz\u00e1lez","twitter_misc":{"Escrito por":"Jos\u00e9 Carlos Marrero Gonz\u00e1lez","Tiempo de lectura":"1 minuto"},"schema":{"@context":"https:\/\/schema.org","@graph":[{"@type":"Article","@id":"https:\/\/elcotarro.com\/?p=4767#article","isPartOf":{"@id":"https:\/\/elcotarro.com\/?p=4767"},"author":{"name":"Jos\u00e9 Carlos Marrero Gonz\u00e1lez","@id":"https:\/\/elcotarro.com\/#\/schema\/person\/af537ee7d60d15984c7e0affcd8a918b"},"headline":"PROFESIONALIDAD, LEALTAD, SEGURIDAD","datePublished":"2017-11-12T11:00:42+00:00","dateModified":"2017-11-12T11:07:18+00:00","mainEntityOfPage":{"@id":"https:\/\/elcotarro.com\/?p=4767"},"wordCount":237,"commentCount":0,"publisher":{"@id":"https:\/\/elcotarro.com\/#organization"},"image":{"@id":"https:\/\/elcotarro.com\/?p=4767#primaryimage"},"thumbnailUrl":"https:\/\/elcotarro.com\/wp-content\/uploads\/2017\/11\/FOTO-6.-EXPOSALDO-2017.jpg","inLanguage":"es","potentialAction":[{"@type":"CommentAction","name":"Comment","target":["https:\/\/elcotarro.com\/?p=4767#respond"]}]},{"@type":"WebPage","@id":"https:\/\/elcotarro.com\/?p=4767","url":"https:\/\/elcotarro.com\/?p=4767","name":"PROFESIONALIDAD, LEALTAD, SEGURIDAD - El Cotarro","isPartOf":{"@id":"https:\/\/elcotarro.com\/#website"},"primaryImageOfPage":{"@id":"https:\/\/elcotarro.com\/?p=4767#primaryimage"},"image":{"@id":"https:\/\/elcotarro.com\/?p=4767#primaryimage"},"thumbnailUrl":"https:\/\/elcotarro.com\/wp-content\/uploads\/2017\/11\/FOTO-6.-EXPOSALDO-2017.jpg","datePublished":"2017-11-12T11:00:42+00:00","dateModified":"2017-11-12T11:07:18+00:00","breadcrumb":{"@id":"https:\/\/elcotarro.com\/?p=4767#breadcrumb"},"inLanguage":"es","potentialAction":[{"@type":"ReadAction","target":["https:\/\/elcotarro.com\/?p=4767"]}]},{"@type":"ImageObject","inLanguage":"es","@id":"https:\/\/elcotarro.com\/?p=4767#primaryimage","url":"https:\/\/elcotarro.com\/wp-content\/uploads\/2017\/11\/FOTO-6.-EXPOSALDO-2017.jpg","contentUrl":"https:\/\/elcotarro.com\/wp-content\/uploads\/2017\/11\/FOTO-6.-EXPOSALDO-2017.jpg","width":660,"height":439},{"@type":"BreadcrumbList","@id":"https:\/\/elcotarro.com\/?p=4767#breadcrumb","itemListElement":[{"@type":"ListItem","position":1,"name":"Portada","item":"https:\/\/elcotarro.com\/"},{"@type":"ListItem","position":2,"name":"PROFESIONALIDAD, LEALTAD, SEGURIDAD"}]},{"@type":"WebSite","@id":"https:\/\/elcotarro.com\/#website","url":"https:\/\/elcotarro.com\/","name":"El Cotarro","description":"Peri\u00f3dico Digital Independiente dirigido por Jos\u00e9 Carlos Marrero","publisher":{"@id":"https:\/\/elcotarro.com\/#organization"},"potentialAction":[{"@type":"SearchAction","target":{"@type":"EntryPoint","urlTemplate":"https:\/\/elcotarro.com\/?s={search_term_string}"},"query-input":{"@type":"PropertyValueSpecification","valueRequired":true,"valueName":"search_term_string"}}],"inLanguage":"es"},{"@type":"Organization","@id":"https:\/\/elcotarro.com\/#organization","name":"El Cotarro","url":"https:\/\/elcotarro.com\/","logo":{"@type":"ImageObject","inLanguage":"es","@id":"https:\/\/elcotarro.com\/#\/schema\/logo\/image\/","url":"https:\/\/elcotarro.com\/wp-content\/uploads\/2014\/09\/Cabecera_El_Cotarro_v2.jpg","contentUrl":"https:\/\/elcotarro.com\/wp-content\/uploads\/2014\/09\/Cabecera_El_Cotarro_v2.jpg","width":3540,"height":441,"caption":"El Cotarro"},"image":{"@id":"https:\/\/elcotarro.com\/#\/schema\/logo\/image\/"},"sameAs":["https:\/\/www.facebook.com\/ElCotarro.Tenerife"]},{"@type":"Person","@id":"https:\/\/elcotarro.com\/#\/schema\/person\/af537ee7d60d15984c7e0affcd8a918b","name":"Jos\u00e9 Carlos Marrero Gonz\u00e1lez","image":{"@type":"ImageObject","inLanguage":"es","@id":"https:\/\/elcotarro.com\/#\/schema\/person\/image\/","url":"https:\/\/secure.gravatar.com\/avatar\/def4da036efb5d32c74d49c351f6dccc064dd69ad9f3aadc295c5a9a5391ca01?s=96&d=mm&r=g","contentUrl":"https:\/\/secure.gravatar.com\/avatar\/def4da036efb5d32c74d49c351f6dccc064dd69ad9f3aadc295c5a9a5391ca01?s=96&d=mm&r=g","caption":"Jos\u00e9 Carlos Marrero Gonz\u00e1lez"},"sameAs":["https:\/\/elcotarro.com"],"url":"https:\/\/elcotarro.com\/?author=2"}]}},"jetpack_featured_media_url":"","jetpack_sharing_enabled":true,"_links":{"self":[{"href":"https:\/\/elcotarro.com\/index.php?rest_route=\/wp\/v2\/posts\/4767","targetHints":{"allow":["GET"]}}],"collection":[{"href":"https:\/\/elcotarro.com\/index.php?rest_route=\/wp\/v2\/posts"}],"about":[{"href":"https:\/\/elcotarro.com\/index.php?rest_route=\/wp\/v2\/types\/post"}],"author":[{"embeddable":true,"href":"https:\/\/elcotarro.com\/index.php?rest_route=\/wp\/v2\/users\/2"}],"replies":[{"embeddable":true,"href":"https:\/\/elcotarro.com\/index.php?rest_route=%2Fwp%2Fv2%2Fcomments&post=4767"}],"version-history":[{"count":2,"href":"https:\/\/elcotarro.com\/index.php?rest_route=\/wp\/v2\/posts\/4767\/revisions"}],"predecessor-version":[{"id":4777,"href":"https:\/\/elcotarro.com\/index.php?rest_route=\/wp\/v2\/posts\/4767\/revisions\/4777"}],"wp:attachment":[{"href":"https:\/\/elcotarro.com\/index.php?rest_route=%2Fwp%2Fv2%2Fmedia&parent=4767"}],"wp:term":[{"taxonomy":"category","embeddable":true,"href":"https:\/\/elcotarro.com\/index.php?rest_route=%2Fwp%2Fv2%2Fcategories&post=4767"},{"taxonomy":"post_tag","embeddable":true,"href":"https:\/\/elcotarro.com\/index.php?rest_route=%2Fwp%2Fv2%2Ftags&post=4767"}],"curies":[{"name":"wp","href":"https:\/\/api.w.org\/{rel}","templated":true}]}}