{"id":4812,"date":"2017-11-26T11:01:22","date_gmt":"2017-11-26T11:01:22","guid":{"rendered":"https:\/\/elcotarro.com\/?p=4812"},"modified":"2017-11-26T10:51:08","modified_gmt":"2017-11-26T10:51:08","slug":"un-gran-skater-llamado-bermudez","status":"publish","type":"post","link":"https:\/\/elcotarro.com\/?p=4812","title":{"rendered":"UN GRAN \u201cSKATER\u201d LLAMADO BERM\u00daDEZ"},"content":{"rendered":"<p>Hay que reconocer que el hombre se lo est\u00e1 currando. Un d\u00eda se presenta como acreditado \u201cskater\u201d y se monta una exhibici\u00f3n en el parque frente a una sorprendida <em>pibada<\/em>, y al d\u00eda siguiente por la noche se enfunda el gorro de Pap\u00e1 No\u00ebl y, despu\u00e9s del de las principales calles de Santa Cruz, claro, va y enciende el espectacular alumbrado navide\u00f1o de El Corte Ingl\u00e9s (que hay que ver). Me estoy refiriendo al alcalde chicharrero, <strong>Jos\u00e9 Manuel Berm\u00fadez<\/strong>, que no para, con un nuevo \u201clook\u201d juvenil con el que va por ah\u00ed (con el permiso de Yurena) rompiendo corazones. En el llamado \u201cG5\u201d est\u00e1n mosqueados porque dicen que va solo a lo suyo, pero tambi\u00e9n est\u00e1 claro que sus posibles votos para las elecciones locales del cercano 2019, no se los van a dar ni <strong>Fernando Clavijo<\/strong>, ni <strong>Carlos Alonso<\/strong>, ni <strong>Jos\u00e9 Alberto D\u00edaz<\/strong>, ni <strong>Paco Linares<\/strong>. Es lo que hay.<\/p>\n<p style=\"text-align: center\"><a href=\"https:\/\/elcotarro.com\/wp-content\/uploads\/2017\/11\/FOTO-5.-BERM\u00daDEZ.jpg\"><img loading=\"lazy\" decoding=\"async\" class=\"alignnone size-full wp-image-4813\" src=\"https:\/\/elcotarro.com\/wp-content\/uploads\/2017\/11\/FOTO-5.-BERM\u00daDEZ.jpg\" alt=\"FOTO 5.- BERM\u00daDEZ\" width=\"1600\" height=\"1066\" srcset=\"https:\/\/elcotarro.com\/wp-content\/uploads\/2017\/11\/FOTO-5.-BERM\u00daDEZ.jpg 1600w, https:\/\/elcotarro.com\/wp-content\/uploads\/2017\/11\/FOTO-5.-BERM\u00daDEZ-300x200.jpg 300w, https:\/\/elcotarro.com\/wp-content\/uploads\/2017\/11\/FOTO-5.-BERM\u00daDEZ-1024x682.jpg 1024w\" sizes=\"auto, (max-width: 1600px) 100vw, 1600px\" \/><\/a><\/p>\n<p style=\"text-align: center\"><em>La pibada mira entre sorprendida y entusiasmada a un \u201cskater\u201d llamado Jos\u00e9 Manuel Berm\u00fadez, que viene a ser su alcalde chicharrero.<\/em><\/p>\n<p style=\"text-align: center\"><a href=\"https:\/\/elcotarro.com\/wp-content\/uploads\/2017\/11\/FOTO-6.-ENCENDIDO.jpg\"><img loading=\"lazy\" decoding=\"async\" class=\"alignnone size-full wp-image-4815\" src=\"https:\/\/elcotarro.com\/wp-content\/uploads\/2017\/11\/FOTO-6.-ENCENDIDO.jpg\" alt=\"FOTO 6.- ENCENDIDO\" width=\"3543\" height=\"2362\" srcset=\"https:\/\/elcotarro.com\/wp-content\/uploads\/2017\/11\/FOTO-6.-ENCENDIDO.jpg 3543w, https:\/\/elcotarro.com\/wp-content\/uploads\/2017\/11\/FOTO-6.-ENCENDIDO-300x200.jpg 300w, https:\/\/elcotarro.com\/wp-content\/uploads\/2017\/11\/FOTO-6.-ENCENDIDO-1024x683.jpg 1024w\" sizes=\"auto, (max-width: 3543px) 100vw, 3543px\" \/><\/a><\/p>\n<p style=\"text-align: center\"><em>\u00c1lvaro Rojas (i), Alberto Bernab\u00e9. Gustavo S\u00e1nchez, Jos\u00e9 Berm\u00fadez, Alfonso Cabello y Manuel Marrero, en el encendido del alumbrado de Navidad de El Corte ingl\u00e9s.<\/em><\/p>\n","protected":false},"excerpt":{"rendered":"<p>Hay que reconocer que el hombre se lo est\u00e1 currando. Un d\u00eda se presenta como acreditado \u201cskater\u201d y se monta una exhibici\u00f3n en el parque frente a una sorprendida pibada, y al d\u00eda siguiente por la noche se enfunda el gorro de Pap\u00e1 No\u00ebl y, despu\u00e9s del de las principales calles de Santa Cruz, claro, &#8230; <a class=\"read-more\" href=\"https:\/\/elcotarro.com\/?p=4812\">Read more<\/a><\/p>\n","protected":false},"author":2,"featured_media":0,"comment_status":"open","ping_status":"open","sticky":false,"template":"","format":"standard","meta":{"_jetpack_memberships_contains_paid_content":false,"footnotes":""},"categories":[1],"tags":[],"class_list":["post-4812","post","type-post","status-publish","format-standard","hentry","category-sin-categoria"],"yoast_head":"<!-- This site is optimized with the Yoast SEO plugin v27.0 - https:\/\/yoast.com\/product\/yoast-seo-wordpress\/ -->\n<title>UN GRAN \u201cSKATER\u201d LLAMADO BERM\u00daDEZ - El Cotarro<\/title>\n<meta name=\"robots\" content=\"index, follow, max-snippet:-1, max-image-preview:large, max-video-preview:-1\" \/>\n<link rel=\"canonical\" href=\"https:\/\/elcotarro.com\/?p=4812\" \/>\n<meta property=\"og:locale\" content=\"es_ES\" \/>\n<meta property=\"og:type\" content=\"article\" \/>\n<meta property=\"og:title\" content=\"UN GRAN \u201cSKATER\u201d LLAMADO BERM\u00daDEZ - El Cotarro\" \/>\n<meta property=\"og:description\" content=\"Hay que reconocer que el hombre se lo est\u00e1 currando. Un d\u00eda se presenta como acreditado \u201cskater\u201d y se monta una exhibici\u00f3n en el parque frente a una sorprendida pibada, y al d\u00eda siguiente por la noche se enfunda el gorro de Pap\u00e1 No\u00ebl y, despu\u00e9s del de las principales calles de Santa Cruz, claro, ... Read more\" \/>\n<meta property=\"og:url\" content=\"https:\/\/elcotarro.com\/?p=4812\" \/>\n<meta property=\"og:site_name\" content=\"El Cotarro\" \/>\n<meta property=\"article:publisher\" content=\"https:\/\/www.facebook.com\/ElCotarro.Tenerife\" \/>\n<meta property=\"article:published_time\" content=\"2017-11-26T11:01:22+00:00\" \/>\n<meta property=\"og:image\" content=\"https:\/\/elcotarro.com\/wp-content\/uploads\/2017\/11\/FOTO-6.-ENCENDIDO.jpg\" \/>\n<meta name=\"author\" content=\"Jos\u00e9 Carlos Marrero Gonz\u00e1lez\" \/>\n<meta name=\"twitter:label1\" content=\"Escrito por\" \/>\n\t<meta name=\"twitter:data1\" content=\"Jos\u00e9 Carlos Marrero Gonz\u00e1lez\" \/>\n\t<meta name=\"twitter:label2\" content=\"Tiempo de lectura\" \/>\n\t<meta name=\"twitter:data2\" content=\"1 minuto\" \/>\n<script type=\"application\/ld+json\" class=\"yoast-schema-graph\">{\"@context\":\"https:\/\/schema.org\",\"@graph\":[{\"@type\":\"Article\",\"@id\":\"https:\/\/elcotarro.com\/?p=4812#article\",\"isPartOf\":{\"@id\":\"https:\/\/elcotarro.com\/?p=4812\"},\"author\":{\"name\":\"Jos\u00e9 Carlos Marrero Gonz\u00e1lez\",\"@id\":\"https:\/\/elcotarro.com\/#\/schema\/person\/af537ee7d60d15984c7e0affcd8a918b\"},\"headline\":\"UN GRAN \u201cSKATER\u201d LLAMADO BERM\u00daDEZ\",\"datePublished\":\"2017-11-26T11:01:22+00:00\",\"mainEntityOfPage\":{\"@id\":\"https:\/\/elcotarro.com\/?p=4812\"},\"wordCount\":218,\"commentCount\":0,\"publisher\":{\"@id\":\"https:\/\/elcotarro.com\/#organization\"},\"image\":{\"@id\":\"https:\/\/elcotarro.com\/?p=4812#primaryimage\"},\"thumbnailUrl\":\"https:\/\/elcotarro.com\/wp-content\/uploads\/2017\/11\/FOTO-6.-ENCENDIDO.jpg\",\"inLanguage\":\"es\",\"potentialAction\":[{\"@type\":\"CommentAction\",\"name\":\"Comment\",\"target\":[\"https:\/\/elcotarro.com\/?p=4812#respond\"]}]},{\"@type\":\"WebPage\",\"@id\":\"https:\/\/elcotarro.com\/?p=4812\",\"url\":\"https:\/\/elcotarro.com\/?p=4812\",\"name\":\"UN GRAN \u201cSKATER\u201d LLAMADO BERM\u00daDEZ - El Cotarro\",\"isPartOf\":{\"@id\":\"https:\/\/elcotarro.com\/#website\"},\"primaryImageOfPage\":{\"@id\":\"https:\/\/elcotarro.com\/?p=4812#primaryimage\"},\"image\":{\"@id\":\"https:\/\/elcotarro.com\/?p=4812#primaryimage\"},\"thumbnailUrl\":\"https:\/\/elcotarro.com\/wp-content\/uploads\/2017\/11\/FOTO-6.-ENCENDIDO.jpg\",\"datePublished\":\"2017-11-26T11:01:22+00:00\",\"breadcrumb\":{\"@id\":\"https:\/\/elcotarro.com\/?p=4812#breadcrumb\"},\"inLanguage\":\"es\",\"potentialAction\":[{\"@type\":\"ReadAction\",\"target\":[\"https:\/\/elcotarro.com\/?p=4812\"]}]},{\"@type\":\"ImageObject\",\"inLanguage\":\"es\",\"@id\":\"https:\/\/elcotarro.com\/?p=4812#primaryimage\",\"url\":\"https:\/\/elcotarro.com\/wp-content\/uploads\/2017\/11\/FOTO-6.-ENCENDIDO.jpg\",\"contentUrl\":\"https:\/\/elcotarro.com\/wp-content\/uploads\/2017\/11\/FOTO-6.-ENCENDIDO.jpg\",\"width\":3543,\"height\":2362},{\"@type\":\"BreadcrumbList\",\"@id\":\"https:\/\/elcotarro.com\/?p=4812#breadcrumb\",\"itemListElement\":[{\"@type\":\"ListItem\",\"position\":1,\"name\":\"Portada\",\"item\":\"https:\/\/elcotarro.com\/\"},{\"@type\":\"ListItem\",\"position\":2,\"name\":\"UN GRAN \u201cSKATER\u201d LLAMADO BERM\u00daDEZ\"}]},{\"@type\":\"WebSite\",\"@id\":\"https:\/\/elcotarro.com\/#website\",\"url\":\"https:\/\/elcotarro.com\/\",\"name\":\"El Cotarro\",\"description\":\"Peri\u00f3dico Digital Independiente dirigido por Jos\u00e9 Carlos Marrero\",\"publisher\":{\"@id\":\"https:\/\/elcotarro.com\/#organization\"},\"potentialAction\":[{\"@type\":\"SearchAction\",\"target\":{\"@type\":\"EntryPoint\",\"urlTemplate\":\"https:\/\/elcotarro.com\/?s={search_term_string}\"},\"query-input\":{\"@type\":\"PropertyValueSpecification\",\"valueRequired\":true,\"valueName\":\"search_term_string\"}}],\"inLanguage\":\"es\"},{\"@type\":\"Organization\",\"@id\":\"https:\/\/elcotarro.com\/#organization\",\"name\":\"El Cotarro\",\"url\":\"https:\/\/elcotarro.com\/\",\"logo\":{\"@type\":\"ImageObject\",\"inLanguage\":\"es\",\"@id\":\"https:\/\/elcotarro.com\/#\/schema\/logo\/image\/\",\"url\":\"https:\/\/elcotarro.com\/wp-content\/uploads\/2014\/09\/Cabecera_El_Cotarro_v2.jpg\",\"contentUrl\":\"https:\/\/elcotarro.com\/wp-content\/uploads\/2014\/09\/Cabecera_El_Cotarro_v2.jpg\",\"width\":3540,\"height\":441,\"caption\":\"El Cotarro\"},\"image\":{\"@id\":\"https:\/\/elcotarro.com\/#\/schema\/logo\/image\/\"},\"sameAs\":[\"https:\/\/www.facebook.com\/ElCotarro.Tenerife\"]},{\"@type\":\"Person\",\"@id\":\"https:\/\/elcotarro.com\/#\/schema\/person\/af537ee7d60d15984c7e0affcd8a918b\",\"name\":\"Jos\u00e9 Carlos Marrero Gonz\u00e1lez\",\"image\":{\"@type\":\"ImageObject\",\"inLanguage\":\"es\",\"@id\":\"https:\/\/elcotarro.com\/#\/schema\/person\/image\/\",\"url\":\"https:\/\/secure.gravatar.com\/avatar\/def4da036efb5d32c74d49c351f6dccc064dd69ad9f3aadc295c5a9a5391ca01?s=96&d=mm&r=g\",\"contentUrl\":\"https:\/\/secure.gravatar.com\/avatar\/def4da036efb5d32c74d49c351f6dccc064dd69ad9f3aadc295c5a9a5391ca01?s=96&d=mm&r=g\",\"caption\":\"Jos\u00e9 Carlos Marrero Gonz\u00e1lez\"},\"sameAs\":[\"https:\/\/elcotarro.com\"],\"url\":\"https:\/\/elcotarro.com\/?author=2\"}]}<\/script>\n<!-- \/ Yoast SEO plugin. -->","yoast_head_json":{"title":"UN GRAN \u201cSKATER\u201d LLAMADO BERM\u00daDEZ - El Cotarro","robots":{"index":"index","follow":"follow","max-snippet":"max-snippet:-1","max-image-preview":"max-image-preview:large","max-video-preview":"max-video-preview:-1"},"canonical":"https:\/\/elcotarro.com\/?p=4812","og_locale":"es_ES","og_type":"article","og_title":"UN GRAN \u201cSKATER\u201d LLAMADO BERM\u00daDEZ - El Cotarro","og_description":"Hay que reconocer que el hombre se lo est\u00e1 currando. Un d\u00eda se presenta como acreditado \u201cskater\u201d y se monta una exhibici\u00f3n en el parque frente a una sorprendida pibada, y al d\u00eda siguiente por la noche se enfunda el gorro de Pap\u00e1 No\u00ebl y, despu\u00e9s del de las principales calles de Santa Cruz, claro, ... Read more","og_url":"https:\/\/elcotarro.com\/?p=4812","og_site_name":"El Cotarro","article_publisher":"https:\/\/www.facebook.com\/ElCotarro.Tenerife","article_published_time":"2017-11-26T11:01:22+00:00","og_image":[{"url":"https:\/\/elcotarro.com\/wp-content\/uploads\/2017\/11\/FOTO-6.-ENCENDIDO.jpg","type":"","width":"","height":""}],"author":"Jos\u00e9 Carlos Marrero Gonz\u00e1lez","twitter_misc":{"Escrito por":"Jos\u00e9 Carlos Marrero Gonz\u00e1lez","Tiempo de lectura":"1 minuto"},"schema":{"@context":"https:\/\/schema.org","@graph":[{"@type":"Article","@id":"https:\/\/elcotarro.com\/?p=4812#article","isPartOf":{"@id":"https:\/\/elcotarro.com\/?p=4812"},"author":{"name":"Jos\u00e9 Carlos Marrero Gonz\u00e1lez","@id":"https:\/\/elcotarro.com\/#\/schema\/person\/af537ee7d60d15984c7e0affcd8a918b"},"headline":"UN GRAN \u201cSKATER\u201d LLAMADO BERM\u00daDEZ","datePublished":"2017-11-26T11:01:22+00:00","mainEntityOfPage":{"@id":"https:\/\/elcotarro.com\/?p=4812"},"wordCount":218,"commentCount":0,"publisher":{"@id":"https:\/\/elcotarro.com\/#organization"},"image":{"@id":"https:\/\/elcotarro.com\/?p=4812#primaryimage"},"thumbnailUrl":"https:\/\/elcotarro.com\/wp-content\/uploads\/2017\/11\/FOTO-6.-ENCENDIDO.jpg","inLanguage":"es","potentialAction":[{"@type":"CommentAction","name":"Comment","target":["https:\/\/elcotarro.com\/?p=4812#respond"]}]},{"@type":"WebPage","@id":"https:\/\/elcotarro.com\/?p=4812","url":"https:\/\/elcotarro.com\/?p=4812","name":"UN GRAN \u201cSKATER\u201d LLAMADO BERM\u00daDEZ - El Cotarro","isPartOf":{"@id":"https:\/\/elcotarro.com\/#website"},"primaryImageOfPage":{"@id":"https:\/\/elcotarro.com\/?p=4812#primaryimage"},"image":{"@id":"https:\/\/elcotarro.com\/?p=4812#primaryimage"},"thumbnailUrl":"https:\/\/elcotarro.com\/wp-content\/uploads\/2017\/11\/FOTO-6.-ENCENDIDO.jpg","datePublished":"2017-11-26T11:01:22+00:00","breadcrumb":{"@id":"https:\/\/elcotarro.com\/?p=4812#breadcrumb"},"inLanguage":"es","potentialAction":[{"@type":"ReadAction","target":["https:\/\/elcotarro.com\/?p=4812"]}]},{"@type":"ImageObject","inLanguage":"es","@id":"https:\/\/elcotarro.com\/?p=4812#primaryimage","url":"https:\/\/elcotarro.com\/wp-content\/uploads\/2017\/11\/FOTO-6.-ENCENDIDO.jpg","contentUrl":"https:\/\/elcotarro.com\/wp-content\/uploads\/2017\/11\/FOTO-6.-ENCENDIDO.jpg","width":3543,"height":2362},{"@type":"BreadcrumbList","@id":"https:\/\/elcotarro.com\/?p=4812#breadcrumb","itemListElement":[{"@type":"ListItem","position":1,"name":"Portada","item":"https:\/\/elcotarro.com\/"},{"@type":"ListItem","position":2,"name":"UN GRAN \u201cSKATER\u201d LLAMADO BERM\u00daDEZ"}]},{"@type":"WebSite","@id":"https:\/\/elcotarro.com\/#website","url":"https:\/\/elcotarro.com\/","name":"El Cotarro","description":"Peri\u00f3dico Digital Independiente dirigido por Jos\u00e9 Carlos Marrero","publisher":{"@id":"https:\/\/elcotarro.com\/#organization"},"potentialAction":[{"@type":"SearchAction","target":{"@type":"EntryPoint","urlTemplate":"https:\/\/elcotarro.com\/?s={search_term_string}"},"query-input":{"@type":"PropertyValueSpecification","valueRequired":true,"valueName":"search_term_string"}}],"inLanguage":"es"},{"@type":"Organization","@id":"https:\/\/elcotarro.com\/#organization","name":"El Cotarro","url":"https:\/\/elcotarro.com\/","logo":{"@type":"ImageObject","inLanguage":"es","@id":"https:\/\/elcotarro.com\/#\/schema\/logo\/image\/","url":"https:\/\/elcotarro.com\/wp-content\/uploads\/2014\/09\/Cabecera_El_Cotarro_v2.jpg","contentUrl":"https:\/\/elcotarro.com\/wp-content\/uploads\/2014\/09\/Cabecera_El_Cotarro_v2.jpg","width":3540,"height":441,"caption":"El Cotarro"},"image":{"@id":"https:\/\/elcotarro.com\/#\/schema\/logo\/image\/"},"sameAs":["https:\/\/www.facebook.com\/ElCotarro.Tenerife"]},{"@type":"Person","@id":"https:\/\/elcotarro.com\/#\/schema\/person\/af537ee7d60d15984c7e0affcd8a918b","name":"Jos\u00e9 Carlos Marrero Gonz\u00e1lez","image":{"@type":"ImageObject","inLanguage":"es","@id":"https:\/\/elcotarro.com\/#\/schema\/person\/image\/","url":"https:\/\/secure.gravatar.com\/avatar\/def4da036efb5d32c74d49c351f6dccc064dd69ad9f3aadc295c5a9a5391ca01?s=96&d=mm&r=g","contentUrl":"https:\/\/secure.gravatar.com\/avatar\/def4da036efb5d32c74d49c351f6dccc064dd69ad9f3aadc295c5a9a5391ca01?s=96&d=mm&r=g","caption":"Jos\u00e9 Carlos Marrero Gonz\u00e1lez"},"sameAs":["https:\/\/elcotarro.com"],"url":"https:\/\/elcotarro.com\/?author=2"}]}},"jetpack_featured_media_url":"","jetpack_sharing_enabled":true,"_links":{"self":[{"href":"https:\/\/elcotarro.com\/index.php?rest_route=\/wp\/v2\/posts\/4812","targetHints":{"allow":["GET"]}}],"collection":[{"href":"https:\/\/elcotarro.com\/index.php?rest_route=\/wp\/v2\/posts"}],"about":[{"href":"https:\/\/elcotarro.com\/index.php?rest_route=\/wp\/v2\/types\/post"}],"author":[{"embeddable":true,"href":"https:\/\/elcotarro.com\/index.php?rest_route=\/wp\/v2\/users\/2"}],"replies":[{"embeddable":true,"href":"https:\/\/elcotarro.com\/index.php?rest_route=%2Fwp%2Fv2%2Fcomments&post=4812"}],"version-history":[{"count":2,"href":"https:\/\/elcotarro.com\/index.php?rest_route=\/wp\/v2\/posts\/4812\/revisions"}],"predecessor-version":[{"id":4816,"href":"https:\/\/elcotarro.com\/index.php?rest_route=\/wp\/v2\/posts\/4812\/revisions\/4816"}],"wp:attachment":[{"href":"https:\/\/elcotarro.com\/index.php?rest_route=%2Fwp%2Fv2%2Fmedia&parent=4812"}],"wp:term":[{"taxonomy":"category","embeddable":true,"href":"https:\/\/elcotarro.com\/index.php?rest_route=%2Fwp%2Fv2%2Fcategories&post=4812"},{"taxonomy":"post_tag","embeddable":true,"href":"https:\/\/elcotarro.com\/index.php?rest_route=%2Fwp%2Fv2%2Ftags&post=4812"}],"curies":[{"name":"wp","href":"https:\/\/api.w.org\/{rel}","templated":true}]}}