{"id":4932,"date":"2017-12-31T11:04:48","date_gmt":"2017-12-31T11:04:48","guid":{"rendered":"https:\/\/elcotarro.com\/?p=4932"},"modified":"2017-12-31T10:31:47","modified_gmt":"2017-12-31T10:31:47","slug":"44-anos-seguidos-sin-faltar-ni-uno","status":"publish","type":"post","link":"https:\/\/elcotarro.com\/?p=4932","title":{"rendered":"44 A\u00d1OS SEGUIDOS&#8230;, SIN FALTAR NI UNO"},"content":{"rendered":"<p>Los antiguos alumnos de la promoci\u00f3n 1963-1973 cuidaron la \u201csemillita\u201d sembrada por el recordado <strong>Hermano Ram\u00f3n<\/strong> y la misma Navidad del curso en que salieron del colegio, el a\u00f1o 1973 del pasado siglo, fundaron la ya popular Pe\u00f1a \u201cEl Gofio\u201d y salieron a cantar villancicos por las calles laguneras con la tradicional Parranda de \u201cLo Divino\u201d. Un a\u00f1o m\u00e1s, y ya van 44 sin faltar ni uno solo, la Pe\u00f1a \u201cEl Gofio\u201d ha venido saliendo ininterrumpidamente por las calles laguneras cumpliendo con la tradici\u00f3n, cantando villancicos y, desde hace unos diez a\u00f1os, recuperando el sentido solidario de las salidas, recogiendo donativos a cambio de un cancionero de Navidad que ellos mismos editan. Ensayan desde noviembre en el Orfe\u00f3n \u201cLa Paz\u201d de La Laguna, gracias a la gentileza de su Junta Directiva que preside el incombustible <strong>Esteban Afonso<\/strong>. Salen a cantar tan solo seis veces y el dinero recibido (m\u00e1s de 2.000 \u20ac este a\u00f1o) ser\u00e1 \u00edntegramente entregado a C\u00e1ritas.<\/p>\n<p style=\"text-align: center\"><a href=\"https:\/\/elcotarro.com\/wp-content\/uploads\/2017\/12\/FOTO-2.-PE\u00d1A-EL-GOFIO.jpg\"><img loading=\"lazy\" decoding=\"async\" class=\"alignnone size-full wp-image-4933\" src=\"https:\/\/elcotarro.com\/wp-content\/uploads\/2017\/12\/FOTO-2.-PE\u00d1A-EL-GOFIO.jpg\" alt=\"FOTO 2.- PE\u00d1A EL GOFIO\" width=\"3680\" height=\"2456\" srcset=\"https:\/\/elcotarro.com\/wp-content\/uploads\/2017\/12\/FOTO-2.-PE\u00d1A-EL-GOFIO.jpg 3680w, https:\/\/elcotarro.com\/wp-content\/uploads\/2017\/12\/FOTO-2.-PE\u00d1A-EL-GOFIO-300x200.jpg 300w, https:\/\/elcotarro.com\/wp-content\/uploads\/2017\/12\/FOTO-2.-PE\u00d1A-EL-GOFIO-1024x683.jpg 1024w\" sizes=\"auto, (max-width: 3680px) 100vw, 3680px\" \/><\/a><\/p>\n<p style=\"text-align: center\"><em>Foto de familia oficial de este a\u00f1o 2017 de la lagunera parranda \u201cLo Divino\u201d de la Pe\u00f1a \u201cEl Gofio\u201d, que este ya pr\u00f3ximo 2018 cumplir\u00e1 45 a\u00f1os.<\/em><\/p>\n","protected":false},"excerpt":{"rendered":"<p>Los antiguos alumnos de la promoci\u00f3n 1963-1973 cuidaron la \u201csemillita\u201d sembrada por el recordado Hermano Ram\u00f3n y la misma Navidad del curso en que salieron del colegio, el a\u00f1o 1973 del pasado siglo, fundaron la ya popular Pe\u00f1a \u201cEl Gofio\u201d y salieron a cantar villancicos por las calles laguneras con la tradicional Parranda de \u201cLo &#8230; <a class=\"read-more\" href=\"https:\/\/elcotarro.com\/?p=4932\">Read more<\/a><\/p>\n","protected":false},"author":2,"featured_media":0,"comment_status":"open","ping_status":"open","sticky":false,"template":"","format":"standard","meta":{"_jetpack_memberships_contains_paid_content":false,"footnotes":""},"categories":[1],"tags":[],"class_list":["post-4932","post","type-post","status-publish","format-standard","hentry","category-sin-categoria"],"yoast_head":"<!-- This site is optimized with the Yoast SEO plugin v27.0 - https:\/\/yoast.com\/product\/yoast-seo-wordpress\/ -->\n<title>44 A\u00d1OS SEGUIDOS..., SIN FALTAR NI UNO - El Cotarro<\/title>\n<meta name=\"robots\" content=\"index, follow, max-snippet:-1, max-image-preview:large, max-video-preview:-1\" \/>\n<link rel=\"canonical\" href=\"https:\/\/elcotarro.com\/?p=4932\" \/>\n<meta property=\"og:locale\" content=\"es_ES\" \/>\n<meta property=\"og:type\" content=\"article\" \/>\n<meta property=\"og:title\" content=\"44 A\u00d1OS SEGUIDOS..., SIN FALTAR NI UNO - El Cotarro\" \/>\n<meta property=\"og:description\" content=\"Los antiguos alumnos de la promoci\u00f3n 1963-1973 cuidaron la \u201csemillita\u201d sembrada por el recordado Hermano Ram\u00f3n y la misma Navidad del curso en que salieron del colegio, el a\u00f1o 1973 del pasado siglo, fundaron la ya popular Pe\u00f1a \u201cEl Gofio\u201d y salieron a cantar villancicos por las calles laguneras con la tradicional Parranda de \u201cLo ... Read more\" \/>\n<meta property=\"og:url\" content=\"https:\/\/elcotarro.com\/?p=4932\" \/>\n<meta property=\"og:site_name\" content=\"El Cotarro\" \/>\n<meta property=\"article:publisher\" content=\"https:\/\/www.facebook.com\/ElCotarro.Tenerife\" \/>\n<meta property=\"article:published_time\" content=\"2017-12-31T11:04:48+00:00\" \/>\n<meta name=\"author\" content=\"Jos\u00e9 Carlos Marrero Gonz\u00e1lez\" \/>\n<meta name=\"twitter:label1\" content=\"Escrito por\" \/>\n\t<meta name=\"twitter:data1\" content=\"Jos\u00e9 Carlos Marrero Gonz\u00e1lez\" \/>\n\t<meta name=\"twitter:label2\" content=\"Tiempo de lectura\" \/>\n\t<meta name=\"twitter:data2\" content=\"1 minuto\" \/>\n<script type=\"application\/ld+json\" class=\"yoast-schema-graph\">{\"@context\":\"https:\/\/schema.org\",\"@graph\":[{\"@type\":\"Article\",\"@id\":\"https:\/\/elcotarro.com\/?p=4932#article\",\"isPartOf\":{\"@id\":\"https:\/\/elcotarro.com\/?p=4932\"},\"author\":{\"name\":\"Jos\u00e9 Carlos Marrero Gonz\u00e1lez\",\"@id\":\"https:\/\/elcotarro.com\/#\/schema\/person\/af537ee7d60d15984c7e0affcd8a918b\"},\"headline\":\"44 A\u00d1OS SEGUIDOS&#8230;, SIN FALTAR NI UNO\",\"datePublished\":\"2017-12-31T11:04:48+00:00\",\"mainEntityOfPage\":{\"@id\":\"https:\/\/elcotarro.com\/?p=4932\"},\"wordCount\":203,\"commentCount\":0,\"publisher\":{\"@id\":\"https:\/\/elcotarro.com\/#organization\"},\"inLanguage\":\"es\",\"potentialAction\":[{\"@type\":\"CommentAction\",\"name\":\"Comment\",\"target\":[\"https:\/\/elcotarro.com\/?p=4932#respond\"]}]},{\"@type\":\"WebPage\",\"@id\":\"https:\/\/elcotarro.com\/?p=4932\",\"url\":\"https:\/\/elcotarro.com\/?p=4932\",\"name\":\"44 A\u00d1OS SEGUIDOS..., SIN FALTAR NI UNO - El Cotarro\",\"isPartOf\":{\"@id\":\"https:\/\/elcotarro.com\/#website\"},\"datePublished\":\"2017-12-31T11:04:48+00:00\",\"breadcrumb\":{\"@id\":\"https:\/\/elcotarro.com\/?p=4932#breadcrumb\"},\"inLanguage\":\"es\",\"potentialAction\":[{\"@type\":\"ReadAction\",\"target\":[\"https:\/\/elcotarro.com\/?p=4932\"]}]},{\"@type\":\"BreadcrumbList\",\"@id\":\"https:\/\/elcotarro.com\/?p=4932#breadcrumb\",\"itemListElement\":[{\"@type\":\"ListItem\",\"position\":1,\"name\":\"Portada\",\"item\":\"https:\/\/elcotarro.com\/\"},{\"@type\":\"ListItem\",\"position\":2,\"name\":\"44 A\u00d1OS SEGUIDOS&#8230;, SIN FALTAR NI UNO\"}]},{\"@type\":\"WebSite\",\"@id\":\"https:\/\/elcotarro.com\/#website\",\"url\":\"https:\/\/elcotarro.com\/\",\"name\":\"El Cotarro\",\"description\":\"Peri\u00f3dico Digital Independiente dirigido por Jos\u00e9 Carlos Marrero\",\"publisher\":{\"@id\":\"https:\/\/elcotarro.com\/#organization\"},\"potentialAction\":[{\"@type\":\"SearchAction\",\"target\":{\"@type\":\"EntryPoint\",\"urlTemplate\":\"https:\/\/elcotarro.com\/?s={search_term_string}\"},\"query-input\":{\"@type\":\"PropertyValueSpecification\",\"valueRequired\":true,\"valueName\":\"search_term_string\"}}],\"inLanguage\":\"es\"},{\"@type\":\"Organization\",\"@id\":\"https:\/\/elcotarro.com\/#organization\",\"name\":\"El Cotarro\",\"url\":\"https:\/\/elcotarro.com\/\",\"logo\":{\"@type\":\"ImageObject\",\"inLanguage\":\"es\",\"@id\":\"https:\/\/elcotarro.com\/#\/schema\/logo\/image\/\",\"url\":\"https:\/\/elcotarro.com\/wp-content\/uploads\/2014\/09\/Cabecera_El_Cotarro_v2.jpg\",\"contentUrl\":\"https:\/\/elcotarro.com\/wp-content\/uploads\/2014\/09\/Cabecera_El_Cotarro_v2.jpg\",\"width\":3540,\"height\":441,\"caption\":\"El Cotarro\"},\"image\":{\"@id\":\"https:\/\/elcotarro.com\/#\/schema\/logo\/image\/\"},\"sameAs\":[\"https:\/\/www.facebook.com\/ElCotarro.Tenerife\"]},{\"@type\":\"Person\",\"@id\":\"https:\/\/elcotarro.com\/#\/schema\/person\/af537ee7d60d15984c7e0affcd8a918b\",\"name\":\"Jos\u00e9 Carlos Marrero Gonz\u00e1lez\",\"image\":{\"@type\":\"ImageObject\",\"inLanguage\":\"es\",\"@id\":\"https:\/\/elcotarro.com\/#\/schema\/person\/image\/\",\"url\":\"https:\/\/secure.gravatar.com\/avatar\/def4da036efb5d32c74d49c351f6dccc064dd69ad9f3aadc295c5a9a5391ca01?s=96&d=mm&r=g\",\"contentUrl\":\"https:\/\/secure.gravatar.com\/avatar\/def4da036efb5d32c74d49c351f6dccc064dd69ad9f3aadc295c5a9a5391ca01?s=96&d=mm&r=g\",\"caption\":\"Jos\u00e9 Carlos Marrero Gonz\u00e1lez\"},\"sameAs\":[\"https:\/\/elcotarro.com\"],\"url\":\"https:\/\/elcotarro.com\/?author=2\"}]}<\/script>\n<!-- \/ Yoast SEO plugin. -->","yoast_head_json":{"title":"44 A\u00d1OS SEGUIDOS..., SIN FALTAR NI UNO - El Cotarro","robots":{"index":"index","follow":"follow","max-snippet":"max-snippet:-1","max-image-preview":"max-image-preview:large","max-video-preview":"max-video-preview:-1"},"canonical":"https:\/\/elcotarro.com\/?p=4932","og_locale":"es_ES","og_type":"article","og_title":"44 A\u00d1OS SEGUIDOS..., SIN FALTAR NI UNO - El Cotarro","og_description":"Los antiguos alumnos de la promoci\u00f3n 1963-1973 cuidaron la \u201csemillita\u201d sembrada por el recordado Hermano Ram\u00f3n y la misma Navidad del curso en que salieron del colegio, el a\u00f1o 1973 del pasado siglo, fundaron la ya popular Pe\u00f1a \u201cEl Gofio\u201d y salieron a cantar villancicos por las calles laguneras con la tradicional Parranda de \u201cLo ... Read more","og_url":"https:\/\/elcotarro.com\/?p=4932","og_site_name":"El Cotarro","article_publisher":"https:\/\/www.facebook.com\/ElCotarro.Tenerife","article_published_time":"2017-12-31T11:04:48+00:00","author":"Jos\u00e9 Carlos Marrero Gonz\u00e1lez","twitter_misc":{"Escrito por":"Jos\u00e9 Carlos Marrero Gonz\u00e1lez","Tiempo de lectura":"1 minuto"},"schema":{"@context":"https:\/\/schema.org","@graph":[{"@type":"Article","@id":"https:\/\/elcotarro.com\/?p=4932#article","isPartOf":{"@id":"https:\/\/elcotarro.com\/?p=4932"},"author":{"name":"Jos\u00e9 Carlos Marrero Gonz\u00e1lez","@id":"https:\/\/elcotarro.com\/#\/schema\/person\/af537ee7d60d15984c7e0affcd8a918b"},"headline":"44 A\u00d1OS SEGUIDOS&#8230;, SIN FALTAR NI UNO","datePublished":"2017-12-31T11:04:48+00:00","mainEntityOfPage":{"@id":"https:\/\/elcotarro.com\/?p=4932"},"wordCount":203,"commentCount":0,"publisher":{"@id":"https:\/\/elcotarro.com\/#organization"},"inLanguage":"es","potentialAction":[{"@type":"CommentAction","name":"Comment","target":["https:\/\/elcotarro.com\/?p=4932#respond"]}]},{"@type":"WebPage","@id":"https:\/\/elcotarro.com\/?p=4932","url":"https:\/\/elcotarro.com\/?p=4932","name":"44 A\u00d1OS SEGUIDOS..., SIN FALTAR NI UNO - El Cotarro","isPartOf":{"@id":"https:\/\/elcotarro.com\/#website"},"datePublished":"2017-12-31T11:04:48+00:00","breadcrumb":{"@id":"https:\/\/elcotarro.com\/?p=4932#breadcrumb"},"inLanguage":"es","potentialAction":[{"@type":"ReadAction","target":["https:\/\/elcotarro.com\/?p=4932"]}]},{"@type":"BreadcrumbList","@id":"https:\/\/elcotarro.com\/?p=4932#breadcrumb","itemListElement":[{"@type":"ListItem","position":1,"name":"Portada","item":"https:\/\/elcotarro.com\/"},{"@type":"ListItem","position":2,"name":"44 A\u00d1OS SEGUIDOS&#8230;, SIN FALTAR NI UNO"}]},{"@type":"WebSite","@id":"https:\/\/elcotarro.com\/#website","url":"https:\/\/elcotarro.com\/","name":"El Cotarro","description":"Peri\u00f3dico Digital Independiente dirigido por Jos\u00e9 Carlos Marrero","publisher":{"@id":"https:\/\/elcotarro.com\/#organization"},"potentialAction":[{"@type":"SearchAction","target":{"@type":"EntryPoint","urlTemplate":"https:\/\/elcotarro.com\/?s={search_term_string}"},"query-input":{"@type":"PropertyValueSpecification","valueRequired":true,"valueName":"search_term_string"}}],"inLanguage":"es"},{"@type":"Organization","@id":"https:\/\/elcotarro.com\/#organization","name":"El Cotarro","url":"https:\/\/elcotarro.com\/","logo":{"@type":"ImageObject","inLanguage":"es","@id":"https:\/\/elcotarro.com\/#\/schema\/logo\/image\/","url":"https:\/\/elcotarro.com\/wp-content\/uploads\/2014\/09\/Cabecera_El_Cotarro_v2.jpg","contentUrl":"https:\/\/elcotarro.com\/wp-content\/uploads\/2014\/09\/Cabecera_El_Cotarro_v2.jpg","width":3540,"height":441,"caption":"El Cotarro"},"image":{"@id":"https:\/\/elcotarro.com\/#\/schema\/logo\/image\/"},"sameAs":["https:\/\/www.facebook.com\/ElCotarro.Tenerife"]},{"@type":"Person","@id":"https:\/\/elcotarro.com\/#\/schema\/person\/af537ee7d60d15984c7e0affcd8a918b","name":"Jos\u00e9 Carlos Marrero Gonz\u00e1lez","image":{"@type":"ImageObject","inLanguage":"es","@id":"https:\/\/elcotarro.com\/#\/schema\/person\/image\/","url":"https:\/\/secure.gravatar.com\/avatar\/def4da036efb5d32c74d49c351f6dccc064dd69ad9f3aadc295c5a9a5391ca01?s=96&d=mm&r=g","contentUrl":"https:\/\/secure.gravatar.com\/avatar\/def4da036efb5d32c74d49c351f6dccc064dd69ad9f3aadc295c5a9a5391ca01?s=96&d=mm&r=g","caption":"Jos\u00e9 Carlos Marrero Gonz\u00e1lez"},"sameAs":["https:\/\/elcotarro.com"],"url":"https:\/\/elcotarro.com\/?author=2"}]}},"jetpack_featured_media_url":"","jetpack_sharing_enabled":true,"_links":{"self":[{"href":"https:\/\/elcotarro.com\/index.php?rest_route=\/wp\/v2\/posts\/4932","targetHints":{"allow":["GET"]}}],"collection":[{"href":"https:\/\/elcotarro.com\/index.php?rest_route=\/wp\/v2\/posts"}],"about":[{"href":"https:\/\/elcotarro.com\/index.php?rest_route=\/wp\/v2\/types\/post"}],"author":[{"embeddable":true,"href":"https:\/\/elcotarro.com\/index.php?rest_route=\/wp\/v2\/users\/2"}],"replies":[{"embeddable":true,"href":"https:\/\/elcotarro.com\/index.php?rest_route=%2Fwp%2Fv2%2Fcomments&post=4932"}],"version-history":[{"count":1,"href":"https:\/\/elcotarro.com\/index.php?rest_route=\/wp\/v2\/posts\/4932\/revisions"}],"predecessor-version":[{"id":4934,"href":"https:\/\/elcotarro.com\/index.php?rest_route=\/wp\/v2\/posts\/4932\/revisions\/4934"}],"wp:attachment":[{"href":"https:\/\/elcotarro.com\/index.php?rest_route=%2Fwp%2Fv2%2Fmedia&parent=4932"}],"wp:term":[{"taxonomy":"category","embeddable":true,"href":"https:\/\/elcotarro.com\/index.php?rest_route=%2Fwp%2Fv2%2Fcategories&post=4932"},{"taxonomy":"post_tag","embeddable":true,"href":"https:\/\/elcotarro.com\/index.php?rest_route=%2Fwp%2Fv2%2Ftags&post=4932"}],"curies":[{"name":"wp","href":"https:\/\/api.w.org\/{rel}","templated":true}]}}