{"id":4938,"date":"2017-12-31T11:02:36","date_gmt":"2017-12-31T11:02:36","guid":{"rendered":"https:\/\/elcotarro.com\/?p=4938"},"modified":"2017-12-31T10:33:12","modified_gmt":"2017-12-31T10:33:12","slug":"un-paisano-para-dulce-premio-nacional","status":"publish","type":"post","link":"https:\/\/elcotarro.com\/?p=4938","title":{"rendered":"UN PAISANO PARA DULCE PREMIO NACIONAL"},"content":{"rendered":"<p>Tenerife sigue siendo la luz que en Canarias va delante, en lo que a gastronom\u00eda se refiere, y ahora vuelve a ser dulce noticia en dicho sector. Seis pasteleros espa\u00f1oles competir\u00e1n por el reconocimiento \u201cPastelero Revelaci\u00f3n MadridFusi\u00f3n 2018\u201d y uno de ellos ser\u00e1 nuestro paisano, <strong>Alexis Garc\u00eda<\/strong>, quien, junto con su esposa, <strong>Marlene Hern\u00e1ndez<\/strong>, regenta en obrador \u201c100% Pan y Pasteler\u00eda\u201d, en Gu\u00eda de Isora. Dos categor\u00edas engloban a los finalistas del I Concurso Pastelero Revelaci\u00f3n: \u201cPastelero de Restaurante\u201d y \u201cPastelero de Obrador\u201d. El concurso llega para reconocer la desconocida figura y el gran trabajo de estos profesionales dentro del mundo de la gastronom\u00eda y, para la pr\u00f3xima edici\u00f3n de MadridFusi\u00f3n 2018 ya tiene seleccionados los candidatos que competir\u00e1n por el reconocimiento. Muchos han sido los reposteros que han enviado sus recetas para optar a competir en ambas categor\u00edas de este nuevo certamen. El objetivo de este concurso es apoyar y dar valor a un colectivo que nunca ha tenido el reconocimiento suficiente y potenciar as\u00ed el aumento de magn\u00edficos y desconocidos profesionales de esta compleja disciplina gastron\u00f3mica.<\/p>\n<p style=\"text-align: center\"><a href=\"https:\/\/elcotarro.com\/wp-content\/uploads\/2017\/12\/FOTO-4.-ALEXIS-GARC\u00cdA.jpg\"><img loading=\"lazy\" decoding=\"async\" class=\"alignnone size-full wp-image-4939\" src=\"https:\/\/elcotarro.com\/wp-content\/uploads\/2017\/12\/FOTO-4.-ALEXIS-GARC\u00cdA.jpg\" alt=\"FOTO 4.- ALEXIS GARC\u00cdA\" width=\"4928\" height=\"3280\" srcset=\"https:\/\/elcotarro.com\/wp-content\/uploads\/2017\/12\/FOTO-4.-ALEXIS-GARC\u00cdA.jpg 4928w, https:\/\/elcotarro.com\/wp-content\/uploads\/2017\/12\/FOTO-4.-ALEXIS-GARC\u00cdA-300x200.jpg 300w, https:\/\/elcotarro.com\/wp-content\/uploads\/2017\/12\/FOTO-4.-ALEXIS-GARC\u00cdA-1024x682.jpg 1024w\" sizes=\"auto, (max-width: 4928px) 100vw, 4928px\" \/><\/a><\/p>\n<p style=\"text-align: center\"><em>El pastelero tinerfe\u00f1o, Alexis Garc\u00eda, que opta al premio \u201cPastelero de Obrador Revelaci\u00f3n\u201d, dentro del marco del programa del congreso MadridFusi\u00f3n 2018.<\/em><\/p>\n","protected":false},"excerpt":{"rendered":"<p>Tenerife sigue siendo la luz que en Canarias va delante, en lo que a gastronom\u00eda se refiere, y ahora vuelve a ser dulce noticia en dicho sector. Seis pasteleros espa\u00f1oles competir\u00e1n por el reconocimiento \u201cPastelero Revelaci\u00f3n MadridFusi\u00f3n 2018\u201d y uno de ellos ser\u00e1 nuestro paisano, Alexis Garc\u00eda, quien, junto con su esposa, Marlene Hern\u00e1ndez, regenta &#8230; <a class=\"read-more\" href=\"https:\/\/elcotarro.com\/?p=4938\">Read more<\/a><\/p>\n","protected":false},"author":2,"featured_media":0,"comment_status":"open","ping_status":"open","sticky":false,"template":"","format":"standard","meta":{"_jetpack_memberships_contains_paid_content":false,"footnotes":""},"categories":[1],"tags":[],"class_list":["post-4938","post","type-post","status-publish","format-standard","hentry","category-sin-categoria"],"yoast_head":"<!-- This site is optimized with the Yoast SEO plugin v27.0 - https:\/\/yoast.com\/product\/yoast-seo-wordpress\/ -->\n<title>UN PAISANO PARA DULCE PREMIO NACIONAL - El Cotarro<\/title>\n<meta name=\"robots\" content=\"index, follow, max-snippet:-1, max-image-preview:large, max-video-preview:-1\" \/>\n<link rel=\"canonical\" href=\"https:\/\/elcotarro.com\/?p=4938\" \/>\n<meta property=\"og:locale\" content=\"es_ES\" \/>\n<meta property=\"og:type\" content=\"article\" \/>\n<meta property=\"og:title\" content=\"UN PAISANO PARA DULCE PREMIO NACIONAL - El Cotarro\" \/>\n<meta property=\"og:description\" content=\"Tenerife sigue siendo la luz que en Canarias va delante, en lo que a gastronom\u00eda se refiere, y ahora vuelve a ser dulce noticia en dicho sector. Seis pasteleros espa\u00f1oles competir\u00e1n por el reconocimiento \u201cPastelero Revelaci\u00f3n MadridFusi\u00f3n 2018\u201d y uno de ellos ser\u00e1 nuestro paisano, Alexis Garc\u00eda, quien, junto con su esposa, Marlene Hern\u00e1ndez, regenta ... Read more\" \/>\n<meta property=\"og:url\" content=\"https:\/\/elcotarro.com\/?p=4938\" \/>\n<meta property=\"og:site_name\" content=\"El Cotarro\" \/>\n<meta property=\"article:publisher\" content=\"https:\/\/www.facebook.com\/ElCotarro.Tenerife\" \/>\n<meta property=\"article:published_time\" content=\"2017-12-31T11:02:36+00:00\" \/>\n<meta name=\"author\" content=\"Jos\u00e9 Carlos Marrero Gonz\u00e1lez\" \/>\n<meta name=\"twitter:label1\" content=\"Escrito por\" \/>\n\t<meta name=\"twitter:data1\" content=\"Jos\u00e9 Carlos Marrero Gonz\u00e1lez\" \/>\n\t<meta name=\"twitter:label2\" content=\"Tiempo de lectura\" \/>\n\t<meta name=\"twitter:data2\" content=\"1 minuto\" \/>\n<script type=\"application\/ld+json\" class=\"yoast-schema-graph\">{\"@context\":\"https:\/\/schema.org\",\"@graph\":[{\"@type\":\"Article\",\"@id\":\"https:\/\/elcotarro.com\/?p=4938#article\",\"isPartOf\":{\"@id\":\"https:\/\/elcotarro.com\/?p=4938\"},\"author\":{\"name\":\"Jos\u00e9 Carlos Marrero Gonz\u00e1lez\",\"@id\":\"https:\/\/elcotarro.com\/#\/schema\/person\/af537ee7d60d15984c7e0affcd8a918b\"},\"headline\":\"UN PAISANO PARA DULCE PREMIO NACIONAL\",\"datePublished\":\"2017-12-31T11:02:36+00:00\",\"mainEntityOfPage\":{\"@id\":\"https:\/\/elcotarro.com\/?p=4938\"},\"wordCount\":225,\"commentCount\":0,\"publisher\":{\"@id\":\"https:\/\/elcotarro.com\/#organization\"},\"inLanguage\":\"es\",\"potentialAction\":[{\"@type\":\"CommentAction\",\"name\":\"Comment\",\"target\":[\"https:\/\/elcotarro.com\/?p=4938#respond\"]}]},{\"@type\":\"WebPage\",\"@id\":\"https:\/\/elcotarro.com\/?p=4938\",\"url\":\"https:\/\/elcotarro.com\/?p=4938\",\"name\":\"UN PAISANO PARA DULCE PREMIO NACIONAL - El Cotarro\",\"isPartOf\":{\"@id\":\"https:\/\/elcotarro.com\/#website\"},\"datePublished\":\"2017-12-31T11:02:36+00:00\",\"breadcrumb\":{\"@id\":\"https:\/\/elcotarro.com\/?p=4938#breadcrumb\"},\"inLanguage\":\"es\",\"potentialAction\":[{\"@type\":\"ReadAction\",\"target\":[\"https:\/\/elcotarro.com\/?p=4938\"]}]},{\"@type\":\"BreadcrumbList\",\"@id\":\"https:\/\/elcotarro.com\/?p=4938#breadcrumb\",\"itemListElement\":[{\"@type\":\"ListItem\",\"position\":1,\"name\":\"Portada\",\"item\":\"https:\/\/elcotarro.com\/\"},{\"@type\":\"ListItem\",\"position\":2,\"name\":\"UN PAISANO PARA DULCE PREMIO NACIONAL\"}]},{\"@type\":\"WebSite\",\"@id\":\"https:\/\/elcotarro.com\/#website\",\"url\":\"https:\/\/elcotarro.com\/\",\"name\":\"El Cotarro\",\"description\":\"Peri\u00f3dico Digital Independiente dirigido por Jos\u00e9 Carlos Marrero\",\"publisher\":{\"@id\":\"https:\/\/elcotarro.com\/#organization\"},\"potentialAction\":[{\"@type\":\"SearchAction\",\"target\":{\"@type\":\"EntryPoint\",\"urlTemplate\":\"https:\/\/elcotarro.com\/?s={search_term_string}\"},\"query-input\":{\"@type\":\"PropertyValueSpecification\",\"valueRequired\":true,\"valueName\":\"search_term_string\"}}],\"inLanguage\":\"es\"},{\"@type\":\"Organization\",\"@id\":\"https:\/\/elcotarro.com\/#organization\",\"name\":\"El Cotarro\",\"url\":\"https:\/\/elcotarro.com\/\",\"logo\":{\"@type\":\"ImageObject\",\"inLanguage\":\"es\",\"@id\":\"https:\/\/elcotarro.com\/#\/schema\/logo\/image\/\",\"url\":\"https:\/\/elcotarro.com\/wp-content\/uploads\/2014\/09\/Cabecera_El_Cotarro_v2.jpg\",\"contentUrl\":\"https:\/\/elcotarro.com\/wp-content\/uploads\/2014\/09\/Cabecera_El_Cotarro_v2.jpg\",\"width\":3540,\"height\":441,\"caption\":\"El Cotarro\"},\"image\":{\"@id\":\"https:\/\/elcotarro.com\/#\/schema\/logo\/image\/\"},\"sameAs\":[\"https:\/\/www.facebook.com\/ElCotarro.Tenerife\"]},{\"@type\":\"Person\",\"@id\":\"https:\/\/elcotarro.com\/#\/schema\/person\/af537ee7d60d15984c7e0affcd8a918b\",\"name\":\"Jos\u00e9 Carlos Marrero Gonz\u00e1lez\",\"image\":{\"@type\":\"ImageObject\",\"inLanguage\":\"es\",\"@id\":\"https:\/\/elcotarro.com\/#\/schema\/person\/image\/\",\"url\":\"https:\/\/secure.gravatar.com\/avatar\/def4da036efb5d32c74d49c351f6dccc064dd69ad9f3aadc295c5a9a5391ca01?s=96&d=mm&r=g\",\"contentUrl\":\"https:\/\/secure.gravatar.com\/avatar\/def4da036efb5d32c74d49c351f6dccc064dd69ad9f3aadc295c5a9a5391ca01?s=96&d=mm&r=g\",\"caption\":\"Jos\u00e9 Carlos Marrero Gonz\u00e1lez\"},\"sameAs\":[\"https:\/\/elcotarro.com\"],\"url\":\"https:\/\/elcotarro.com\/?author=2\"}]}<\/script>\n<!-- \/ Yoast SEO plugin. -->","yoast_head_json":{"title":"UN PAISANO PARA DULCE PREMIO NACIONAL - El Cotarro","robots":{"index":"index","follow":"follow","max-snippet":"max-snippet:-1","max-image-preview":"max-image-preview:large","max-video-preview":"max-video-preview:-1"},"canonical":"https:\/\/elcotarro.com\/?p=4938","og_locale":"es_ES","og_type":"article","og_title":"UN PAISANO PARA DULCE PREMIO NACIONAL - El Cotarro","og_description":"Tenerife sigue siendo la luz que en Canarias va delante, en lo que a gastronom\u00eda se refiere, y ahora vuelve a ser dulce noticia en dicho sector. Seis pasteleros espa\u00f1oles competir\u00e1n por el reconocimiento \u201cPastelero Revelaci\u00f3n MadridFusi\u00f3n 2018\u201d y uno de ellos ser\u00e1 nuestro paisano, Alexis Garc\u00eda, quien, junto con su esposa, Marlene Hern\u00e1ndez, regenta ... Read more","og_url":"https:\/\/elcotarro.com\/?p=4938","og_site_name":"El Cotarro","article_publisher":"https:\/\/www.facebook.com\/ElCotarro.Tenerife","article_published_time":"2017-12-31T11:02:36+00:00","author":"Jos\u00e9 Carlos Marrero Gonz\u00e1lez","twitter_misc":{"Escrito por":"Jos\u00e9 Carlos Marrero Gonz\u00e1lez","Tiempo de lectura":"1 minuto"},"schema":{"@context":"https:\/\/schema.org","@graph":[{"@type":"Article","@id":"https:\/\/elcotarro.com\/?p=4938#article","isPartOf":{"@id":"https:\/\/elcotarro.com\/?p=4938"},"author":{"name":"Jos\u00e9 Carlos Marrero Gonz\u00e1lez","@id":"https:\/\/elcotarro.com\/#\/schema\/person\/af537ee7d60d15984c7e0affcd8a918b"},"headline":"UN PAISANO PARA DULCE PREMIO NACIONAL","datePublished":"2017-12-31T11:02:36+00:00","mainEntityOfPage":{"@id":"https:\/\/elcotarro.com\/?p=4938"},"wordCount":225,"commentCount":0,"publisher":{"@id":"https:\/\/elcotarro.com\/#organization"},"inLanguage":"es","potentialAction":[{"@type":"CommentAction","name":"Comment","target":["https:\/\/elcotarro.com\/?p=4938#respond"]}]},{"@type":"WebPage","@id":"https:\/\/elcotarro.com\/?p=4938","url":"https:\/\/elcotarro.com\/?p=4938","name":"UN PAISANO PARA DULCE PREMIO NACIONAL - El Cotarro","isPartOf":{"@id":"https:\/\/elcotarro.com\/#website"},"datePublished":"2017-12-31T11:02:36+00:00","breadcrumb":{"@id":"https:\/\/elcotarro.com\/?p=4938#breadcrumb"},"inLanguage":"es","potentialAction":[{"@type":"ReadAction","target":["https:\/\/elcotarro.com\/?p=4938"]}]},{"@type":"BreadcrumbList","@id":"https:\/\/elcotarro.com\/?p=4938#breadcrumb","itemListElement":[{"@type":"ListItem","position":1,"name":"Portada","item":"https:\/\/elcotarro.com\/"},{"@type":"ListItem","position":2,"name":"UN PAISANO PARA DULCE PREMIO NACIONAL"}]},{"@type":"WebSite","@id":"https:\/\/elcotarro.com\/#website","url":"https:\/\/elcotarro.com\/","name":"El Cotarro","description":"Peri\u00f3dico Digital Independiente dirigido por Jos\u00e9 Carlos Marrero","publisher":{"@id":"https:\/\/elcotarro.com\/#organization"},"potentialAction":[{"@type":"SearchAction","target":{"@type":"EntryPoint","urlTemplate":"https:\/\/elcotarro.com\/?s={search_term_string}"},"query-input":{"@type":"PropertyValueSpecification","valueRequired":true,"valueName":"search_term_string"}}],"inLanguage":"es"},{"@type":"Organization","@id":"https:\/\/elcotarro.com\/#organization","name":"El Cotarro","url":"https:\/\/elcotarro.com\/","logo":{"@type":"ImageObject","inLanguage":"es","@id":"https:\/\/elcotarro.com\/#\/schema\/logo\/image\/","url":"https:\/\/elcotarro.com\/wp-content\/uploads\/2014\/09\/Cabecera_El_Cotarro_v2.jpg","contentUrl":"https:\/\/elcotarro.com\/wp-content\/uploads\/2014\/09\/Cabecera_El_Cotarro_v2.jpg","width":3540,"height":441,"caption":"El Cotarro"},"image":{"@id":"https:\/\/elcotarro.com\/#\/schema\/logo\/image\/"},"sameAs":["https:\/\/www.facebook.com\/ElCotarro.Tenerife"]},{"@type":"Person","@id":"https:\/\/elcotarro.com\/#\/schema\/person\/af537ee7d60d15984c7e0affcd8a918b","name":"Jos\u00e9 Carlos Marrero Gonz\u00e1lez","image":{"@type":"ImageObject","inLanguage":"es","@id":"https:\/\/elcotarro.com\/#\/schema\/person\/image\/","url":"https:\/\/secure.gravatar.com\/avatar\/def4da036efb5d32c74d49c351f6dccc064dd69ad9f3aadc295c5a9a5391ca01?s=96&d=mm&r=g","contentUrl":"https:\/\/secure.gravatar.com\/avatar\/def4da036efb5d32c74d49c351f6dccc064dd69ad9f3aadc295c5a9a5391ca01?s=96&d=mm&r=g","caption":"Jos\u00e9 Carlos Marrero Gonz\u00e1lez"},"sameAs":["https:\/\/elcotarro.com"],"url":"https:\/\/elcotarro.com\/?author=2"}]}},"jetpack_featured_media_url":"","jetpack_sharing_enabled":true,"_links":{"self":[{"href":"https:\/\/elcotarro.com\/index.php?rest_route=\/wp\/v2\/posts\/4938","targetHints":{"allow":["GET"]}}],"collection":[{"href":"https:\/\/elcotarro.com\/index.php?rest_route=\/wp\/v2\/posts"}],"about":[{"href":"https:\/\/elcotarro.com\/index.php?rest_route=\/wp\/v2\/types\/post"}],"author":[{"embeddable":true,"href":"https:\/\/elcotarro.com\/index.php?rest_route=\/wp\/v2\/users\/2"}],"replies":[{"embeddable":true,"href":"https:\/\/elcotarro.com\/index.php?rest_route=%2Fwp%2Fv2%2Fcomments&post=4938"}],"version-history":[{"count":1,"href":"https:\/\/elcotarro.com\/index.php?rest_route=\/wp\/v2\/posts\/4938\/revisions"}],"predecessor-version":[{"id":4940,"href":"https:\/\/elcotarro.com\/index.php?rest_route=\/wp\/v2\/posts\/4938\/revisions\/4940"}],"wp:attachment":[{"href":"https:\/\/elcotarro.com\/index.php?rest_route=%2Fwp%2Fv2%2Fmedia&parent=4938"}],"wp:term":[{"taxonomy":"category","embeddable":true,"href":"https:\/\/elcotarro.com\/index.php?rest_route=%2Fwp%2Fv2%2Fcategories&post=4938"},{"taxonomy":"post_tag","embeddable":true,"href":"https:\/\/elcotarro.com\/index.php?rest_route=%2Fwp%2Fv2%2Ftags&post=4938"}],"curies":[{"name":"wp","href":"https:\/\/api.w.org\/{rel}","templated":true}]}}