{"id":4979,"date":"2018-01-14T11:05:50","date_gmt":"2018-01-14T11:05:50","guid":{"rendered":"https:\/\/elcotarro.com\/?p=4979"},"modified":"2018-01-14T09:58:48","modified_gmt":"2018-01-14T09:58:48","slug":"cuanto-vale-1-kilo-de-papa-negra","status":"publish","type":"post","link":"https:\/\/elcotarro.com\/?p=4979","title":{"rendered":"\u00bfCU\u00c1NTO VALE 1 KILO DE PAPA NEGRA?"},"content":{"rendered":"<p>\u00bfCu\u00e1ndo fue la \u00faltima vez que compr\u00f3 usted un kilo de Papas Antiguas de Canarias, m\u00e1s concretamente de Tenerife y para ser m\u00e1s exactos, un kilo de papa negra?. Igual ha hecho el absurdo comentario de <em>\u201c\u00a1cuestan un ojo de la cara!\u201d<\/em>&#8230; \u00bfSab\u00eda usted que hace unos meses en Tenerife, el prestigioso cr\u00edtico gastron\u00f3mico y presidente del congreso MadridFusi\u00f3n, <strong>Jos\u00e9 Carlos Capel<\/strong>, nos habl\u00f3 de unas \u201cpatatas\u201d que, con el nombre de <em>\u201cLas Bonnotte\u201d<\/em> se cultivan en Noirmoutier, una isla de la costa francesa en el Atl\u00e1ntico, se fertilizan con algas marinas, se publicitan como un producto extra gourmet y se venden como \u201clas m\u00e1s caras del mundo, llegando a costar entre 300 y 500 euros el kilo?. Pero, si a nuestras Papas Antiguas de Tenerife le damos el valor que de verdad encierran por su historia, variedad, dificultad de cultivo, escasez de producci\u00f3n y calidad en su sabor&#8230; \u00bfCu\u00e1nto vale de verdad un kilo de nuestra papa negra?<\/p>\n<p style=\"text-align: center\"><a href=\"https:\/\/elcotarro.com\/wp-content\/uploads\/2018\/01\/FOTO-1.-PAPAS-ANTIGUAS.jpg\"><img loading=\"lazy\" decoding=\"async\" class=\"alignnone size-full wp-image-4980\" src=\"https:\/\/elcotarro.com\/wp-content\/uploads\/2018\/01\/FOTO-1.-PAPAS-ANTIGUAS.jpg\" alt=\"FOTO 1.- PAPAS ANTIGUAS\" width=\"1000\" height=\"666\" srcset=\"https:\/\/elcotarro.com\/wp-content\/uploads\/2018\/01\/FOTO-1.-PAPAS-ANTIGUAS.jpg 1000w, https:\/\/elcotarro.com\/wp-content\/uploads\/2018\/01\/FOTO-1.-PAPAS-ANTIGUAS-300x200.jpg 300w\" sizes=\"auto, (max-width: 1000px) 100vw, 1000px\" \/><\/a><\/p>\n<p style=\"text-align: center\"><em>Nuestras Papas Antiguas de Canarias tienen un valor que hay que reconocer<\/em><\/p>\n","protected":false},"excerpt":{"rendered":"<p>\u00bfCu\u00e1ndo fue la \u00faltima vez que compr\u00f3 usted un kilo de Papas Antiguas de Canarias, m\u00e1s concretamente de Tenerife y para ser m\u00e1s exactos, un kilo de papa negra?. Igual ha hecho el absurdo comentario de \u201c\u00a1cuestan un ojo de la cara!\u201d&#8230; \u00bfSab\u00eda usted que hace unos meses en Tenerife, el prestigioso cr\u00edtico gastron\u00f3mico y &#8230; <a class=\"read-more\" href=\"https:\/\/elcotarro.com\/?p=4979\">Read more<\/a><\/p>\n","protected":false},"author":2,"featured_media":0,"comment_status":"open","ping_status":"open","sticky":false,"template":"","format":"standard","meta":{"_jetpack_memberships_contains_paid_content":false,"footnotes":""},"categories":[1],"tags":[],"class_list":["post-4979","post","type-post","status-publish","format-standard","hentry","category-sin-categoria"],"yoast_head":"<!-- This site is optimized with the Yoast SEO plugin v27.0 - https:\/\/yoast.com\/product\/yoast-seo-wordpress\/ -->\n<title>\u00bfCU\u00c1NTO VALE 1 KILO DE PAPA NEGRA? - El Cotarro<\/title>\n<meta name=\"robots\" content=\"index, follow, max-snippet:-1, max-image-preview:large, max-video-preview:-1\" \/>\n<link rel=\"canonical\" href=\"https:\/\/elcotarro.com\/?p=4979\" \/>\n<meta property=\"og:locale\" content=\"es_ES\" \/>\n<meta property=\"og:type\" content=\"article\" \/>\n<meta property=\"og:title\" content=\"\u00bfCU\u00c1NTO VALE 1 KILO DE PAPA NEGRA? - El Cotarro\" \/>\n<meta property=\"og:description\" content=\"\u00bfCu\u00e1ndo fue la \u00faltima vez que compr\u00f3 usted un kilo de Papas Antiguas de Canarias, m\u00e1s concretamente de Tenerife y para ser m\u00e1s exactos, un kilo de papa negra?. Igual ha hecho el absurdo comentario de \u201c\u00a1cuestan un ojo de la cara!\u201d&#8230; \u00bfSab\u00eda usted que hace unos meses en Tenerife, el prestigioso cr\u00edtico gastron\u00f3mico y ... Read more\" \/>\n<meta property=\"og:url\" content=\"https:\/\/elcotarro.com\/?p=4979\" \/>\n<meta property=\"og:site_name\" content=\"El Cotarro\" \/>\n<meta property=\"article:publisher\" content=\"https:\/\/www.facebook.com\/ElCotarro.Tenerife\" \/>\n<meta property=\"article:published_time\" content=\"2018-01-14T11:05:50+00:00\" \/>\n<meta property=\"og:image\" content=\"https:\/\/elcotarro.com\/wp-content\/uploads\/2018\/01\/FOTO-1.-PAPAS-ANTIGUAS.jpg\" \/>\n<meta name=\"author\" content=\"Jos\u00e9 Carlos Marrero Gonz\u00e1lez\" \/>\n<meta name=\"twitter:label1\" content=\"Escrito por\" \/>\n\t<meta name=\"twitter:data1\" content=\"Jos\u00e9 Carlos Marrero Gonz\u00e1lez\" \/>\n\t<meta name=\"twitter:label2\" content=\"Tiempo de lectura\" \/>\n\t<meta name=\"twitter:data2\" content=\"1 minuto\" \/>\n<script type=\"application\/ld+json\" class=\"yoast-schema-graph\">{\"@context\":\"https:\/\/schema.org\",\"@graph\":[{\"@type\":\"Article\",\"@id\":\"https:\/\/elcotarro.com\/?p=4979#article\",\"isPartOf\":{\"@id\":\"https:\/\/elcotarro.com\/?p=4979\"},\"author\":{\"name\":\"Jos\u00e9 Carlos Marrero Gonz\u00e1lez\",\"@id\":\"https:\/\/elcotarro.com\/#\/schema\/person\/af537ee7d60d15984c7e0affcd8a918b\"},\"headline\":\"\u00bfCU\u00c1NTO VALE 1 KILO DE PAPA NEGRA?\",\"datePublished\":\"2018-01-14T11:05:50+00:00\",\"mainEntityOfPage\":{\"@id\":\"https:\/\/elcotarro.com\/?p=4979\"},\"wordCount\":187,\"commentCount\":0,\"publisher\":{\"@id\":\"https:\/\/elcotarro.com\/#organization\"},\"image\":{\"@id\":\"https:\/\/elcotarro.com\/?p=4979#primaryimage\"},\"thumbnailUrl\":\"https:\/\/elcotarro.com\/wp-content\/uploads\/2018\/01\/FOTO-1.-PAPAS-ANTIGUAS.jpg\",\"inLanguage\":\"es\",\"potentialAction\":[{\"@type\":\"CommentAction\",\"name\":\"Comment\",\"target\":[\"https:\/\/elcotarro.com\/?p=4979#respond\"]}]},{\"@type\":\"WebPage\",\"@id\":\"https:\/\/elcotarro.com\/?p=4979\",\"url\":\"https:\/\/elcotarro.com\/?p=4979\",\"name\":\"\u00bfCU\u00c1NTO VALE 1 KILO DE PAPA NEGRA? - El Cotarro\",\"isPartOf\":{\"@id\":\"https:\/\/elcotarro.com\/#website\"},\"primaryImageOfPage\":{\"@id\":\"https:\/\/elcotarro.com\/?p=4979#primaryimage\"},\"image\":{\"@id\":\"https:\/\/elcotarro.com\/?p=4979#primaryimage\"},\"thumbnailUrl\":\"https:\/\/elcotarro.com\/wp-content\/uploads\/2018\/01\/FOTO-1.-PAPAS-ANTIGUAS.jpg\",\"datePublished\":\"2018-01-14T11:05:50+00:00\",\"breadcrumb\":{\"@id\":\"https:\/\/elcotarro.com\/?p=4979#breadcrumb\"},\"inLanguage\":\"es\",\"potentialAction\":[{\"@type\":\"ReadAction\",\"target\":[\"https:\/\/elcotarro.com\/?p=4979\"]}]},{\"@type\":\"ImageObject\",\"inLanguage\":\"es\",\"@id\":\"https:\/\/elcotarro.com\/?p=4979#primaryimage\",\"url\":\"https:\/\/elcotarro.com\/wp-content\/uploads\/2018\/01\/FOTO-1.-PAPAS-ANTIGUAS.jpg\",\"contentUrl\":\"https:\/\/elcotarro.com\/wp-content\/uploads\/2018\/01\/FOTO-1.-PAPAS-ANTIGUAS.jpg\",\"width\":1000,\"height\":666},{\"@type\":\"BreadcrumbList\",\"@id\":\"https:\/\/elcotarro.com\/?p=4979#breadcrumb\",\"itemListElement\":[{\"@type\":\"ListItem\",\"position\":1,\"name\":\"Portada\",\"item\":\"https:\/\/elcotarro.com\/\"},{\"@type\":\"ListItem\",\"position\":2,\"name\":\"\u00bfCU\u00c1NTO VALE 1 KILO DE PAPA NEGRA?\"}]},{\"@type\":\"WebSite\",\"@id\":\"https:\/\/elcotarro.com\/#website\",\"url\":\"https:\/\/elcotarro.com\/\",\"name\":\"El Cotarro\",\"description\":\"Peri\u00f3dico Digital Independiente dirigido por Jos\u00e9 Carlos Marrero\",\"publisher\":{\"@id\":\"https:\/\/elcotarro.com\/#organization\"},\"potentialAction\":[{\"@type\":\"SearchAction\",\"target\":{\"@type\":\"EntryPoint\",\"urlTemplate\":\"https:\/\/elcotarro.com\/?s={search_term_string}\"},\"query-input\":{\"@type\":\"PropertyValueSpecification\",\"valueRequired\":true,\"valueName\":\"search_term_string\"}}],\"inLanguage\":\"es\"},{\"@type\":\"Organization\",\"@id\":\"https:\/\/elcotarro.com\/#organization\",\"name\":\"El Cotarro\",\"url\":\"https:\/\/elcotarro.com\/\",\"logo\":{\"@type\":\"ImageObject\",\"inLanguage\":\"es\",\"@id\":\"https:\/\/elcotarro.com\/#\/schema\/logo\/image\/\",\"url\":\"https:\/\/elcotarro.com\/wp-content\/uploads\/2014\/09\/Cabecera_El_Cotarro_v2.jpg\",\"contentUrl\":\"https:\/\/elcotarro.com\/wp-content\/uploads\/2014\/09\/Cabecera_El_Cotarro_v2.jpg\",\"width\":3540,\"height\":441,\"caption\":\"El Cotarro\"},\"image\":{\"@id\":\"https:\/\/elcotarro.com\/#\/schema\/logo\/image\/\"},\"sameAs\":[\"https:\/\/www.facebook.com\/ElCotarro.Tenerife\"]},{\"@type\":\"Person\",\"@id\":\"https:\/\/elcotarro.com\/#\/schema\/person\/af537ee7d60d15984c7e0affcd8a918b\",\"name\":\"Jos\u00e9 Carlos Marrero Gonz\u00e1lez\",\"image\":{\"@type\":\"ImageObject\",\"inLanguage\":\"es\",\"@id\":\"https:\/\/elcotarro.com\/#\/schema\/person\/image\/\",\"url\":\"https:\/\/secure.gravatar.com\/avatar\/def4da036efb5d32c74d49c351f6dccc064dd69ad9f3aadc295c5a9a5391ca01?s=96&d=mm&r=g\",\"contentUrl\":\"https:\/\/secure.gravatar.com\/avatar\/def4da036efb5d32c74d49c351f6dccc064dd69ad9f3aadc295c5a9a5391ca01?s=96&d=mm&r=g\",\"caption\":\"Jos\u00e9 Carlos Marrero Gonz\u00e1lez\"},\"sameAs\":[\"https:\/\/elcotarro.com\"],\"url\":\"https:\/\/elcotarro.com\/?author=2\"}]}<\/script>\n<!-- \/ Yoast SEO plugin. -->","yoast_head_json":{"title":"\u00bfCU\u00c1NTO VALE 1 KILO DE PAPA NEGRA? - El Cotarro","robots":{"index":"index","follow":"follow","max-snippet":"max-snippet:-1","max-image-preview":"max-image-preview:large","max-video-preview":"max-video-preview:-1"},"canonical":"https:\/\/elcotarro.com\/?p=4979","og_locale":"es_ES","og_type":"article","og_title":"\u00bfCU\u00c1NTO VALE 1 KILO DE PAPA NEGRA? - El Cotarro","og_description":"\u00bfCu\u00e1ndo fue la \u00faltima vez que compr\u00f3 usted un kilo de Papas Antiguas de Canarias, m\u00e1s concretamente de Tenerife y para ser m\u00e1s exactos, un kilo de papa negra?. Igual ha hecho el absurdo comentario de \u201c\u00a1cuestan un ojo de la cara!\u201d&#8230; \u00bfSab\u00eda usted que hace unos meses en Tenerife, el prestigioso cr\u00edtico gastron\u00f3mico y ... Read more","og_url":"https:\/\/elcotarro.com\/?p=4979","og_site_name":"El Cotarro","article_publisher":"https:\/\/www.facebook.com\/ElCotarro.Tenerife","article_published_time":"2018-01-14T11:05:50+00:00","og_image":[{"url":"https:\/\/elcotarro.com\/wp-content\/uploads\/2018\/01\/FOTO-1.-PAPAS-ANTIGUAS.jpg","type":"","width":"","height":""}],"author":"Jos\u00e9 Carlos Marrero Gonz\u00e1lez","twitter_misc":{"Escrito por":"Jos\u00e9 Carlos Marrero Gonz\u00e1lez","Tiempo de lectura":"1 minuto"},"schema":{"@context":"https:\/\/schema.org","@graph":[{"@type":"Article","@id":"https:\/\/elcotarro.com\/?p=4979#article","isPartOf":{"@id":"https:\/\/elcotarro.com\/?p=4979"},"author":{"name":"Jos\u00e9 Carlos Marrero Gonz\u00e1lez","@id":"https:\/\/elcotarro.com\/#\/schema\/person\/af537ee7d60d15984c7e0affcd8a918b"},"headline":"\u00bfCU\u00c1NTO VALE 1 KILO DE PAPA NEGRA?","datePublished":"2018-01-14T11:05:50+00:00","mainEntityOfPage":{"@id":"https:\/\/elcotarro.com\/?p=4979"},"wordCount":187,"commentCount":0,"publisher":{"@id":"https:\/\/elcotarro.com\/#organization"},"image":{"@id":"https:\/\/elcotarro.com\/?p=4979#primaryimage"},"thumbnailUrl":"https:\/\/elcotarro.com\/wp-content\/uploads\/2018\/01\/FOTO-1.-PAPAS-ANTIGUAS.jpg","inLanguage":"es","potentialAction":[{"@type":"CommentAction","name":"Comment","target":["https:\/\/elcotarro.com\/?p=4979#respond"]}]},{"@type":"WebPage","@id":"https:\/\/elcotarro.com\/?p=4979","url":"https:\/\/elcotarro.com\/?p=4979","name":"\u00bfCU\u00c1NTO VALE 1 KILO DE PAPA NEGRA? - El Cotarro","isPartOf":{"@id":"https:\/\/elcotarro.com\/#website"},"primaryImageOfPage":{"@id":"https:\/\/elcotarro.com\/?p=4979#primaryimage"},"image":{"@id":"https:\/\/elcotarro.com\/?p=4979#primaryimage"},"thumbnailUrl":"https:\/\/elcotarro.com\/wp-content\/uploads\/2018\/01\/FOTO-1.-PAPAS-ANTIGUAS.jpg","datePublished":"2018-01-14T11:05:50+00:00","breadcrumb":{"@id":"https:\/\/elcotarro.com\/?p=4979#breadcrumb"},"inLanguage":"es","potentialAction":[{"@type":"ReadAction","target":["https:\/\/elcotarro.com\/?p=4979"]}]},{"@type":"ImageObject","inLanguage":"es","@id":"https:\/\/elcotarro.com\/?p=4979#primaryimage","url":"https:\/\/elcotarro.com\/wp-content\/uploads\/2018\/01\/FOTO-1.-PAPAS-ANTIGUAS.jpg","contentUrl":"https:\/\/elcotarro.com\/wp-content\/uploads\/2018\/01\/FOTO-1.-PAPAS-ANTIGUAS.jpg","width":1000,"height":666},{"@type":"BreadcrumbList","@id":"https:\/\/elcotarro.com\/?p=4979#breadcrumb","itemListElement":[{"@type":"ListItem","position":1,"name":"Portada","item":"https:\/\/elcotarro.com\/"},{"@type":"ListItem","position":2,"name":"\u00bfCU\u00c1NTO VALE 1 KILO DE PAPA NEGRA?"}]},{"@type":"WebSite","@id":"https:\/\/elcotarro.com\/#website","url":"https:\/\/elcotarro.com\/","name":"El Cotarro","description":"Peri\u00f3dico Digital Independiente dirigido por Jos\u00e9 Carlos Marrero","publisher":{"@id":"https:\/\/elcotarro.com\/#organization"},"potentialAction":[{"@type":"SearchAction","target":{"@type":"EntryPoint","urlTemplate":"https:\/\/elcotarro.com\/?s={search_term_string}"},"query-input":{"@type":"PropertyValueSpecification","valueRequired":true,"valueName":"search_term_string"}}],"inLanguage":"es"},{"@type":"Organization","@id":"https:\/\/elcotarro.com\/#organization","name":"El Cotarro","url":"https:\/\/elcotarro.com\/","logo":{"@type":"ImageObject","inLanguage":"es","@id":"https:\/\/elcotarro.com\/#\/schema\/logo\/image\/","url":"https:\/\/elcotarro.com\/wp-content\/uploads\/2014\/09\/Cabecera_El_Cotarro_v2.jpg","contentUrl":"https:\/\/elcotarro.com\/wp-content\/uploads\/2014\/09\/Cabecera_El_Cotarro_v2.jpg","width":3540,"height":441,"caption":"El Cotarro"},"image":{"@id":"https:\/\/elcotarro.com\/#\/schema\/logo\/image\/"},"sameAs":["https:\/\/www.facebook.com\/ElCotarro.Tenerife"]},{"@type":"Person","@id":"https:\/\/elcotarro.com\/#\/schema\/person\/af537ee7d60d15984c7e0affcd8a918b","name":"Jos\u00e9 Carlos Marrero Gonz\u00e1lez","image":{"@type":"ImageObject","inLanguage":"es","@id":"https:\/\/elcotarro.com\/#\/schema\/person\/image\/","url":"https:\/\/secure.gravatar.com\/avatar\/def4da036efb5d32c74d49c351f6dccc064dd69ad9f3aadc295c5a9a5391ca01?s=96&d=mm&r=g","contentUrl":"https:\/\/secure.gravatar.com\/avatar\/def4da036efb5d32c74d49c351f6dccc064dd69ad9f3aadc295c5a9a5391ca01?s=96&d=mm&r=g","caption":"Jos\u00e9 Carlos Marrero Gonz\u00e1lez"},"sameAs":["https:\/\/elcotarro.com"],"url":"https:\/\/elcotarro.com\/?author=2"}]}},"jetpack_featured_media_url":"","jetpack_sharing_enabled":true,"_links":{"self":[{"href":"https:\/\/elcotarro.com\/index.php?rest_route=\/wp\/v2\/posts\/4979","targetHints":{"allow":["GET"]}}],"collection":[{"href":"https:\/\/elcotarro.com\/index.php?rest_route=\/wp\/v2\/posts"}],"about":[{"href":"https:\/\/elcotarro.com\/index.php?rest_route=\/wp\/v2\/types\/post"}],"author":[{"embeddable":true,"href":"https:\/\/elcotarro.com\/index.php?rest_route=\/wp\/v2\/users\/2"}],"replies":[{"embeddable":true,"href":"https:\/\/elcotarro.com\/index.php?rest_route=%2Fwp%2Fv2%2Fcomments&post=4979"}],"version-history":[{"count":1,"href":"https:\/\/elcotarro.com\/index.php?rest_route=\/wp\/v2\/posts\/4979\/revisions"}],"predecessor-version":[{"id":4981,"href":"https:\/\/elcotarro.com\/index.php?rest_route=\/wp\/v2\/posts\/4979\/revisions\/4981"}],"wp:attachment":[{"href":"https:\/\/elcotarro.com\/index.php?rest_route=%2Fwp%2Fv2%2Fmedia&parent=4979"}],"wp:term":[{"taxonomy":"category","embeddable":true,"href":"https:\/\/elcotarro.com\/index.php?rest_route=%2Fwp%2Fv2%2Fcategories&post=4979"},{"taxonomy":"post_tag","embeddable":true,"href":"https:\/\/elcotarro.com\/index.php?rest_route=%2Fwp%2Fv2%2Ftags&post=4979"}],"curies":[{"name":"wp","href":"https:\/\/api.w.org\/{rel}","templated":true}]}}