{"id":5013,"date":"2018-01-21T11:02:11","date_gmt":"2018-01-21T11:02:11","guid":{"rendered":"https:\/\/elcotarro.com\/?p=5013"},"modified":"2018-01-21T10:44:06","modified_gmt":"2018-01-21T10:44:06","slug":"vuelve-la-pena-andaluza-lagunera","status":"publish","type":"post","link":"https:\/\/elcotarro.com\/?p=5013","title":{"rendered":"VUELVE LA PE\u00d1A ANDALUZA-LAGUNERA"},"content":{"rendered":"<p>Esto que ahora les pongo no es otra cosa que un encargo del gran maestro de la fotograf\u00eda, <strong>Antonio Garc\u00eda Rueda<\/strong>, veterano colaborador de este peri\u00f3dico <strong>EL D\u00cdA<\/strong> y, por encima de todo, una persona buena y solidaria. El <em>desinquieto<\/em> <strong>Antonio Rueda<\/strong> (como le conoce todo el mundo) es uno de los puntales, junto con <strong>Marcos<\/strong> <strong>Abel Afonso<\/strong>, de la tambi\u00e9n veterana Pe\u00f1a Andaluza-Lagunera, que re\u00fane en La Laguna a un buen pu\u00f1ado de andaluces que eligieron nuestra isla como hogar. Agradecidos a esta tierra, la Pe\u00f1a va cada \u00faltimo domingo del mes de enero al Hogar Sant\u00edsimo Cristo (popularmente conocido como Asilo de Ancianos de La Laguna) para hacer una donaci\u00f3n de alimentos no perecederos, cuyo principal protagonista, claro est\u00e1, es el aceite de oliva andaluz. Este a\u00f1o cumplir\u00e1n 35 de tradici\u00f3n y ser\u00e1 el pr\u00f3ximo domingo, d\u00eda 28, con entrega de lo recogido a las 11:00 de la ma\u00f1ana y luego misa, a las 12:00, en la capilla del propio centro. El amigo <strong>Antonio Rueda<\/strong> anima a todos los lectores de <strong>EL D\u00cdA<\/strong> a sumarse a esta solidaria iniciativa, sabiendo que, si a lo largo de toda esta pr\u00f3xima semana van al Asilo por la lagunera calle Nava y Grim\u00f3n (calle del Agua), a la altura de la comisar\u00eda de la Polic\u00eda Nacional, muy cerca de la Plaza del Cristo, y tocan tres veces en la puerta del garaje del asilo, all\u00ed les saldr\u00e1 la incombustible <strong>Sor Cipriana<\/strong>, a la que le pueden dejar todos los alimentos no perecederos que deseen. Am\u00e9n.<\/p>\n<p style=\"text-align: center\"><a href=\"https:\/\/elcotarro.com\/wp-content\/uploads\/2018\/01\/FOTO-4.-ANTONIO-RUEDA.jpg\"><img loading=\"lazy\" decoding=\"async\" class=\"alignnone size-full wp-image-5014\" src=\"https:\/\/elcotarro.com\/wp-content\/uploads\/2018\/01\/FOTO-4.-ANTONIO-RUEDA.jpg\" alt=\"FOTO 4.- ANTONIO RUEDA\" width=\"426\" height=\"640\" srcset=\"https:\/\/elcotarro.com\/wp-content\/uploads\/2018\/01\/FOTO-4.-ANTONIO-RUEDA.jpg 426w, https:\/\/elcotarro.com\/wp-content\/uploads\/2018\/01\/FOTO-4.-ANTONIO-RUEDA-200x300.jpg 200w\" sizes=\"auto, (max-width: 426px) 100vw, 426px\" \/><\/a><\/p>\n<p style=\"text-align: center\"><em>Antonio Garc\u00eda Rueda, un gran fot\u00f3grafo y mejor persona.<\/em><\/p>\n","protected":false},"excerpt":{"rendered":"<p>Esto que ahora les pongo no es otra cosa que un encargo del gran maestro de la fotograf\u00eda, Antonio Garc\u00eda Rueda, veterano colaborador de este peri\u00f3dico EL D\u00cdA y, por encima de todo, una persona buena y solidaria. El desinquieto Antonio Rueda (como le conoce todo el mundo) es uno de los puntales, junto con &#8230; <a class=\"read-more\" href=\"https:\/\/elcotarro.com\/?p=5013\">Read more<\/a><\/p>\n","protected":false},"author":2,"featured_media":0,"comment_status":"open","ping_status":"open","sticky":false,"template":"","format":"standard","meta":{"_jetpack_memberships_contains_paid_content":false,"footnotes":""},"categories":[1],"tags":[],"class_list":["post-5013","post","type-post","status-publish","format-standard","hentry","category-sin-categoria"],"yoast_head":"<!-- This site is optimized with the Yoast SEO plugin v27.0 - https:\/\/yoast.com\/product\/yoast-seo-wordpress\/ -->\n<title>VUELVE LA PE\u00d1A ANDALUZA-LAGUNERA - El Cotarro<\/title>\n<meta name=\"robots\" content=\"index, follow, max-snippet:-1, max-image-preview:large, max-video-preview:-1\" \/>\n<link rel=\"canonical\" href=\"https:\/\/elcotarro.com\/?p=5013\" \/>\n<meta property=\"og:locale\" content=\"es_ES\" \/>\n<meta property=\"og:type\" content=\"article\" \/>\n<meta property=\"og:title\" content=\"VUELVE LA PE\u00d1A ANDALUZA-LAGUNERA - El Cotarro\" \/>\n<meta property=\"og:description\" content=\"Esto que ahora les pongo no es otra cosa que un encargo del gran maestro de la fotograf\u00eda, Antonio Garc\u00eda Rueda, veterano colaborador de este peri\u00f3dico EL D\u00cdA y, por encima de todo, una persona buena y solidaria. El desinquieto Antonio Rueda (como le conoce todo el mundo) es uno de los puntales, junto con ... Read more\" \/>\n<meta property=\"og:url\" content=\"https:\/\/elcotarro.com\/?p=5013\" \/>\n<meta property=\"og:site_name\" content=\"El Cotarro\" \/>\n<meta property=\"article:publisher\" content=\"https:\/\/www.facebook.com\/ElCotarro.Tenerife\" \/>\n<meta property=\"article:published_time\" content=\"2018-01-21T11:02:11+00:00\" \/>\n<meta property=\"og:image\" content=\"https:\/\/elcotarro.com\/wp-content\/uploads\/2018\/01\/FOTO-4.-ANTONIO-RUEDA.jpg\" \/>\n<meta name=\"author\" content=\"Jos\u00e9 Carlos Marrero Gonz\u00e1lez\" \/>\n<meta name=\"twitter:label1\" content=\"Escrito por\" \/>\n\t<meta name=\"twitter:data1\" content=\"Jos\u00e9 Carlos Marrero Gonz\u00e1lez\" \/>\n\t<meta name=\"twitter:label2\" content=\"Tiempo de lectura\" \/>\n\t<meta name=\"twitter:data2\" content=\"1 minuto\" \/>\n<script type=\"application\/ld+json\" class=\"yoast-schema-graph\">{\"@context\":\"https:\/\/schema.org\",\"@graph\":[{\"@type\":\"Article\",\"@id\":\"https:\/\/elcotarro.com\/?p=5013#article\",\"isPartOf\":{\"@id\":\"https:\/\/elcotarro.com\/?p=5013\"},\"author\":{\"name\":\"Jos\u00e9 Carlos Marrero Gonz\u00e1lez\",\"@id\":\"https:\/\/elcotarro.com\/#\/schema\/person\/af537ee7d60d15984c7e0affcd8a918b\"},\"headline\":\"VUELVE LA PE\u00d1A ANDALUZA-LAGUNERA\",\"datePublished\":\"2018-01-21T11:02:11+00:00\",\"mainEntityOfPage\":{\"@id\":\"https:\/\/elcotarro.com\/?p=5013\"},\"wordCount\":289,\"commentCount\":0,\"publisher\":{\"@id\":\"https:\/\/elcotarro.com\/#organization\"},\"image\":{\"@id\":\"https:\/\/elcotarro.com\/?p=5013#primaryimage\"},\"thumbnailUrl\":\"https:\/\/elcotarro.com\/wp-content\/uploads\/2018\/01\/FOTO-4.-ANTONIO-RUEDA.jpg\",\"inLanguage\":\"es\",\"potentialAction\":[{\"@type\":\"CommentAction\",\"name\":\"Comment\",\"target\":[\"https:\/\/elcotarro.com\/?p=5013#respond\"]}]},{\"@type\":\"WebPage\",\"@id\":\"https:\/\/elcotarro.com\/?p=5013\",\"url\":\"https:\/\/elcotarro.com\/?p=5013\",\"name\":\"VUELVE LA PE\u00d1A ANDALUZA-LAGUNERA - El Cotarro\",\"isPartOf\":{\"@id\":\"https:\/\/elcotarro.com\/#website\"},\"primaryImageOfPage\":{\"@id\":\"https:\/\/elcotarro.com\/?p=5013#primaryimage\"},\"image\":{\"@id\":\"https:\/\/elcotarro.com\/?p=5013#primaryimage\"},\"thumbnailUrl\":\"https:\/\/elcotarro.com\/wp-content\/uploads\/2018\/01\/FOTO-4.-ANTONIO-RUEDA.jpg\",\"datePublished\":\"2018-01-21T11:02:11+00:00\",\"breadcrumb\":{\"@id\":\"https:\/\/elcotarro.com\/?p=5013#breadcrumb\"},\"inLanguage\":\"es\",\"potentialAction\":[{\"@type\":\"ReadAction\",\"target\":[\"https:\/\/elcotarro.com\/?p=5013\"]}]},{\"@type\":\"ImageObject\",\"inLanguage\":\"es\",\"@id\":\"https:\/\/elcotarro.com\/?p=5013#primaryimage\",\"url\":\"https:\/\/elcotarro.com\/wp-content\/uploads\/2018\/01\/FOTO-4.-ANTONIO-RUEDA.jpg\",\"contentUrl\":\"https:\/\/elcotarro.com\/wp-content\/uploads\/2018\/01\/FOTO-4.-ANTONIO-RUEDA.jpg\",\"width\":426,\"height\":640},{\"@type\":\"BreadcrumbList\",\"@id\":\"https:\/\/elcotarro.com\/?p=5013#breadcrumb\",\"itemListElement\":[{\"@type\":\"ListItem\",\"position\":1,\"name\":\"Portada\",\"item\":\"https:\/\/elcotarro.com\/\"},{\"@type\":\"ListItem\",\"position\":2,\"name\":\"VUELVE LA PE\u00d1A ANDALUZA-LAGUNERA\"}]},{\"@type\":\"WebSite\",\"@id\":\"https:\/\/elcotarro.com\/#website\",\"url\":\"https:\/\/elcotarro.com\/\",\"name\":\"El Cotarro\",\"description\":\"Peri\u00f3dico Digital Independiente dirigido por Jos\u00e9 Carlos Marrero\",\"publisher\":{\"@id\":\"https:\/\/elcotarro.com\/#organization\"},\"potentialAction\":[{\"@type\":\"SearchAction\",\"target\":{\"@type\":\"EntryPoint\",\"urlTemplate\":\"https:\/\/elcotarro.com\/?s={search_term_string}\"},\"query-input\":{\"@type\":\"PropertyValueSpecification\",\"valueRequired\":true,\"valueName\":\"search_term_string\"}}],\"inLanguage\":\"es\"},{\"@type\":\"Organization\",\"@id\":\"https:\/\/elcotarro.com\/#organization\",\"name\":\"El Cotarro\",\"url\":\"https:\/\/elcotarro.com\/\",\"logo\":{\"@type\":\"ImageObject\",\"inLanguage\":\"es\",\"@id\":\"https:\/\/elcotarro.com\/#\/schema\/logo\/image\/\",\"url\":\"https:\/\/elcotarro.com\/wp-content\/uploads\/2014\/09\/Cabecera_El_Cotarro_v2.jpg\",\"contentUrl\":\"https:\/\/elcotarro.com\/wp-content\/uploads\/2014\/09\/Cabecera_El_Cotarro_v2.jpg\",\"width\":3540,\"height\":441,\"caption\":\"El Cotarro\"},\"image\":{\"@id\":\"https:\/\/elcotarro.com\/#\/schema\/logo\/image\/\"},\"sameAs\":[\"https:\/\/www.facebook.com\/ElCotarro.Tenerife\"]},{\"@type\":\"Person\",\"@id\":\"https:\/\/elcotarro.com\/#\/schema\/person\/af537ee7d60d15984c7e0affcd8a918b\",\"name\":\"Jos\u00e9 Carlos Marrero Gonz\u00e1lez\",\"image\":{\"@type\":\"ImageObject\",\"inLanguage\":\"es\",\"@id\":\"https:\/\/elcotarro.com\/#\/schema\/person\/image\/\",\"url\":\"https:\/\/secure.gravatar.com\/avatar\/def4da036efb5d32c74d49c351f6dccc064dd69ad9f3aadc295c5a9a5391ca01?s=96&d=mm&r=g\",\"contentUrl\":\"https:\/\/secure.gravatar.com\/avatar\/def4da036efb5d32c74d49c351f6dccc064dd69ad9f3aadc295c5a9a5391ca01?s=96&d=mm&r=g\",\"caption\":\"Jos\u00e9 Carlos Marrero Gonz\u00e1lez\"},\"sameAs\":[\"https:\/\/elcotarro.com\"],\"url\":\"https:\/\/elcotarro.com\/?author=2\"}]}<\/script>\n<!-- \/ Yoast SEO plugin. -->","yoast_head_json":{"title":"VUELVE LA PE\u00d1A ANDALUZA-LAGUNERA - El Cotarro","robots":{"index":"index","follow":"follow","max-snippet":"max-snippet:-1","max-image-preview":"max-image-preview:large","max-video-preview":"max-video-preview:-1"},"canonical":"https:\/\/elcotarro.com\/?p=5013","og_locale":"es_ES","og_type":"article","og_title":"VUELVE LA PE\u00d1A ANDALUZA-LAGUNERA - El Cotarro","og_description":"Esto que ahora les pongo no es otra cosa que un encargo del gran maestro de la fotograf\u00eda, Antonio Garc\u00eda Rueda, veterano colaborador de este peri\u00f3dico EL D\u00cdA y, por encima de todo, una persona buena y solidaria. El desinquieto Antonio Rueda (como le conoce todo el mundo) es uno de los puntales, junto con ... Read more","og_url":"https:\/\/elcotarro.com\/?p=5013","og_site_name":"El Cotarro","article_publisher":"https:\/\/www.facebook.com\/ElCotarro.Tenerife","article_published_time":"2018-01-21T11:02:11+00:00","og_image":[{"url":"https:\/\/elcotarro.com\/wp-content\/uploads\/2018\/01\/FOTO-4.-ANTONIO-RUEDA.jpg","type":"","width":"","height":""}],"author":"Jos\u00e9 Carlos Marrero Gonz\u00e1lez","twitter_misc":{"Escrito por":"Jos\u00e9 Carlos Marrero Gonz\u00e1lez","Tiempo de lectura":"1 minuto"},"schema":{"@context":"https:\/\/schema.org","@graph":[{"@type":"Article","@id":"https:\/\/elcotarro.com\/?p=5013#article","isPartOf":{"@id":"https:\/\/elcotarro.com\/?p=5013"},"author":{"name":"Jos\u00e9 Carlos Marrero Gonz\u00e1lez","@id":"https:\/\/elcotarro.com\/#\/schema\/person\/af537ee7d60d15984c7e0affcd8a918b"},"headline":"VUELVE LA PE\u00d1A ANDALUZA-LAGUNERA","datePublished":"2018-01-21T11:02:11+00:00","mainEntityOfPage":{"@id":"https:\/\/elcotarro.com\/?p=5013"},"wordCount":289,"commentCount":0,"publisher":{"@id":"https:\/\/elcotarro.com\/#organization"},"image":{"@id":"https:\/\/elcotarro.com\/?p=5013#primaryimage"},"thumbnailUrl":"https:\/\/elcotarro.com\/wp-content\/uploads\/2018\/01\/FOTO-4.-ANTONIO-RUEDA.jpg","inLanguage":"es","potentialAction":[{"@type":"CommentAction","name":"Comment","target":["https:\/\/elcotarro.com\/?p=5013#respond"]}]},{"@type":"WebPage","@id":"https:\/\/elcotarro.com\/?p=5013","url":"https:\/\/elcotarro.com\/?p=5013","name":"VUELVE LA PE\u00d1A ANDALUZA-LAGUNERA - El Cotarro","isPartOf":{"@id":"https:\/\/elcotarro.com\/#website"},"primaryImageOfPage":{"@id":"https:\/\/elcotarro.com\/?p=5013#primaryimage"},"image":{"@id":"https:\/\/elcotarro.com\/?p=5013#primaryimage"},"thumbnailUrl":"https:\/\/elcotarro.com\/wp-content\/uploads\/2018\/01\/FOTO-4.-ANTONIO-RUEDA.jpg","datePublished":"2018-01-21T11:02:11+00:00","breadcrumb":{"@id":"https:\/\/elcotarro.com\/?p=5013#breadcrumb"},"inLanguage":"es","potentialAction":[{"@type":"ReadAction","target":["https:\/\/elcotarro.com\/?p=5013"]}]},{"@type":"ImageObject","inLanguage":"es","@id":"https:\/\/elcotarro.com\/?p=5013#primaryimage","url":"https:\/\/elcotarro.com\/wp-content\/uploads\/2018\/01\/FOTO-4.-ANTONIO-RUEDA.jpg","contentUrl":"https:\/\/elcotarro.com\/wp-content\/uploads\/2018\/01\/FOTO-4.-ANTONIO-RUEDA.jpg","width":426,"height":640},{"@type":"BreadcrumbList","@id":"https:\/\/elcotarro.com\/?p=5013#breadcrumb","itemListElement":[{"@type":"ListItem","position":1,"name":"Portada","item":"https:\/\/elcotarro.com\/"},{"@type":"ListItem","position":2,"name":"VUELVE LA PE\u00d1A ANDALUZA-LAGUNERA"}]},{"@type":"WebSite","@id":"https:\/\/elcotarro.com\/#website","url":"https:\/\/elcotarro.com\/","name":"El Cotarro","description":"Peri\u00f3dico Digital Independiente dirigido por Jos\u00e9 Carlos Marrero","publisher":{"@id":"https:\/\/elcotarro.com\/#organization"},"potentialAction":[{"@type":"SearchAction","target":{"@type":"EntryPoint","urlTemplate":"https:\/\/elcotarro.com\/?s={search_term_string}"},"query-input":{"@type":"PropertyValueSpecification","valueRequired":true,"valueName":"search_term_string"}}],"inLanguage":"es"},{"@type":"Organization","@id":"https:\/\/elcotarro.com\/#organization","name":"El Cotarro","url":"https:\/\/elcotarro.com\/","logo":{"@type":"ImageObject","inLanguage":"es","@id":"https:\/\/elcotarro.com\/#\/schema\/logo\/image\/","url":"https:\/\/elcotarro.com\/wp-content\/uploads\/2014\/09\/Cabecera_El_Cotarro_v2.jpg","contentUrl":"https:\/\/elcotarro.com\/wp-content\/uploads\/2014\/09\/Cabecera_El_Cotarro_v2.jpg","width":3540,"height":441,"caption":"El Cotarro"},"image":{"@id":"https:\/\/elcotarro.com\/#\/schema\/logo\/image\/"},"sameAs":["https:\/\/www.facebook.com\/ElCotarro.Tenerife"]},{"@type":"Person","@id":"https:\/\/elcotarro.com\/#\/schema\/person\/af537ee7d60d15984c7e0affcd8a918b","name":"Jos\u00e9 Carlos Marrero Gonz\u00e1lez","image":{"@type":"ImageObject","inLanguage":"es","@id":"https:\/\/elcotarro.com\/#\/schema\/person\/image\/","url":"https:\/\/secure.gravatar.com\/avatar\/def4da036efb5d32c74d49c351f6dccc064dd69ad9f3aadc295c5a9a5391ca01?s=96&d=mm&r=g","contentUrl":"https:\/\/secure.gravatar.com\/avatar\/def4da036efb5d32c74d49c351f6dccc064dd69ad9f3aadc295c5a9a5391ca01?s=96&d=mm&r=g","caption":"Jos\u00e9 Carlos Marrero Gonz\u00e1lez"},"sameAs":["https:\/\/elcotarro.com"],"url":"https:\/\/elcotarro.com\/?author=2"}]}},"jetpack_featured_media_url":"","jetpack_sharing_enabled":true,"_links":{"self":[{"href":"https:\/\/elcotarro.com\/index.php?rest_route=\/wp\/v2\/posts\/5013","targetHints":{"allow":["GET"]}}],"collection":[{"href":"https:\/\/elcotarro.com\/index.php?rest_route=\/wp\/v2\/posts"}],"about":[{"href":"https:\/\/elcotarro.com\/index.php?rest_route=\/wp\/v2\/types\/post"}],"author":[{"embeddable":true,"href":"https:\/\/elcotarro.com\/index.php?rest_route=\/wp\/v2\/users\/2"}],"replies":[{"embeddable":true,"href":"https:\/\/elcotarro.com\/index.php?rest_route=%2Fwp%2Fv2%2Fcomments&post=5013"}],"version-history":[{"count":1,"href":"https:\/\/elcotarro.com\/index.php?rest_route=\/wp\/v2\/posts\/5013\/revisions"}],"predecessor-version":[{"id":5015,"href":"https:\/\/elcotarro.com\/index.php?rest_route=\/wp\/v2\/posts\/5013\/revisions\/5015"}],"wp:attachment":[{"href":"https:\/\/elcotarro.com\/index.php?rest_route=%2Fwp%2Fv2%2Fmedia&parent=5013"}],"wp:term":[{"taxonomy":"category","embeddable":true,"href":"https:\/\/elcotarro.com\/index.php?rest_route=%2Fwp%2Fv2%2Fcategories&post=5013"},{"taxonomy":"post_tag","embeddable":true,"href":"https:\/\/elcotarro.com\/index.php?rest_route=%2Fwp%2Fv2%2Ftags&post=5013"}],"curies":[{"name":"wp","href":"https:\/\/api.w.org\/{rel}","templated":true}]}}