{"id":5019,"date":"2018-01-21T11:00:30","date_gmt":"2018-01-21T11:00:30","guid":{"rendered":"https:\/\/elcotarro.com\/?p=5019"},"modified":"2018-01-21T10:46:49","modified_gmt":"2018-01-21T10:46:49","slug":"un-gran-scout-llamado-tommy","status":"publish","type":"post","link":"https:\/\/elcotarro.com\/?p=5019","title":{"rendered":"UN GRAN SCOUT LLAMADO TOMMY"},"content":{"rendered":"<p>Formado como scout al m\u00e1s alto nivel y tras obtener su \u201cInsignia de Madera\u201d (m\u00e1ximo grado) en Gilwell Park (Londres), <strong>Tom\u00e1s De Armas<\/strong> ha sido un ejemplar <em>scouter<\/em> (maestro de scouts) que, durante muchos a\u00f1os, en la d\u00e9cada de los 70, fue Comisario Scout de la Zona VII (nuestra provincia) cuando la Asociaci\u00f3n de Scouts de Espa\u00f1a estaba organizada por zonas. A partir de los a\u00f1os 80, <strong>Tom\u00e1s De Armas<\/strong> tambi\u00e9n se uni\u00f3 a la Asociaci\u00f3n de Antiguos Exploradores, Scouts y Gu\u00edas de Tenerife \u2013 Scouts Veteranos de Tenerife, asociaci\u00f3n de la que tambi\u00e9n ha sido <em>\u201calma mater\u201d,<\/em> de la que fue presidente desde 1993 hasta el pasado mes de abril, y de la que actualmente era Presidente de Honor. Para <strong>Carmen Pilar Castro<\/strong> (Akela), su paciente amiga, valerosa compa\u00f1era y amante esposa, para sus hijos (<strong>Bel\u00e9n<\/strong> y <strong>Tom\u00e1s<\/strong>) y toda su gran familia, vaya nuestro m\u00e1s profundo y sincero sentimiento de pesar, junto con todo nuestro afecto y el de todos los y las scouts de Tenerife. <strong>Tom\u00e1s De Armas Schm\u00f6lzer<\/strong>, nuestro gran \u201cToro Sentado\u201d, nuestro querido <strong>Tommy<\/strong>, descansa ya junto al Padre, en el \u201cGran Campamento Eterno\u201d.<\/p>\n<p style=\"text-align: center\"><a href=\"https:\/\/elcotarro.com\/wp-content\/uploads\/2018\/01\/FOTO-6.-SCOUTS-VETERANOS.jpg\"><img loading=\"lazy\" decoding=\"async\" class=\"alignnone size-full wp-image-5020\" src=\"https:\/\/elcotarro.com\/wp-content\/uploads\/2018\/01\/FOTO-6.-SCOUTS-VETERANOS.jpg\" alt=\"FOTO 6.- SCOUTS VETERANOS\" width=\"2000\" height=\"1335\" srcset=\"https:\/\/elcotarro.com\/wp-content\/uploads\/2018\/01\/FOTO-6.-SCOUTS-VETERANOS.jpg 2000w, https:\/\/elcotarro.com\/wp-content\/uploads\/2018\/01\/FOTO-6.-SCOUTS-VETERANOS-300x200.jpg 300w, https:\/\/elcotarro.com\/wp-content\/uploads\/2018\/01\/FOTO-6.-SCOUTS-VETERANOS-1024x684.jpg 1024w\" sizes=\"auto, (max-width: 2000px) 100vw, 2000px\" \/><\/a><\/p>\n<p style=\"text-align: center\"><em>Una de las \u00faltimas fotograf\u00edas de Tom\u00e1s De Armas (en el centro) con parte de los Scouts Veteranos de Tenerife, en el acto de traspaso de la presidencia de la Asociaci\u00f3n a Jos\u00e9 Carlos Marrero (a su derecha) el pasado mes de abril de 2017.<\/em><\/p>\n<p style=\"text-align: center\"><a href=\"http:\/\/www.careca.es\/\" target=\"_blank\"><img loading=\"lazy\" decoding=\"async\" class=\"size-full wp-image-2216 aligncenter\" src=\"https:\/\/elcotarro.com\/wp-content\/uploads\/2016\/07\/InsulacafeElCotarro.jpg\" alt=\"Bnn_Careca\" width=\"750\" height=\"150\" \/><\/a><\/p>\n","protected":false},"excerpt":{"rendered":"<p>Formado como scout al m\u00e1s alto nivel y tras obtener su \u201cInsignia de Madera\u201d (m\u00e1ximo grado) en Gilwell Park (Londres), Tom\u00e1s De Armas ha sido un ejemplar scouter (maestro de scouts) que, durante muchos a\u00f1os, en la d\u00e9cada de los 70, fue Comisario Scout de la Zona VII (nuestra provincia) cuando la Asociaci\u00f3n de Scouts &#8230; <a class=\"read-more\" href=\"https:\/\/elcotarro.com\/?p=5019\">Read more<\/a><\/p>\n","protected":false},"author":2,"featured_media":0,"comment_status":"open","ping_status":"open","sticky":false,"template":"","format":"standard","meta":{"_jetpack_memberships_contains_paid_content":false,"footnotes":""},"categories":[1],"tags":[],"class_list":["post-5019","post","type-post","status-publish","format-standard","hentry","category-sin-categoria"],"yoast_head":"<!-- This site is optimized with the Yoast SEO plugin v27.0 - https:\/\/yoast.com\/product\/yoast-seo-wordpress\/ -->\n<title>UN GRAN SCOUT LLAMADO TOMMY - El Cotarro<\/title>\n<meta name=\"robots\" content=\"index, follow, max-snippet:-1, max-image-preview:large, max-video-preview:-1\" \/>\n<link rel=\"canonical\" href=\"https:\/\/elcotarro.com\/?p=5019\" \/>\n<meta property=\"og:locale\" content=\"es_ES\" \/>\n<meta property=\"og:type\" content=\"article\" \/>\n<meta property=\"og:title\" content=\"UN GRAN SCOUT LLAMADO TOMMY - El Cotarro\" \/>\n<meta property=\"og:description\" content=\"Formado como scout al m\u00e1s alto nivel y tras obtener su \u201cInsignia de Madera\u201d (m\u00e1ximo grado) en Gilwell Park (Londres), Tom\u00e1s De Armas ha sido un ejemplar scouter (maestro de scouts) que, durante muchos a\u00f1os, en la d\u00e9cada de los 70, fue Comisario Scout de la Zona VII (nuestra provincia) cuando la Asociaci\u00f3n de Scouts ... Read more\" \/>\n<meta property=\"og:url\" content=\"https:\/\/elcotarro.com\/?p=5019\" \/>\n<meta property=\"og:site_name\" content=\"El Cotarro\" \/>\n<meta property=\"article:publisher\" content=\"https:\/\/www.facebook.com\/ElCotarro.Tenerife\" \/>\n<meta property=\"article:published_time\" content=\"2018-01-21T11:00:30+00:00\" \/>\n<meta property=\"og:image\" content=\"https:\/\/elcotarro.com\/wp-content\/uploads\/2018\/01\/FOTO-6.-SCOUTS-VETERANOS.jpg\" \/>\n<meta name=\"author\" content=\"Jos\u00e9 Carlos Marrero Gonz\u00e1lez\" \/>\n<meta name=\"twitter:label1\" content=\"Escrito por\" \/>\n\t<meta name=\"twitter:data1\" content=\"Jos\u00e9 Carlos Marrero Gonz\u00e1lez\" \/>\n\t<meta name=\"twitter:label2\" content=\"Tiempo de lectura\" \/>\n\t<meta name=\"twitter:data2\" content=\"1 minuto\" \/>\n<script type=\"application\/ld+json\" class=\"yoast-schema-graph\">{\"@context\":\"https:\/\/schema.org\",\"@graph\":[{\"@type\":\"Article\",\"@id\":\"https:\/\/elcotarro.com\/?p=5019#article\",\"isPartOf\":{\"@id\":\"https:\/\/elcotarro.com\/?p=5019\"},\"author\":{\"name\":\"Jos\u00e9 Carlos Marrero Gonz\u00e1lez\",\"@id\":\"https:\/\/elcotarro.com\/#\/schema\/person\/af537ee7d60d15984c7e0affcd8a918b\"},\"headline\":\"UN GRAN SCOUT LLAMADO TOMMY\",\"datePublished\":\"2018-01-21T11:00:30+00:00\",\"mainEntityOfPage\":{\"@id\":\"https:\/\/elcotarro.com\/?p=5019\"},\"wordCount\":257,\"commentCount\":0,\"publisher\":{\"@id\":\"https:\/\/elcotarro.com\/#organization\"},\"image\":{\"@id\":\"https:\/\/elcotarro.com\/?p=5019#primaryimage\"},\"thumbnailUrl\":\"https:\/\/elcotarro.com\/wp-content\/uploads\/2018\/01\/FOTO-6.-SCOUTS-VETERANOS.jpg\",\"inLanguage\":\"es\",\"potentialAction\":[{\"@type\":\"CommentAction\",\"name\":\"Comment\",\"target\":[\"https:\/\/elcotarro.com\/?p=5019#respond\"]}]},{\"@type\":\"WebPage\",\"@id\":\"https:\/\/elcotarro.com\/?p=5019\",\"url\":\"https:\/\/elcotarro.com\/?p=5019\",\"name\":\"UN GRAN SCOUT LLAMADO TOMMY - El Cotarro\",\"isPartOf\":{\"@id\":\"https:\/\/elcotarro.com\/#website\"},\"primaryImageOfPage\":{\"@id\":\"https:\/\/elcotarro.com\/?p=5019#primaryimage\"},\"image\":{\"@id\":\"https:\/\/elcotarro.com\/?p=5019#primaryimage\"},\"thumbnailUrl\":\"https:\/\/elcotarro.com\/wp-content\/uploads\/2018\/01\/FOTO-6.-SCOUTS-VETERANOS.jpg\",\"datePublished\":\"2018-01-21T11:00:30+00:00\",\"breadcrumb\":{\"@id\":\"https:\/\/elcotarro.com\/?p=5019#breadcrumb\"},\"inLanguage\":\"es\",\"potentialAction\":[{\"@type\":\"ReadAction\",\"target\":[\"https:\/\/elcotarro.com\/?p=5019\"]}]},{\"@type\":\"ImageObject\",\"inLanguage\":\"es\",\"@id\":\"https:\/\/elcotarro.com\/?p=5019#primaryimage\",\"url\":\"https:\/\/elcotarro.com\/wp-content\/uploads\/2018\/01\/FOTO-6.-SCOUTS-VETERANOS.jpg\",\"contentUrl\":\"https:\/\/elcotarro.com\/wp-content\/uploads\/2018\/01\/FOTO-6.-SCOUTS-VETERANOS.jpg\",\"width\":2000,\"height\":1335},{\"@type\":\"BreadcrumbList\",\"@id\":\"https:\/\/elcotarro.com\/?p=5019#breadcrumb\",\"itemListElement\":[{\"@type\":\"ListItem\",\"position\":1,\"name\":\"Portada\",\"item\":\"https:\/\/elcotarro.com\/\"},{\"@type\":\"ListItem\",\"position\":2,\"name\":\"UN GRAN SCOUT LLAMADO TOMMY\"}]},{\"@type\":\"WebSite\",\"@id\":\"https:\/\/elcotarro.com\/#website\",\"url\":\"https:\/\/elcotarro.com\/\",\"name\":\"El Cotarro\",\"description\":\"Peri\u00f3dico Digital Independiente dirigido por Jos\u00e9 Carlos Marrero\",\"publisher\":{\"@id\":\"https:\/\/elcotarro.com\/#organization\"},\"potentialAction\":[{\"@type\":\"SearchAction\",\"target\":{\"@type\":\"EntryPoint\",\"urlTemplate\":\"https:\/\/elcotarro.com\/?s={search_term_string}\"},\"query-input\":{\"@type\":\"PropertyValueSpecification\",\"valueRequired\":true,\"valueName\":\"search_term_string\"}}],\"inLanguage\":\"es\"},{\"@type\":\"Organization\",\"@id\":\"https:\/\/elcotarro.com\/#organization\",\"name\":\"El Cotarro\",\"url\":\"https:\/\/elcotarro.com\/\",\"logo\":{\"@type\":\"ImageObject\",\"inLanguage\":\"es\",\"@id\":\"https:\/\/elcotarro.com\/#\/schema\/logo\/image\/\",\"url\":\"https:\/\/elcotarro.com\/wp-content\/uploads\/2014\/09\/Cabecera_El_Cotarro_v2.jpg\",\"contentUrl\":\"https:\/\/elcotarro.com\/wp-content\/uploads\/2014\/09\/Cabecera_El_Cotarro_v2.jpg\",\"width\":3540,\"height\":441,\"caption\":\"El Cotarro\"},\"image\":{\"@id\":\"https:\/\/elcotarro.com\/#\/schema\/logo\/image\/\"},\"sameAs\":[\"https:\/\/www.facebook.com\/ElCotarro.Tenerife\"]},{\"@type\":\"Person\",\"@id\":\"https:\/\/elcotarro.com\/#\/schema\/person\/af537ee7d60d15984c7e0affcd8a918b\",\"name\":\"Jos\u00e9 Carlos Marrero Gonz\u00e1lez\",\"image\":{\"@type\":\"ImageObject\",\"inLanguage\":\"es\",\"@id\":\"https:\/\/elcotarro.com\/#\/schema\/person\/image\/\",\"url\":\"https:\/\/secure.gravatar.com\/avatar\/def4da036efb5d32c74d49c351f6dccc064dd69ad9f3aadc295c5a9a5391ca01?s=96&d=mm&r=g\",\"contentUrl\":\"https:\/\/secure.gravatar.com\/avatar\/def4da036efb5d32c74d49c351f6dccc064dd69ad9f3aadc295c5a9a5391ca01?s=96&d=mm&r=g\",\"caption\":\"Jos\u00e9 Carlos Marrero Gonz\u00e1lez\"},\"sameAs\":[\"https:\/\/elcotarro.com\"],\"url\":\"https:\/\/elcotarro.com\/?author=2\"}]}<\/script>\n<!-- \/ Yoast SEO plugin. -->","yoast_head_json":{"title":"UN GRAN SCOUT LLAMADO TOMMY - El Cotarro","robots":{"index":"index","follow":"follow","max-snippet":"max-snippet:-1","max-image-preview":"max-image-preview:large","max-video-preview":"max-video-preview:-1"},"canonical":"https:\/\/elcotarro.com\/?p=5019","og_locale":"es_ES","og_type":"article","og_title":"UN GRAN SCOUT LLAMADO TOMMY - El Cotarro","og_description":"Formado como scout al m\u00e1s alto nivel y tras obtener su \u201cInsignia de Madera\u201d (m\u00e1ximo grado) en Gilwell Park (Londres), Tom\u00e1s De Armas ha sido un ejemplar scouter (maestro de scouts) que, durante muchos a\u00f1os, en la d\u00e9cada de los 70, fue Comisario Scout de la Zona VII (nuestra provincia) cuando la Asociaci\u00f3n de Scouts ... Read more","og_url":"https:\/\/elcotarro.com\/?p=5019","og_site_name":"El Cotarro","article_publisher":"https:\/\/www.facebook.com\/ElCotarro.Tenerife","article_published_time":"2018-01-21T11:00:30+00:00","og_image":[{"url":"https:\/\/elcotarro.com\/wp-content\/uploads\/2018\/01\/FOTO-6.-SCOUTS-VETERANOS.jpg","type":"","width":"","height":""}],"author":"Jos\u00e9 Carlos Marrero Gonz\u00e1lez","twitter_misc":{"Escrito por":"Jos\u00e9 Carlos Marrero Gonz\u00e1lez","Tiempo de lectura":"1 minuto"},"schema":{"@context":"https:\/\/schema.org","@graph":[{"@type":"Article","@id":"https:\/\/elcotarro.com\/?p=5019#article","isPartOf":{"@id":"https:\/\/elcotarro.com\/?p=5019"},"author":{"name":"Jos\u00e9 Carlos Marrero Gonz\u00e1lez","@id":"https:\/\/elcotarro.com\/#\/schema\/person\/af537ee7d60d15984c7e0affcd8a918b"},"headline":"UN GRAN SCOUT LLAMADO TOMMY","datePublished":"2018-01-21T11:00:30+00:00","mainEntityOfPage":{"@id":"https:\/\/elcotarro.com\/?p=5019"},"wordCount":257,"commentCount":0,"publisher":{"@id":"https:\/\/elcotarro.com\/#organization"},"image":{"@id":"https:\/\/elcotarro.com\/?p=5019#primaryimage"},"thumbnailUrl":"https:\/\/elcotarro.com\/wp-content\/uploads\/2018\/01\/FOTO-6.-SCOUTS-VETERANOS.jpg","inLanguage":"es","potentialAction":[{"@type":"CommentAction","name":"Comment","target":["https:\/\/elcotarro.com\/?p=5019#respond"]}]},{"@type":"WebPage","@id":"https:\/\/elcotarro.com\/?p=5019","url":"https:\/\/elcotarro.com\/?p=5019","name":"UN GRAN SCOUT LLAMADO TOMMY - El Cotarro","isPartOf":{"@id":"https:\/\/elcotarro.com\/#website"},"primaryImageOfPage":{"@id":"https:\/\/elcotarro.com\/?p=5019#primaryimage"},"image":{"@id":"https:\/\/elcotarro.com\/?p=5019#primaryimage"},"thumbnailUrl":"https:\/\/elcotarro.com\/wp-content\/uploads\/2018\/01\/FOTO-6.-SCOUTS-VETERANOS.jpg","datePublished":"2018-01-21T11:00:30+00:00","breadcrumb":{"@id":"https:\/\/elcotarro.com\/?p=5019#breadcrumb"},"inLanguage":"es","potentialAction":[{"@type":"ReadAction","target":["https:\/\/elcotarro.com\/?p=5019"]}]},{"@type":"ImageObject","inLanguage":"es","@id":"https:\/\/elcotarro.com\/?p=5019#primaryimage","url":"https:\/\/elcotarro.com\/wp-content\/uploads\/2018\/01\/FOTO-6.-SCOUTS-VETERANOS.jpg","contentUrl":"https:\/\/elcotarro.com\/wp-content\/uploads\/2018\/01\/FOTO-6.-SCOUTS-VETERANOS.jpg","width":2000,"height":1335},{"@type":"BreadcrumbList","@id":"https:\/\/elcotarro.com\/?p=5019#breadcrumb","itemListElement":[{"@type":"ListItem","position":1,"name":"Portada","item":"https:\/\/elcotarro.com\/"},{"@type":"ListItem","position":2,"name":"UN GRAN SCOUT LLAMADO TOMMY"}]},{"@type":"WebSite","@id":"https:\/\/elcotarro.com\/#website","url":"https:\/\/elcotarro.com\/","name":"El Cotarro","description":"Peri\u00f3dico Digital Independiente dirigido por Jos\u00e9 Carlos Marrero","publisher":{"@id":"https:\/\/elcotarro.com\/#organization"},"potentialAction":[{"@type":"SearchAction","target":{"@type":"EntryPoint","urlTemplate":"https:\/\/elcotarro.com\/?s={search_term_string}"},"query-input":{"@type":"PropertyValueSpecification","valueRequired":true,"valueName":"search_term_string"}}],"inLanguage":"es"},{"@type":"Organization","@id":"https:\/\/elcotarro.com\/#organization","name":"El Cotarro","url":"https:\/\/elcotarro.com\/","logo":{"@type":"ImageObject","inLanguage":"es","@id":"https:\/\/elcotarro.com\/#\/schema\/logo\/image\/","url":"https:\/\/elcotarro.com\/wp-content\/uploads\/2014\/09\/Cabecera_El_Cotarro_v2.jpg","contentUrl":"https:\/\/elcotarro.com\/wp-content\/uploads\/2014\/09\/Cabecera_El_Cotarro_v2.jpg","width":3540,"height":441,"caption":"El Cotarro"},"image":{"@id":"https:\/\/elcotarro.com\/#\/schema\/logo\/image\/"},"sameAs":["https:\/\/www.facebook.com\/ElCotarro.Tenerife"]},{"@type":"Person","@id":"https:\/\/elcotarro.com\/#\/schema\/person\/af537ee7d60d15984c7e0affcd8a918b","name":"Jos\u00e9 Carlos Marrero Gonz\u00e1lez","image":{"@type":"ImageObject","inLanguage":"es","@id":"https:\/\/elcotarro.com\/#\/schema\/person\/image\/","url":"https:\/\/secure.gravatar.com\/avatar\/def4da036efb5d32c74d49c351f6dccc064dd69ad9f3aadc295c5a9a5391ca01?s=96&d=mm&r=g","contentUrl":"https:\/\/secure.gravatar.com\/avatar\/def4da036efb5d32c74d49c351f6dccc064dd69ad9f3aadc295c5a9a5391ca01?s=96&d=mm&r=g","caption":"Jos\u00e9 Carlos Marrero Gonz\u00e1lez"},"sameAs":["https:\/\/elcotarro.com"],"url":"https:\/\/elcotarro.com\/?author=2"}]}},"jetpack_featured_media_url":"","jetpack_sharing_enabled":true,"_links":{"self":[{"href":"https:\/\/elcotarro.com\/index.php?rest_route=\/wp\/v2\/posts\/5019","targetHints":{"allow":["GET"]}}],"collection":[{"href":"https:\/\/elcotarro.com\/index.php?rest_route=\/wp\/v2\/posts"}],"about":[{"href":"https:\/\/elcotarro.com\/index.php?rest_route=\/wp\/v2\/types\/post"}],"author":[{"embeddable":true,"href":"https:\/\/elcotarro.com\/index.php?rest_route=\/wp\/v2\/users\/2"}],"replies":[{"embeddable":true,"href":"https:\/\/elcotarro.com\/index.php?rest_route=%2Fwp%2Fv2%2Fcomments&post=5019"}],"version-history":[{"count":1,"href":"https:\/\/elcotarro.com\/index.php?rest_route=\/wp\/v2\/posts\/5019\/revisions"}],"predecessor-version":[{"id":5021,"href":"https:\/\/elcotarro.com\/index.php?rest_route=\/wp\/v2\/posts\/5019\/revisions\/5021"}],"wp:attachment":[{"href":"https:\/\/elcotarro.com\/index.php?rest_route=%2Fwp%2Fv2%2Fmedia&parent=5019"}],"wp:term":[{"taxonomy":"category","embeddable":true,"href":"https:\/\/elcotarro.com\/index.php?rest_route=%2Fwp%2Fv2%2Fcategories&post=5019"},{"taxonomy":"post_tag","embeddable":true,"href":"https:\/\/elcotarro.com\/index.php?rest_route=%2Fwp%2Fv2%2Ftags&post=5019"}],"curies":[{"name":"wp","href":"https:\/\/api.w.org\/{rel}","templated":true}]}}