{"id":5073,"date":"2018-02-04T11:00:44","date_gmt":"2018-02-04T11:00:44","guid":{"rendered":"https:\/\/elcotarro.com\/?p=5073"},"modified":"2018-02-03T13:51:31","modified_gmt":"2018-02-03T13:51:31","slug":"cada-vez-mas-vamos-a-pasar-de-100-anos","status":"publish","type":"post","link":"https:\/\/elcotarro.com\/?p=5073","title":{"rendered":"CADA VEZ M\u00c1S VAMOS A PASAR DE 100 A\u00d1OS"},"content":{"rendered":"<p>En base al mayor\u00a0aumento de la esperanza de vida\u00a0de la poblaci\u00f3n mundial (dentro de poco ser\u00e1 normal pasar de los 100 a\u00f1os de edad) y teniendo en cuenta que muchas de las\u00a0propuestas socioecon\u00f3micas de hoy en d\u00eda\u00a0son propuestas\u00a0del siglo pasado,\u00a0el equipo que lidera <b>Manuel Maynar<\/b> cree que es necesario\u00a0educar a la poblaci\u00f3n\u00a0con el fin de mostrarles la realidad a corto largo plazo,\u00a0concienciar a los integrantes del \u201cPrimer Espacio\u201d de que la simple jubilaci\u00f3n no es la respuesta. Algunos de los objetivos de \u201cEl Cuarto Espacio\u201d son\u00a0definir las pol\u00edticas de educaci\u00f3n, as\u00ed como el an\u00e1lisis de h\u00e1bitos y condiciones de vida individual\u00a0que permita a las nuevas generaciones llegar a disfrutar de un cuarto espacio en condiciones dignas de bienestar, y aprovechar lo que la evoluci\u00f3n gen\u00e9tica y la tecnolog\u00eda ponen a su alcance. No estar\u00eda mal que los responsables del Gobierno de Canarias, sobre todo en el tema de Sanidad y pol\u00edticas sociales, se reunieran y hablaran, m\u00e1s pronto que tarde, con <b>Manuel Maynar <\/b>y su equipo. El que avisa no es traidor. (M\u00e1s informaci\u00f3n sobre \u201cEl Cuarto Espacio\u201d en www.4espacio.com).<\/p>\n<p style=\"text-align: center\"><a href=\"https:\/\/elcotarro.com\/wp-content\/uploads\/2018\/02\/FOTO-6.-ORFE\u00d3N-100-A\u00d1OS.jpg\"><img loading=\"lazy\" decoding=\"async\" class=\"alignnone size-full wp-image-5074\" src=\"https:\/\/elcotarro.com\/wp-content\/uploads\/2018\/02\/FOTO-6.-ORFE\u00d3N-100-A\u00d1OS.jpg\" alt=\"FOTO 6.- ORFE\u00d3N 100 A\u00d1OS\" width=\"1331\" height=\"998\" srcset=\"https:\/\/elcotarro.com\/wp-content\/uploads\/2018\/02\/FOTO-6.-ORFE\u00d3N-100-A\u00d1OS.jpg 1331w, https:\/\/elcotarro.com\/wp-content\/uploads\/2018\/02\/FOTO-6.-ORFE\u00d3N-100-A\u00d1OS-300x225.jpg 300w, https:\/\/elcotarro.com\/wp-content\/uploads\/2018\/02\/FOTO-6.-ORFE\u00d3N-100-A\u00d1OS-1024x768.jpg 1024w\" sizes=\"auto, (max-width: 1331px) 100vw, 1331px\" \/><\/a><\/p>\n<p style=\"text-align: center\"><i>De izquierda a derecha: Jos\u00e9 Alberto D\u00edaz (alcalde), Esteban Afonso (Presidente del Orfe\u00f3n), Jos\u00e9 Luis Rivero (Director Insular de Cultura) y Juan Mart\u00ednez Torvisco (vicepresidente), \u201ciluminados\u201d el pasado viernes durante la celebraci\u00f3n del I Centenario del Orfe\u00f3n \u201cLa Paz\u201d.<\/i><\/p>\n","protected":false},"excerpt":{"rendered":"<p>En base al mayor\u00a0aumento de la esperanza de vida\u00a0de la poblaci\u00f3n mundial (dentro de poco ser\u00e1 normal pasar de los 100 a\u00f1os de edad) y teniendo en cuenta que muchas de las\u00a0propuestas socioecon\u00f3micas de hoy en d\u00eda\u00a0son propuestas\u00a0del siglo pasado,\u00a0el equipo que lidera Manuel Maynar cree que es necesario\u00a0educar a la poblaci\u00f3n\u00a0con el fin de &#8230; <a class=\"read-more\" href=\"https:\/\/elcotarro.com\/?p=5073\">Read more<\/a><\/p>\n","protected":false},"author":2,"featured_media":0,"comment_status":"open","ping_status":"open","sticky":false,"template":"","format":"standard","meta":{"_jetpack_memberships_contains_paid_content":false,"footnotes":""},"categories":[1],"tags":[],"class_list":["post-5073","post","type-post","status-publish","format-standard","hentry","category-sin-categoria"],"yoast_head":"<!-- This site is optimized with the Yoast SEO plugin v27.0 - https:\/\/yoast.com\/product\/yoast-seo-wordpress\/ -->\n<title>CADA VEZ M\u00c1S VAMOS A PASAR DE 100 A\u00d1OS - El Cotarro<\/title>\n<meta name=\"robots\" content=\"index, follow, max-snippet:-1, max-image-preview:large, max-video-preview:-1\" \/>\n<link rel=\"canonical\" href=\"https:\/\/elcotarro.com\/?p=5073\" \/>\n<meta property=\"og:locale\" content=\"es_ES\" \/>\n<meta property=\"og:type\" content=\"article\" \/>\n<meta property=\"og:title\" content=\"CADA VEZ M\u00c1S VAMOS A PASAR DE 100 A\u00d1OS - El Cotarro\" \/>\n<meta property=\"og:description\" content=\"En base al mayor\u00a0aumento de la esperanza de vida\u00a0de la poblaci\u00f3n mundial (dentro de poco ser\u00e1 normal pasar de los 100 a\u00f1os de edad) y teniendo en cuenta que muchas de las\u00a0propuestas socioecon\u00f3micas de hoy en d\u00eda\u00a0son propuestas\u00a0del siglo pasado,\u00a0el equipo que lidera Manuel Maynar cree que es necesario\u00a0educar a la poblaci\u00f3n\u00a0con el fin de ... Read more\" \/>\n<meta property=\"og:url\" content=\"https:\/\/elcotarro.com\/?p=5073\" \/>\n<meta property=\"og:site_name\" content=\"El Cotarro\" \/>\n<meta property=\"article:publisher\" content=\"https:\/\/www.facebook.com\/ElCotarro.Tenerife\" \/>\n<meta property=\"article:published_time\" content=\"2018-02-04T11:00:44+00:00\" \/>\n<meta name=\"author\" content=\"Jos\u00e9 Carlos Marrero Gonz\u00e1lez\" \/>\n<meta name=\"twitter:label1\" content=\"Escrito por\" \/>\n\t<meta name=\"twitter:data1\" content=\"Jos\u00e9 Carlos Marrero Gonz\u00e1lez\" \/>\n\t<meta name=\"twitter:label2\" content=\"Tiempo de lectura\" \/>\n\t<meta name=\"twitter:data2\" content=\"1 minuto\" \/>\n<script type=\"application\/ld+json\" class=\"yoast-schema-graph\">{\"@context\":\"https:\/\/schema.org\",\"@graph\":[{\"@type\":\"Article\",\"@id\":\"https:\/\/elcotarro.com\/?p=5073#article\",\"isPartOf\":{\"@id\":\"https:\/\/elcotarro.com\/?p=5073\"},\"author\":{\"name\":\"Jos\u00e9 Carlos Marrero Gonz\u00e1lez\",\"@id\":\"https:\/\/elcotarro.com\/#\/schema\/person\/af537ee7d60d15984c7e0affcd8a918b\"},\"headline\":\"CADA VEZ M\u00c1S VAMOS A PASAR DE 100 A\u00d1OS\",\"datePublished\":\"2018-02-04T11:00:44+00:00\",\"mainEntityOfPage\":{\"@id\":\"https:\/\/elcotarro.com\/?p=5073\"},\"wordCount\":264,\"commentCount\":0,\"publisher\":{\"@id\":\"https:\/\/elcotarro.com\/#organization\"},\"inLanguage\":\"es\",\"potentialAction\":[{\"@type\":\"CommentAction\",\"name\":\"Comment\",\"target\":[\"https:\/\/elcotarro.com\/?p=5073#respond\"]}]},{\"@type\":\"WebPage\",\"@id\":\"https:\/\/elcotarro.com\/?p=5073\",\"url\":\"https:\/\/elcotarro.com\/?p=5073\",\"name\":\"CADA VEZ M\u00c1S VAMOS A PASAR DE 100 A\u00d1OS - El Cotarro\",\"isPartOf\":{\"@id\":\"https:\/\/elcotarro.com\/#website\"},\"datePublished\":\"2018-02-04T11:00:44+00:00\",\"breadcrumb\":{\"@id\":\"https:\/\/elcotarro.com\/?p=5073#breadcrumb\"},\"inLanguage\":\"es\",\"potentialAction\":[{\"@type\":\"ReadAction\",\"target\":[\"https:\/\/elcotarro.com\/?p=5073\"]}]},{\"@type\":\"BreadcrumbList\",\"@id\":\"https:\/\/elcotarro.com\/?p=5073#breadcrumb\",\"itemListElement\":[{\"@type\":\"ListItem\",\"position\":1,\"name\":\"Portada\",\"item\":\"https:\/\/elcotarro.com\/\"},{\"@type\":\"ListItem\",\"position\":2,\"name\":\"CADA VEZ M\u00c1S VAMOS A PASAR DE 100 A\u00d1OS\"}]},{\"@type\":\"WebSite\",\"@id\":\"https:\/\/elcotarro.com\/#website\",\"url\":\"https:\/\/elcotarro.com\/\",\"name\":\"El Cotarro\",\"description\":\"Peri\u00f3dico Digital Independiente dirigido por Jos\u00e9 Carlos Marrero\",\"publisher\":{\"@id\":\"https:\/\/elcotarro.com\/#organization\"},\"potentialAction\":[{\"@type\":\"SearchAction\",\"target\":{\"@type\":\"EntryPoint\",\"urlTemplate\":\"https:\/\/elcotarro.com\/?s={search_term_string}\"},\"query-input\":{\"@type\":\"PropertyValueSpecification\",\"valueRequired\":true,\"valueName\":\"search_term_string\"}}],\"inLanguage\":\"es\"},{\"@type\":\"Organization\",\"@id\":\"https:\/\/elcotarro.com\/#organization\",\"name\":\"El Cotarro\",\"url\":\"https:\/\/elcotarro.com\/\",\"logo\":{\"@type\":\"ImageObject\",\"inLanguage\":\"es\",\"@id\":\"https:\/\/elcotarro.com\/#\/schema\/logo\/image\/\",\"url\":\"https:\/\/elcotarro.com\/wp-content\/uploads\/2014\/09\/Cabecera_El_Cotarro_v2.jpg\",\"contentUrl\":\"https:\/\/elcotarro.com\/wp-content\/uploads\/2014\/09\/Cabecera_El_Cotarro_v2.jpg\",\"width\":3540,\"height\":441,\"caption\":\"El Cotarro\"},\"image\":{\"@id\":\"https:\/\/elcotarro.com\/#\/schema\/logo\/image\/\"},\"sameAs\":[\"https:\/\/www.facebook.com\/ElCotarro.Tenerife\"]},{\"@type\":\"Person\",\"@id\":\"https:\/\/elcotarro.com\/#\/schema\/person\/af537ee7d60d15984c7e0affcd8a918b\",\"name\":\"Jos\u00e9 Carlos Marrero Gonz\u00e1lez\",\"image\":{\"@type\":\"ImageObject\",\"inLanguage\":\"es\",\"@id\":\"https:\/\/elcotarro.com\/#\/schema\/person\/image\/\",\"url\":\"https:\/\/secure.gravatar.com\/avatar\/def4da036efb5d32c74d49c351f6dccc064dd69ad9f3aadc295c5a9a5391ca01?s=96&d=mm&r=g\",\"contentUrl\":\"https:\/\/secure.gravatar.com\/avatar\/def4da036efb5d32c74d49c351f6dccc064dd69ad9f3aadc295c5a9a5391ca01?s=96&d=mm&r=g\",\"caption\":\"Jos\u00e9 Carlos Marrero Gonz\u00e1lez\"},\"sameAs\":[\"https:\/\/elcotarro.com\"],\"url\":\"https:\/\/elcotarro.com\/?author=2\"}]}<\/script>\n<!-- \/ Yoast SEO plugin. -->","yoast_head_json":{"title":"CADA VEZ M\u00c1S VAMOS A PASAR DE 100 A\u00d1OS - El Cotarro","robots":{"index":"index","follow":"follow","max-snippet":"max-snippet:-1","max-image-preview":"max-image-preview:large","max-video-preview":"max-video-preview:-1"},"canonical":"https:\/\/elcotarro.com\/?p=5073","og_locale":"es_ES","og_type":"article","og_title":"CADA VEZ M\u00c1S VAMOS A PASAR DE 100 A\u00d1OS - El Cotarro","og_description":"En base al mayor\u00a0aumento de la esperanza de vida\u00a0de la poblaci\u00f3n mundial (dentro de poco ser\u00e1 normal pasar de los 100 a\u00f1os de edad) y teniendo en cuenta que muchas de las\u00a0propuestas socioecon\u00f3micas de hoy en d\u00eda\u00a0son propuestas\u00a0del siglo pasado,\u00a0el equipo que lidera Manuel Maynar cree que es necesario\u00a0educar a la poblaci\u00f3n\u00a0con el fin de ... Read more","og_url":"https:\/\/elcotarro.com\/?p=5073","og_site_name":"El Cotarro","article_publisher":"https:\/\/www.facebook.com\/ElCotarro.Tenerife","article_published_time":"2018-02-04T11:00:44+00:00","author":"Jos\u00e9 Carlos Marrero Gonz\u00e1lez","twitter_misc":{"Escrito por":"Jos\u00e9 Carlos Marrero Gonz\u00e1lez","Tiempo de lectura":"1 minuto"},"schema":{"@context":"https:\/\/schema.org","@graph":[{"@type":"Article","@id":"https:\/\/elcotarro.com\/?p=5073#article","isPartOf":{"@id":"https:\/\/elcotarro.com\/?p=5073"},"author":{"name":"Jos\u00e9 Carlos Marrero Gonz\u00e1lez","@id":"https:\/\/elcotarro.com\/#\/schema\/person\/af537ee7d60d15984c7e0affcd8a918b"},"headline":"CADA VEZ M\u00c1S VAMOS A PASAR DE 100 A\u00d1OS","datePublished":"2018-02-04T11:00:44+00:00","mainEntityOfPage":{"@id":"https:\/\/elcotarro.com\/?p=5073"},"wordCount":264,"commentCount":0,"publisher":{"@id":"https:\/\/elcotarro.com\/#organization"},"inLanguage":"es","potentialAction":[{"@type":"CommentAction","name":"Comment","target":["https:\/\/elcotarro.com\/?p=5073#respond"]}]},{"@type":"WebPage","@id":"https:\/\/elcotarro.com\/?p=5073","url":"https:\/\/elcotarro.com\/?p=5073","name":"CADA VEZ M\u00c1S VAMOS A PASAR DE 100 A\u00d1OS - El Cotarro","isPartOf":{"@id":"https:\/\/elcotarro.com\/#website"},"datePublished":"2018-02-04T11:00:44+00:00","breadcrumb":{"@id":"https:\/\/elcotarro.com\/?p=5073#breadcrumb"},"inLanguage":"es","potentialAction":[{"@type":"ReadAction","target":["https:\/\/elcotarro.com\/?p=5073"]}]},{"@type":"BreadcrumbList","@id":"https:\/\/elcotarro.com\/?p=5073#breadcrumb","itemListElement":[{"@type":"ListItem","position":1,"name":"Portada","item":"https:\/\/elcotarro.com\/"},{"@type":"ListItem","position":2,"name":"CADA VEZ M\u00c1S VAMOS A PASAR DE 100 A\u00d1OS"}]},{"@type":"WebSite","@id":"https:\/\/elcotarro.com\/#website","url":"https:\/\/elcotarro.com\/","name":"El Cotarro","description":"Peri\u00f3dico Digital Independiente dirigido por Jos\u00e9 Carlos Marrero","publisher":{"@id":"https:\/\/elcotarro.com\/#organization"},"potentialAction":[{"@type":"SearchAction","target":{"@type":"EntryPoint","urlTemplate":"https:\/\/elcotarro.com\/?s={search_term_string}"},"query-input":{"@type":"PropertyValueSpecification","valueRequired":true,"valueName":"search_term_string"}}],"inLanguage":"es"},{"@type":"Organization","@id":"https:\/\/elcotarro.com\/#organization","name":"El Cotarro","url":"https:\/\/elcotarro.com\/","logo":{"@type":"ImageObject","inLanguage":"es","@id":"https:\/\/elcotarro.com\/#\/schema\/logo\/image\/","url":"https:\/\/elcotarro.com\/wp-content\/uploads\/2014\/09\/Cabecera_El_Cotarro_v2.jpg","contentUrl":"https:\/\/elcotarro.com\/wp-content\/uploads\/2014\/09\/Cabecera_El_Cotarro_v2.jpg","width":3540,"height":441,"caption":"El Cotarro"},"image":{"@id":"https:\/\/elcotarro.com\/#\/schema\/logo\/image\/"},"sameAs":["https:\/\/www.facebook.com\/ElCotarro.Tenerife"]},{"@type":"Person","@id":"https:\/\/elcotarro.com\/#\/schema\/person\/af537ee7d60d15984c7e0affcd8a918b","name":"Jos\u00e9 Carlos Marrero Gonz\u00e1lez","image":{"@type":"ImageObject","inLanguage":"es","@id":"https:\/\/elcotarro.com\/#\/schema\/person\/image\/","url":"https:\/\/secure.gravatar.com\/avatar\/def4da036efb5d32c74d49c351f6dccc064dd69ad9f3aadc295c5a9a5391ca01?s=96&d=mm&r=g","contentUrl":"https:\/\/secure.gravatar.com\/avatar\/def4da036efb5d32c74d49c351f6dccc064dd69ad9f3aadc295c5a9a5391ca01?s=96&d=mm&r=g","caption":"Jos\u00e9 Carlos Marrero Gonz\u00e1lez"},"sameAs":["https:\/\/elcotarro.com"],"url":"https:\/\/elcotarro.com\/?author=2"}]}},"jetpack_featured_media_url":"","jetpack_sharing_enabled":true,"_links":{"self":[{"href":"https:\/\/elcotarro.com\/index.php?rest_route=\/wp\/v2\/posts\/5073","targetHints":{"allow":["GET"]}}],"collection":[{"href":"https:\/\/elcotarro.com\/index.php?rest_route=\/wp\/v2\/posts"}],"about":[{"href":"https:\/\/elcotarro.com\/index.php?rest_route=\/wp\/v2\/types\/post"}],"author":[{"embeddable":true,"href":"https:\/\/elcotarro.com\/index.php?rest_route=\/wp\/v2\/users\/2"}],"replies":[{"embeddable":true,"href":"https:\/\/elcotarro.com\/index.php?rest_route=%2Fwp%2Fv2%2Fcomments&post=5073"}],"version-history":[{"count":1,"href":"https:\/\/elcotarro.com\/index.php?rest_route=\/wp\/v2\/posts\/5073\/revisions"}],"predecessor-version":[{"id":5075,"href":"https:\/\/elcotarro.com\/index.php?rest_route=\/wp\/v2\/posts\/5073\/revisions\/5075"}],"wp:attachment":[{"href":"https:\/\/elcotarro.com\/index.php?rest_route=%2Fwp%2Fv2%2Fmedia&parent=5073"}],"wp:term":[{"taxonomy":"category","embeddable":true,"href":"https:\/\/elcotarro.com\/index.php?rest_route=%2Fwp%2Fv2%2Fcategories&post=5073"},{"taxonomy":"post_tag","embeddable":true,"href":"https:\/\/elcotarro.com\/index.php?rest_route=%2Fwp%2Fv2%2Ftags&post=5073"}],"curies":[{"name":"wp","href":"https:\/\/api.w.org\/{rel}","templated":true}]}}