{"id":5083,"date":"2018-02-11T11:05:26","date_gmt":"2018-02-11T11:05:26","guid":{"rendered":"https:\/\/elcotarro.com\/?p=5083"},"modified":"2018-02-11T10:28:09","modified_gmt":"2018-02-11T10:28:09","slug":"sintonia-ejercito-sociedad","status":"publish","type":"post","link":"https:\/\/elcotarro.com\/?p=5083","title":{"rendered":"SINTON\u00cdA EJ\u00c9RCITO-SOCIEDAD"},"content":{"rendered":"<p>Una perfecta sinton\u00eda y buena relaci\u00f3n entre el Ej\u00e9rcito y la Sociedad a la que sirve, redunda en una mayor seguridad y una mejor convivencia entre todos. Contar en el Ej\u00e9rcito con un jefe que sea ejemplo de integridad y profesionalidad y que, adem\u00e1s, tenga una magn\u00edfica relaci\u00f3n con todo el personal que est\u00e1 bajo su mando, desde sus m\u00e1s directos colaboradores en el Cuartel General hasta sus soldados, as\u00ed como con las distintas autoridades de la regi\u00f3n en el desarrollo de su trabajo, es ya para felicitarse. Hoy, sin duda, nos podemos y debemos felicitar de haber contado, en la persona de <strong>Pedro Gal\u00e1n Garc\u00eda<\/strong>, con uno de los mejores capitanes generales de Canarias de los \u00faltimos 40 a\u00f1os. Y yo los he conocido a todos.<\/p>\n<p style=\"text-align: center\"><a href=\"https:\/\/elcotarro.com\/wp-content\/uploads\/2018\/02\/FOTO-1.-CAPITANES-GENERALES.jpg\"><img loading=\"lazy\" decoding=\"async\" class=\"alignnone size-full wp-image-5084\" src=\"https:\/\/elcotarro.com\/wp-content\/uploads\/2018\/02\/FOTO-1.-CAPITANES-GENERALES.jpg\" alt=\"FOTO 1.- CAPITANES GENERALES\" width=\"1464\" height=\"829\" srcset=\"https:\/\/elcotarro.com\/wp-content\/uploads\/2018\/02\/FOTO-1.-CAPITANES-GENERALES.jpg 1464w, https:\/\/elcotarro.com\/wp-content\/uploads\/2018\/02\/FOTO-1.-CAPITANES-GENERALES-300x170.jpg 300w, https:\/\/elcotarro.com\/wp-content\/uploads\/2018\/02\/FOTO-1.-CAPITANES-GENERALES-1024x580.jpg 1024w\" sizes=\"auto, (max-width: 1464px) 100vw, 1464px\" \/><\/a><\/p>\n<p style=\"text-align: center\"><em>Algunos de los \u00faltimos capitanes generales de Canarias, con Pedro Gal\u00e1n en el centro, a la izquierda.<\/em><\/p>\n","protected":false},"excerpt":{"rendered":"<p>Una perfecta sinton\u00eda y buena relaci\u00f3n entre el Ej\u00e9rcito y la Sociedad a la que sirve, redunda en una mayor seguridad y una mejor convivencia entre todos. Contar en el Ej\u00e9rcito con un jefe que sea ejemplo de integridad y profesionalidad y que, adem\u00e1s, tenga una magn\u00edfica relaci\u00f3n con todo el personal que est\u00e1 bajo &#8230; <a class=\"read-more\" href=\"https:\/\/elcotarro.com\/?p=5083\">Read more<\/a><\/p>\n","protected":false},"author":2,"featured_media":0,"comment_status":"open","ping_status":"open","sticky":false,"template":"","format":"standard","meta":{"_jetpack_memberships_contains_paid_content":false,"footnotes":""},"categories":[1],"tags":[],"class_list":["post-5083","post","type-post","status-publish","format-standard","hentry","category-sin-categoria"],"yoast_head":"<!-- This site is optimized with the Yoast SEO plugin v27.0 - https:\/\/yoast.com\/product\/yoast-seo-wordpress\/ -->\n<title>SINTON\u00cdA EJ\u00c9RCITO-SOCIEDAD - El Cotarro<\/title>\n<meta name=\"robots\" content=\"index, follow, max-snippet:-1, max-image-preview:large, max-video-preview:-1\" \/>\n<link rel=\"canonical\" href=\"https:\/\/elcotarro.com\/?p=5083\" \/>\n<meta property=\"og:locale\" content=\"es_ES\" \/>\n<meta property=\"og:type\" content=\"article\" \/>\n<meta property=\"og:title\" content=\"SINTON\u00cdA EJ\u00c9RCITO-SOCIEDAD - El Cotarro\" \/>\n<meta property=\"og:description\" content=\"Una perfecta sinton\u00eda y buena relaci\u00f3n entre el Ej\u00e9rcito y la Sociedad a la que sirve, redunda en una mayor seguridad y una mejor convivencia entre todos. Contar en el Ej\u00e9rcito con un jefe que sea ejemplo de integridad y profesionalidad y que, adem\u00e1s, tenga una magn\u00edfica relaci\u00f3n con todo el personal que est\u00e1 bajo ... Read more\" \/>\n<meta property=\"og:url\" content=\"https:\/\/elcotarro.com\/?p=5083\" \/>\n<meta property=\"og:site_name\" content=\"El Cotarro\" \/>\n<meta property=\"article:publisher\" content=\"https:\/\/www.facebook.com\/ElCotarro.Tenerife\" \/>\n<meta property=\"article:published_time\" content=\"2018-02-11T11:05:26+00:00\" \/>\n<meta property=\"og:image\" content=\"https:\/\/elcotarro.com\/wp-content\/uploads\/2018\/02\/FOTO-1.-CAPITANES-GENERALES.jpg\" \/>\n<meta name=\"author\" content=\"Jos\u00e9 Carlos Marrero Gonz\u00e1lez\" \/>\n<meta name=\"twitter:label1\" content=\"Escrito por\" \/>\n\t<meta name=\"twitter:data1\" content=\"Jos\u00e9 Carlos Marrero Gonz\u00e1lez\" \/>\n\t<meta name=\"twitter:label2\" content=\"Tiempo de lectura\" \/>\n\t<meta name=\"twitter:data2\" content=\"1 minuto\" \/>\n<script type=\"application\/ld+json\" class=\"yoast-schema-graph\">{\"@context\":\"https:\/\/schema.org\",\"@graph\":[{\"@type\":\"Article\",\"@id\":\"https:\/\/elcotarro.com\/?p=5083#article\",\"isPartOf\":{\"@id\":\"https:\/\/elcotarro.com\/?p=5083\"},\"author\":{\"name\":\"Jos\u00e9 Carlos Marrero Gonz\u00e1lez\",\"@id\":\"https:\/\/elcotarro.com\/#\/schema\/person\/af537ee7d60d15984c7e0affcd8a918b\"},\"headline\":\"SINTON\u00cdA EJ\u00c9RCITO-SOCIEDAD\",\"datePublished\":\"2018-02-11T11:05:26+00:00\",\"mainEntityOfPage\":{\"@id\":\"https:\/\/elcotarro.com\/?p=5083\"},\"wordCount\":160,\"commentCount\":0,\"publisher\":{\"@id\":\"https:\/\/elcotarro.com\/#organization\"},\"image\":{\"@id\":\"https:\/\/elcotarro.com\/?p=5083#primaryimage\"},\"thumbnailUrl\":\"https:\/\/elcotarro.com\/wp-content\/uploads\/2018\/02\/FOTO-1.-CAPITANES-GENERALES.jpg\",\"inLanguage\":\"es\",\"potentialAction\":[{\"@type\":\"CommentAction\",\"name\":\"Comment\",\"target\":[\"https:\/\/elcotarro.com\/?p=5083#respond\"]}]},{\"@type\":\"WebPage\",\"@id\":\"https:\/\/elcotarro.com\/?p=5083\",\"url\":\"https:\/\/elcotarro.com\/?p=5083\",\"name\":\"SINTON\u00cdA EJ\u00c9RCITO-SOCIEDAD - El Cotarro\",\"isPartOf\":{\"@id\":\"https:\/\/elcotarro.com\/#website\"},\"primaryImageOfPage\":{\"@id\":\"https:\/\/elcotarro.com\/?p=5083#primaryimage\"},\"image\":{\"@id\":\"https:\/\/elcotarro.com\/?p=5083#primaryimage\"},\"thumbnailUrl\":\"https:\/\/elcotarro.com\/wp-content\/uploads\/2018\/02\/FOTO-1.-CAPITANES-GENERALES.jpg\",\"datePublished\":\"2018-02-11T11:05:26+00:00\",\"breadcrumb\":{\"@id\":\"https:\/\/elcotarro.com\/?p=5083#breadcrumb\"},\"inLanguage\":\"es\",\"potentialAction\":[{\"@type\":\"ReadAction\",\"target\":[\"https:\/\/elcotarro.com\/?p=5083\"]}]},{\"@type\":\"ImageObject\",\"inLanguage\":\"es\",\"@id\":\"https:\/\/elcotarro.com\/?p=5083#primaryimage\",\"url\":\"https:\/\/elcotarro.com\/wp-content\/uploads\/2018\/02\/FOTO-1.-CAPITANES-GENERALES.jpg\",\"contentUrl\":\"https:\/\/elcotarro.com\/wp-content\/uploads\/2018\/02\/FOTO-1.-CAPITANES-GENERALES.jpg\",\"width\":1464,\"height\":829},{\"@type\":\"BreadcrumbList\",\"@id\":\"https:\/\/elcotarro.com\/?p=5083#breadcrumb\",\"itemListElement\":[{\"@type\":\"ListItem\",\"position\":1,\"name\":\"Portada\",\"item\":\"https:\/\/elcotarro.com\/\"},{\"@type\":\"ListItem\",\"position\":2,\"name\":\"SINTON\u00cdA EJ\u00c9RCITO-SOCIEDAD\"}]},{\"@type\":\"WebSite\",\"@id\":\"https:\/\/elcotarro.com\/#website\",\"url\":\"https:\/\/elcotarro.com\/\",\"name\":\"El Cotarro\",\"description\":\"Peri\u00f3dico Digital Independiente dirigido por Jos\u00e9 Carlos Marrero\",\"publisher\":{\"@id\":\"https:\/\/elcotarro.com\/#organization\"},\"potentialAction\":[{\"@type\":\"SearchAction\",\"target\":{\"@type\":\"EntryPoint\",\"urlTemplate\":\"https:\/\/elcotarro.com\/?s={search_term_string}\"},\"query-input\":{\"@type\":\"PropertyValueSpecification\",\"valueRequired\":true,\"valueName\":\"search_term_string\"}}],\"inLanguage\":\"es\"},{\"@type\":\"Organization\",\"@id\":\"https:\/\/elcotarro.com\/#organization\",\"name\":\"El Cotarro\",\"url\":\"https:\/\/elcotarro.com\/\",\"logo\":{\"@type\":\"ImageObject\",\"inLanguage\":\"es\",\"@id\":\"https:\/\/elcotarro.com\/#\/schema\/logo\/image\/\",\"url\":\"https:\/\/elcotarro.com\/wp-content\/uploads\/2014\/09\/Cabecera_El_Cotarro_v2.jpg\",\"contentUrl\":\"https:\/\/elcotarro.com\/wp-content\/uploads\/2014\/09\/Cabecera_El_Cotarro_v2.jpg\",\"width\":3540,\"height\":441,\"caption\":\"El Cotarro\"},\"image\":{\"@id\":\"https:\/\/elcotarro.com\/#\/schema\/logo\/image\/\"},\"sameAs\":[\"https:\/\/www.facebook.com\/ElCotarro.Tenerife\"]},{\"@type\":\"Person\",\"@id\":\"https:\/\/elcotarro.com\/#\/schema\/person\/af537ee7d60d15984c7e0affcd8a918b\",\"name\":\"Jos\u00e9 Carlos Marrero Gonz\u00e1lez\",\"image\":{\"@type\":\"ImageObject\",\"inLanguage\":\"es\",\"@id\":\"https:\/\/elcotarro.com\/#\/schema\/person\/image\/\",\"url\":\"https:\/\/secure.gravatar.com\/avatar\/def4da036efb5d32c74d49c351f6dccc064dd69ad9f3aadc295c5a9a5391ca01?s=96&d=mm&r=g\",\"contentUrl\":\"https:\/\/secure.gravatar.com\/avatar\/def4da036efb5d32c74d49c351f6dccc064dd69ad9f3aadc295c5a9a5391ca01?s=96&d=mm&r=g\",\"caption\":\"Jos\u00e9 Carlos Marrero Gonz\u00e1lez\"},\"sameAs\":[\"https:\/\/elcotarro.com\"],\"url\":\"https:\/\/elcotarro.com\/?author=2\"}]}<\/script>\n<!-- \/ Yoast SEO plugin. -->","yoast_head_json":{"title":"SINTON\u00cdA EJ\u00c9RCITO-SOCIEDAD - El Cotarro","robots":{"index":"index","follow":"follow","max-snippet":"max-snippet:-1","max-image-preview":"max-image-preview:large","max-video-preview":"max-video-preview:-1"},"canonical":"https:\/\/elcotarro.com\/?p=5083","og_locale":"es_ES","og_type":"article","og_title":"SINTON\u00cdA EJ\u00c9RCITO-SOCIEDAD - El Cotarro","og_description":"Una perfecta sinton\u00eda y buena relaci\u00f3n entre el Ej\u00e9rcito y la Sociedad a la que sirve, redunda en una mayor seguridad y una mejor convivencia entre todos. Contar en el Ej\u00e9rcito con un jefe que sea ejemplo de integridad y profesionalidad y que, adem\u00e1s, tenga una magn\u00edfica relaci\u00f3n con todo el personal que est\u00e1 bajo ... Read more","og_url":"https:\/\/elcotarro.com\/?p=5083","og_site_name":"El Cotarro","article_publisher":"https:\/\/www.facebook.com\/ElCotarro.Tenerife","article_published_time":"2018-02-11T11:05:26+00:00","og_image":[{"url":"https:\/\/elcotarro.com\/wp-content\/uploads\/2018\/02\/FOTO-1.-CAPITANES-GENERALES.jpg","type":"","width":"","height":""}],"author":"Jos\u00e9 Carlos Marrero Gonz\u00e1lez","twitter_misc":{"Escrito por":"Jos\u00e9 Carlos Marrero Gonz\u00e1lez","Tiempo de lectura":"1 minuto"},"schema":{"@context":"https:\/\/schema.org","@graph":[{"@type":"Article","@id":"https:\/\/elcotarro.com\/?p=5083#article","isPartOf":{"@id":"https:\/\/elcotarro.com\/?p=5083"},"author":{"name":"Jos\u00e9 Carlos Marrero Gonz\u00e1lez","@id":"https:\/\/elcotarro.com\/#\/schema\/person\/af537ee7d60d15984c7e0affcd8a918b"},"headline":"SINTON\u00cdA EJ\u00c9RCITO-SOCIEDAD","datePublished":"2018-02-11T11:05:26+00:00","mainEntityOfPage":{"@id":"https:\/\/elcotarro.com\/?p=5083"},"wordCount":160,"commentCount":0,"publisher":{"@id":"https:\/\/elcotarro.com\/#organization"},"image":{"@id":"https:\/\/elcotarro.com\/?p=5083#primaryimage"},"thumbnailUrl":"https:\/\/elcotarro.com\/wp-content\/uploads\/2018\/02\/FOTO-1.-CAPITANES-GENERALES.jpg","inLanguage":"es","potentialAction":[{"@type":"CommentAction","name":"Comment","target":["https:\/\/elcotarro.com\/?p=5083#respond"]}]},{"@type":"WebPage","@id":"https:\/\/elcotarro.com\/?p=5083","url":"https:\/\/elcotarro.com\/?p=5083","name":"SINTON\u00cdA EJ\u00c9RCITO-SOCIEDAD - El Cotarro","isPartOf":{"@id":"https:\/\/elcotarro.com\/#website"},"primaryImageOfPage":{"@id":"https:\/\/elcotarro.com\/?p=5083#primaryimage"},"image":{"@id":"https:\/\/elcotarro.com\/?p=5083#primaryimage"},"thumbnailUrl":"https:\/\/elcotarro.com\/wp-content\/uploads\/2018\/02\/FOTO-1.-CAPITANES-GENERALES.jpg","datePublished":"2018-02-11T11:05:26+00:00","breadcrumb":{"@id":"https:\/\/elcotarro.com\/?p=5083#breadcrumb"},"inLanguage":"es","potentialAction":[{"@type":"ReadAction","target":["https:\/\/elcotarro.com\/?p=5083"]}]},{"@type":"ImageObject","inLanguage":"es","@id":"https:\/\/elcotarro.com\/?p=5083#primaryimage","url":"https:\/\/elcotarro.com\/wp-content\/uploads\/2018\/02\/FOTO-1.-CAPITANES-GENERALES.jpg","contentUrl":"https:\/\/elcotarro.com\/wp-content\/uploads\/2018\/02\/FOTO-1.-CAPITANES-GENERALES.jpg","width":1464,"height":829},{"@type":"BreadcrumbList","@id":"https:\/\/elcotarro.com\/?p=5083#breadcrumb","itemListElement":[{"@type":"ListItem","position":1,"name":"Portada","item":"https:\/\/elcotarro.com\/"},{"@type":"ListItem","position":2,"name":"SINTON\u00cdA EJ\u00c9RCITO-SOCIEDAD"}]},{"@type":"WebSite","@id":"https:\/\/elcotarro.com\/#website","url":"https:\/\/elcotarro.com\/","name":"El Cotarro","description":"Peri\u00f3dico Digital Independiente dirigido por Jos\u00e9 Carlos Marrero","publisher":{"@id":"https:\/\/elcotarro.com\/#organization"},"potentialAction":[{"@type":"SearchAction","target":{"@type":"EntryPoint","urlTemplate":"https:\/\/elcotarro.com\/?s={search_term_string}"},"query-input":{"@type":"PropertyValueSpecification","valueRequired":true,"valueName":"search_term_string"}}],"inLanguage":"es"},{"@type":"Organization","@id":"https:\/\/elcotarro.com\/#organization","name":"El Cotarro","url":"https:\/\/elcotarro.com\/","logo":{"@type":"ImageObject","inLanguage":"es","@id":"https:\/\/elcotarro.com\/#\/schema\/logo\/image\/","url":"https:\/\/elcotarro.com\/wp-content\/uploads\/2014\/09\/Cabecera_El_Cotarro_v2.jpg","contentUrl":"https:\/\/elcotarro.com\/wp-content\/uploads\/2014\/09\/Cabecera_El_Cotarro_v2.jpg","width":3540,"height":441,"caption":"El Cotarro"},"image":{"@id":"https:\/\/elcotarro.com\/#\/schema\/logo\/image\/"},"sameAs":["https:\/\/www.facebook.com\/ElCotarro.Tenerife"]},{"@type":"Person","@id":"https:\/\/elcotarro.com\/#\/schema\/person\/af537ee7d60d15984c7e0affcd8a918b","name":"Jos\u00e9 Carlos Marrero Gonz\u00e1lez","image":{"@type":"ImageObject","inLanguage":"es","@id":"https:\/\/elcotarro.com\/#\/schema\/person\/image\/","url":"https:\/\/secure.gravatar.com\/avatar\/def4da036efb5d32c74d49c351f6dccc064dd69ad9f3aadc295c5a9a5391ca01?s=96&d=mm&r=g","contentUrl":"https:\/\/secure.gravatar.com\/avatar\/def4da036efb5d32c74d49c351f6dccc064dd69ad9f3aadc295c5a9a5391ca01?s=96&d=mm&r=g","caption":"Jos\u00e9 Carlos Marrero Gonz\u00e1lez"},"sameAs":["https:\/\/elcotarro.com"],"url":"https:\/\/elcotarro.com\/?author=2"}]}},"jetpack_featured_media_url":"","jetpack_sharing_enabled":true,"_links":{"self":[{"href":"https:\/\/elcotarro.com\/index.php?rest_route=\/wp\/v2\/posts\/5083","targetHints":{"allow":["GET"]}}],"collection":[{"href":"https:\/\/elcotarro.com\/index.php?rest_route=\/wp\/v2\/posts"}],"about":[{"href":"https:\/\/elcotarro.com\/index.php?rest_route=\/wp\/v2\/types\/post"}],"author":[{"embeddable":true,"href":"https:\/\/elcotarro.com\/index.php?rest_route=\/wp\/v2\/users\/2"}],"replies":[{"embeddable":true,"href":"https:\/\/elcotarro.com\/index.php?rest_route=%2Fwp%2Fv2%2Fcomments&post=5083"}],"version-history":[{"count":1,"href":"https:\/\/elcotarro.com\/index.php?rest_route=\/wp\/v2\/posts\/5083\/revisions"}],"predecessor-version":[{"id":5085,"href":"https:\/\/elcotarro.com\/index.php?rest_route=\/wp\/v2\/posts\/5083\/revisions\/5085"}],"wp:attachment":[{"href":"https:\/\/elcotarro.com\/index.php?rest_route=%2Fwp%2Fv2%2Fmedia&parent=5083"}],"wp:term":[{"taxonomy":"category","embeddable":true,"href":"https:\/\/elcotarro.com\/index.php?rest_route=%2Fwp%2Fv2%2Fcategories&post=5083"},{"taxonomy":"post_tag","embeddable":true,"href":"https:\/\/elcotarro.com\/index.php?rest_route=%2Fwp%2Fv2%2Ftags&post=5083"}],"curies":[{"name":"wp","href":"https:\/\/api.w.org\/{rel}","templated":true}]}}