{"id":5089,"date":"2018-02-11T11:03:52","date_gmt":"2018-02-11T11:03:52","guid":{"rendered":"https:\/\/elcotarro.com\/?p=5089"},"modified":"2018-02-11T10:30:18","modified_gmt":"2018-02-11T10:30:18","slug":"multitudinaria-cena","status":"publish","type":"post","link":"https:\/\/elcotarro.com\/?p=5089","title":{"rendered":"MULTITUDINARIA CENA"},"content":{"rendered":"<p>Y eso se not\u00f3 en la cena de despedida celebrada hace unos d\u00edas y en la que, un mont\u00f3n de amigos y colaboradores (que pagaron religiosamente su cubierto) tributaron un merecido homenaje a <strong>Pedro Gal\u00e1n Garc\u00eda<\/strong> y, por extensi\u00f3n, a su distinguida esposa y leal compa\u00f1era, <strong>Mar\u00eda Antonia Gil de Sola Simarro<\/strong>, quien le ha acompa\u00f1ado en toda su brillante carrera y trayectoria militar (incluyendo creo que 12 mudanzas de casa, conforme <strong>Pedro Gal\u00e1n<\/strong> iba ascendiendo o cambiando de destino). Ahora, <strong>Pedro Gal\u00e1n<\/strong> y <strong>Mar\u00eda Antonia<\/strong> (ya hijos adoptivos de Tenerife y Canarias, a todos los efectos) fijar\u00e1n su residencia en Madrid donde podr\u00e1n disfrutar de un merecido descanso profesional y, sobre todo, de sus dos nietos y por ello debilidades: <strong>\u00d3scar<\/strong>, que vive con sus padres en Washington (USA) y <strong>Mayte<\/strong>, que con sus padres reside en Espa\u00f1a. Desde aqu\u00ed nuestro reconocimiento y afecto a <strong>Pedro Gal\u00e1n<\/strong>, con los deseos de larga vida con salud junto a <strong>Mar\u00eda Antonia<\/strong> y los suyos. Y si me lo permiten, como ex-sargento de IMEC, \u00a1siempre a sus \u00f3rdenes, mi general!<\/p>\n<p style=\"text-align: center\"><a href=\"https:\/\/elcotarro.com\/wp-content\/uploads\/2018\/02\/FOTO-3.-GENERAL-Y-ESPOSA.jpg\"><img loading=\"lazy\" decoding=\"async\" class=\"alignnone size-full wp-image-5090\" src=\"https:\/\/elcotarro.com\/wp-content\/uploads\/2018\/02\/FOTO-3.-GENERAL-Y-ESPOSA.jpg\" alt=\"FOTO 3.- GENERAL Y ESPOSA\" width=\"2296\" height=\"1711\" srcset=\"https:\/\/elcotarro.com\/wp-content\/uploads\/2018\/02\/FOTO-3.-GENERAL-Y-ESPOSA.jpg 2296w, https:\/\/elcotarro.com\/wp-content\/uploads\/2018\/02\/FOTO-3.-GENERAL-Y-ESPOSA-300x224.jpg 300w, https:\/\/elcotarro.com\/wp-content\/uploads\/2018\/02\/FOTO-3.-GENERAL-Y-ESPOSA-1024x763.jpg 1024w\" sizes=\"auto, (max-width: 2296px) 100vw, 2296px\" \/><\/a><\/p>\n<p style=\"text-align: center\"><em>El Capit\u00e1n General de Canarias, Pedro Gal\u00e1n Garc\u00eda, junto a su esposa, Mar\u00eda Antonia Gil de Sola.<\/em><\/p>\n","protected":false},"excerpt":{"rendered":"<p>Y eso se not\u00f3 en la cena de despedida celebrada hace unos d\u00edas y en la que, un mont\u00f3n de amigos y colaboradores (que pagaron religiosamente su cubierto) tributaron un merecido homenaje a Pedro Gal\u00e1n Garc\u00eda y, por extensi\u00f3n, a su distinguida esposa y leal compa\u00f1era, Mar\u00eda Antonia Gil de Sola Simarro, quien le ha &#8230; <a class=\"read-more\" href=\"https:\/\/elcotarro.com\/?p=5089\">Read more<\/a><\/p>\n","protected":false},"author":2,"featured_media":0,"comment_status":"open","ping_status":"open","sticky":false,"template":"","format":"standard","meta":{"_jetpack_memberships_contains_paid_content":false,"footnotes":""},"categories":[1],"tags":[],"class_list":["post-5089","post","type-post","status-publish","format-standard","hentry","category-sin-categoria"],"yoast_head":"<!-- This site is optimized with the Yoast SEO plugin v27.0 - https:\/\/yoast.com\/product\/yoast-seo-wordpress\/ -->\n<title>MULTITUDINARIA CENA - El Cotarro<\/title>\n<meta name=\"robots\" content=\"index, follow, max-snippet:-1, max-image-preview:large, max-video-preview:-1\" \/>\n<link rel=\"canonical\" href=\"https:\/\/elcotarro.com\/?p=5089\" \/>\n<meta property=\"og:locale\" content=\"es_ES\" \/>\n<meta property=\"og:type\" content=\"article\" \/>\n<meta property=\"og:title\" content=\"MULTITUDINARIA CENA - El Cotarro\" \/>\n<meta property=\"og:description\" content=\"Y eso se not\u00f3 en la cena de despedida celebrada hace unos d\u00edas y en la que, un mont\u00f3n de amigos y colaboradores (que pagaron religiosamente su cubierto) tributaron un merecido homenaje a Pedro Gal\u00e1n Garc\u00eda y, por extensi\u00f3n, a su distinguida esposa y leal compa\u00f1era, Mar\u00eda Antonia Gil de Sola Simarro, quien le ha ... Read more\" \/>\n<meta property=\"og:url\" content=\"https:\/\/elcotarro.com\/?p=5089\" \/>\n<meta property=\"og:site_name\" content=\"El Cotarro\" \/>\n<meta property=\"article:publisher\" content=\"https:\/\/www.facebook.com\/ElCotarro.Tenerife\" \/>\n<meta property=\"article:published_time\" content=\"2018-02-11T11:03:52+00:00\" \/>\n<meta property=\"og:image\" content=\"https:\/\/elcotarro.com\/wp-content\/uploads\/2018\/02\/FOTO-3.-GENERAL-Y-ESPOSA.jpg\" \/>\n<meta name=\"author\" content=\"Jos\u00e9 Carlos Marrero Gonz\u00e1lez\" \/>\n<meta name=\"twitter:label1\" content=\"Escrito por\" \/>\n\t<meta name=\"twitter:data1\" content=\"Jos\u00e9 Carlos Marrero Gonz\u00e1lez\" \/>\n\t<meta name=\"twitter:label2\" content=\"Tiempo de lectura\" \/>\n\t<meta name=\"twitter:data2\" content=\"1 minuto\" \/>\n<script type=\"application\/ld+json\" class=\"yoast-schema-graph\">{\"@context\":\"https:\/\/schema.org\",\"@graph\":[{\"@type\":\"Article\",\"@id\":\"https:\/\/elcotarro.com\/?p=5089#article\",\"isPartOf\":{\"@id\":\"https:\/\/elcotarro.com\/?p=5089\"},\"author\":{\"name\":\"Jos\u00e9 Carlos Marrero Gonz\u00e1lez\",\"@id\":\"https:\/\/elcotarro.com\/#\/schema\/person\/af537ee7d60d15984c7e0affcd8a918b\"},\"headline\":\"MULTITUDINARIA CENA\",\"datePublished\":\"2018-02-11T11:03:52+00:00\",\"mainEntityOfPage\":{\"@id\":\"https:\/\/elcotarro.com\/?p=5089\"},\"wordCount\":216,\"commentCount\":0,\"publisher\":{\"@id\":\"https:\/\/elcotarro.com\/#organization\"},\"image\":{\"@id\":\"https:\/\/elcotarro.com\/?p=5089#primaryimage\"},\"thumbnailUrl\":\"https:\/\/elcotarro.com\/wp-content\/uploads\/2018\/02\/FOTO-3.-GENERAL-Y-ESPOSA.jpg\",\"inLanguage\":\"es\",\"potentialAction\":[{\"@type\":\"CommentAction\",\"name\":\"Comment\",\"target\":[\"https:\/\/elcotarro.com\/?p=5089#respond\"]}]},{\"@type\":\"WebPage\",\"@id\":\"https:\/\/elcotarro.com\/?p=5089\",\"url\":\"https:\/\/elcotarro.com\/?p=5089\",\"name\":\"MULTITUDINARIA CENA - El Cotarro\",\"isPartOf\":{\"@id\":\"https:\/\/elcotarro.com\/#website\"},\"primaryImageOfPage\":{\"@id\":\"https:\/\/elcotarro.com\/?p=5089#primaryimage\"},\"image\":{\"@id\":\"https:\/\/elcotarro.com\/?p=5089#primaryimage\"},\"thumbnailUrl\":\"https:\/\/elcotarro.com\/wp-content\/uploads\/2018\/02\/FOTO-3.-GENERAL-Y-ESPOSA.jpg\",\"datePublished\":\"2018-02-11T11:03:52+00:00\",\"breadcrumb\":{\"@id\":\"https:\/\/elcotarro.com\/?p=5089#breadcrumb\"},\"inLanguage\":\"es\",\"potentialAction\":[{\"@type\":\"ReadAction\",\"target\":[\"https:\/\/elcotarro.com\/?p=5089\"]}]},{\"@type\":\"ImageObject\",\"inLanguage\":\"es\",\"@id\":\"https:\/\/elcotarro.com\/?p=5089#primaryimage\",\"url\":\"https:\/\/elcotarro.com\/wp-content\/uploads\/2018\/02\/FOTO-3.-GENERAL-Y-ESPOSA.jpg\",\"contentUrl\":\"https:\/\/elcotarro.com\/wp-content\/uploads\/2018\/02\/FOTO-3.-GENERAL-Y-ESPOSA.jpg\",\"width\":2296,\"height\":1711},{\"@type\":\"BreadcrumbList\",\"@id\":\"https:\/\/elcotarro.com\/?p=5089#breadcrumb\",\"itemListElement\":[{\"@type\":\"ListItem\",\"position\":1,\"name\":\"Portada\",\"item\":\"https:\/\/elcotarro.com\/\"},{\"@type\":\"ListItem\",\"position\":2,\"name\":\"MULTITUDINARIA CENA\"}]},{\"@type\":\"WebSite\",\"@id\":\"https:\/\/elcotarro.com\/#website\",\"url\":\"https:\/\/elcotarro.com\/\",\"name\":\"El Cotarro\",\"description\":\"Peri\u00f3dico Digital Independiente dirigido por Jos\u00e9 Carlos Marrero\",\"publisher\":{\"@id\":\"https:\/\/elcotarro.com\/#organization\"},\"potentialAction\":[{\"@type\":\"SearchAction\",\"target\":{\"@type\":\"EntryPoint\",\"urlTemplate\":\"https:\/\/elcotarro.com\/?s={search_term_string}\"},\"query-input\":{\"@type\":\"PropertyValueSpecification\",\"valueRequired\":true,\"valueName\":\"search_term_string\"}}],\"inLanguage\":\"es\"},{\"@type\":\"Organization\",\"@id\":\"https:\/\/elcotarro.com\/#organization\",\"name\":\"El Cotarro\",\"url\":\"https:\/\/elcotarro.com\/\",\"logo\":{\"@type\":\"ImageObject\",\"inLanguage\":\"es\",\"@id\":\"https:\/\/elcotarro.com\/#\/schema\/logo\/image\/\",\"url\":\"https:\/\/elcotarro.com\/wp-content\/uploads\/2014\/09\/Cabecera_El_Cotarro_v2.jpg\",\"contentUrl\":\"https:\/\/elcotarro.com\/wp-content\/uploads\/2014\/09\/Cabecera_El_Cotarro_v2.jpg\",\"width\":3540,\"height\":441,\"caption\":\"El Cotarro\"},\"image\":{\"@id\":\"https:\/\/elcotarro.com\/#\/schema\/logo\/image\/\"},\"sameAs\":[\"https:\/\/www.facebook.com\/ElCotarro.Tenerife\"]},{\"@type\":\"Person\",\"@id\":\"https:\/\/elcotarro.com\/#\/schema\/person\/af537ee7d60d15984c7e0affcd8a918b\",\"name\":\"Jos\u00e9 Carlos Marrero Gonz\u00e1lez\",\"image\":{\"@type\":\"ImageObject\",\"inLanguage\":\"es\",\"@id\":\"https:\/\/elcotarro.com\/#\/schema\/person\/image\/\",\"url\":\"https:\/\/secure.gravatar.com\/avatar\/def4da036efb5d32c74d49c351f6dccc064dd69ad9f3aadc295c5a9a5391ca01?s=96&d=mm&r=g\",\"contentUrl\":\"https:\/\/secure.gravatar.com\/avatar\/def4da036efb5d32c74d49c351f6dccc064dd69ad9f3aadc295c5a9a5391ca01?s=96&d=mm&r=g\",\"caption\":\"Jos\u00e9 Carlos Marrero Gonz\u00e1lez\"},\"sameAs\":[\"https:\/\/elcotarro.com\"],\"url\":\"https:\/\/elcotarro.com\/?author=2\"}]}<\/script>\n<!-- \/ Yoast SEO plugin. -->","yoast_head_json":{"title":"MULTITUDINARIA CENA - El Cotarro","robots":{"index":"index","follow":"follow","max-snippet":"max-snippet:-1","max-image-preview":"max-image-preview:large","max-video-preview":"max-video-preview:-1"},"canonical":"https:\/\/elcotarro.com\/?p=5089","og_locale":"es_ES","og_type":"article","og_title":"MULTITUDINARIA CENA - El Cotarro","og_description":"Y eso se not\u00f3 en la cena de despedida celebrada hace unos d\u00edas y en la que, un mont\u00f3n de amigos y colaboradores (que pagaron religiosamente su cubierto) tributaron un merecido homenaje a Pedro Gal\u00e1n Garc\u00eda y, por extensi\u00f3n, a su distinguida esposa y leal compa\u00f1era, Mar\u00eda Antonia Gil de Sola Simarro, quien le ha ... Read more","og_url":"https:\/\/elcotarro.com\/?p=5089","og_site_name":"El Cotarro","article_publisher":"https:\/\/www.facebook.com\/ElCotarro.Tenerife","article_published_time":"2018-02-11T11:03:52+00:00","og_image":[{"url":"https:\/\/elcotarro.com\/wp-content\/uploads\/2018\/02\/FOTO-3.-GENERAL-Y-ESPOSA.jpg","type":"","width":"","height":""}],"author":"Jos\u00e9 Carlos Marrero Gonz\u00e1lez","twitter_misc":{"Escrito por":"Jos\u00e9 Carlos Marrero Gonz\u00e1lez","Tiempo de lectura":"1 minuto"},"schema":{"@context":"https:\/\/schema.org","@graph":[{"@type":"Article","@id":"https:\/\/elcotarro.com\/?p=5089#article","isPartOf":{"@id":"https:\/\/elcotarro.com\/?p=5089"},"author":{"name":"Jos\u00e9 Carlos Marrero Gonz\u00e1lez","@id":"https:\/\/elcotarro.com\/#\/schema\/person\/af537ee7d60d15984c7e0affcd8a918b"},"headline":"MULTITUDINARIA CENA","datePublished":"2018-02-11T11:03:52+00:00","mainEntityOfPage":{"@id":"https:\/\/elcotarro.com\/?p=5089"},"wordCount":216,"commentCount":0,"publisher":{"@id":"https:\/\/elcotarro.com\/#organization"},"image":{"@id":"https:\/\/elcotarro.com\/?p=5089#primaryimage"},"thumbnailUrl":"https:\/\/elcotarro.com\/wp-content\/uploads\/2018\/02\/FOTO-3.-GENERAL-Y-ESPOSA.jpg","inLanguage":"es","potentialAction":[{"@type":"CommentAction","name":"Comment","target":["https:\/\/elcotarro.com\/?p=5089#respond"]}]},{"@type":"WebPage","@id":"https:\/\/elcotarro.com\/?p=5089","url":"https:\/\/elcotarro.com\/?p=5089","name":"MULTITUDINARIA CENA - El Cotarro","isPartOf":{"@id":"https:\/\/elcotarro.com\/#website"},"primaryImageOfPage":{"@id":"https:\/\/elcotarro.com\/?p=5089#primaryimage"},"image":{"@id":"https:\/\/elcotarro.com\/?p=5089#primaryimage"},"thumbnailUrl":"https:\/\/elcotarro.com\/wp-content\/uploads\/2018\/02\/FOTO-3.-GENERAL-Y-ESPOSA.jpg","datePublished":"2018-02-11T11:03:52+00:00","breadcrumb":{"@id":"https:\/\/elcotarro.com\/?p=5089#breadcrumb"},"inLanguage":"es","potentialAction":[{"@type":"ReadAction","target":["https:\/\/elcotarro.com\/?p=5089"]}]},{"@type":"ImageObject","inLanguage":"es","@id":"https:\/\/elcotarro.com\/?p=5089#primaryimage","url":"https:\/\/elcotarro.com\/wp-content\/uploads\/2018\/02\/FOTO-3.-GENERAL-Y-ESPOSA.jpg","contentUrl":"https:\/\/elcotarro.com\/wp-content\/uploads\/2018\/02\/FOTO-3.-GENERAL-Y-ESPOSA.jpg","width":2296,"height":1711},{"@type":"BreadcrumbList","@id":"https:\/\/elcotarro.com\/?p=5089#breadcrumb","itemListElement":[{"@type":"ListItem","position":1,"name":"Portada","item":"https:\/\/elcotarro.com\/"},{"@type":"ListItem","position":2,"name":"MULTITUDINARIA CENA"}]},{"@type":"WebSite","@id":"https:\/\/elcotarro.com\/#website","url":"https:\/\/elcotarro.com\/","name":"El Cotarro","description":"Peri\u00f3dico Digital Independiente dirigido por Jos\u00e9 Carlos Marrero","publisher":{"@id":"https:\/\/elcotarro.com\/#organization"},"potentialAction":[{"@type":"SearchAction","target":{"@type":"EntryPoint","urlTemplate":"https:\/\/elcotarro.com\/?s={search_term_string}"},"query-input":{"@type":"PropertyValueSpecification","valueRequired":true,"valueName":"search_term_string"}}],"inLanguage":"es"},{"@type":"Organization","@id":"https:\/\/elcotarro.com\/#organization","name":"El Cotarro","url":"https:\/\/elcotarro.com\/","logo":{"@type":"ImageObject","inLanguage":"es","@id":"https:\/\/elcotarro.com\/#\/schema\/logo\/image\/","url":"https:\/\/elcotarro.com\/wp-content\/uploads\/2014\/09\/Cabecera_El_Cotarro_v2.jpg","contentUrl":"https:\/\/elcotarro.com\/wp-content\/uploads\/2014\/09\/Cabecera_El_Cotarro_v2.jpg","width":3540,"height":441,"caption":"El Cotarro"},"image":{"@id":"https:\/\/elcotarro.com\/#\/schema\/logo\/image\/"},"sameAs":["https:\/\/www.facebook.com\/ElCotarro.Tenerife"]},{"@type":"Person","@id":"https:\/\/elcotarro.com\/#\/schema\/person\/af537ee7d60d15984c7e0affcd8a918b","name":"Jos\u00e9 Carlos Marrero Gonz\u00e1lez","image":{"@type":"ImageObject","inLanguage":"es","@id":"https:\/\/elcotarro.com\/#\/schema\/person\/image\/","url":"https:\/\/secure.gravatar.com\/avatar\/def4da036efb5d32c74d49c351f6dccc064dd69ad9f3aadc295c5a9a5391ca01?s=96&d=mm&r=g","contentUrl":"https:\/\/secure.gravatar.com\/avatar\/def4da036efb5d32c74d49c351f6dccc064dd69ad9f3aadc295c5a9a5391ca01?s=96&d=mm&r=g","caption":"Jos\u00e9 Carlos Marrero Gonz\u00e1lez"},"sameAs":["https:\/\/elcotarro.com"],"url":"https:\/\/elcotarro.com\/?author=2"}]}},"jetpack_featured_media_url":"","jetpack_sharing_enabled":true,"_links":{"self":[{"href":"https:\/\/elcotarro.com\/index.php?rest_route=\/wp\/v2\/posts\/5089","targetHints":{"allow":["GET"]}}],"collection":[{"href":"https:\/\/elcotarro.com\/index.php?rest_route=\/wp\/v2\/posts"}],"about":[{"href":"https:\/\/elcotarro.com\/index.php?rest_route=\/wp\/v2\/types\/post"}],"author":[{"embeddable":true,"href":"https:\/\/elcotarro.com\/index.php?rest_route=\/wp\/v2\/users\/2"}],"replies":[{"embeddable":true,"href":"https:\/\/elcotarro.com\/index.php?rest_route=%2Fwp%2Fv2%2Fcomments&post=5089"}],"version-history":[{"count":1,"href":"https:\/\/elcotarro.com\/index.php?rest_route=\/wp\/v2\/posts\/5089\/revisions"}],"predecessor-version":[{"id":5091,"href":"https:\/\/elcotarro.com\/index.php?rest_route=\/wp\/v2\/posts\/5089\/revisions\/5091"}],"wp:attachment":[{"href":"https:\/\/elcotarro.com\/index.php?rest_route=%2Fwp%2Fv2%2Fmedia&parent=5089"}],"wp:term":[{"taxonomy":"category","embeddable":true,"href":"https:\/\/elcotarro.com\/index.php?rest_route=%2Fwp%2Fv2%2Fcategories&post=5089"},{"taxonomy":"post_tag","embeddable":true,"href":"https:\/\/elcotarro.com\/index.php?rest_route=%2Fwp%2Fv2%2Ftags&post=5089"}],"curies":[{"name":"wp","href":"https:\/\/api.w.org\/{rel}","templated":true}]}}