{"id":5092,"date":"2018-02-11T11:02:22","date_gmt":"2018-02-11T11:02:22","guid":{"rendered":"https:\/\/elcotarro.com\/?p=5092"},"modified":"2018-02-11T10:31:10","modified_gmt":"2018-02-11T10:31:10","slug":"carlos-herrera-vuelve-por-carnaval","status":"publish","type":"post","link":"https:\/\/elcotarro.com\/?p=5092","title":{"rendered":"CARLOS HERRERA VUELVE POR CARNAVAL"},"content":{"rendered":"<p>Desde hace unos doce a\u00f1os (por lo menos) hablar de la llegada del Carnaval a las calles de Santa Cruz de Tenerife es sin\u00f3nimo de llegada del prestigioso periodista y mejor comunicador radiof\u00f3nico, <strong>Carlos Herrera Crusset<\/strong>, gran compa\u00f1ero y mejor amigo, l\u00edder de la radio ma\u00f1anera a nivel nacional en la COPE. Lo de la visita de <strong>Carlos Herrera<\/strong> a nuestra tierra coincidiendo con los carnavales es ya un cl\u00e1sico y lo es, igualmente, su peregrinar por una serie de grandes establecimientos de nuestra tierra, ligados a la gastronom\u00eda. El primero de ellos, que ya es como un ritual, la obligada visita a \u201cEl Coto de Antonio\u201d, donde <strong>Carlos Padr\u00f3n<\/strong> al frente del servicio de sala y <strong>Antonio Hern\u00e1ndez<\/strong> (\u201c<em>Curro<\/em>\u201d) al frente de la cocina, le ten\u00edan ya preparadas con la debida antelaci\u00f3n las mejores papas negras y sus sabrosos mojos canarios, que este a\u00f1o han sido m\u00e1s sublimes que nunca.<\/p>\n<p style=\"text-align: center\"><a href=\"https:\/\/elcotarro.com\/wp-content\/uploads\/2018\/02\/FOTO-4.-EQUIPO-DE-CARLOS.jpg\"><img loading=\"lazy\" decoding=\"async\" class=\"alignnone size-full wp-image-5093\" src=\"https:\/\/elcotarro.com\/wp-content\/uploads\/2018\/02\/FOTO-4.-EQUIPO-DE-CARLOS.jpg\" alt=\"FOTO 4.- EQUIPO DE CARLOS\" width=\"1600\" height=\"1200\" srcset=\"https:\/\/elcotarro.com\/wp-content\/uploads\/2018\/02\/FOTO-4.-EQUIPO-DE-CARLOS.jpg 1600w, https:\/\/elcotarro.com\/wp-content\/uploads\/2018\/02\/FOTO-4.-EQUIPO-DE-CARLOS-300x225.jpg 300w, https:\/\/elcotarro.com\/wp-content\/uploads\/2018\/02\/FOTO-4.-EQUIPO-DE-CARLOS-1024x768.jpg 1024w\" sizes=\"auto, (max-width: 1600px) 100vw, 1600px\" \/><\/a><\/p>\n<p style=\"text-align: center\"><em>Parte del equipo de Carlos Herrera y de COPE Tenerife, con To\u00f1o Armas (c) y un servidor.<\/em><\/p>\n","protected":false},"excerpt":{"rendered":"<p>Desde hace unos doce a\u00f1os (por lo menos) hablar de la llegada del Carnaval a las calles de Santa Cruz de Tenerife es sin\u00f3nimo de llegada del prestigioso periodista y mejor comunicador radiof\u00f3nico, Carlos Herrera Crusset, gran compa\u00f1ero y mejor amigo, l\u00edder de la radio ma\u00f1anera a nivel nacional en la COPE. Lo de la &#8230; <a class=\"read-more\" href=\"https:\/\/elcotarro.com\/?p=5092\">Read more<\/a><\/p>\n","protected":false},"author":2,"featured_media":0,"comment_status":"open","ping_status":"open","sticky":false,"template":"","format":"standard","meta":{"_jetpack_memberships_contains_paid_content":false,"footnotes":""},"categories":[1],"tags":[],"class_list":["post-5092","post","type-post","status-publish","format-standard","hentry","category-sin-categoria"],"yoast_head":"<!-- This site is optimized with the Yoast SEO plugin v27.0 - https:\/\/yoast.com\/product\/yoast-seo-wordpress\/ -->\n<title>CARLOS HERRERA VUELVE POR CARNAVAL - El Cotarro<\/title>\n<meta name=\"robots\" content=\"index, follow, max-snippet:-1, max-image-preview:large, max-video-preview:-1\" \/>\n<link rel=\"canonical\" href=\"https:\/\/elcotarro.com\/?p=5092\" \/>\n<meta property=\"og:locale\" content=\"es_ES\" \/>\n<meta property=\"og:type\" content=\"article\" \/>\n<meta property=\"og:title\" content=\"CARLOS HERRERA VUELVE POR CARNAVAL - El Cotarro\" \/>\n<meta property=\"og:description\" content=\"Desde hace unos doce a\u00f1os (por lo menos) hablar de la llegada del Carnaval a las calles de Santa Cruz de Tenerife es sin\u00f3nimo de llegada del prestigioso periodista y mejor comunicador radiof\u00f3nico, Carlos Herrera Crusset, gran compa\u00f1ero y mejor amigo, l\u00edder de la radio ma\u00f1anera a nivel nacional en la COPE. Lo de la ... Read more\" \/>\n<meta property=\"og:url\" content=\"https:\/\/elcotarro.com\/?p=5092\" \/>\n<meta property=\"og:site_name\" content=\"El Cotarro\" \/>\n<meta property=\"article:publisher\" content=\"https:\/\/www.facebook.com\/ElCotarro.Tenerife\" \/>\n<meta property=\"article:published_time\" content=\"2018-02-11T11:02:22+00:00\" \/>\n<meta property=\"og:image\" content=\"https:\/\/elcotarro.com\/wp-content\/uploads\/2018\/02\/FOTO-4.-EQUIPO-DE-CARLOS.jpg\" \/>\n<meta name=\"author\" content=\"Jos\u00e9 Carlos Marrero Gonz\u00e1lez\" \/>\n<meta name=\"twitter:label1\" content=\"Escrito por\" \/>\n\t<meta name=\"twitter:data1\" content=\"Jos\u00e9 Carlos Marrero Gonz\u00e1lez\" \/>\n\t<meta name=\"twitter:label2\" content=\"Tiempo de lectura\" \/>\n\t<meta name=\"twitter:data2\" content=\"1 minuto\" \/>\n<script type=\"application\/ld+json\" class=\"yoast-schema-graph\">{\"@context\":\"https:\/\/schema.org\",\"@graph\":[{\"@type\":\"Article\",\"@id\":\"https:\/\/elcotarro.com\/?p=5092#article\",\"isPartOf\":{\"@id\":\"https:\/\/elcotarro.com\/?p=5092\"},\"author\":{\"name\":\"Jos\u00e9 Carlos Marrero Gonz\u00e1lez\",\"@id\":\"https:\/\/elcotarro.com\/#\/schema\/person\/af537ee7d60d15984c7e0affcd8a918b\"},\"headline\":\"CARLOS HERRERA VUELVE POR CARNAVAL\",\"datePublished\":\"2018-02-11T11:02:22+00:00\",\"mainEntityOfPage\":{\"@id\":\"https:\/\/elcotarro.com\/?p=5092\"},\"wordCount\":188,\"commentCount\":0,\"publisher\":{\"@id\":\"https:\/\/elcotarro.com\/#organization\"},\"image\":{\"@id\":\"https:\/\/elcotarro.com\/?p=5092#primaryimage\"},\"thumbnailUrl\":\"https:\/\/elcotarro.com\/wp-content\/uploads\/2018\/02\/FOTO-4.-EQUIPO-DE-CARLOS.jpg\",\"inLanguage\":\"es\",\"potentialAction\":[{\"@type\":\"CommentAction\",\"name\":\"Comment\",\"target\":[\"https:\/\/elcotarro.com\/?p=5092#respond\"]}]},{\"@type\":\"WebPage\",\"@id\":\"https:\/\/elcotarro.com\/?p=5092\",\"url\":\"https:\/\/elcotarro.com\/?p=5092\",\"name\":\"CARLOS HERRERA VUELVE POR CARNAVAL - El Cotarro\",\"isPartOf\":{\"@id\":\"https:\/\/elcotarro.com\/#website\"},\"primaryImageOfPage\":{\"@id\":\"https:\/\/elcotarro.com\/?p=5092#primaryimage\"},\"image\":{\"@id\":\"https:\/\/elcotarro.com\/?p=5092#primaryimage\"},\"thumbnailUrl\":\"https:\/\/elcotarro.com\/wp-content\/uploads\/2018\/02\/FOTO-4.-EQUIPO-DE-CARLOS.jpg\",\"datePublished\":\"2018-02-11T11:02:22+00:00\",\"breadcrumb\":{\"@id\":\"https:\/\/elcotarro.com\/?p=5092#breadcrumb\"},\"inLanguage\":\"es\",\"potentialAction\":[{\"@type\":\"ReadAction\",\"target\":[\"https:\/\/elcotarro.com\/?p=5092\"]}]},{\"@type\":\"ImageObject\",\"inLanguage\":\"es\",\"@id\":\"https:\/\/elcotarro.com\/?p=5092#primaryimage\",\"url\":\"https:\/\/elcotarro.com\/wp-content\/uploads\/2018\/02\/FOTO-4.-EQUIPO-DE-CARLOS.jpg\",\"contentUrl\":\"https:\/\/elcotarro.com\/wp-content\/uploads\/2018\/02\/FOTO-4.-EQUIPO-DE-CARLOS.jpg\",\"width\":1600,\"height\":1200},{\"@type\":\"BreadcrumbList\",\"@id\":\"https:\/\/elcotarro.com\/?p=5092#breadcrumb\",\"itemListElement\":[{\"@type\":\"ListItem\",\"position\":1,\"name\":\"Portada\",\"item\":\"https:\/\/elcotarro.com\/\"},{\"@type\":\"ListItem\",\"position\":2,\"name\":\"CARLOS HERRERA VUELVE POR CARNAVAL\"}]},{\"@type\":\"WebSite\",\"@id\":\"https:\/\/elcotarro.com\/#website\",\"url\":\"https:\/\/elcotarro.com\/\",\"name\":\"El Cotarro\",\"description\":\"Peri\u00f3dico Digital Independiente dirigido por Jos\u00e9 Carlos Marrero\",\"publisher\":{\"@id\":\"https:\/\/elcotarro.com\/#organization\"},\"potentialAction\":[{\"@type\":\"SearchAction\",\"target\":{\"@type\":\"EntryPoint\",\"urlTemplate\":\"https:\/\/elcotarro.com\/?s={search_term_string}\"},\"query-input\":{\"@type\":\"PropertyValueSpecification\",\"valueRequired\":true,\"valueName\":\"search_term_string\"}}],\"inLanguage\":\"es\"},{\"@type\":\"Organization\",\"@id\":\"https:\/\/elcotarro.com\/#organization\",\"name\":\"El Cotarro\",\"url\":\"https:\/\/elcotarro.com\/\",\"logo\":{\"@type\":\"ImageObject\",\"inLanguage\":\"es\",\"@id\":\"https:\/\/elcotarro.com\/#\/schema\/logo\/image\/\",\"url\":\"https:\/\/elcotarro.com\/wp-content\/uploads\/2014\/09\/Cabecera_El_Cotarro_v2.jpg\",\"contentUrl\":\"https:\/\/elcotarro.com\/wp-content\/uploads\/2014\/09\/Cabecera_El_Cotarro_v2.jpg\",\"width\":3540,\"height\":441,\"caption\":\"El Cotarro\"},\"image\":{\"@id\":\"https:\/\/elcotarro.com\/#\/schema\/logo\/image\/\"},\"sameAs\":[\"https:\/\/www.facebook.com\/ElCotarro.Tenerife\"]},{\"@type\":\"Person\",\"@id\":\"https:\/\/elcotarro.com\/#\/schema\/person\/af537ee7d60d15984c7e0affcd8a918b\",\"name\":\"Jos\u00e9 Carlos Marrero Gonz\u00e1lez\",\"image\":{\"@type\":\"ImageObject\",\"inLanguage\":\"es\",\"@id\":\"https:\/\/elcotarro.com\/#\/schema\/person\/image\/\",\"url\":\"https:\/\/secure.gravatar.com\/avatar\/def4da036efb5d32c74d49c351f6dccc064dd69ad9f3aadc295c5a9a5391ca01?s=96&d=mm&r=g\",\"contentUrl\":\"https:\/\/secure.gravatar.com\/avatar\/def4da036efb5d32c74d49c351f6dccc064dd69ad9f3aadc295c5a9a5391ca01?s=96&d=mm&r=g\",\"caption\":\"Jos\u00e9 Carlos Marrero Gonz\u00e1lez\"},\"sameAs\":[\"https:\/\/elcotarro.com\"],\"url\":\"https:\/\/elcotarro.com\/?author=2\"}]}<\/script>\n<!-- \/ Yoast SEO plugin. -->","yoast_head_json":{"title":"CARLOS HERRERA VUELVE POR CARNAVAL - El Cotarro","robots":{"index":"index","follow":"follow","max-snippet":"max-snippet:-1","max-image-preview":"max-image-preview:large","max-video-preview":"max-video-preview:-1"},"canonical":"https:\/\/elcotarro.com\/?p=5092","og_locale":"es_ES","og_type":"article","og_title":"CARLOS HERRERA VUELVE POR CARNAVAL - El Cotarro","og_description":"Desde hace unos doce a\u00f1os (por lo menos) hablar de la llegada del Carnaval a las calles de Santa Cruz de Tenerife es sin\u00f3nimo de llegada del prestigioso periodista y mejor comunicador radiof\u00f3nico, Carlos Herrera Crusset, gran compa\u00f1ero y mejor amigo, l\u00edder de la radio ma\u00f1anera a nivel nacional en la COPE. Lo de la ... Read more","og_url":"https:\/\/elcotarro.com\/?p=5092","og_site_name":"El Cotarro","article_publisher":"https:\/\/www.facebook.com\/ElCotarro.Tenerife","article_published_time":"2018-02-11T11:02:22+00:00","og_image":[{"url":"https:\/\/elcotarro.com\/wp-content\/uploads\/2018\/02\/FOTO-4.-EQUIPO-DE-CARLOS.jpg","type":"","width":"","height":""}],"author":"Jos\u00e9 Carlos Marrero Gonz\u00e1lez","twitter_misc":{"Escrito por":"Jos\u00e9 Carlos Marrero Gonz\u00e1lez","Tiempo de lectura":"1 minuto"},"schema":{"@context":"https:\/\/schema.org","@graph":[{"@type":"Article","@id":"https:\/\/elcotarro.com\/?p=5092#article","isPartOf":{"@id":"https:\/\/elcotarro.com\/?p=5092"},"author":{"name":"Jos\u00e9 Carlos Marrero Gonz\u00e1lez","@id":"https:\/\/elcotarro.com\/#\/schema\/person\/af537ee7d60d15984c7e0affcd8a918b"},"headline":"CARLOS HERRERA VUELVE POR CARNAVAL","datePublished":"2018-02-11T11:02:22+00:00","mainEntityOfPage":{"@id":"https:\/\/elcotarro.com\/?p=5092"},"wordCount":188,"commentCount":0,"publisher":{"@id":"https:\/\/elcotarro.com\/#organization"},"image":{"@id":"https:\/\/elcotarro.com\/?p=5092#primaryimage"},"thumbnailUrl":"https:\/\/elcotarro.com\/wp-content\/uploads\/2018\/02\/FOTO-4.-EQUIPO-DE-CARLOS.jpg","inLanguage":"es","potentialAction":[{"@type":"CommentAction","name":"Comment","target":["https:\/\/elcotarro.com\/?p=5092#respond"]}]},{"@type":"WebPage","@id":"https:\/\/elcotarro.com\/?p=5092","url":"https:\/\/elcotarro.com\/?p=5092","name":"CARLOS HERRERA VUELVE POR CARNAVAL - El Cotarro","isPartOf":{"@id":"https:\/\/elcotarro.com\/#website"},"primaryImageOfPage":{"@id":"https:\/\/elcotarro.com\/?p=5092#primaryimage"},"image":{"@id":"https:\/\/elcotarro.com\/?p=5092#primaryimage"},"thumbnailUrl":"https:\/\/elcotarro.com\/wp-content\/uploads\/2018\/02\/FOTO-4.-EQUIPO-DE-CARLOS.jpg","datePublished":"2018-02-11T11:02:22+00:00","breadcrumb":{"@id":"https:\/\/elcotarro.com\/?p=5092#breadcrumb"},"inLanguage":"es","potentialAction":[{"@type":"ReadAction","target":["https:\/\/elcotarro.com\/?p=5092"]}]},{"@type":"ImageObject","inLanguage":"es","@id":"https:\/\/elcotarro.com\/?p=5092#primaryimage","url":"https:\/\/elcotarro.com\/wp-content\/uploads\/2018\/02\/FOTO-4.-EQUIPO-DE-CARLOS.jpg","contentUrl":"https:\/\/elcotarro.com\/wp-content\/uploads\/2018\/02\/FOTO-4.-EQUIPO-DE-CARLOS.jpg","width":1600,"height":1200},{"@type":"BreadcrumbList","@id":"https:\/\/elcotarro.com\/?p=5092#breadcrumb","itemListElement":[{"@type":"ListItem","position":1,"name":"Portada","item":"https:\/\/elcotarro.com\/"},{"@type":"ListItem","position":2,"name":"CARLOS HERRERA VUELVE POR CARNAVAL"}]},{"@type":"WebSite","@id":"https:\/\/elcotarro.com\/#website","url":"https:\/\/elcotarro.com\/","name":"El Cotarro","description":"Peri\u00f3dico Digital Independiente dirigido por Jos\u00e9 Carlos Marrero","publisher":{"@id":"https:\/\/elcotarro.com\/#organization"},"potentialAction":[{"@type":"SearchAction","target":{"@type":"EntryPoint","urlTemplate":"https:\/\/elcotarro.com\/?s={search_term_string}"},"query-input":{"@type":"PropertyValueSpecification","valueRequired":true,"valueName":"search_term_string"}}],"inLanguage":"es"},{"@type":"Organization","@id":"https:\/\/elcotarro.com\/#organization","name":"El Cotarro","url":"https:\/\/elcotarro.com\/","logo":{"@type":"ImageObject","inLanguage":"es","@id":"https:\/\/elcotarro.com\/#\/schema\/logo\/image\/","url":"https:\/\/elcotarro.com\/wp-content\/uploads\/2014\/09\/Cabecera_El_Cotarro_v2.jpg","contentUrl":"https:\/\/elcotarro.com\/wp-content\/uploads\/2014\/09\/Cabecera_El_Cotarro_v2.jpg","width":3540,"height":441,"caption":"El Cotarro"},"image":{"@id":"https:\/\/elcotarro.com\/#\/schema\/logo\/image\/"},"sameAs":["https:\/\/www.facebook.com\/ElCotarro.Tenerife"]},{"@type":"Person","@id":"https:\/\/elcotarro.com\/#\/schema\/person\/af537ee7d60d15984c7e0affcd8a918b","name":"Jos\u00e9 Carlos Marrero Gonz\u00e1lez","image":{"@type":"ImageObject","inLanguage":"es","@id":"https:\/\/elcotarro.com\/#\/schema\/person\/image\/","url":"https:\/\/secure.gravatar.com\/avatar\/def4da036efb5d32c74d49c351f6dccc064dd69ad9f3aadc295c5a9a5391ca01?s=96&d=mm&r=g","contentUrl":"https:\/\/secure.gravatar.com\/avatar\/def4da036efb5d32c74d49c351f6dccc064dd69ad9f3aadc295c5a9a5391ca01?s=96&d=mm&r=g","caption":"Jos\u00e9 Carlos Marrero Gonz\u00e1lez"},"sameAs":["https:\/\/elcotarro.com"],"url":"https:\/\/elcotarro.com\/?author=2"}]}},"jetpack_featured_media_url":"","jetpack_sharing_enabled":true,"_links":{"self":[{"href":"https:\/\/elcotarro.com\/index.php?rest_route=\/wp\/v2\/posts\/5092","targetHints":{"allow":["GET"]}}],"collection":[{"href":"https:\/\/elcotarro.com\/index.php?rest_route=\/wp\/v2\/posts"}],"about":[{"href":"https:\/\/elcotarro.com\/index.php?rest_route=\/wp\/v2\/types\/post"}],"author":[{"embeddable":true,"href":"https:\/\/elcotarro.com\/index.php?rest_route=\/wp\/v2\/users\/2"}],"replies":[{"embeddable":true,"href":"https:\/\/elcotarro.com\/index.php?rest_route=%2Fwp%2Fv2%2Fcomments&post=5092"}],"version-history":[{"count":1,"href":"https:\/\/elcotarro.com\/index.php?rest_route=\/wp\/v2\/posts\/5092\/revisions"}],"predecessor-version":[{"id":5094,"href":"https:\/\/elcotarro.com\/index.php?rest_route=\/wp\/v2\/posts\/5092\/revisions\/5094"}],"wp:attachment":[{"href":"https:\/\/elcotarro.com\/index.php?rest_route=%2Fwp%2Fv2%2Fmedia&parent=5092"}],"wp:term":[{"taxonomy":"category","embeddable":true,"href":"https:\/\/elcotarro.com\/index.php?rest_route=%2Fwp%2Fv2%2Fcategories&post=5092"},{"taxonomy":"post_tag","embeddable":true,"href":"https:\/\/elcotarro.com\/index.php?rest_route=%2Fwp%2Fv2%2Ftags&post=5092"}],"curies":[{"name":"wp","href":"https:\/\/api.w.org\/{rel}","templated":true}]}}