{"id":5112,"date":"2018-02-18T11:04:24","date_gmt":"2018-02-18T11:04:24","guid":{"rendered":"https:\/\/elcotarro.com\/?p=5112"},"modified":"2018-02-17T12:31:20","modified_gmt":"2018-02-17T12:31:20","slug":"francisco-rodriguez-vicepresidente","status":"publish","type":"post","link":"https:\/\/elcotarro.com\/?p=5112","title":{"rendered":"FRANCISCO RODR\u00cdGUEZ, VICEPRESIDENTE"},"content":{"rendered":"<p>Adem\u00e1s, el chicharrero nacido junto a la santacrucera Plaza de Los Patos, <strong>Francisco de Paula Rodr\u00edguez Perera<\/strong> (el gran <strong>\u201cPacorro\u201d<\/strong>, para sus amigos de la Tuna de Medicina de la Universidad de La Laguna) acaba de ser nombrado vicepresidente del mencionado Consejo Asesor de Sanidad, el alto \u00f3rgano asesor de la ministra <strong>Dolors Montserrat i Montserrat<\/strong>. El doctor <strong>Rodr\u00edguez Perera<\/strong> ser\u00e1 la mano derecha del presidente del Consejo, el prestigioso doctor <strong>Valent\u00edn Fuster Carulla<\/strong>, cardi\u00f3logo, premio Pr\u00edncipe de Asturias de Investigaci\u00f3n Cient\u00edfica y T\u00e9cnica 1996, y actual jefe del servicio de Cardiolog\u00eda del Hospital Mount Sina\u00ed de New York, referente mundial en salud cardiovascular. Para que vean la importancia de ese alto \u00f3rgano que aconseja a la ministra, sepan que el mismo lo componen tan solo 30 escogidas personalidades de toda Espa\u00f1a.<\/p>\n<p style=\"text-align: center\"><a href=\"https:\/\/elcotarro.com\/wp-content\/uploads\/2018\/02\/FOTO-2.-PRESIDENCIA-CONSEJO.jpeg\"><img loading=\"lazy\" decoding=\"async\" class=\"alignnone size-full wp-image-5113\" src=\"https:\/\/elcotarro.com\/wp-content\/uploads\/2018\/02\/FOTO-2.-PRESIDENCIA-CONSEJO.jpeg\" alt=\"FOTO 2.- PRESIDENCIA CONSEJO\" width=\"1600\" height=\"1600\" srcset=\"https:\/\/elcotarro.com\/wp-content\/uploads\/2018\/02\/FOTO-2.-PRESIDENCIA-CONSEJO.jpeg 1600w, https:\/\/elcotarro.com\/wp-content\/uploads\/2018\/02\/FOTO-2.-PRESIDENCIA-CONSEJO-150x150.jpeg 150w, https:\/\/elcotarro.com\/wp-content\/uploads\/2018\/02\/FOTO-2.-PRESIDENCIA-CONSEJO-300x300.jpeg 300w, https:\/\/elcotarro.com\/wp-content\/uploads\/2018\/02\/FOTO-2.-PRESIDENCIA-CONSEJO-1024x1024.jpeg 1024w\" sizes=\"auto, (max-width: 1600px) 100vw, 1600px\" \/><\/a><\/p>\n<p style=\"text-align: center\"><em>Dolors Montserrat, Valent\u00edn Fuster (c) y Francisco Rodr\u00edguez Perera.<\/em><\/p>\n","protected":false},"excerpt":{"rendered":"<p>Adem\u00e1s, el chicharrero nacido junto a la santacrucera Plaza de Los Patos, Francisco de Paula Rodr\u00edguez Perera (el gran \u201cPacorro\u201d, para sus amigos de la Tuna de Medicina de la Universidad de La Laguna) acaba de ser nombrado vicepresidente del mencionado Consejo Asesor de Sanidad, el alto \u00f3rgano asesor de la ministra Dolors Montserrat i &#8230; <a class=\"read-more\" href=\"https:\/\/elcotarro.com\/?p=5112\">Read more<\/a><\/p>\n","protected":false},"author":2,"featured_media":0,"comment_status":"open","ping_status":"open","sticky":false,"template":"","format":"standard","meta":{"_jetpack_memberships_contains_paid_content":false,"footnotes":""},"categories":[1],"tags":[],"class_list":["post-5112","post","type-post","status-publish","format-standard","hentry","category-sin-categoria"],"yoast_head":"<!-- This site is optimized with the Yoast SEO plugin v27.0 - https:\/\/yoast.com\/product\/yoast-seo-wordpress\/ -->\n<title>FRANCISCO RODR\u00cdGUEZ, VICEPRESIDENTE - El Cotarro<\/title>\n<meta name=\"robots\" content=\"index, follow, max-snippet:-1, max-image-preview:large, max-video-preview:-1\" \/>\n<link rel=\"canonical\" href=\"https:\/\/elcotarro.com\/?p=5112\" \/>\n<meta property=\"og:locale\" content=\"es_ES\" \/>\n<meta property=\"og:type\" content=\"article\" \/>\n<meta property=\"og:title\" content=\"FRANCISCO RODR\u00cdGUEZ, VICEPRESIDENTE - El Cotarro\" \/>\n<meta property=\"og:description\" content=\"Adem\u00e1s, el chicharrero nacido junto a la santacrucera Plaza de Los Patos, Francisco de Paula Rodr\u00edguez Perera (el gran \u201cPacorro\u201d, para sus amigos de la Tuna de Medicina de la Universidad de La Laguna) acaba de ser nombrado vicepresidente del mencionado Consejo Asesor de Sanidad, el alto \u00f3rgano asesor de la ministra Dolors Montserrat i ... Read more\" \/>\n<meta property=\"og:url\" content=\"https:\/\/elcotarro.com\/?p=5112\" \/>\n<meta property=\"og:site_name\" content=\"El Cotarro\" \/>\n<meta property=\"article:publisher\" content=\"https:\/\/www.facebook.com\/ElCotarro.Tenerife\" \/>\n<meta property=\"article:published_time\" content=\"2018-02-18T11:04:24+00:00\" \/>\n<meta property=\"og:image\" content=\"https:\/\/elcotarro.com\/wp-content\/uploads\/2018\/02\/FOTO-2.-PRESIDENCIA-CONSEJO.jpeg\" \/>\n<meta name=\"author\" content=\"Jos\u00e9 Carlos Marrero Gonz\u00e1lez\" \/>\n<meta name=\"twitter:label1\" content=\"Escrito por\" \/>\n\t<meta name=\"twitter:data1\" content=\"Jos\u00e9 Carlos Marrero Gonz\u00e1lez\" \/>\n\t<meta name=\"twitter:label2\" content=\"Tiempo de lectura\" \/>\n\t<meta name=\"twitter:data2\" content=\"1 minuto\" \/>\n<script type=\"application\/ld+json\" class=\"yoast-schema-graph\">{\"@context\":\"https:\/\/schema.org\",\"@graph\":[{\"@type\":\"Article\",\"@id\":\"https:\/\/elcotarro.com\/?p=5112#article\",\"isPartOf\":{\"@id\":\"https:\/\/elcotarro.com\/?p=5112\"},\"author\":{\"name\":\"Jos\u00e9 Carlos Marrero Gonz\u00e1lez\",\"@id\":\"https:\/\/elcotarro.com\/#\/schema\/person\/af537ee7d60d15984c7e0affcd8a918b\"},\"headline\":\"FRANCISCO RODR\u00cdGUEZ, VICEPRESIDENTE\",\"datePublished\":\"2018-02-18T11:04:24+00:00\",\"mainEntityOfPage\":{\"@id\":\"https:\/\/elcotarro.com\/?p=5112\"},\"wordCount\":156,\"commentCount\":0,\"publisher\":{\"@id\":\"https:\/\/elcotarro.com\/#organization\"},\"image\":{\"@id\":\"https:\/\/elcotarro.com\/?p=5112#primaryimage\"},\"thumbnailUrl\":\"https:\/\/elcotarro.com\/wp-content\/uploads\/2018\/02\/FOTO-2.-PRESIDENCIA-CONSEJO.jpeg\",\"inLanguage\":\"es\",\"potentialAction\":[{\"@type\":\"CommentAction\",\"name\":\"Comment\",\"target\":[\"https:\/\/elcotarro.com\/?p=5112#respond\"]}]},{\"@type\":\"WebPage\",\"@id\":\"https:\/\/elcotarro.com\/?p=5112\",\"url\":\"https:\/\/elcotarro.com\/?p=5112\",\"name\":\"FRANCISCO RODR\u00cdGUEZ, VICEPRESIDENTE - El Cotarro\",\"isPartOf\":{\"@id\":\"https:\/\/elcotarro.com\/#website\"},\"primaryImageOfPage\":{\"@id\":\"https:\/\/elcotarro.com\/?p=5112#primaryimage\"},\"image\":{\"@id\":\"https:\/\/elcotarro.com\/?p=5112#primaryimage\"},\"thumbnailUrl\":\"https:\/\/elcotarro.com\/wp-content\/uploads\/2018\/02\/FOTO-2.-PRESIDENCIA-CONSEJO.jpeg\",\"datePublished\":\"2018-02-18T11:04:24+00:00\",\"breadcrumb\":{\"@id\":\"https:\/\/elcotarro.com\/?p=5112#breadcrumb\"},\"inLanguage\":\"es\",\"potentialAction\":[{\"@type\":\"ReadAction\",\"target\":[\"https:\/\/elcotarro.com\/?p=5112\"]}]},{\"@type\":\"ImageObject\",\"inLanguage\":\"es\",\"@id\":\"https:\/\/elcotarro.com\/?p=5112#primaryimage\",\"url\":\"https:\/\/elcotarro.com\/wp-content\/uploads\/2018\/02\/FOTO-2.-PRESIDENCIA-CONSEJO.jpeg\",\"contentUrl\":\"https:\/\/elcotarro.com\/wp-content\/uploads\/2018\/02\/FOTO-2.-PRESIDENCIA-CONSEJO.jpeg\",\"width\":1600,\"height\":1600},{\"@type\":\"BreadcrumbList\",\"@id\":\"https:\/\/elcotarro.com\/?p=5112#breadcrumb\",\"itemListElement\":[{\"@type\":\"ListItem\",\"position\":1,\"name\":\"Portada\",\"item\":\"https:\/\/elcotarro.com\/\"},{\"@type\":\"ListItem\",\"position\":2,\"name\":\"FRANCISCO RODR\u00cdGUEZ, VICEPRESIDENTE\"}]},{\"@type\":\"WebSite\",\"@id\":\"https:\/\/elcotarro.com\/#website\",\"url\":\"https:\/\/elcotarro.com\/\",\"name\":\"El Cotarro\",\"description\":\"Peri\u00f3dico Digital Independiente dirigido por Jos\u00e9 Carlos Marrero\",\"publisher\":{\"@id\":\"https:\/\/elcotarro.com\/#organization\"},\"potentialAction\":[{\"@type\":\"SearchAction\",\"target\":{\"@type\":\"EntryPoint\",\"urlTemplate\":\"https:\/\/elcotarro.com\/?s={search_term_string}\"},\"query-input\":{\"@type\":\"PropertyValueSpecification\",\"valueRequired\":true,\"valueName\":\"search_term_string\"}}],\"inLanguage\":\"es\"},{\"@type\":\"Organization\",\"@id\":\"https:\/\/elcotarro.com\/#organization\",\"name\":\"El Cotarro\",\"url\":\"https:\/\/elcotarro.com\/\",\"logo\":{\"@type\":\"ImageObject\",\"inLanguage\":\"es\",\"@id\":\"https:\/\/elcotarro.com\/#\/schema\/logo\/image\/\",\"url\":\"https:\/\/elcotarro.com\/wp-content\/uploads\/2014\/09\/Cabecera_El_Cotarro_v2.jpg\",\"contentUrl\":\"https:\/\/elcotarro.com\/wp-content\/uploads\/2014\/09\/Cabecera_El_Cotarro_v2.jpg\",\"width\":3540,\"height\":441,\"caption\":\"El Cotarro\"},\"image\":{\"@id\":\"https:\/\/elcotarro.com\/#\/schema\/logo\/image\/\"},\"sameAs\":[\"https:\/\/www.facebook.com\/ElCotarro.Tenerife\"]},{\"@type\":\"Person\",\"@id\":\"https:\/\/elcotarro.com\/#\/schema\/person\/af537ee7d60d15984c7e0affcd8a918b\",\"name\":\"Jos\u00e9 Carlos Marrero Gonz\u00e1lez\",\"image\":{\"@type\":\"ImageObject\",\"inLanguage\":\"es\",\"@id\":\"https:\/\/elcotarro.com\/#\/schema\/person\/image\/\",\"url\":\"https:\/\/secure.gravatar.com\/avatar\/def4da036efb5d32c74d49c351f6dccc064dd69ad9f3aadc295c5a9a5391ca01?s=96&d=mm&r=g\",\"contentUrl\":\"https:\/\/secure.gravatar.com\/avatar\/def4da036efb5d32c74d49c351f6dccc064dd69ad9f3aadc295c5a9a5391ca01?s=96&d=mm&r=g\",\"caption\":\"Jos\u00e9 Carlos Marrero Gonz\u00e1lez\"},\"sameAs\":[\"https:\/\/elcotarro.com\"],\"url\":\"https:\/\/elcotarro.com\/?author=2\"}]}<\/script>\n<!-- \/ Yoast SEO plugin. -->","yoast_head_json":{"title":"FRANCISCO RODR\u00cdGUEZ, VICEPRESIDENTE - El Cotarro","robots":{"index":"index","follow":"follow","max-snippet":"max-snippet:-1","max-image-preview":"max-image-preview:large","max-video-preview":"max-video-preview:-1"},"canonical":"https:\/\/elcotarro.com\/?p=5112","og_locale":"es_ES","og_type":"article","og_title":"FRANCISCO RODR\u00cdGUEZ, VICEPRESIDENTE - El Cotarro","og_description":"Adem\u00e1s, el chicharrero nacido junto a la santacrucera Plaza de Los Patos, Francisco de Paula Rodr\u00edguez Perera (el gran \u201cPacorro\u201d, para sus amigos de la Tuna de Medicina de la Universidad de La Laguna) acaba de ser nombrado vicepresidente del mencionado Consejo Asesor de Sanidad, el alto \u00f3rgano asesor de la ministra Dolors Montserrat i ... Read more","og_url":"https:\/\/elcotarro.com\/?p=5112","og_site_name":"El Cotarro","article_publisher":"https:\/\/www.facebook.com\/ElCotarro.Tenerife","article_published_time":"2018-02-18T11:04:24+00:00","og_image":[{"url":"https:\/\/elcotarro.com\/wp-content\/uploads\/2018\/02\/FOTO-2.-PRESIDENCIA-CONSEJO.jpeg","type":"","width":"","height":""}],"author":"Jos\u00e9 Carlos Marrero Gonz\u00e1lez","twitter_misc":{"Escrito por":"Jos\u00e9 Carlos Marrero Gonz\u00e1lez","Tiempo de lectura":"1 minuto"},"schema":{"@context":"https:\/\/schema.org","@graph":[{"@type":"Article","@id":"https:\/\/elcotarro.com\/?p=5112#article","isPartOf":{"@id":"https:\/\/elcotarro.com\/?p=5112"},"author":{"name":"Jos\u00e9 Carlos Marrero Gonz\u00e1lez","@id":"https:\/\/elcotarro.com\/#\/schema\/person\/af537ee7d60d15984c7e0affcd8a918b"},"headline":"FRANCISCO RODR\u00cdGUEZ, VICEPRESIDENTE","datePublished":"2018-02-18T11:04:24+00:00","mainEntityOfPage":{"@id":"https:\/\/elcotarro.com\/?p=5112"},"wordCount":156,"commentCount":0,"publisher":{"@id":"https:\/\/elcotarro.com\/#organization"},"image":{"@id":"https:\/\/elcotarro.com\/?p=5112#primaryimage"},"thumbnailUrl":"https:\/\/elcotarro.com\/wp-content\/uploads\/2018\/02\/FOTO-2.-PRESIDENCIA-CONSEJO.jpeg","inLanguage":"es","potentialAction":[{"@type":"CommentAction","name":"Comment","target":["https:\/\/elcotarro.com\/?p=5112#respond"]}]},{"@type":"WebPage","@id":"https:\/\/elcotarro.com\/?p=5112","url":"https:\/\/elcotarro.com\/?p=5112","name":"FRANCISCO RODR\u00cdGUEZ, VICEPRESIDENTE - El Cotarro","isPartOf":{"@id":"https:\/\/elcotarro.com\/#website"},"primaryImageOfPage":{"@id":"https:\/\/elcotarro.com\/?p=5112#primaryimage"},"image":{"@id":"https:\/\/elcotarro.com\/?p=5112#primaryimage"},"thumbnailUrl":"https:\/\/elcotarro.com\/wp-content\/uploads\/2018\/02\/FOTO-2.-PRESIDENCIA-CONSEJO.jpeg","datePublished":"2018-02-18T11:04:24+00:00","breadcrumb":{"@id":"https:\/\/elcotarro.com\/?p=5112#breadcrumb"},"inLanguage":"es","potentialAction":[{"@type":"ReadAction","target":["https:\/\/elcotarro.com\/?p=5112"]}]},{"@type":"ImageObject","inLanguage":"es","@id":"https:\/\/elcotarro.com\/?p=5112#primaryimage","url":"https:\/\/elcotarro.com\/wp-content\/uploads\/2018\/02\/FOTO-2.-PRESIDENCIA-CONSEJO.jpeg","contentUrl":"https:\/\/elcotarro.com\/wp-content\/uploads\/2018\/02\/FOTO-2.-PRESIDENCIA-CONSEJO.jpeg","width":1600,"height":1600},{"@type":"BreadcrumbList","@id":"https:\/\/elcotarro.com\/?p=5112#breadcrumb","itemListElement":[{"@type":"ListItem","position":1,"name":"Portada","item":"https:\/\/elcotarro.com\/"},{"@type":"ListItem","position":2,"name":"FRANCISCO RODR\u00cdGUEZ, VICEPRESIDENTE"}]},{"@type":"WebSite","@id":"https:\/\/elcotarro.com\/#website","url":"https:\/\/elcotarro.com\/","name":"El Cotarro","description":"Peri\u00f3dico Digital Independiente dirigido por Jos\u00e9 Carlos Marrero","publisher":{"@id":"https:\/\/elcotarro.com\/#organization"},"potentialAction":[{"@type":"SearchAction","target":{"@type":"EntryPoint","urlTemplate":"https:\/\/elcotarro.com\/?s={search_term_string}"},"query-input":{"@type":"PropertyValueSpecification","valueRequired":true,"valueName":"search_term_string"}}],"inLanguage":"es"},{"@type":"Organization","@id":"https:\/\/elcotarro.com\/#organization","name":"El Cotarro","url":"https:\/\/elcotarro.com\/","logo":{"@type":"ImageObject","inLanguage":"es","@id":"https:\/\/elcotarro.com\/#\/schema\/logo\/image\/","url":"https:\/\/elcotarro.com\/wp-content\/uploads\/2014\/09\/Cabecera_El_Cotarro_v2.jpg","contentUrl":"https:\/\/elcotarro.com\/wp-content\/uploads\/2014\/09\/Cabecera_El_Cotarro_v2.jpg","width":3540,"height":441,"caption":"El Cotarro"},"image":{"@id":"https:\/\/elcotarro.com\/#\/schema\/logo\/image\/"},"sameAs":["https:\/\/www.facebook.com\/ElCotarro.Tenerife"]},{"@type":"Person","@id":"https:\/\/elcotarro.com\/#\/schema\/person\/af537ee7d60d15984c7e0affcd8a918b","name":"Jos\u00e9 Carlos Marrero Gonz\u00e1lez","image":{"@type":"ImageObject","inLanguage":"es","@id":"https:\/\/elcotarro.com\/#\/schema\/person\/image\/","url":"https:\/\/secure.gravatar.com\/avatar\/def4da036efb5d32c74d49c351f6dccc064dd69ad9f3aadc295c5a9a5391ca01?s=96&d=mm&r=g","contentUrl":"https:\/\/secure.gravatar.com\/avatar\/def4da036efb5d32c74d49c351f6dccc064dd69ad9f3aadc295c5a9a5391ca01?s=96&d=mm&r=g","caption":"Jos\u00e9 Carlos Marrero Gonz\u00e1lez"},"sameAs":["https:\/\/elcotarro.com"],"url":"https:\/\/elcotarro.com\/?author=2"}]}},"jetpack_featured_media_url":"","jetpack_sharing_enabled":true,"_links":{"self":[{"href":"https:\/\/elcotarro.com\/index.php?rest_route=\/wp\/v2\/posts\/5112","targetHints":{"allow":["GET"]}}],"collection":[{"href":"https:\/\/elcotarro.com\/index.php?rest_route=\/wp\/v2\/posts"}],"about":[{"href":"https:\/\/elcotarro.com\/index.php?rest_route=\/wp\/v2\/types\/post"}],"author":[{"embeddable":true,"href":"https:\/\/elcotarro.com\/index.php?rest_route=\/wp\/v2\/users\/2"}],"replies":[{"embeddable":true,"href":"https:\/\/elcotarro.com\/index.php?rest_route=%2Fwp%2Fv2%2Fcomments&post=5112"}],"version-history":[{"count":1,"href":"https:\/\/elcotarro.com\/index.php?rest_route=\/wp\/v2\/posts\/5112\/revisions"}],"predecessor-version":[{"id":5114,"href":"https:\/\/elcotarro.com\/index.php?rest_route=\/wp\/v2\/posts\/5112\/revisions\/5114"}],"wp:attachment":[{"href":"https:\/\/elcotarro.com\/index.php?rest_route=%2Fwp%2Fv2%2Fmedia&parent=5112"}],"wp:term":[{"taxonomy":"category","embeddable":true,"href":"https:\/\/elcotarro.com\/index.php?rest_route=%2Fwp%2Fv2%2Fcategories&post=5112"},{"taxonomy":"post_tag","embeddable":true,"href":"https:\/\/elcotarro.com\/index.php?rest_route=%2Fwp%2Fv2%2Ftags&post=5112"}],"curies":[{"name":"wp","href":"https:\/\/api.w.org\/{rel}","templated":true}]}}