{"id":5115,"date":"2018-02-18T11:03:26","date_gmt":"2018-02-18T11:03:26","guid":{"rendered":"https:\/\/elcotarro.com\/?p=5115"},"modified":"2018-02-17T12:32:01","modified_gmt":"2018-02-17T12:32:01","slug":"2-de-los-nuestros-entre-30-elegidos","status":"publish","type":"post","link":"https:\/\/elcotarro.com\/?p=5115","title":{"rendered":"2 DE LOS NUESTROS ENTRE 30 ELEGIDOS"},"content":{"rendered":"<p>Entre esos 30 elegidos est\u00e1 el doctor <strong>Rafael Matesanz Acedos<\/strong> (nefr\u00f3logo, director de la Organizaci\u00f3n Nacional de Trasplantes y premio Pr\u00edncipe de Asturias de Cooperaci\u00f3n Internacional 2010) y <strong>Cristina Garmendia Mendiz\u00e1bal<\/strong> (Bi\u00f3loga y empresaria. Exministra de Ciencia e Innovaci\u00f3n en el gobierno presidido por <strong>Jos\u00e9 Luis Rodr\u00edguez Zapatero<\/strong>). Sin duda, es todo un honor tener a <strong>Francisco de Paula Rodr\u00edguez Perera<\/strong> ostentando la vicepresidencia de tan alto cargo, y debe ser un motivo de orgullo para todos nosotros. Felicitamos por el nombramiento tanto al bueno de <strong>\u201cPacorro\u201d<\/strong> como a <strong>Juan Jos\u00e9 Afonso<\/strong> y deseamos a ambos mucha suerte en el desempe\u00f1o de sus tareas en ese alto \u00f3rgano del Estado, con la esperanza de que, de alguna manera, su trabajo redunde en beneficios para la Sanidad canaria.<\/p>\n<p style=\"text-align: center\"><a href=\"https:\/\/elcotarro.com\/wp-content\/uploads\/2018\/02\/FOTO-3.-PACORRO-Y-MINISTRAS.jpg\"><img loading=\"lazy\" decoding=\"async\" class=\"alignnone size-full wp-image-5116\" src=\"https:\/\/elcotarro.com\/wp-content\/uploads\/2018\/02\/FOTO-3.-PACORRO-Y-MINISTRAS.jpg\" alt=\"FOTO 3.- PACORRO Y MINISTRAS\" width=\"318\" height=\"447\" srcset=\"https:\/\/elcotarro.com\/wp-content\/uploads\/2018\/02\/FOTO-3.-PACORRO-Y-MINISTRAS.jpg 318w, https:\/\/elcotarro.com\/wp-content\/uploads\/2018\/02\/FOTO-3.-PACORRO-Y-MINISTRAS-213x300.jpg 213w\" sizes=\"auto, (max-width: 318px) 100vw, 318px\" \/><\/a><\/p>\n<p style=\"text-align: center\"><em>El acreditado y \u201csesenTuno\u201d Dr. \u201cPacorro\u201d Rodr\u00edguez Perera, entre ministras y exministras: Dolors Montserrat (i) y Cristina Garmendia (c)<\/em><\/p>\n","protected":false},"excerpt":{"rendered":"<p>Entre esos 30 elegidos est\u00e1 el doctor Rafael Matesanz Acedos (nefr\u00f3logo, director de la Organizaci\u00f3n Nacional de Trasplantes y premio Pr\u00edncipe de Asturias de Cooperaci\u00f3n Internacional 2010) y Cristina Garmendia Mendiz\u00e1bal (Bi\u00f3loga y empresaria. Exministra de Ciencia e Innovaci\u00f3n en el gobierno presidido por Jos\u00e9 Luis Rodr\u00edguez Zapatero). Sin duda, es todo un honor tener &#8230; <a class=\"read-more\" href=\"https:\/\/elcotarro.com\/?p=5115\">Read more<\/a><\/p>\n","protected":false},"author":2,"featured_media":0,"comment_status":"open","ping_status":"open","sticky":false,"template":"","format":"standard","meta":{"_jetpack_memberships_contains_paid_content":false,"footnotes":""},"categories":[1],"tags":[],"class_list":["post-5115","post","type-post","status-publish","format-standard","hentry","category-sin-categoria"],"yoast_head":"<!-- This site is optimized with the Yoast SEO plugin v27.0 - https:\/\/yoast.com\/product\/yoast-seo-wordpress\/ -->\n<title>2 DE LOS NUESTROS ENTRE 30 ELEGIDOS - El Cotarro<\/title>\n<meta name=\"robots\" content=\"index, follow, max-snippet:-1, max-image-preview:large, max-video-preview:-1\" \/>\n<link rel=\"canonical\" href=\"https:\/\/elcotarro.com\/?p=5115\" \/>\n<meta property=\"og:locale\" content=\"es_ES\" \/>\n<meta property=\"og:type\" content=\"article\" \/>\n<meta property=\"og:title\" content=\"2 DE LOS NUESTROS ENTRE 30 ELEGIDOS - El Cotarro\" \/>\n<meta property=\"og:description\" content=\"Entre esos 30 elegidos est\u00e1 el doctor Rafael Matesanz Acedos (nefr\u00f3logo, director de la Organizaci\u00f3n Nacional de Trasplantes y premio Pr\u00edncipe de Asturias de Cooperaci\u00f3n Internacional 2010) y Cristina Garmendia Mendiz\u00e1bal (Bi\u00f3loga y empresaria. Exministra de Ciencia e Innovaci\u00f3n en el gobierno presidido por Jos\u00e9 Luis Rodr\u00edguez Zapatero). Sin duda, es todo un honor tener ... Read more\" \/>\n<meta property=\"og:url\" content=\"https:\/\/elcotarro.com\/?p=5115\" \/>\n<meta property=\"og:site_name\" content=\"El Cotarro\" \/>\n<meta property=\"article:publisher\" content=\"https:\/\/www.facebook.com\/ElCotarro.Tenerife\" \/>\n<meta property=\"article:published_time\" content=\"2018-02-18T11:03:26+00:00\" \/>\n<meta property=\"og:image\" content=\"https:\/\/elcotarro.com\/wp-content\/uploads\/2018\/02\/FOTO-3.-PACORRO-Y-MINISTRAS.jpg\" \/>\n<meta name=\"author\" content=\"Jos\u00e9 Carlos Marrero Gonz\u00e1lez\" \/>\n<meta name=\"twitter:label1\" content=\"Escrito por\" \/>\n\t<meta name=\"twitter:data1\" content=\"Jos\u00e9 Carlos Marrero Gonz\u00e1lez\" \/>\n\t<meta name=\"twitter:label2\" content=\"Tiempo de lectura\" \/>\n\t<meta name=\"twitter:data2\" content=\"1 minuto\" \/>\n<script type=\"application\/ld+json\" class=\"yoast-schema-graph\">{\"@context\":\"https:\/\/schema.org\",\"@graph\":[{\"@type\":\"Article\",\"@id\":\"https:\/\/elcotarro.com\/?p=5115#article\",\"isPartOf\":{\"@id\":\"https:\/\/elcotarro.com\/?p=5115\"},\"author\":{\"name\":\"Jos\u00e9 Carlos Marrero Gonz\u00e1lez\",\"@id\":\"https:\/\/elcotarro.com\/#\/schema\/person\/af537ee7d60d15984c7e0affcd8a918b\"},\"headline\":\"2 DE LOS NUESTROS ENTRE 30 ELEGIDOS\",\"datePublished\":\"2018-02-18T11:03:26+00:00\",\"mainEntityOfPage\":{\"@id\":\"https:\/\/elcotarro.com\/?p=5115\"},\"wordCount\":160,\"commentCount\":0,\"publisher\":{\"@id\":\"https:\/\/elcotarro.com\/#organization\"},\"image\":{\"@id\":\"https:\/\/elcotarro.com\/?p=5115#primaryimage\"},\"thumbnailUrl\":\"https:\/\/elcotarro.com\/wp-content\/uploads\/2018\/02\/FOTO-3.-PACORRO-Y-MINISTRAS.jpg\",\"inLanguage\":\"es\",\"potentialAction\":[{\"@type\":\"CommentAction\",\"name\":\"Comment\",\"target\":[\"https:\/\/elcotarro.com\/?p=5115#respond\"]}]},{\"@type\":\"WebPage\",\"@id\":\"https:\/\/elcotarro.com\/?p=5115\",\"url\":\"https:\/\/elcotarro.com\/?p=5115\",\"name\":\"2 DE LOS NUESTROS ENTRE 30 ELEGIDOS - El Cotarro\",\"isPartOf\":{\"@id\":\"https:\/\/elcotarro.com\/#website\"},\"primaryImageOfPage\":{\"@id\":\"https:\/\/elcotarro.com\/?p=5115#primaryimage\"},\"image\":{\"@id\":\"https:\/\/elcotarro.com\/?p=5115#primaryimage\"},\"thumbnailUrl\":\"https:\/\/elcotarro.com\/wp-content\/uploads\/2018\/02\/FOTO-3.-PACORRO-Y-MINISTRAS.jpg\",\"datePublished\":\"2018-02-18T11:03:26+00:00\",\"breadcrumb\":{\"@id\":\"https:\/\/elcotarro.com\/?p=5115#breadcrumb\"},\"inLanguage\":\"es\",\"potentialAction\":[{\"@type\":\"ReadAction\",\"target\":[\"https:\/\/elcotarro.com\/?p=5115\"]}]},{\"@type\":\"ImageObject\",\"inLanguage\":\"es\",\"@id\":\"https:\/\/elcotarro.com\/?p=5115#primaryimage\",\"url\":\"https:\/\/elcotarro.com\/wp-content\/uploads\/2018\/02\/FOTO-3.-PACORRO-Y-MINISTRAS.jpg\",\"contentUrl\":\"https:\/\/elcotarro.com\/wp-content\/uploads\/2018\/02\/FOTO-3.-PACORRO-Y-MINISTRAS.jpg\",\"width\":318,\"height\":447},{\"@type\":\"BreadcrumbList\",\"@id\":\"https:\/\/elcotarro.com\/?p=5115#breadcrumb\",\"itemListElement\":[{\"@type\":\"ListItem\",\"position\":1,\"name\":\"Portada\",\"item\":\"https:\/\/elcotarro.com\/\"},{\"@type\":\"ListItem\",\"position\":2,\"name\":\"2 DE LOS NUESTROS ENTRE 30 ELEGIDOS\"}]},{\"@type\":\"WebSite\",\"@id\":\"https:\/\/elcotarro.com\/#website\",\"url\":\"https:\/\/elcotarro.com\/\",\"name\":\"El Cotarro\",\"description\":\"Peri\u00f3dico Digital Independiente dirigido por Jos\u00e9 Carlos Marrero\",\"publisher\":{\"@id\":\"https:\/\/elcotarro.com\/#organization\"},\"potentialAction\":[{\"@type\":\"SearchAction\",\"target\":{\"@type\":\"EntryPoint\",\"urlTemplate\":\"https:\/\/elcotarro.com\/?s={search_term_string}\"},\"query-input\":{\"@type\":\"PropertyValueSpecification\",\"valueRequired\":true,\"valueName\":\"search_term_string\"}}],\"inLanguage\":\"es\"},{\"@type\":\"Organization\",\"@id\":\"https:\/\/elcotarro.com\/#organization\",\"name\":\"El Cotarro\",\"url\":\"https:\/\/elcotarro.com\/\",\"logo\":{\"@type\":\"ImageObject\",\"inLanguage\":\"es\",\"@id\":\"https:\/\/elcotarro.com\/#\/schema\/logo\/image\/\",\"url\":\"https:\/\/elcotarro.com\/wp-content\/uploads\/2014\/09\/Cabecera_El_Cotarro_v2.jpg\",\"contentUrl\":\"https:\/\/elcotarro.com\/wp-content\/uploads\/2014\/09\/Cabecera_El_Cotarro_v2.jpg\",\"width\":3540,\"height\":441,\"caption\":\"El Cotarro\"},\"image\":{\"@id\":\"https:\/\/elcotarro.com\/#\/schema\/logo\/image\/\"},\"sameAs\":[\"https:\/\/www.facebook.com\/ElCotarro.Tenerife\"]},{\"@type\":\"Person\",\"@id\":\"https:\/\/elcotarro.com\/#\/schema\/person\/af537ee7d60d15984c7e0affcd8a918b\",\"name\":\"Jos\u00e9 Carlos Marrero Gonz\u00e1lez\",\"image\":{\"@type\":\"ImageObject\",\"inLanguage\":\"es\",\"@id\":\"https:\/\/elcotarro.com\/#\/schema\/person\/image\/\",\"url\":\"https:\/\/secure.gravatar.com\/avatar\/def4da036efb5d32c74d49c351f6dccc064dd69ad9f3aadc295c5a9a5391ca01?s=96&d=mm&r=g\",\"contentUrl\":\"https:\/\/secure.gravatar.com\/avatar\/def4da036efb5d32c74d49c351f6dccc064dd69ad9f3aadc295c5a9a5391ca01?s=96&d=mm&r=g\",\"caption\":\"Jos\u00e9 Carlos Marrero Gonz\u00e1lez\"},\"sameAs\":[\"https:\/\/elcotarro.com\"],\"url\":\"https:\/\/elcotarro.com\/?author=2\"}]}<\/script>\n<!-- \/ Yoast SEO plugin. -->","yoast_head_json":{"title":"2 DE LOS NUESTROS ENTRE 30 ELEGIDOS - El Cotarro","robots":{"index":"index","follow":"follow","max-snippet":"max-snippet:-1","max-image-preview":"max-image-preview:large","max-video-preview":"max-video-preview:-1"},"canonical":"https:\/\/elcotarro.com\/?p=5115","og_locale":"es_ES","og_type":"article","og_title":"2 DE LOS NUESTROS ENTRE 30 ELEGIDOS - El Cotarro","og_description":"Entre esos 30 elegidos est\u00e1 el doctor Rafael Matesanz Acedos (nefr\u00f3logo, director de la Organizaci\u00f3n Nacional de Trasplantes y premio Pr\u00edncipe de Asturias de Cooperaci\u00f3n Internacional 2010) y Cristina Garmendia Mendiz\u00e1bal (Bi\u00f3loga y empresaria. Exministra de Ciencia e Innovaci\u00f3n en el gobierno presidido por Jos\u00e9 Luis Rodr\u00edguez Zapatero). Sin duda, es todo un honor tener ... Read more","og_url":"https:\/\/elcotarro.com\/?p=5115","og_site_name":"El Cotarro","article_publisher":"https:\/\/www.facebook.com\/ElCotarro.Tenerife","article_published_time":"2018-02-18T11:03:26+00:00","og_image":[{"url":"https:\/\/elcotarro.com\/wp-content\/uploads\/2018\/02\/FOTO-3.-PACORRO-Y-MINISTRAS.jpg","type":"","width":"","height":""}],"author":"Jos\u00e9 Carlos Marrero Gonz\u00e1lez","twitter_misc":{"Escrito por":"Jos\u00e9 Carlos Marrero Gonz\u00e1lez","Tiempo de lectura":"1 minuto"},"schema":{"@context":"https:\/\/schema.org","@graph":[{"@type":"Article","@id":"https:\/\/elcotarro.com\/?p=5115#article","isPartOf":{"@id":"https:\/\/elcotarro.com\/?p=5115"},"author":{"name":"Jos\u00e9 Carlos Marrero Gonz\u00e1lez","@id":"https:\/\/elcotarro.com\/#\/schema\/person\/af537ee7d60d15984c7e0affcd8a918b"},"headline":"2 DE LOS NUESTROS ENTRE 30 ELEGIDOS","datePublished":"2018-02-18T11:03:26+00:00","mainEntityOfPage":{"@id":"https:\/\/elcotarro.com\/?p=5115"},"wordCount":160,"commentCount":0,"publisher":{"@id":"https:\/\/elcotarro.com\/#organization"},"image":{"@id":"https:\/\/elcotarro.com\/?p=5115#primaryimage"},"thumbnailUrl":"https:\/\/elcotarro.com\/wp-content\/uploads\/2018\/02\/FOTO-3.-PACORRO-Y-MINISTRAS.jpg","inLanguage":"es","potentialAction":[{"@type":"CommentAction","name":"Comment","target":["https:\/\/elcotarro.com\/?p=5115#respond"]}]},{"@type":"WebPage","@id":"https:\/\/elcotarro.com\/?p=5115","url":"https:\/\/elcotarro.com\/?p=5115","name":"2 DE LOS NUESTROS ENTRE 30 ELEGIDOS - El Cotarro","isPartOf":{"@id":"https:\/\/elcotarro.com\/#website"},"primaryImageOfPage":{"@id":"https:\/\/elcotarro.com\/?p=5115#primaryimage"},"image":{"@id":"https:\/\/elcotarro.com\/?p=5115#primaryimage"},"thumbnailUrl":"https:\/\/elcotarro.com\/wp-content\/uploads\/2018\/02\/FOTO-3.-PACORRO-Y-MINISTRAS.jpg","datePublished":"2018-02-18T11:03:26+00:00","breadcrumb":{"@id":"https:\/\/elcotarro.com\/?p=5115#breadcrumb"},"inLanguage":"es","potentialAction":[{"@type":"ReadAction","target":["https:\/\/elcotarro.com\/?p=5115"]}]},{"@type":"ImageObject","inLanguage":"es","@id":"https:\/\/elcotarro.com\/?p=5115#primaryimage","url":"https:\/\/elcotarro.com\/wp-content\/uploads\/2018\/02\/FOTO-3.-PACORRO-Y-MINISTRAS.jpg","contentUrl":"https:\/\/elcotarro.com\/wp-content\/uploads\/2018\/02\/FOTO-3.-PACORRO-Y-MINISTRAS.jpg","width":318,"height":447},{"@type":"BreadcrumbList","@id":"https:\/\/elcotarro.com\/?p=5115#breadcrumb","itemListElement":[{"@type":"ListItem","position":1,"name":"Portada","item":"https:\/\/elcotarro.com\/"},{"@type":"ListItem","position":2,"name":"2 DE LOS NUESTROS ENTRE 30 ELEGIDOS"}]},{"@type":"WebSite","@id":"https:\/\/elcotarro.com\/#website","url":"https:\/\/elcotarro.com\/","name":"El Cotarro","description":"Peri\u00f3dico Digital Independiente dirigido por Jos\u00e9 Carlos Marrero","publisher":{"@id":"https:\/\/elcotarro.com\/#organization"},"potentialAction":[{"@type":"SearchAction","target":{"@type":"EntryPoint","urlTemplate":"https:\/\/elcotarro.com\/?s={search_term_string}"},"query-input":{"@type":"PropertyValueSpecification","valueRequired":true,"valueName":"search_term_string"}}],"inLanguage":"es"},{"@type":"Organization","@id":"https:\/\/elcotarro.com\/#organization","name":"El Cotarro","url":"https:\/\/elcotarro.com\/","logo":{"@type":"ImageObject","inLanguage":"es","@id":"https:\/\/elcotarro.com\/#\/schema\/logo\/image\/","url":"https:\/\/elcotarro.com\/wp-content\/uploads\/2014\/09\/Cabecera_El_Cotarro_v2.jpg","contentUrl":"https:\/\/elcotarro.com\/wp-content\/uploads\/2014\/09\/Cabecera_El_Cotarro_v2.jpg","width":3540,"height":441,"caption":"El Cotarro"},"image":{"@id":"https:\/\/elcotarro.com\/#\/schema\/logo\/image\/"},"sameAs":["https:\/\/www.facebook.com\/ElCotarro.Tenerife"]},{"@type":"Person","@id":"https:\/\/elcotarro.com\/#\/schema\/person\/af537ee7d60d15984c7e0affcd8a918b","name":"Jos\u00e9 Carlos Marrero Gonz\u00e1lez","image":{"@type":"ImageObject","inLanguage":"es","@id":"https:\/\/elcotarro.com\/#\/schema\/person\/image\/","url":"https:\/\/secure.gravatar.com\/avatar\/def4da036efb5d32c74d49c351f6dccc064dd69ad9f3aadc295c5a9a5391ca01?s=96&d=mm&r=g","contentUrl":"https:\/\/secure.gravatar.com\/avatar\/def4da036efb5d32c74d49c351f6dccc064dd69ad9f3aadc295c5a9a5391ca01?s=96&d=mm&r=g","caption":"Jos\u00e9 Carlos Marrero Gonz\u00e1lez"},"sameAs":["https:\/\/elcotarro.com"],"url":"https:\/\/elcotarro.com\/?author=2"}]}},"jetpack_featured_media_url":"","jetpack_sharing_enabled":true,"_links":{"self":[{"href":"https:\/\/elcotarro.com\/index.php?rest_route=\/wp\/v2\/posts\/5115","targetHints":{"allow":["GET"]}}],"collection":[{"href":"https:\/\/elcotarro.com\/index.php?rest_route=\/wp\/v2\/posts"}],"about":[{"href":"https:\/\/elcotarro.com\/index.php?rest_route=\/wp\/v2\/types\/post"}],"author":[{"embeddable":true,"href":"https:\/\/elcotarro.com\/index.php?rest_route=\/wp\/v2\/users\/2"}],"replies":[{"embeddable":true,"href":"https:\/\/elcotarro.com\/index.php?rest_route=%2Fwp%2Fv2%2Fcomments&post=5115"}],"version-history":[{"count":1,"href":"https:\/\/elcotarro.com\/index.php?rest_route=\/wp\/v2\/posts\/5115\/revisions"}],"predecessor-version":[{"id":5117,"href":"https:\/\/elcotarro.com\/index.php?rest_route=\/wp\/v2\/posts\/5115\/revisions\/5117"}],"wp:attachment":[{"href":"https:\/\/elcotarro.com\/index.php?rest_route=%2Fwp%2Fv2%2Fmedia&parent=5115"}],"wp:term":[{"taxonomy":"category","embeddable":true,"href":"https:\/\/elcotarro.com\/index.php?rest_route=%2Fwp%2Fv2%2Fcategories&post=5115"},{"taxonomy":"post_tag","embeddable":true,"href":"https:\/\/elcotarro.com\/index.php?rest_route=%2Fwp%2Fv2%2Ftags&post=5115"}],"curies":[{"name":"wp","href":"https:\/\/api.w.org\/{rel}","templated":true}]}}