{"id":5118,"date":"2018-02-18T11:02:10","date_gmt":"2018-02-18T11:02:10","guid":{"rendered":"https:\/\/elcotarro.com\/?p=5118"},"modified":"2018-02-17T12:35:56","modified_gmt":"2018-02-17T12:35:56","slug":"cambio-de-presidencia-en-la-macana","status":"publish","type":"post","link":"https:\/\/elcotarro.com\/?p=5118","title":{"rendered":"CAMBIO DE PRESIDENCIA EN \u201cLA MACANA\u201d"},"content":{"rendered":"<p>Un a\u00f1o m\u00e1s les recuerdo que en Tenerife existe una \u201centidad\u201d \u00fanica en Canarias. Se llama \u201cLa Macana\u201d y acaba de cumplir 88 a\u00f1os de vida. No tienen acta fundacional, ni n\u00famero en el registro de asociaciones, no tienen CIF, ni reglamentos, ni estatutos. S\u00f3lo un anfitri\u00f3n cada a\u00f1o al que llaman \u201cel Macana\u201d, que tiene la \u00fanica obligaci\u00f3n de invitar a comer una vez al a\u00f1o al resto de componentes de la curiosa entidad. La fund\u00f3 el a\u00f1o 1930 en la Parroquia Matriz de Nuestra Se\u00f1ora de la Concepci\u00f3n de La Laguna el presb\u00edtero <strong>Manuel Pacheco<\/strong>, conjuntamente con el sacrist\u00e1n <strong>Juan Marrero Marrero<\/strong>, en torno al d\u00eda de <strong>Santa Cecilia<\/strong> (22 de noviembre) patrona de la M\u00fasica. El irrepetible <strong>Juan Marrero <\/strong>invitaba al coro que iba a cantar la misa especial de aquel se\u00f1alado y musical d\u00eda, a un convite en la parte trasera de la iglesia. Un rinc\u00f3n de la iglesia cuya puerta se cerraba con una \u201cmacana\u201d que tiene m\u00e1s de cien a\u00f1os, que est\u00e1 hecha con madera de barbusano y que conservan con absoluto mimo. Juntos, tras la misa, agradec\u00edan gastron\u00f3micamente al coro su interpretaci\u00f3n y, de paso, entonaban m\u00e1s canciones de todo tipo, desde folcl\u00f3ricas a la Marsellesa.<\/p>\n<p style=\"text-align: center\"><a href=\"https:\/\/elcotarro.com\/wp-content\/uploads\/2018\/02\/FOTO-4.-LA-MACANA.jpg\"><img loading=\"lazy\" decoding=\"async\" class=\"alignnone size-full wp-image-5119\" src=\"https:\/\/elcotarro.com\/wp-content\/uploads\/2018\/02\/FOTO-4.-LA-MACANA.jpg\" alt=\"FOTO 4.- LA MACANA\" width=\"1920\" height=\"2560\" srcset=\"https:\/\/elcotarro.com\/wp-content\/uploads\/2018\/02\/FOTO-4.-LA-MACANA.jpg 1920w, https:\/\/elcotarro.com\/wp-content\/uploads\/2018\/02\/FOTO-4.-LA-MACANA-225x300.jpg 225w, https:\/\/elcotarro.com\/wp-content\/uploads\/2018\/02\/FOTO-4.-LA-MACANA-768x1024.jpg 768w\" sizes=\"auto, (max-width: 1920px) 100vw, 1920px\" \/><\/a><\/p>\n<p style=\"text-align: center\"><em>La centenaria \u201cmacana\u201d, emblema de la casi centenaria tertulia \u201cLa Macana\u201d<\/em><\/p>\n","protected":false},"excerpt":{"rendered":"<p>Un a\u00f1o m\u00e1s les recuerdo que en Tenerife existe una \u201centidad\u201d \u00fanica en Canarias. Se llama \u201cLa Macana\u201d y acaba de cumplir 88 a\u00f1os de vida. No tienen acta fundacional, ni n\u00famero en el registro de asociaciones, no tienen CIF, ni reglamentos, ni estatutos. S\u00f3lo un anfitri\u00f3n cada a\u00f1o al que llaman \u201cel Macana\u201d, que &#8230; <a class=\"read-more\" href=\"https:\/\/elcotarro.com\/?p=5118\">Read more<\/a><\/p>\n","protected":false},"author":2,"featured_media":0,"comment_status":"open","ping_status":"open","sticky":false,"template":"","format":"standard","meta":{"_jetpack_memberships_contains_paid_content":false,"footnotes":""},"categories":[1],"tags":[],"class_list":["post-5118","post","type-post","status-publish","format-standard","hentry","category-sin-categoria"],"yoast_head":"<!-- This site is optimized with the Yoast SEO plugin v27.0 - https:\/\/yoast.com\/product\/yoast-seo-wordpress\/ -->\n<title>CAMBIO DE PRESIDENCIA EN \u201cLA MACANA\u201d - El Cotarro<\/title>\n<meta name=\"robots\" content=\"index, follow, max-snippet:-1, max-image-preview:large, max-video-preview:-1\" \/>\n<link rel=\"canonical\" href=\"https:\/\/elcotarro.com\/?p=5118\" \/>\n<meta property=\"og:locale\" content=\"es_ES\" \/>\n<meta property=\"og:type\" content=\"article\" \/>\n<meta property=\"og:title\" content=\"CAMBIO DE PRESIDENCIA EN \u201cLA MACANA\u201d - El Cotarro\" \/>\n<meta property=\"og:description\" content=\"Un a\u00f1o m\u00e1s les recuerdo que en Tenerife existe una \u201centidad\u201d \u00fanica en Canarias. Se llama \u201cLa Macana\u201d y acaba de cumplir 88 a\u00f1os de vida. No tienen acta fundacional, ni n\u00famero en el registro de asociaciones, no tienen CIF, ni reglamentos, ni estatutos. S\u00f3lo un anfitri\u00f3n cada a\u00f1o al que llaman \u201cel Macana\u201d, que ... Read more\" \/>\n<meta property=\"og:url\" content=\"https:\/\/elcotarro.com\/?p=5118\" \/>\n<meta property=\"og:site_name\" content=\"El Cotarro\" \/>\n<meta property=\"article:publisher\" content=\"https:\/\/www.facebook.com\/ElCotarro.Tenerife\" \/>\n<meta property=\"article:published_time\" content=\"2018-02-18T11:02:10+00:00\" \/>\n<meta property=\"og:image\" content=\"https:\/\/elcotarro.com\/wp-content\/uploads\/2018\/02\/FOTO-4.-LA-MACANA.jpg\" \/>\n<meta name=\"author\" content=\"Jos\u00e9 Carlos Marrero Gonz\u00e1lez\" \/>\n<meta name=\"twitter:label1\" content=\"Escrito por\" \/>\n\t<meta name=\"twitter:data1\" content=\"Jos\u00e9 Carlos Marrero Gonz\u00e1lez\" \/>\n\t<meta name=\"twitter:label2\" content=\"Tiempo de lectura\" \/>\n\t<meta name=\"twitter:data2\" content=\"1 minuto\" \/>\n<script type=\"application\/ld+json\" class=\"yoast-schema-graph\">{\"@context\":\"https:\/\/schema.org\",\"@graph\":[{\"@type\":\"Article\",\"@id\":\"https:\/\/elcotarro.com\/?p=5118#article\",\"isPartOf\":{\"@id\":\"https:\/\/elcotarro.com\/?p=5118\"},\"author\":{\"name\":\"Jos\u00e9 Carlos Marrero Gonz\u00e1lez\",\"@id\":\"https:\/\/elcotarro.com\/#\/schema\/person\/af537ee7d60d15984c7e0affcd8a918b\"},\"headline\":\"CAMBIO DE PRESIDENCIA EN \u201cLA MACANA\u201d\",\"datePublished\":\"2018-02-18T11:02:10+00:00\",\"mainEntityOfPage\":{\"@id\":\"https:\/\/elcotarro.com\/?p=5118\"},\"wordCount\":243,\"commentCount\":0,\"publisher\":{\"@id\":\"https:\/\/elcotarro.com\/#organization\"},\"image\":{\"@id\":\"https:\/\/elcotarro.com\/?p=5118#primaryimage\"},\"thumbnailUrl\":\"https:\/\/elcotarro.com\/wp-content\/uploads\/2018\/02\/FOTO-4.-LA-MACANA.jpg\",\"inLanguage\":\"es\",\"potentialAction\":[{\"@type\":\"CommentAction\",\"name\":\"Comment\",\"target\":[\"https:\/\/elcotarro.com\/?p=5118#respond\"]}]},{\"@type\":\"WebPage\",\"@id\":\"https:\/\/elcotarro.com\/?p=5118\",\"url\":\"https:\/\/elcotarro.com\/?p=5118\",\"name\":\"CAMBIO DE PRESIDENCIA EN \u201cLA MACANA\u201d - El Cotarro\",\"isPartOf\":{\"@id\":\"https:\/\/elcotarro.com\/#website\"},\"primaryImageOfPage\":{\"@id\":\"https:\/\/elcotarro.com\/?p=5118#primaryimage\"},\"image\":{\"@id\":\"https:\/\/elcotarro.com\/?p=5118#primaryimage\"},\"thumbnailUrl\":\"https:\/\/elcotarro.com\/wp-content\/uploads\/2018\/02\/FOTO-4.-LA-MACANA.jpg\",\"datePublished\":\"2018-02-18T11:02:10+00:00\",\"breadcrumb\":{\"@id\":\"https:\/\/elcotarro.com\/?p=5118#breadcrumb\"},\"inLanguage\":\"es\",\"potentialAction\":[{\"@type\":\"ReadAction\",\"target\":[\"https:\/\/elcotarro.com\/?p=5118\"]}]},{\"@type\":\"ImageObject\",\"inLanguage\":\"es\",\"@id\":\"https:\/\/elcotarro.com\/?p=5118#primaryimage\",\"url\":\"https:\/\/elcotarro.com\/wp-content\/uploads\/2018\/02\/FOTO-4.-LA-MACANA.jpg\",\"contentUrl\":\"https:\/\/elcotarro.com\/wp-content\/uploads\/2018\/02\/FOTO-4.-LA-MACANA.jpg\",\"width\":1920,\"height\":2560},{\"@type\":\"BreadcrumbList\",\"@id\":\"https:\/\/elcotarro.com\/?p=5118#breadcrumb\",\"itemListElement\":[{\"@type\":\"ListItem\",\"position\":1,\"name\":\"Portada\",\"item\":\"https:\/\/elcotarro.com\/\"},{\"@type\":\"ListItem\",\"position\":2,\"name\":\"CAMBIO DE PRESIDENCIA EN \u201cLA MACANA\u201d\"}]},{\"@type\":\"WebSite\",\"@id\":\"https:\/\/elcotarro.com\/#website\",\"url\":\"https:\/\/elcotarro.com\/\",\"name\":\"El Cotarro\",\"description\":\"Peri\u00f3dico Digital Independiente dirigido por Jos\u00e9 Carlos Marrero\",\"publisher\":{\"@id\":\"https:\/\/elcotarro.com\/#organization\"},\"potentialAction\":[{\"@type\":\"SearchAction\",\"target\":{\"@type\":\"EntryPoint\",\"urlTemplate\":\"https:\/\/elcotarro.com\/?s={search_term_string}\"},\"query-input\":{\"@type\":\"PropertyValueSpecification\",\"valueRequired\":true,\"valueName\":\"search_term_string\"}}],\"inLanguage\":\"es\"},{\"@type\":\"Organization\",\"@id\":\"https:\/\/elcotarro.com\/#organization\",\"name\":\"El Cotarro\",\"url\":\"https:\/\/elcotarro.com\/\",\"logo\":{\"@type\":\"ImageObject\",\"inLanguage\":\"es\",\"@id\":\"https:\/\/elcotarro.com\/#\/schema\/logo\/image\/\",\"url\":\"https:\/\/elcotarro.com\/wp-content\/uploads\/2014\/09\/Cabecera_El_Cotarro_v2.jpg\",\"contentUrl\":\"https:\/\/elcotarro.com\/wp-content\/uploads\/2014\/09\/Cabecera_El_Cotarro_v2.jpg\",\"width\":3540,\"height\":441,\"caption\":\"El Cotarro\"},\"image\":{\"@id\":\"https:\/\/elcotarro.com\/#\/schema\/logo\/image\/\"},\"sameAs\":[\"https:\/\/www.facebook.com\/ElCotarro.Tenerife\"]},{\"@type\":\"Person\",\"@id\":\"https:\/\/elcotarro.com\/#\/schema\/person\/af537ee7d60d15984c7e0affcd8a918b\",\"name\":\"Jos\u00e9 Carlos Marrero Gonz\u00e1lez\",\"image\":{\"@type\":\"ImageObject\",\"inLanguage\":\"es\",\"@id\":\"https:\/\/elcotarro.com\/#\/schema\/person\/image\/\",\"url\":\"https:\/\/secure.gravatar.com\/avatar\/def4da036efb5d32c74d49c351f6dccc064dd69ad9f3aadc295c5a9a5391ca01?s=96&d=mm&r=g\",\"contentUrl\":\"https:\/\/secure.gravatar.com\/avatar\/def4da036efb5d32c74d49c351f6dccc064dd69ad9f3aadc295c5a9a5391ca01?s=96&d=mm&r=g\",\"caption\":\"Jos\u00e9 Carlos Marrero Gonz\u00e1lez\"},\"sameAs\":[\"https:\/\/elcotarro.com\"],\"url\":\"https:\/\/elcotarro.com\/?author=2\"}]}<\/script>\n<!-- \/ Yoast SEO plugin. -->","yoast_head_json":{"title":"CAMBIO DE PRESIDENCIA EN \u201cLA MACANA\u201d - El Cotarro","robots":{"index":"index","follow":"follow","max-snippet":"max-snippet:-1","max-image-preview":"max-image-preview:large","max-video-preview":"max-video-preview:-1"},"canonical":"https:\/\/elcotarro.com\/?p=5118","og_locale":"es_ES","og_type":"article","og_title":"CAMBIO DE PRESIDENCIA EN \u201cLA MACANA\u201d - El Cotarro","og_description":"Un a\u00f1o m\u00e1s les recuerdo que en Tenerife existe una \u201centidad\u201d \u00fanica en Canarias. Se llama \u201cLa Macana\u201d y acaba de cumplir 88 a\u00f1os de vida. No tienen acta fundacional, ni n\u00famero en el registro de asociaciones, no tienen CIF, ni reglamentos, ni estatutos. S\u00f3lo un anfitri\u00f3n cada a\u00f1o al que llaman \u201cel Macana\u201d, que ... Read more","og_url":"https:\/\/elcotarro.com\/?p=5118","og_site_name":"El Cotarro","article_publisher":"https:\/\/www.facebook.com\/ElCotarro.Tenerife","article_published_time":"2018-02-18T11:02:10+00:00","og_image":[{"url":"https:\/\/elcotarro.com\/wp-content\/uploads\/2018\/02\/FOTO-4.-LA-MACANA.jpg","type":"","width":"","height":""}],"author":"Jos\u00e9 Carlos Marrero Gonz\u00e1lez","twitter_misc":{"Escrito por":"Jos\u00e9 Carlos Marrero Gonz\u00e1lez","Tiempo de lectura":"1 minuto"},"schema":{"@context":"https:\/\/schema.org","@graph":[{"@type":"Article","@id":"https:\/\/elcotarro.com\/?p=5118#article","isPartOf":{"@id":"https:\/\/elcotarro.com\/?p=5118"},"author":{"name":"Jos\u00e9 Carlos Marrero Gonz\u00e1lez","@id":"https:\/\/elcotarro.com\/#\/schema\/person\/af537ee7d60d15984c7e0affcd8a918b"},"headline":"CAMBIO DE PRESIDENCIA EN \u201cLA MACANA\u201d","datePublished":"2018-02-18T11:02:10+00:00","mainEntityOfPage":{"@id":"https:\/\/elcotarro.com\/?p=5118"},"wordCount":243,"commentCount":0,"publisher":{"@id":"https:\/\/elcotarro.com\/#organization"},"image":{"@id":"https:\/\/elcotarro.com\/?p=5118#primaryimage"},"thumbnailUrl":"https:\/\/elcotarro.com\/wp-content\/uploads\/2018\/02\/FOTO-4.-LA-MACANA.jpg","inLanguage":"es","potentialAction":[{"@type":"CommentAction","name":"Comment","target":["https:\/\/elcotarro.com\/?p=5118#respond"]}]},{"@type":"WebPage","@id":"https:\/\/elcotarro.com\/?p=5118","url":"https:\/\/elcotarro.com\/?p=5118","name":"CAMBIO DE PRESIDENCIA EN \u201cLA MACANA\u201d - El Cotarro","isPartOf":{"@id":"https:\/\/elcotarro.com\/#website"},"primaryImageOfPage":{"@id":"https:\/\/elcotarro.com\/?p=5118#primaryimage"},"image":{"@id":"https:\/\/elcotarro.com\/?p=5118#primaryimage"},"thumbnailUrl":"https:\/\/elcotarro.com\/wp-content\/uploads\/2018\/02\/FOTO-4.-LA-MACANA.jpg","datePublished":"2018-02-18T11:02:10+00:00","breadcrumb":{"@id":"https:\/\/elcotarro.com\/?p=5118#breadcrumb"},"inLanguage":"es","potentialAction":[{"@type":"ReadAction","target":["https:\/\/elcotarro.com\/?p=5118"]}]},{"@type":"ImageObject","inLanguage":"es","@id":"https:\/\/elcotarro.com\/?p=5118#primaryimage","url":"https:\/\/elcotarro.com\/wp-content\/uploads\/2018\/02\/FOTO-4.-LA-MACANA.jpg","contentUrl":"https:\/\/elcotarro.com\/wp-content\/uploads\/2018\/02\/FOTO-4.-LA-MACANA.jpg","width":1920,"height":2560},{"@type":"BreadcrumbList","@id":"https:\/\/elcotarro.com\/?p=5118#breadcrumb","itemListElement":[{"@type":"ListItem","position":1,"name":"Portada","item":"https:\/\/elcotarro.com\/"},{"@type":"ListItem","position":2,"name":"CAMBIO DE PRESIDENCIA EN \u201cLA MACANA\u201d"}]},{"@type":"WebSite","@id":"https:\/\/elcotarro.com\/#website","url":"https:\/\/elcotarro.com\/","name":"El Cotarro","description":"Peri\u00f3dico Digital Independiente dirigido por Jos\u00e9 Carlos Marrero","publisher":{"@id":"https:\/\/elcotarro.com\/#organization"},"potentialAction":[{"@type":"SearchAction","target":{"@type":"EntryPoint","urlTemplate":"https:\/\/elcotarro.com\/?s={search_term_string}"},"query-input":{"@type":"PropertyValueSpecification","valueRequired":true,"valueName":"search_term_string"}}],"inLanguage":"es"},{"@type":"Organization","@id":"https:\/\/elcotarro.com\/#organization","name":"El Cotarro","url":"https:\/\/elcotarro.com\/","logo":{"@type":"ImageObject","inLanguage":"es","@id":"https:\/\/elcotarro.com\/#\/schema\/logo\/image\/","url":"https:\/\/elcotarro.com\/wp-content\/uploads\/2014\/09\/Cabecera_El_Cotarro_v2.jpg","contentUrl":"https:\/\/elcotarro.com\/wp-content\/uploads\/2014\/09\/Cabecera_El_Cotarro_v2.jpg","width":3540,"height":441,"caption":"El Cotarro"},"image":{"@id":"https:\/\/elcotarro.com\/#\/schema\/logo\/image\/"},"sameAs":["https:\/\/www.facebook.com\/ElCotarro.Tenerife"]},{"@type":"Person","@id":"https:\/\/elcotarro.com\/#\/schema\/person\/af537ee7d60d15984c7e0affcd8a918b","name":"Jos\u00e9 Carlos Marrero Gonz\u00e1lez","image":{"@type":"ImageObject","inLanguage":"es","@id":"https:\/\/elcotarro.com\/#\/schema\/person\/image\/","url":"https:\/\/secure.gravatar.com\/avatar\/def4da036efb5d32c74d49c351f6dccc064dd69ad9f3aadc295c5a9a5391ca01?s=96&d=mm&r=g","contentUrl":"https:\/\/secure.gravatar.com\/avatar\/def4da036efb5d32c74d49c351f6dccc064dd69ad9f3aadc295c5a9a5391ca01?s=96&d=mm&r=g","caption":"Jos\u00e9 Carlos Marrero Gonz\u00e1lez"},"sameAs":["https:\/\/elcotarro.com"],"url":"https:\/\/elcotarro.com\/?author=2"}]}},"jetpack_featured_media_url":"","jetpack_sharing_enabled":true,"_links":{"self":[{"href":"https:\/\/elcotarro.com\/index.php?rest_route=\/wp\/v2\/posts\/5118","targetHints":{"allow":["GET"]}}],"collection":[{"href":"https:\/\/elcotarro.com\/index.php?rest_route=\/wp\/v2\/posts"}],"about":[{"href":"https:\/\/elcotarro.com\/index.php?rest_route=\/wp\/v2\/types\/post"}],"author":[{"embeddable":true,"href":"https:\/\/elcotarro.com\/index.php?rest_route=\/wp\/v2\/users\/2"}],"replies":[{"embeddable":true,"href":"https:\/\/elcotarro.com\/index.php?rest_route=%2Fwp%2Fv2%2Fcomments&post=5118"}],"version-history":[{"count":1,"href":"https:\/\/elcotarro.com\/index.php?rest_route=\/wp\/v2\/posts\/5118\/revisions"}],"predecessor-version":[{"id":5120,"href":"https:\/\/elcotarro.com\/index.php?rest_route=\/wp\/v2\/posts\/5118\/revisions\/5120"}],"wp:attachment":[{"href":"https:\/\/elcotarro.com\/index.php?rest_route=%2Fwp%2Fv2%2Fmedia&parent=5118"}],"wp:term":[{"taxonomy":"category","embeddable":true,"href":"https:\/\/elcotarro.com\/index.php?rest_route=%2Fwp%2Fv2%2Fcategories&post=5118"},{"taxonomy":"post_tag","embeddable":true,"href":"https:\/\/elcotarro.com\/index.php?rest_route=%2Fwp%2Fv2%2Ftags&post=5118"}],"curies":[{"name":"wp","href":"https:\/\/api.w.org\/{rel}","templated":true}]}}