{"id":5124,"date":"2018-02-18T11:00:16","date_gmt":"2018-02-18T11:00:16","guid":{"rendered":"https:\/\/elcotarro.com\/?p=5124"},"modified":"2018-02-17T12:38:03","modified_gmt":"2018-02-17T12:38:03","slug":"comienza-la-era-de-miguel-cabrera","status":"publish","type":"post","link":"https:\/\/elcotarro.com\/?p=5124","title":{"rendered":"COMIENZA LA ERA DE MIGUEL CABRERA"},"content":{"rendered":"<p>El Real Casino de Tenerife acaba de estrenar presidente en la persona del exdiputado en el Parlamento de Canarias, <strong>Miguel Cabrera P\u00e9rez-Camacho<\/strong>, a quien acompa\u00f1a una renovada y rejuvenecida directiva. Miguel Cabrera es doctor en Derecho; inspector de Servicios del Ministerio de Econom\u00eda y Hacienda en excedencia; inspector de Hacienda del Estado, por oposici\u00f3n, en excedencia; as\u00ed como profesor titular de Derecho Financiero y Tributario de la Facultad de Derecho de la Universidad de La Laguna. Despu\u00e9s de tres mandatos y diez a\u00f1os en la presidencia de la emblem\u00e1tica sociedad chicharrera, el reconocido oftalm\u00f3logo, <strong>Jos\u00e9 Alberto Mui\u00f1os G\u00f3mez-Camacho<\/strong> ha cedido la Presidencia a <strong>Miguel Cabrera<\/strong> en un protocolario acto celebrado el pasado 31 de enero en el Casino.<\/p>\n<p style=\"text-align: center\"><a href=\"https:\/\/elcotarro.com\/wp-content\/uploads\/2018\/02\/FOTO-6.-MIGUEL-CABRERA.jpg\"><img loading=\"lazy\" decoding=\"async\" class=\"alignnone size-full wp-image-5125\" src=\"https:\/\/elcotarro.com\/wp-content\/uploads\/2018\/02\/FOTO-6.-MIGUEL-CABRERA.jpg\" alt=\"FOTO 6.- MIGUEL CABRERA\" width=\"4320\" height=\"2432\" srcset=\"https:\/\/elcotarro.com\/wp-content\/uploads\/2018\/02\/FOTO-6.-MIGUEL-CABRERA.jpg 4320w, https:\/\/elcotarro.com\/wp-content\/uploads\/2018\/02\/FOTO-6.-MIGUEL-CABRERA-300x169.jpg 300w, https:\/\/elcotarro.com\/wp-content\/uploads\/2018\/02\/FOTO-6.-MIGUEL-CABRERA-1024x576.jpg 1024w\" sizes=\"auto, (max-width: 4320px) 100vw, 4320px\" \/><\/a><\/p>\n<p style=\"text-align: center\"><em>Miguel Cabrera P\u00e9rez-Camacho, nuevo presidente del Real Casino de Tenerife.<\/em><\/p>\n","protected":false},"excerpt":{"rendered":"<p>El Real Casino de Tenerife acaba de estrenar presidente en la persona del exdiputado en el Parlamento de Canarias, Miguel Cabrera P\u00e9rez-Camacho, a quien acompa\u00f1a una renovada y rejuvenecida directiva. Miguel Cabrera es doctor en Derecho; inspector de Servicios del Ministerio de Econom\u00eda y Hacienda en excedencia; inspector de Hacienda del Estado, por oposici\u00f3n, en &#8230; <a class=\"read-more\" href=\"https:\/\/elcotarro.com\/?p=5124\">Read more<\/a><\/p>\n","protected":false},"author":2,"featured_media":0,"comment_status":"open","ping_status":"open","sticky":false,"template":"","format":"standard","meta":{"_jetpack_memberships_contains_paid_content":false,"footnotes":""},"categories":[1],"tags":[],"class_list":["post-5124","post","type-post","status-publish","format-standard","hentry","category-sin-categoria"],"yoast_head":"<!-- This site is optimized with the Yoast SEO plugin v27.0 - https:\/\/yoast.com\/product\/yoast-seo-wordpress\/ -->\n<title>COMIENZA LA ERA DE MIGUEL CABRERA - El Cotarro<\/title>\n<meta name=\"robots\" content=\"index, follow, max-snippet:-1, max-image-preview:large, max-video-preview:-1\" \/>\n<link rel=\"canonical\" href=\"https:\/\/elcotarro.com\/?p=5124\" \/>\n<meta property=\"og:locale\" content=\"es_ES\" \/>\n<meta property=\"og:type\" content=\"article\" \/>\n<meta property=\"og:title\" content=\"COMIENZA LA ERA DE MIGUEL CABRERA - El Cotarro\" \/>\n<meta property=\"og:description\" content=\"El Real Casino de Tenerife acaba de estrenar presidente en la persona del exdiputado en el Parlamento de Canarias, Miguel Cabrera P\u00e9rez-Camacho, a quien acompa\u00f1a una renovada y rejuvenecida directiva. Miguel Cabrera es doctor en Derecho; inspector de Servicios del Ministerio de Econom\u00eda y Hacienda en excedencia; inspector de Hacienda del Estado, por oposici\u00f3n, en ... Read more\" \/>\n<meta property=\"og:url\" content=\"https:\/\/elcotarro.com\/?p=5124\" \/>\n<meta property=\"og:site_name\" content=\"El Cotarro\" \/>\n<meta property=\"article:publisher\" content=\"https:\/\/www.facebook.com\/ElCotarro.Tenerife\" \/>\n<meta property=\"article:published_time\" content=\"2018-02-18T11:00:16+00:00\" \/>\n<meta property=\"og:image\" content=\"https:\/\/elcotarro.com\/wp-content\/uploads\/2018\/02\/FOTO-6.-MIGUEL-CABRERA.jpg\" \/>\n<meta name=\"author\" content=\"Jos\u00e9 Carlos Marrero Gonz\u00e1lez\" \/>\n<meta name=\"twitter:label1\" content=\"Escrito por\" \/>\n\t<meta name=\"twitter:data1\" content=\"Jos\u00e9 Carlos Marrero Gonz\u00e1lez\" \/>\n\t<meta name=\"twitter:label2\" content=\"Tiempo de lectura\" \/>\n\t<meta name=\"twitter:data2\" content=\"1 minuto\" \/>\n<script type=\"application\/ld+json\" class=\"yoast-schema-graph\">{\"@context\":\"https:\/\/schema.org\",\"@graph\":[{\"@type\":\"Article\",\"@id\":\"https:\/\/elcotarro.com\/?p=5124#article\",\"isPartOf\":{\"@id\":\"https:\/\/elcotarro.com\/?p=5124\"},\"author\":{\"name\":\"Jos\u00e9 Carlos Marrero Gonz\u00e1lez\",\"@id\":\"https:\/\/elcotarro.com\/#\/schema\/person\/af537ee7d60d15984c7e0affcd8a918b\"},\"headline\":\"COMIENZA LA ERA DE MIGUEL CABRERA\",\"datePublished\":\"2018-02-18T11:00:16+00:00\",\"mainEntityOfPage\":{\"@id\":\"https:\/\/elcotarro.com\/?p=5124\"},\"wordCount\":144,\"commentCount\":0,\"publisher\":{\"@id\":\"https:\/\/elcotarro.com\/#organization\"},\"image\":{\"@id\":\"https:\/\/elcotarro.com\/?p=5124#primaryimage\"},\"thumbnailUrl\":\"https:\/\/elcotarro.com\/wp-content\/uploads\/2018\/02\/FOTO-6.-MIGUEL-CABRERA.jpg\",\"inLanguage\":\"es\",\"potentialAction\":[{\"@type\":\"CommentAction\",\"name\":\"Comment\",\"target\":[\"https:\/\/elcotarro.com\/?p=5124#respond\"]}]},{\"@type\":\"WebPage\",\"@id\":\"https:\/\/elcotarro.com\/?p=5124\",\"url\":\"https:\/\/elcotarro.com\/?p=5124\",\"name\":\"COMIENZA LA ERA DE MIGUEL CABRERA - El Cotarro\",\"isPartOf\":{\"@id\":\"https:\/\/elcotarro.com\/#website\"},\"primaryImageOfPage\":{\"@id\":\"https:\/\/elcotarro.com\/?p=5124#primaryimage\"},\"image\":{\"@id\":\"https:\/\/elcotarro.com\/?p=5124#primaryimage\"},\"thumbnailUrl\":\"https:\/\/elcotarro.com\/wp-content\/uploads\/2018\/02\/FOTO-6.-MIGUEL-CABRERA.jpg\",\"datePublished\":\"2018-02-18T11:00:16+00:00\",\"breadcrumb\":{\"@id\":\"https:\/\/elcotarro.com\/?p=5124#breadcrumb\"},\"inLanguage\":\"es\",\"potentialAction\":[{\"@type\":\"ReadAction\",\"target\":[\"https:\/\/elcotarro.com\/?p=5124\"]}]},{\"@type\":\"ImageObject\",\"inLanguage\":\"es\",\"@id\":\"https:\/\/elcotarro.com\/?p=5124#primaryimage\",\"url\":\"https:\/\/elcotarro.com\/wp-content\/uploads\/2018\/02\/FOTO-6.-MIGUEL-CABRERA.jpg\",\"contentUrl\":\"https:\/\/elcotarro.com\/wp-content\/uploads\/2018\/02\/FOTO-6.-MIGUEL-CABRERA.jpg\",\"width\":4320,\"height\":2432},{\"@type\":\"BreadcrumbList\",\"@id\":\"https:\/\/elcotarro.com\/?p=5124#breadcrumb\",\"itemListElement\":[{\"@type\":\"ListItem\",\"position\":1,\"name\":\"Portada\",\"item\":\"https:\/\/elcotarro.com\/\"},{\"@type\":\"ListItem\",\"position\":2,\"name\":\"COMIENZA LA ERA DE MIGUEL CABRERA\"}]},{\"@type\":\"WebSite\",\"@id\":\"https:\/\/elcotarro.com\/#website\",\"url\":\"https:\/\/elcotarro.com\/\",\"name\":\"El Cotarro\",\"description\":\"Peri\u00f3dico Digital Independiente dirigido por Jos\u00e9 Carlos Marrero\",\"publisher\":{\"@id\":\"https:\/\/elcotarro.com\/#organization\"},\"potentialAction\":[{\"@type\":\"SearchAction\",\"target\":{\"@type\":\"EntryPoint\",\"urlTemplate\":\"https:\/\/elcotarro.com\/?s={search_term_string}\"},\"query-input\":{\"@type\":\"PropertyValueSpecification\",\"valueRequired\":true,\"valueName\":\"search_term_string\"}}],\"inLanguage\":\"es\"},{\"@type\":\"Organization\",\"@id\":\"https:\/\/elcotarro.com\/#organization\",\"name\":\"El Cotarro\",\"url\":\"https:\/\/elcotarro.com\/\",\"logo\":{\"@type\":\"ImageObject\",\"inLanguage\":\"es\",\"@id\":\"https:\/\/elcotarro.com\/#\/schema\/logo\/image\/\",\"url\":\"https:\/\/elcotarro.com\/wp-content\/uploads\/2014\/09\/Cabecera_El_Cotarro_v2.jpg\",\"contentUrl\":\"https:\/\/elcotarro.com\/wp-content\/uploads\/2014\/09\/Cabecera_El_Cotarro_v2.jpg\",\"width\":3540,\"height\":441,\"caption\":\"El Cotarro\"},\"image\":{\"@id\":\"https:\/\/elcotarro.com\/#\/schema\/logo\/image\/\"},\"sameAs\":[\"https:\/\/www.facebook.com\/ElCotarro.Tenerife\"]},{\"@type\":\"Person\",\"@id\":\"https:\/\/elcotarro.com\/#\/schema\/person\/af537ee7d60d15984c7e0affcd8a918b\",\"name\":\"Jos\u00e9 Carlos Marrero Gonz\u00e1lez\",\"image\":{\"@type\":\"ImageObject\",\"inLanguage\":\"es\",\"@id\":\"https:\/\/elcotarro.com\/#\/schema\/person\/image\/\",\"url\":\"https:\/\/secure.gravatar.com\/avatar\/def4da036efb5d32c74d49c351f6dccc064dd69ad9f3aadc295c5a9a5391ca01?s=96&d=mm&r=g\",\"contentUrl\":\"https:\/\/secure.gravatar.com\/avatar\/def4da036efb5d32c74d49c351f6dccc064dd69ad9f3aadc295c5a9a5391ca01?s=96&d=mm&r=g\",\"caption\":\"Jos\u00e9 Carlos Marrero Gonz\u00e1lez\"},\"sameAs\":[\"https:\/\/elcotarro.com\"],\"url\":\"https:\/\/elcotarro.com\/?author=2\"}]}<\/script>\n<!-- \/ Yoast SEO plugin. -->","yoast_head_json":{"title":"COMIENZA LA ERA DE MIGUEL CABRERA - El Cotarro","robots":{"index":"index","follow":"follow","max-snippet":"max-snippet:-1","max-image-preview":"max-image-preview:large","max-video-preview":"max-video-preview:-1"},"canonical":"https:\/\/elcotarro.com\/?p=5124","og_locale":"es_ES","og_type":"article","og_title":"COMIENZA LA ERA DE MIGUEL CABRERA - El Cotarro","og_description":"El Real Casino de Tenerife acaba de estrenar presidente en la persona del exdiputado en el Parlamento de Canarias, Miguel Cabrera P\u00e9rez-Camacho, a quien acompa\u00f1a una renovada y rejuvenecida directiva. Miguel Cabrera es doctor en Derecho; inspector de Servicios del Ministerio de Econom\u00eda y Hacienda en excedencia; inspector de Hacienda del Estado, por oposici\u00f3n, en ... Read more","og_url":"https:\/\/elcotarro.com\/?p=5124","og_site_name":"El Cotarro","article_publisher":"https:\/\/www.facebook.com\/ElCotarro.Tenerife","article_published_time":"2018-02-18T11:00:16+00:00","og_image":[{"url":"https:\/\/elcotarro.com\/wp-content\/uploads\/2018\/02\/FOTO-6.-MIGUEL-CABRERA.jpg","type":"","width":"","height":""}],"author":"Jos\u00e9 Carlos Marrero Gonz\u00e1lez","twitter_misc":{"Escrito por":"Jos\u00e9 Carlos Marrero Gonz\u00e1lez","Tiempo de lectura":"1 minuto"},"schema":{"@context":"https:\/\/schema.org","@graph":[{"@type":"Article","@id":"https:\/\/elcotarro.com\/?p=5124#article","isPartOf":{"@id":"https:\/\/elcotarro.com\/?p=5124"},"author":{"name":"Jos\u00e9 Carlos Marrero Gonz\u00e1lez","@id":"https:\/\/elcotarro.com\/#\/schema\/person\/af537ee7d60d15984c7e0affcd8a918b"},"headline":"COMIENZA LA ERA DE MIGUEL CABRERA","datePublished":"2018-02-18T11:00:16+00:00","mainEntityOfPage":{"@id":"https:\/\/elcotarro.com\/?p=5124"},"wordCount":144,"commentCount":0,"publisher":{"@id":"https:\/\/elcotarro.com\/#organization"},"image":{"@id":"https:\/\/elcotarro.com\/?p=5124#primaryimage"},"thumbnailUrl":"https:\/\/elcotarro.com\/wp-content\/uploads\/2018\/02\/FOTO-6.-MIGUEL-CABRERA.jpg","inLanguage":"es","potentialAction":[{"@type":"CommentAction","name":"Comment","target":["https:\/\/elcotarro.com\/?p=5124#respond"]}]},{"@type":"WebPage","@id":"https:\/\/elcotarro.com\/?p=5124","url":"https:\/\/elcotarro.com\/?p=5124","name":"COMIENZA LA ERA DE MIGUEL CABRERA - El Cotarro","isPartOf":{"@id":"https:\/\/elcotarro.com\/#website"},"primaryImageOfPage":{"@id":"https:\/\/elcotarro.com\/?p=5124#primaryimage"},"image":{"@id":"https:\/\/elcotarro.com\/?p=5124#primaryimage"},"thumbnailUrl":"https:\/\/elcotarro.com\/wp-content\/uploads\/2018\/02\/FOTO-6.-MIGUEL-CABRERA.jpg","datePublished":"2018-02-18T11:00:16+00:00","breadcrumb":{"@id":"https:\/\/elcotarro.com\/?p=5124#breadcrumb"},"inLanguage":"es","potentialAction":[{"@type":"ReadAction","target":["https:\/\/elcotarro.com\/?p=5124"]}]},{"@type":"ImageObject","inLanguage":"es","@id":"https:\/\/elcotarro.com\/?p=5124#primaryimage","url":"https:\/\/elcotarro.com\/wp-content\/uploads\/2018\/02\/FOTO-6.-MIGUEL-CABRERA.jpg","contentUrl":"https:\/\/elcotarro.com\/wp-content\/uploads\/2018\/02\/FOTO-6.-MIGUEL-CABRERA.jpg","width":4320,"height":2432},{"@type":"BreadcrumbList","@id":"https:\/\/elcotarro.com\/?p=5124#breadcrumb","itemListElement":[{"@type":"ListItem","position":1,"name":"Portada","item":"https:\/\/elcotarro.com\/"},{"@type":"ListItem","position":2,"name":"COMIENZA LA ERA DE MIGUEL CABRERA"}]},{"@type":"WebSite","@id":"https:\/\/elcotarro.com\/#website","url":"https:\/\/elcotarro.com\/","name":"El Cotarro","description":"Peri\u00f3dico Digital Independiente dirigido por Jos\u00e9 Carlos Marrero","publisher":{"@id":"https:\/\/elcotarro.com\/#organization"},"potentialAction":[{"@type":"SearchAction","target":{"@type":"EntryPoint","urlTemplate":"https:\/\/elcotarro.com\/?s={search_term_string}"},"query-input":{"@type":"PropertyValueSpecification","valueRequired":true,"valueName":"search_term_string"}}],"inLanguage":"es"},{"@type":"Organization","@id":"https:\/\/elcotarro.com\/#organization","name":"El Cotarro","url":"https:\/\/elcotarro.com\/","logo":{"@type":"ImageObject","inLanguage":"es","@id":"https:\/\/elcotarro.com\/#\/schema\/logo\/image\/","url":"https:\/\/elcotarro.com\/wp-content\/uploads\/2014\/09\/Cabecera_El_Cotarro_v2.jpg","contentUrl":"https:\/\/elcotarro.com\/wp-content\/uploads\/2014\/09\/Cabecera_El_Cotarro_v2.jpg","width":3540,"height":441,"caption":"El Cotarro"},"image":{"@id":"https:\/\/elcotarro.com\/#\/schema\/logo\/image\/"},"sameAs":["https:\/\/www.facebook.com\/ElCotarro.Tenerife"]},{"@type":"Person","@id":"https:\/\/elcotarro.com\/#\/schema\/person\/af537ee7d60d15984c7e0affcd8a918b","name":"Jos\u00e9 Carlos Marrero Gonz\u00e1lez","image":{"@type":"ImageObject","inLanguage":"es","@id":"https:\/\/elcotarro.com\/#\/schema\/person\/image\/","url":"https:\/\/secure.gravatar.com\/avatar\/def4da036efb5d32c74d49c351f6dccc064dd69ad9f3aadc295c5a9a5391ca01?s=96&d=mm&r=g","contentUrl":"https:\/\/secure.gravatar.com\/avatar\/def4da036efb5d32c74d49c351f6dccc064dd69ad9f3aadc295c5a9a5391ca01?s=96&d=mm&r=g","caption":"Jos\u00e9 Carlos Marrero Gonz\u00e1lez"},"sameAs":["https:\/\/elcotarro.com"],"url":"https:\/\/elcotarro.com\/?author=2"}]}},"jetpack_featured_media_url":"","jetpack_sharing_enabled":true,"_links":{"self":[{"href":"https:\/\/elcotarro.com\/index.php?rest_route=\/wp\/v2\/posts\/5124","targetHints":{"allow":["GET"]}}],"collection":[{"href":"https:\/\/elcotarro.com\/index.php?rest_route=\/wp\/v2\/posts"}],"about":[{"href":"https:\/\/elcotarro.com\/index.php?rest_route=\/wp\/v2\/types\/post"}],"author":[{"embeddable":true,"href":"https:\/\/elcotarro.com\/index.php?rest_route=\/wp\/v2\/users\/2"}],"replies":[{"embeddable":true,"href":"https:\/\/elcotarro.com\/index.php?rest_route=%2Fwp%2Fv2%2Fcomments&post=5124"}],"version-history":[{"count":1,"href":"https:\/\/elcotarro.com\/index.php?rest_route=\/wp\/v2\/posts\/5124\/revisions"}],"predecessor-version":[{"id":5126,"href":"https:\/\/elcotarro.com\/index.php?rest_route=\/wp\/v2\/posts\/5124\/revisions\/5126"}],"wp:attachment":[{"href":"https:\/\/elcotarro.com\/index.php?rest_route=%2Fwp%2Fv2%2Fmedia&parent=5124"}],"wp:term":[{"taxonomy":"category","embeddable":true,"href":"https:\/\/elcotarro.com\/index.php?rest_route=%2Fwp%2Fv2%2Fcategories&post=5124"},{"taxonomy":"post_tag","embeddable":true,"href":"https:\/\/elcotarro.com\/index.php?rest_route=%2Fwp%2Fv2%2Ftags&post=5124"}],"curies":[{"name":"wp","href":"https:\/\/api.w.org\/{rel}","templated":true}]}}