{"id":5144,"date":"2018-02-25T11:05:51","date_gmt":"2018-02-25T11:05:51","guid":{"rendered":"https:\/\/elcotarro.com\/?p=5144"},"modified":"2018-02-24T13:11:07","modified_gmt":"2018-02-24T13:11:07","slug":"tradiciones-canarias-para-no-perder","status":"publish","type":"post","link":"https:\/\/elcotarro.com\/?p=5144","title":{"rendered":"TRADICIONES CANARIAS PARA NO PERDER"},"content":{"rendered":"<p>Les cont\u00e9 hace unas semanas que estuve hace poco participando en la tertulia \u201cLa Macana\u201d que, fundada el a\u00f1o 1930 en La Laguna por el presb\u00edtero <strong>Manuel Pacheco<\/strong> y el sacrist\u00e1n <strong>Juan Marrero<\/strong>, cumple sus 88 a\u00f1os de edad y pens\u00e9 que pocas tertulias (en este caso gastron\u00f3mico-musicales) podr\u00edan llegar a tal veteran\u00eda. Pues me equivoqu\u00e9. Esta pasada semana, concretamente el mi\u00e9rcoles, a la saz\u00f3n octava del Mi\u00e9rcoles de Ceniza, tuve la oportunidad y el privilegio de compartir mesa y mantel con la Pe\u00f1a \u201cPotaje Coles\u201d que, fundada el a\u00f1o 1927 en el Puerto de la Cruz siendo alcalde <strong>Melchor Luz y Lima<\/strong>, cuenta ya con 91 a\u00f1os de gloriosa trayectoria gastron\u00f3mico-carnavalera.<\/p>\n<p style=\"text-align: center\"><a href=\"https:\/\/elcotarro.com\/wp-content\/uploads\/2018\/02\/FOTO-1.-POTAJE-DE-COLES.jpg\"><img loading=\"lazy\" decoding=\"async\" class=\"alignnone size-full wp-image-5145\" src=\"https:\/\/elcotarro.com\/wp-content\/uploads\/2018\/02\/FOTO-1.-POTAJE-DE-COLES.jpg\" alt=\"FOTO 1.- POTAJE DE COLES\" width=\"4032\" height=\"3024\" srcset=\"https:\/\/elcotarro.com\/wp-content\/uploads\/2018\/02\/FOTO-1.-POTAJE-DE-COLES.jpg 4032w, https:\/\/elcotarro.com\/wp-content\/uploads\/2018\/02\/FOTO-1.-POTAJE-DE-COLES-300x225.jpg 300w, https:\/\/elcotarro.com\/wp-content\/uploads\/2018\/02\/FOTO-1.-POTAJE-DE-COLES-1024x768.jpg 1024w\" sizes=\"auto, (max-width: 4032px) 100vw, 4032px\" \/><\/a><\/p>\n<p style=\"text-align: center\"><em>Plato principal de la cena de la Pe\u00f1a \u201cPotaje Coles\u201d, servido en \u201cCasa R\u00e9gulo\u201d <\/em><\/p>\n","protected":false},"excerpt":{"rendered":"<p>Les cont\u00e9 hace unas semanas que estuve hace poco participando en la tertulia \u201cLa Macana\u201d que, fundada el a\u00f1o 1930 en La Laguna por el presb\u00edtero Manuel Pacheco y el sacrist\u00e1n Juan Marrero, cumple sus 88 a\u00f1os de edad y pens\u00e9 que pocas tertulias (en este caso gastron\u00f3mico-musicales) podr\u00edan llegar a tal veteran\u00eda. Pues me &#8230; <a class=\"read-more\" href=\"https:\/\/elcotarro.com\/?p=5144\">Read more<\/a><\/p>\n","protected":false},"author":2,"featured_media":0,"comment_status":"open","ping_status":"open","sticky":false,"template":"","format":"standard","meta":{"_jetpack_memberships_contains_paid_content":false,"footnotes":""},"categories":[1],"tags":[],"class_list":["post-5144","post","type-post","status-publish","format-standard","hentry","category-sin-categoria"],"yoast_head":"<!-- This site is optimized with the Yoast SEO plugin v27.0 - https:\/\/yoast.com\/product\/yoast-seo-wordpress\/ -->\n<title>TRADICIONES CANARIAS PARA NO PERDER - El Cotarro<\/title>\n<meta name=\"robots\" content=\"index, follow, max-snippet:-1, max-image-preview:large, max-video-preview:-1\" \/>\n<link rel=\"canonical\" href=\"https:\/\/elcotarro.com\/?p=5144\" \/>\n<meta property=\"og:locale\" content=\"es_ES\" \/>\n<meta property=\"og:type\" content=\"article\" \/>\n<meta property=\"og:title\" content=\"TRADICIONES CANARIAS PARA NO PERDER - El Cotarro\" \/>\n<meta property=\"og:description\" content=\"Les cont\u00e9 hace unas semanas que estuve hace poco participando en la tertulia \u201cLa Macana\u201d que, fundada el a\u00f1o 1930 en La Laguna por el presb\u00edtero Manuel Pacheco y el sacrist\u00e1n Juan Marrero, cumple sus 88 a\u00f1os de edad y pens\u00e9 que pocas tertulias (en este caso gastron\u00f3mico-musicales) podr\u00edan llegar a tal veteran\u00eda. Pues me ... Read more\" \/>\n<meta property=\"og:url\" content=\"https:\/\/elcotarro.com\/?p=5144\" \/>\n<meta property=\"og:site_name\" content=\"El Cotarro\" \/>\n<meta property=\"article:publisher\" content=\"https:\/\/www.facebook.com\/ElCotarro.Tenerife\" \/>\n<meta property=\"article:published_time\" content=\"2018-02-25T11:05:51+00:00\" \/>\n<meta property=\"og:image\" content=\"https:\/\/elcotarro.com\/wp-content\/uploads\/2018\/02\/FOTO-1.-POTAJE-DE-COLES.jpg\" \/>\n<meta name=\"author\" content=\"Jos\u00e9 Carlos Marrero Gonz\u00e1lez\" \/>\n<meta name=\"twitter:label1\" content=\"Escrito por\" \/>\n\t<meta name=\"twitter:data1\" content=\"Jos\u00e9 Carlos Marrero Gonz\u00e1lez\" \/>\n\t<meta name=\"twitter:label2\" content=\"Tiempo de lectura\" \/>\n\t<meta name=\"twitter:data2\" content=\"1 minuto\" \/>\n<script type=\"application\/ld+json\" class=\"yoast-schema-graph\">{\"@context\":\"https:\/\/schema.org\",\"@graph\":[{\"@type\":\"Article\",\"@id\":\"https:\/\/elcotarro.com\/?p=5144#article\",\"isPartOf\":{\"@id\":\"https:\/\/elcotarro.com\/?p=5144\"},\"author\":{\"name\":\"Jos\u00e9 Carlos Marrero Gonz\u00e1lez\",\"@id\":\"https:\/\/elcotarro.com\/#\/schema\/person\/af537ee7d60d15984c7e0affcd8a918b\"},\"headline\":\"TRADICIONES CANARIAS PARA NO PERDER\",\"datePublished\":\"2018-02-25T11:05:51+00:00\",\"mainEntityOfPage\":{\"@id\":\"https:\/\/elcotarro.com\/?p=5144\"},\"wordCount\":143,\"commentCount\":0,\"publisher\":{\"@id\":\"https:\/\/elcotarro.com\/#organization\"},\"image\":{\"@id\":\"https:\/\/elcotarro.com\/?p=5144#primaryimage\"},\"thumbnailUrl\":\"https:\/\/elcotarro.com\/wp-content\/uploads\/2018\/02\/FOTO-1.-POTAJE-DE-COLES.jpg\",\"inLanguage\":\"es\",\"potentialAction\":[{\"@type\":\"CommentAction\",\"name\":\"Comment\",\"target\":[\"https:\/\/elcotarro.com\/?p=5144#respond\"]}]},{\"@type\":\"WebPage\",\"@id\":\"https:\/\/elcotarro.com\/?p=5144\",\"url\":\"https:\/\/elcotarro.com\/?p=5144\",\"name\":\"TRADICIONES CANARIAS PARA NO PERDER - El Cotarro\",\"isPartOf\":{\"@id\":\"https:\/\/elcotarro.com\/#website\"},\"primaryImageOfPage\":{\"@id\":\"https:\/\/elcotarro.com\/?p=5144#primaryimage\"},\"image\":{\"@id\":\"https:\/\/elcotarro.com\/?p=5144#primaryimage\"},\"thumbnailUrl\":\"https:\/\/elcotarro.com\/wp-content\/uploads\/2018\/02\/FOTO-1.-POTAJE-DE-COLES.jpg\",\"datePublished\":\"2018-02-25T11:05:51+00:00\",\"breadcrumb\":{\"@id\":\"https:\/\/elcotarro.com\/?p=5144#breadcrumb\"},\"inLanguage\":\"es\",\"potentialAction\":[{\"@type\":\"ReadAction\",\"target\":[\"https:\/\/elcotarro.com\/?p=5144\"]}]},{\"@type\":\"ImageObject\",\"inLanguage\":\"es\",\"@id\":\"https:\/\/elcotarro.com\/?p=5144#primaryimage\",\"url\":\"https:\/\/elcotarro.com\/wp-content\/uploads\/2018\/02\/FOTO-1.-POTAJE-DE-COLES.jpg\",\"contentUrl\":\"https:\/\/elcotarro.com\/wp-content\/uploads\/2018\/02\/FOTO-1.-POTAJE-DE-COLES.jpg\",\"width\":4032,\"height\":3024},{\"@type\":\"BreadcrumbList\",\"@id\":\"https:\/\/elcotarro.com\/?p=5144#breadcrumb\",\"itemListElement\":[{\"@type\":\"ListItem\",\"position\":1,\"name\":\"Portada\",\"item\":\"https:\/\/elcotarro.com\/\"},{\"@type\":\"ListItem\",\"position\":2,\"name\":\"TRADICIONES CANARIAS PARA NO PERDER\"}]},{\"@type\":\"WebSite\",\"@id\":\"https:\/\/elcotarro.com\/#website\",\"url\":\"https:\/\/elcotarro.com\/\",\"name\":\"El Cotarro\",\"description\":\"Peri\u00f3dico Digital Independiente dirigido por Jos\u00e9 Carlos Marrero\",\"publisher\":{\"@id\":\"https:\/\/elcotarro.com\/#organization\"},\"potentialAction\":[{\"@type\":\"SearchAction\",\"target\":{\"@type\":\"EntryPoint\",\"urlTemplate\":\"https:\/\/elcotarro.com\/?s={search_term_string}\"},\"query-input\":{\"@type\":\"PropertyValueSpecification\",\"valueRequired\":true,\"valueName\":\"search_term_string\"}}],\"inLanguage\":\"es\"},{\"@type\":\"Organization\",\"@id\":\"https:\/\/elcotarro.com\/#organization\",\"name\":\"El Cotarro\",\"url\":\"https:\/\/elcotarro.com\/\",\"logo\":{\"@type\":\"ImageObject\",\"inLanguage\":\"es\",\"@id\":\"https:\/\/elcotarro.com\/#\/schema\/logo\/image\/\",\"url\":\"https:\/\/elcotarro.com\/wp-content\/uploads\/2014\/09\/Cabecera_El_Cotarro_v2.jpg\",\"contentUrl\":\"https:\/\/elcotarro.com\/wp-content\/uploads\/2014\/09\/Cabecera_El_Cotarro_v2.jpg\",\"width\":3540,\"height\":441,\"caption\":\"El Cotarro\"},\"image\":{\"@id\":\"https:\/\/elcotarro.com\/#\/schema\/logo\/image\/\"},\"sameAs\":[\"https:\/\/www.facebook.com\/ElCotarro.Tenerife\"]},{\"@type\":\"Person\",\"@id\":\"https:\/\/elcotarro.com\/#\/schema\/person\/af537ee7d60d15984c7e0affcd8a918b\",\"name\":\"Jos\u00e9 Carlos Marrero Gonz\u00e1lez\",\"image\":{\"@type\":\"ImageObject\",\"inLanguage\":\"es\",\"@id\":\"https:\/\/elcotarro.com\/#\/schema\/person\/image\/\",\"url\":\"https:\/\/secure.gravatar.com\/avatar\/def4da036efb5d32c74d49c351f6dccc064dd69ad9f3aadc295c5a9a5391ca01?s=96&d=mm&r=g\",\"contentUrl\":\"https:\/\/secure.gravatar.com\/avatar\/def4da036efb5d32c74d49c351f6dccc064dd69ad9f3aadc295c5a9a5391ca01?s=96&d=mm&r=g\",\"caption\":\"Jos\u00e9 Carlos Marrero Gonz\u00e1lez\"},\"sameAs\":[\"https:\/\/elcotarro.com\"],\"url\":\"https:\/\/elcotarro.com\/?author=2\"}]}<\/script>\n<!-- \/ Yoast SEO plugin. -->","yoast_head_json":{"title":"TRADICIONES CANARIAS PARA NO PERDER - El Cotarro","robots":{"index":"index","follow":"follow","max-snippet":"max-snippet:-1","max-image-preview":"max-image-preview:large","max-video-preview":"max-video-preview:-1"},"canonical":"https:\/\/elcotarro.com\/?p=5144","og_locale":"es_ES","og_type":"article","og_title":"TRADICIONES CANARIAS PARA NO PERDER - El Cotarro","og_description":"Les cont\u00e9 hace unas semanas que estuve hace poco participando en la tertulia \u201cLa Macana\u201d que, fundada el a\u00f1o 1930 en La Laguna por el presb\u00edtero Manuel Pacheco y el sacrist\u00e1n Juan Marrero, cumple sus 88 a\u00f1os de edad y pens\u00e9 que pocas tertulias (en este caso gastron\u00f3mico-musicales) podr\u00edan llegar a tal veteran\u00eda. Pues me ... Read more","og_url":"https:\/\/elcotarro.com\/?p=5144","og_site_name":"El Cotarro","article_publisher":"https:\/\/www.facebook.com\/ElCotarro.Tenerife","article_published_time":"2018-02-25T11:05:51+00:00","og_image":[{"url":"https:\/\/elcotarro.com\/wp-content\/uploads\/2018\/02\/FOTO-1.-POTAJE-DE-COLES.jpg","type":"","width":"","height":""}],"author":"Jos\u00e9 Carlos Marrero Gonz\u00e1lez","twitter_misc":{"Escrito por":"Jos\u00e9 Carlos Marrero Gonz\u00e1lez","Tiempo de lectura":"1 minuto"},"schema":{"@context":"https:\/\/schema.org","@graph":[{"@type":"Article","@id":"https:\/\/elcotarro.com\/?p=5144#article","isPartOf":{"@id":"https:\/\/elcotarro.com\/?p=5144"},"author":{"name":"Jos\u00e9 Carlos Marrero Gonz\u00e1lez","@id":"https:\/\/elcotarro.com\/#\/schema\/person\/af537ee7d60d15984c7e0affcd8a918b"},"headline":"TRADICIONES CANARIAS PARA NO PERDER","datePublished":"2018-02-25T11:05:51+00:00","mainEntityOfPage":{"@id":"https:\/\/elcotarro.com\/?p=5144"},"wordCount":143,"commentCount":0,"publisher":{"@id":"https:\/\/elcotarro.com\/#organization"},"image":{"@id":"https:\/\/elcotarro.com\/?p=5144#primaryimage"},"thumbnailUrl":"https:\/\/elcotarro.com\/wp-content\/uploads\/2018\/02\/FOTO-1.-POTAJE-DE-COLES.jpg","inLanguage":"es","potentialAction":[{"@type":"CommentAction","name":"Comment","target":["https:\/\/elcotarro.com\/?p=5144#respond"]}]},{"@type":"WebPage","@id":"https:\/\/elcotarro.com\/?p=5144","url":"https:\/\/elcotarro.com\/?p=5144","name":"TRADICIONES CANARIAS PARA NO PERDER - El Cotarro","isPartOf":{"@id":"https:\/\/elcotarro.com\/#website"},"primaryImageOfPage":{"@id":"https:\/\/elcotarro.com\/?p=5144#primaryimage"},"image":{"@id":"https:\/\/elcotarro.com\/?p=5144#primaryimage"},"thumbnailUrl":"https:\/\/elcotarro.com\/wp-content\/uploads\/2018\/02\/FOTO-1.-POTAJE-DE-COLES.jpg","datePublished":"2018-02-25T11:05:51+00:00","breadcrumb":{"@id":"https:\/\/elcotarro.com\/?p=5144#breadcrumb"},"inLanguage":"es","potentialAction":[{"@type":"ReadAction","target":["https:\/\/elcotarro.com\/?p=5144"]}]},{"@type":"ImageObject","inLanguage":"es","@id":"https:\/\/elcotarro.com\/?p=5144#primaryimage","url":"https:\/\/elcotarro.com\/wp-content\/uploads\/2018\/02\/FOTO-1.-POTAJE-DE-COLES.jpg","contentUrl":"https:\/\/elcotarro.com\/wp-content\/uploads\/2018\/02\/FOTO-1.-POTAJE-DE-COLES.jpg","width":4032,"height":3024},{"@type":"BreadcrumbList","@id":"https:\/\/elcotarro.com\/?p=5144#breadcrumb","itemListElement":[{"@type":"ListItem","position":1,"name":"Portada","item":"https:\/\/elcotarro.com\/"},{"@type":"ListItem","position":2,"name":"TRADICIONES CANARIAS PARA NO PERDER"}]},{"@type":"WebSite","@id":"https:\/\/elcotarro.com\/#website","url":"https:\/\/elcotarro.com\/","name":"El Cotarro","description":"Peri\u00f3dico Digital Independiente dirigido por Jos\u00e9 Carlos Marrero","publisher":{"@id":"https:\/\/elcotarro.com\/#organization"},"potentialAction":[{"@type":"SearchAction","target":{"@type":"EntryPoint","urlTemplate":"https:\/\/elcotarro.com\/?s={search_term_string}"},"query-input":{"@type":"PropertyValueSpecification","valueRequired":true,"valueName":"search_term_string"}}],"inLanguage":"es"},{"@type":"Organization","@id":"https:\/\/elcotarro.com\/#organization","name":"El Cotarro","url":"https:\/\/elcotarro.com\/","logo":{"@type":"ImageObject","inLanguage":"es","@id":"https:\/\/elcotarro.com\/#\/schema\/logo\/image\/","url":"https:\/\/elcotarro.com\/wp-content\/uploads\/2014\/09\/Cabecera_El_Cotarro_v2.jpg","contentUrl":"https:\/\/elcotarro.com\/wp-content\/uploads\/2014\/09\/Cabecera_El_Cotarro_v2.jpg","width":3540,"height":441,"caption":"El Cotarro"},"image":{"@id":"https:\/\/elcotarro.com\/#\/schema\/logo\/image\/"},"sameAs":["https:\/\/www.facebook.com\/ElCotarro.Tenerife"]},{"@type":"Person","@id":"https:\/\/elcotarro.com\/#\/schema\/person\/af537ee7d60d15984c7e0affcd8a918b","name":"Jos\u00e9 Carlos Marrero Gonz\u00e1lez","image":{"@type":"ImageObject","inLanguage":"es","@id":"https:\/\/elcotarro.com\/#\/schema\/person\/image\/","url":"https:\/\/secure.gravatar.com\/avatar\/def4da036efb5d32c74d49c351f6dccc064dd69ad9f3aadc295c5a9a5391ca01?s=96&d=mm&r=g","contentUrl":"https:\/\/secure.gravatar.com\/avatar\/def4da036efb5d32c74d49c351f6dccc064dd69ad9f3aadc295c5a9a5391ca01?s=96&d=mm&r=g","caption":"Jos\u00e9 Carlos Marrero Gonz\u00e1lez"},"sameAs":["https:\/\/elcotarro.com"],"url":"https:\/\/elcotarro.com\/?author=2"}]}},"jetpack_featured_media_url":"","jetpack_sharing_enabled":true,"_links":{"self":[{"href":"https:\/\/elcotarro.com\/index.php?rest_route=\/wp\/v2\/posts\/5144","targetHints":{"allow":["GET"]}}],"collection":[{"href":"https:\/\/elcotarro.com\/index.php?rest_route=\/wp\/v2\/posts"}],"about":[{"href":"https:\/\/elcotarro.com\/index.php?rest_route=\/wp\/v2\/types\/post"}],"author":[{"embeddable":true,"href":"https:\/\/elcotarro.com\/index.php?rest_route=\/wp\/v2\/users\/2"}],"replies":[{"embeddable":true,"href":"https:\/\/elcotarro.com\/index.php?rest_route=%2Fwp%2Fv2%2Fcomments&post=5144"}],"version-history":[{"count":1,"href":"https:\/\/elcotarro.com\/index.php?rest_route=\/wp\/v2\/posts\/5144\/revisions"}],"predecessor-version":[{"id":5146,"href":"https:\/\/elcotarro.com\/index.php?rest_route=\/wp\/v2\/posts\/5144\/revisions\/5146"}],"wp:attachment":[{"href":"https:\/\/elcotarro.com\/index.php?rest_route=%2Fwp%2Fv2%2Fmedia&parent=5144"}],"wp:term":[{"taxonomy":"category","embeddable":true,"href":"https:\/\/elcotarro.com\/index.php?rest_route=%2Fwp%2Fv2%2Fcategories&post=5144"},{"taxonomy":"post_tag","embeddable":true,"href":"https:\/\/elcotarro.com\/index.php?rest_route=%2Fwp%2Fv2%2Ftags&post=5144"}],"curies":[{"name":"wp","href":"https:\/\/api.w.org\/{rel}","templated":true}]}}