{"id":5156,"date":"2018-02-25T11:01:11","date_gmt":"2018-02-25T11:01:11","guid":{"rendered":"https:\/\/elcotarro.com\/?p=5156"},"modified":"2018-02-24T13:16:29","modified_gmt":"2018-02-24T13:16:29","slug":"gran-historia-ilustrada-del-mundo","status":"publish","type":"post","link":"https:\/\/elcotarro.com\/?p=5156","title":{"rendered":"GRAN \u201cHISTORIA ILUSTRADA DEL MUNDO\u201d"},"content":{"rendered":"<p>El familiar y ameno libro de <strong>Anelio Rodr\u00edguez Concepci\u00f3n<\/strong> (ilustre \u201ctenisquista\u201d y miembro del grupo palmero de las Sirenas, por cierto) hace un espl\u00e9ndido paseo por entra\u00f1ables personajes de su familia y, como dice tambi\u00e9n <strong>Jos\u00e9 Mar\u00eda Merino,<\/strong> <em>\u201ccontiene gracia a raudales sabidur\u00eda literaria, potencia narrativa, esa voz tan dif\u00edcil de conseguir en que se conjugan humor y verdad, memoria y certeza creando un discurso que se sigue con fascinaci\u00f3n\u201d. <\/em>Felicito a <strong>Anelio<\/strong> por esta su \u00faltima (hasta ahora) obra literaria, y les recomiendo vivamente a todos su lectura. Y como el libro se lee en un santiam\u00e9n&#8230; Luego, como siempre,&#8230; \u00a1a los vasos!<\/p>\n<p style=\"text-align: center\"><a href=\"https:\/\/elcotarro.com\/wp-content\/uploads\/2018\/02\/FOTO-5.-LIBRO-DE-ANELIO1.jpg\"><img loading=\"lazy\" decoding=\"async\" class=\"alignnone size-full wp-image-5158\" src=\"https:\/\/elcotarro.com\/wp-content\/uploads\/2018\/02\/FOTO-5.-LIBRO-DE-ANELIO1.jpg\" alt=\"FOTO-5.--LIBRO-DE-ANELIO\" width=\"1920\" height=\"2795\" srcset=\"https:\/\/elcotarro.com\/wp-content\/uploads\/2018\/02\/FOTO-5.-LIBRO-DE-ANELIO1.jpg 1920w, https:\/\/elcotarro.com\/wp-content\/uploads\/2018\/02\/FOTO-5.-LIBRO-DE-ANELIO1-206x300.jpg 206w, https:\/\/elcotarro.com\/wp-content\/uploads\/2018\/02\/FOTO-5.-LIBRO-DE-ANELIO1-703x1024.jpg 703w\" sizes=\"auto, (max-width: 1920px) 100vw, 1920px\" \/><\/a><\/p>\n<p style=\"text-align: center\"><em>Portada del libro \u201cHistoria ilustrada del mundo\u201d, de Anelio Rodr\u00edguez Concepci\u00f3n.<\/em><\/p>\n","protected":false},"excerpt":{"rendered":"<p>El familiar y ameno libro de Anelio Rodr\u00edguez Concepci\u00f3n (ilustre \u201ctenisquista\u201d y miembro del grupo palmero de las Sirenas, por cierto) hace un espl\u00e9ndido paseo por entra\u00f1ables personajes de su familia y, como dice tambi\u00e9n Jos\u00e9 Mar\u00eda Merino, \u201ccontiene gracia a raudales sabidur\u00eda literaria, potencia narrativa, esa voz tan dif\u00edcil de conseguir en que se &#8230; <a class=\"read-more\" href=\"https:\/\/elcotarro.com\/?p=5156\">Read more<\/a><\/p>\n","protected":false},"author":2,"featured_media":0,"comment_status":"open","ping_status":"open","sticky":false,"template":"","format":"standard","meta":{"_jetpack_memberships_contains_paid_content":false,"footnotes":""},"categories":[1],"tags":[],"class_list":["post-5156","post","type-post","status-publish","format-standard","hentry","category-sin-categoria"],"yoast_head":"<!-- This site is optimized with the Yoast SEO plugin v27.0 - https:\/\/yoast.com\/product\/yoast-seo-wordpress\/ -->\n<title>GRAN \u201cHISTORIA ILUSTRADA DEL MUNDO\u201d - El Cotarro<\/title>\n<meta name=\"robots\" content=\"index, follow, max-snippet:-1, max-image-preview:large, max-video-preview:-1\" \/>\n<link rel=\"canonical\" href=\"https:\/\/elcotarro.com\/?p=5156\" \/>\n<meta property=\"og:locale\" content=\"es_ES\" \/>\n<meta property=\"og:type\" content=\"article\" \/>\n<meta property=\"og:title\" content=\"GRAN \u201cHISTORIA ILUSTRADA DEL MUNDO\u201d - El Cotarro\" \/>\n<meta property=\"og:description\" content=\"El familiar y ameno libro de Anelio Rodr\u00edguez Concepci\u00f3n (ilustre \u201ctenisquista\u201d y miembro del grupo palmero de las Sirenas, por cierto) hace un espl\u00e9ndido paseo por entra\u00f1ables personajes de su familia y, como dice tambi\u00e9n Jos\u00e9 Mar\u00eda Merino, \u201ccontiene gracia a raudales sabidur\u00eda literaria, potencia narrativa, esa voz tan dif\u00edcil de conseguir en que se ... Read more\" \/>\n<meta property=\"og:url\" content=\"https:\/\/elcotarro.com\/?p=5156\" \/>\n<meta property=\"og:site_name\" content=\"El Cotarro\" \/>\n<meta property=\"article:publisher\" content=\"https:\/\/www.facebook.com\/ElCotarro.Tenerife\" \/>\n<meta property=\"article:published_time\" content=\"2018-02-25T11:01:11+00:00\" \/>\n<meta property=\"og:image\" content=\"https:\/\/elcotarro.com\/wp-content\/uploads\/2018\/02\/FOTO-5.-LIBRO-DE-ANELIO1.jpg\" \/>\n<meta name=\"author\" content=\"Jos\u00e9 Carlos Marrero Gonz\u00e1lez\" \/>\n<meta name=\"twitter:label1\" content=\"Escrito por\" \/>\n\t<meta name=\"twitter:data1\" content=\"Jos\u00e9 Carlos Marrero Gonz\u00e1lez\" \/>\n\t<meta name=\"twitter:label2\" content=\"Tiempo de lectura\" \/>\n\t<meta name=\"twitter:data2\" content=\"1 minuto\" \/>\n<script type=\"application\/ld+json\" class=\"yoast-schema-graph\">{\"@context\":\"https:\/\/schema.org\",\"@graph\":[{\"@type\":\"Article\",\"@id\":\"https:\/\/elcotarro.com\/?p=5156#article\",\"isPartOf\":{\"@id\":\"https:\/\/elcotarro.com\/?p=5156\"},\"author\":{\"name\":\"Jos\u00e9 Carlos Marrero Gonz\u00e1lez\",\"@id\":\"https:\/\/elcotarro.com\/#\/schema\/person\/af537ee7d60d15984c7e0affcd8a918b\"},\"headline\":\"GRAN \u201cHISTORIA ILUSTRADA DEL MUNDO\u201d\",\"datePublished\":\"2018-02-25T11:01:11+00:00\",\"mainEntityOfPage\":{\"@id\":\"https:\/\/elcotarro.com\/?p=5156\"},\"wordCount\":132,\"commentCount\":0,\"publisher\":{\"@id\":\"https:\/\/elcotarro.com\/#organization\"},\"image\":{\"@id\":\"https:\/\/elcotarro.com\/?p=5156#primaryimage\"},\"thumbnailUrl\":\"https:\/\/elcotarro.com\/wp-content\/uploads\/2018\/02\/FOTO-5.-LIBRO-DE-ANELIO1.jpg\",\"inLanguage\":\"es\",\"potentialAction\":[{\"@type\":\"CommentAction\",\"name\":\"Comment\",\"target\":[\"https:\/\/elcotarro.com\/?p=5156#respond\"]}]},{\"@type\":\"WebPage\",\"@id\":\"https:\/\/elcotarro.com\/?p=5156\",\"url\":\"https:\/\/elcotarro.com\/?p=5156\",\"name\":\"GRAN \u201cHISTORIA ILUSTRADA DEL MUNDO\u201d - El Cotarro\",\"isPartOf\":{\"@id\":\"https:\/\/elcotarro.com\/#website\"},\"primaryImageOfPage\":{\"@id\":\"https:\/\/elcotarro.com\/?p=5156#primaryimage\"},\"image\":{\"@id\":\"https:\/\/elcotarro.com\/?p=5156#primaryimage\"},\"thumbnailUrl\":\"https:\/\/elcotarro.com\/wp-content\/uploads\/2018\/02\/FOTO-5.-LIBRO-DE-ANELIO1.jpg\",\"datePublished\":\"2018-02-25T11:01:11+00:00\",\"breadcrumb\":{\"@id\":\"https:\/\/elcotarro.com\/?p=5156#breadcrumb\"},\"inLanguage\":\"es\",\"potentialAction\":[{\"@type\":\"ReadAction\",\"target\":[\"https:\/\/elcotarro.com\/?p=5156\"]}]},{\"@type\":\"ImageObject\",\"inLanguage\":\"es\",\"@id\":\"https:\/\/elcotarro.com\/?p=5156#primaryimage\",\"url\":\"https:\/\/elcotarro.com\/wp-content\/uploads\/2018\/02\/FOTO-5.-LIBRO-DE-ANELIO1.jpg\",\"contentUrl\":\"https:\/\/elcotarro.com\/wp-content\/uploads\/2018\/02\/FOTO-5.-LIBRO-DE-ANELIO1.jpg\",\"width\":1920,\"height\":2795},{\"@type\":\"BreadcrumbList\",\"@id\":\"https:\/\/elcotarro.com\/?p=5156#breadcrumb\",\"itemListElement\":[{\"@type\":\"ListItem\",\"position\":1,\"name\":\"Portada\",\"item\":\"https:\/\/elcotarro.com\/\"},{\"@type\":\"ListItem\",\"position\":2,\"name\":\"GRAN \u201cHISTORIA ILUSTRADA DEL MUNDO\u201d\"}]},{\"@type\":\"WebSite\",\"@id\":\"https:\/\/elcotarro.com\/#website\",\"url\":\"https:\/\/elcotarro.com\/\",\"name\":\"El Cotarro\",\"description\":\"Peri\u00f3dico Digital Independiente dirigido por Jos\u00e9 Carlos Marrero\",\"publisher\":{\"@id\":\"https:\/\/elcotarro.com\/#organization\"},\"potentialAction\":[{\"@type\":\"SearchAction\",\"target\":{\"@type\":\"EntryPoint\",\"urlTemplate\":\"https:\/\/elcotarro.com\/?s={search_term_string}\"},\"query-input\":{\"@type\":\"PropertyValueSpecification\",\"valueRequired\":true,\"valueName\":\"search_term_string\"}}],\"inLanguage\":\"es\"},{\"@type\":\"Organization\",\"@id\":\"https:\/\/elcotarro.com\/#organization\",\"name\":\"El Cotarro\",\"url\":\"https:\/\/elcotarro.com\/\",\"logo\":{\"@type\":\"ImageObject\",\"inLanguage\":\"es\",\"@id\":\"https:\/\/elcotarro.com\/#\/schema\/logo\/image\/\",\"url\":\"https:\/\/elcotarro.com\/wp-content\/uploads\/2014\/09\/Cabecera_El_Cotarro_v2.jpg\",\"contentUrl\":\"https:\/\/elcotarro.com\/wp-content\/uploads\/2014\/09\/Cabecera_El_Cotarro_v2.jpg\",\"width\":3540,\"height\":441,\"caption\":\"El Cotarro\"},\"image\":{\"@id\":\"https:\/\/elcotarro.com\/#\/schema\/logo\/image\/\"},\"sameAs\":[\"https:\/\/www.facebook.com\/ElCotarro.Tenerife\"]},{\"@type\":\"Person\",\"@id\":\"https:\/\/elcotarro.com\/#\/schema\/person\/af537ee7d60d15984c7e0affcd8a918b\",\"name\":\"Jos\u00e9 Carlos Marrero Gonz\u00e1lez\",\"image\":{\"@type\":\"ImageObject\",\"inLanguage\":\"es\",\"@id\":\"https:\/\/elcotarro.com\/#\/schema\/person\/image\/\",\"url\":\"https:\/\/secure.gravatar.com\/avatar\/def4da036efb5d32c74d49c351f6dccc064dd69ad9f3aadc295c5a9a5391ca01?s=96&d=mm&r=g\",\"contentUrl\":\"https:\/\/secure.gravatar.com\/avatar\/def4da036efb5d32c74d49c351f6dccc064dd69ad9f3aadc295c5a9a5391ca01?s=96&d=mm&r=g\",\"caption\":\"Jos\u00e9 Carlos Marrero Gonz\u00e1lez\"},\"sameAs\":[\"https:\/\/elcotarro.com\"],\"url\":\"https:\/\/elcotarro.com\/?author=2\"}]}<\/script>\n<!-- \/ Yoast SEO plugin. -->","yoast_head_json":{"title":"GRAN \u201cHISTORIA ILUSTRADA DEL MUNDO\u201d - El Cotarro","robots":{"index":"index","follow":"follow","max-snippet":"max-snippet:-1","max-image-preview":"max-image-preview:large","max-video-preview":"max-video-preview:-1"},"canonical":"https:\/\/elcotarro.com\/?p=5156","og_locale":"es_ES","og_type":"article","og_title":"GRAN \u201cHISTORIA ILUSTRADA DEL MUNDO\u201d - El Cotarro","og_description":"El familiar y ameno libro de Anelio Rodr\u00edguez Concepci\u00f3n (ilustre \u201ctenisquista\u201d y miembro del grupo palmero de las Sirenas, por cierto) hace un espl\u00e9ndido paseo por entra\u00f1ables personajes de su familia y, como dice tambi\u00e9n Jos\u00e9 Mar\u00eda Merino, \u201ccontiene gracia a raudales sabidur\u00eda literaria, potencia narrativa, esa voz tan dif\u00edcil de conseguir en que se ... Read more","og_url":"https:\/\/elcotarro.com\/?p=5156","og_site_name":"El Cotarro","article_publisher":"https:\/\/www.facebook.com\/ElCotarro.Tenerife","article_published_time":"2018-02-25T11:01:11+00:00","og_image":[{"url":"https:\/\/elcotarro.com\/wp-content\/uploads\/2018\/02\/FOTO-5.-LIBRO-DE-ANELIO1.jpg","type":"","width":"","height":""}],"author":"Jos\u00e9 Carlos Marrero Gonz\u00e1lez","twitter_misc":{"Escrito por":"Jos\u00e9 Carlos Marrero Gonz\u00e1lez","Tiempo de lectura":"1 minuto"},"schema":{"@context":"https:\/\/schema.org","@graph":[{"@type":"Article","@id":"https:\/\/elcotarro.com\/?p=5156#article","isPartOf":{"@id":"https:\/\/elcotarro.com\/?p=5156"},"author":{"name":"Jos\u00e9 Carlos Marrero Gonz\u00e1lez","@id":"https:\/\/elcotarro.com\/#\/schema\/person\/af537ee7d60d15984c7e0affcd8a918b"},"headline":"GRAN \u201cHISTORIA ILUSTRADA DEL MUNDO\u201d","datePublished":"2018-02-25T11:01:11+00:00","mainEntityOfPage":{"@id":"https:\/\/elcotarro.com\/?p=5156"},"wordCount":132,"commentCount":0,"publisher":{"@id":"https:\/\/elcotarro.com\/#organization"},"image":{"@id":"https:\/\/elcotarro.com\/?p=5156#primaryimage"},"thumbnailUrl":"https:\/\/elcotarro.com\/wp-content\/uploads\/2018\/02\/FOTO-5.-LIBRO-DE-ANELIO1.jpg","inLanguage":"es","potentialAction":[{"@type":"CommentAction","name":"Comment","target":["https:\/\/elcotarro.com\/?p=5156#respond"]}]},{"@type":"WebPage","@id":"https:\/\/elcotarro.com\/?p=5156","url":"https:\/\/elcotarro.com\/?p=5156","name":"GRAN \u201cHISTORIA ILUSTRADA DEL MUNDO\u201d - El Cotarro","isPartOf":{"@id":"https:\/\/elcotarro.com\/#website"},"primaryImageOfPage":{"@id":"https:\/\/elcotarro.com\/?p=5156#primaryimage"},"image":{"@id":"https:\/\/elcotarro.com\/?p=5156#primaryimage"},"thumbnailUrl":"https:\/\/elcotarro.com\/wp-content\/uploads\/2018\/02\/FOTO-5.-LIBRO-DE-ANELIO1.jpg","datePublished":"2018-02-25T11:01:11+00:00","breadcrumb":{"@id":"https:\/\/elcotarro.com\/?p=5156#breadcrumb"},"inLanguage":"es","potentialAction":[{"@type":"ReadAction","target":["https:\/\/elcotarro.com\/?p=5156"]}]},{"@type":"ImageObject","inLanguage":"es","@id":"https:\/\/elcotarro.com\/?p=5156#primaryimage","url":"https:\/\/elcotarro.com\/wp-content\/uploads\/2018\/02\/FOTO-5.-LIBRO-DE-ANELIO1.jpg","contentUrl":"https:\/\/elcotarro.com\/wp-content\/uploads\/2018\/02\/FOTO-5.-LIBRO-DE-ANELIO1.jpg","width":1920,"height":2795},{"@type":"BreadcrumbList","@id":"https:\/\/elcotarro.com\/?p=5156#breadcrumb","itemListElement":[{"@type":"ListItem","position":1,"name":"Portada","item":"https:\/\/elcotarro.com\/"},{"@type":"ListItem","position":2,"name":"GRAN \u201cHISTORIA ILUSTRADA DEL MUNDO\u201d"}]},{"@type":"WebSite","@id":"https:\/\/elcotarro.com\/#website","url":"https:\/\/elcotarro.com\/","name":"El Cotarro","description":"Peri\u00f3dico Digital Independiente dirigido por Jos\u00e9 Carlos Marrero","publisher":{"@id":"https:\/\/elcotarro.com\/#organization"},"potentialAction":[{"@type":"SearchAction","target":{"@type":"EntryPoint","urlTemplate":"https:\/\/elcotarro.com\/?s={search_term_string}"},"query-input":{"@type":"PropertyValueSpecification","valueRequired":true,"valueName":"search_term_string"}}],"inLanguage":"es"},{"@type":"Organization","@id":"https:\/\/elcotarro.com\/#organization","name":"El Cotarro","url":"https:\/\/elcotarro.com\/","logo":{"@type":"ImageObject","inLanguage":"es","@id":"https:\/\/elcotarro.com\/#\/schema\/logo\/image\/","url":"https:\/\/elcotarro.com\/wp-content\/uploads\/2014\/09\/Cabecera_El_Cotarro_v2.jpg","contentUrl":"https:\/\/elcotarro.com\/wp-content\/uploads\/2014\/09\/Cabecera_El_Cotarro_v2.jpg","width":3540,"height":441,"caption":"El Cotarro"},"image":{"@id":"https:\/\/elcotarro.com\/#\/schema\/logo\/image\/"},"sameAs":["https:\/\/www.facebook.com\/ElCotarro.Tenerife"]},{"@type":"Person","@id":"https:\/\/elcotarro.com\/#\/schema\/person\/af537ee7d60d15984c7e0affcd8a918b","name":"Jos\u00e9 Carlos Marrero Gonz\u00e1lez","image":{"@type":"ImageObject","inLanguage":"es","@id":"https:\/\/elcotarro.com\/#\/schema\/person\/image\/","url":"https:\/\/secure.gravatar.com\/avatar\/def4da036efb5d32c74d49c351f6dccc064dd69ad9f3aadc295c5a9a5391ca01?s=96&d=mm&r=g","contentUrl":"https:\/\/secure.gravatar.com\/avatar\/def4da036efb5d32c74d49c351f6dccc064dd69ad9f3aadc295c5a9a5391ca01?s=96&d=mm&r=g","caption":"Jos\u00e9 Carlos Marrero Gonz\u00e1lez"},"sameAs":["https:\/\/elcotarro.com"],"url":"https:\/\/elcotarro.com\/?author=2"}]}},"jetpack_featured_media_url":"","jetpack_sharing_enabled":true,"_links":{"self":[{"href":"https:\/\/elcotarro.com\/index.php?rest_route=\/wp\/v2\/posts\/5156","targetHints":{"allow":["GET"]}}],"collection":[{"href":"https:\/\/elcotarro.com\/index.php?rest_route=\/wp\/v2\/posts"}],"about":[{"href":"https:\/\/elcotarro.com\/index.php?rest_route=\/wp\/v2\/types\/post"}],"author":[{"embeddable":true,"href":"https:\/\/elcotarro.com\/index.php?rest_route=\/wp\/v2\/users\/2"}],"replies":[{"embeddable":true,"href":"https:\/\/elcotarro.com\/index.php?rest_route=%2Fwp%2Fv2%2Fcomments&post=5156"}],"version-history":[{"count":1,"href":"https:\/\/elcotarro.com\/index.php?rest_route=\/wp\/v2\/posts\/5156\/revisions"}],"predecessor-version":[{"id":5159,"href":"https:\/\/elcotarro.com\/index.php?rest_route=\/wp\/v2\/posts\/5156\/revisions\/5159"}],"wp:attachment":[{"href":"https:\/\/elcotarro.com\/index.php?rest_route=%2Fwp%2Fv2%2Fmedia&parent=5156"}],"wp:term":[{"taxonomy":"category","embeddable":true,"href":"https:\/\/elcotarro.com\/index.php?rest_route=%2Fwp%2Fv2%2Fcategories&post=5156"},{"taxonomy":"post_tag","embeddable":true,"href":"https:\/\/elcotarro.com\/index.php?rest_route=%2Fwp%2Fv2%2Ftags&post=5156"}],"curies":[{"name":"wp","href":"https:\/\/api.w.org\/{rel}","templated":true}]}}