{"id":5177,"date":"2018-03-04T11:02:38","date_gmt":"2018-03-04T11:02:38","guid":{"rendered":"https:\/\/elcotarro.com\/?p=5177"},"modified":"2018-03-05T09:29:54","modified_gmt":"2018-03-05T09:29:54","slug":"el-martes-en-la-real-economica","status":"publish","type":"post","link":"https:\/\/elcotarro.com\/?p=5177","title":{"rendered":"EL MI\u00c9RCOLES EN LA REAL ECON\u00d3MICA"},"content":{"rendered":"<p>Si usted quiere enterarse de c\u00f3mo una persona emigrante como <strong>Amid Achi Fadul<\/strong>, se ha ganado con total merecimiento la consideraci\u00f3n de \u201chijo adoptivo de Tenerife\u201d, o como esta persona, hecha a s\u00ed misma, ha podido construir a partir de cero un impresionante grupo empresarial que actualmente da trabajo a m\u00e1s de dos mil personas en Canarias, haga un hueco en su agenda y vaya este pr\u00f3ximo mi\u00e9rcoles, d\u00eda 7, a las 19:00 horas, al sal\u00f3n de actos de la Real Sociedad Econ\u00f3mica de Amigos del Pa\u00eds de Tenerife (RSAPT) (en la calle de San Agust\u00edn, 23, de La Laguna) entidad que actualmente preside mi tocayo, el doctor en Medicina <strong>Jos\u00e9 Carlos Alberto Bethencourt<\/strong>, ex-rector de la Universidad de La Laguna.<\/p>\n<p style=\"text-align: center;\"><a href=\"https:\/\/elcotarro.com\/wp-content\/uploads\/2018\/03\/FOTO-4.-AMID-ACHI.jpg\"><img loading=\"lazy\" decoding=\"async\" class=\"alignnone size-full wp-image-5178\" src=\"https:\/\/elcotarro.com\/wp-content\/uploads\/2018\/03\/FOTO-4.-AMID-ACHI.jpg\" alt=\"FOTO 4.- AMID ACHI\" width=\"2848\" height=\"4288\" srcset=\"https:\/\/elcotarro.com\/wp-content\/uploads\/2018\/03\/FOTO-4.-AMID-ACHI.jpg 2848w, https:\/\/elcotarro.com\/wp-content\/uploads\/2018\/03\/FOTO-4.-AMID-ACHI-199x300.jpg 199w, https:\/\/elcotarro.com\/wp-content\/uploads\/2018\/03\/FOTO-4.-AMID-ACHI-680x1024.jpg 680w\" sizes=\"auto, (max-width: 2848px) 100vw, 2848px\" \/><\/a><\/p>\n<p style=\"text-align: center;\"><em>Amid Achi Fadul, este pr\u00f3ximo mi\u00e9rcoles\u00a0en la RSEAPT<\/em><\/p>\n","protected":false},"excerpt":{"rendered":"<p>Si usted quiere enterarse de c\u00f3mo una persona emigrante como Amid Achi Fadul, se ha ganado con total merecimiento la consideraci\u00f3n de \u201chijo adoptivo de Tenerife\u201d, o como esta persona, hecha a s\u00ed misma, ha podido construir a partir de cero un impresionante grupo empresarial que actualmente da trabajo a m\u00e1s de dos mil personas &#8230; <a class=\"read-more\" href=\"https:\/\/elcotarro.com\/?p=5177\">Read more<\/a><\/p>\n","protected":false},"author":2,"featured_media":0,"comment_status":"open","ping_status":"open","sticky":false,"template":"","format":"standard","meta":{"_jetpack_memberships_contains_paid_content":false,"footnotes":""},"categories":[1],"tags":[],"class_list":["post-5177","post","type-post","status-publish","format-standard","hentry","category-sin-categoria"],"yoast_head":"<!-- This site is optimized with the Yoast SEO plugin v27.0 - https:\/\/yoast.com\/product\/yoast-seo-wordpress\/ -->\n<title>EL MI\u00c9RCOLES EN LA REAL ECON\u00d3MICA - El Cotarro<\/title>\n<meta name=\"robots\" content=\"index, follow, max-snippet:-1, max-image-preview:large, max-video-preview:-1\" \/>\n<link rel=\"canonical\" href=\"https:\/\/elcotarro.com\/?p=5177\" \/>\n<meta property=\"og:locale\" content=\"es_ES\" \/>\n<meta property=\"og:type\" content=\"article\" \/>\n<meta property=\"og:title\" content=\"EL MI\u00c9RCOLES EN LA REAL ECON\u00d3MICA - El Cotarro\" \/>\n<meta property=\"og:description\" content=\"Si usted quiere enterarse de c\u00f3mo una persona emigrante como Amid Achi Fadul, se ha ganado con total merecimiento la consideraci\u00f3n de \u201chijo adoptivo de Tenerife\u201d, o como esta persona, hecha a s\u00ed misma, ha podido construir a partir de cero un impresionante grupo empresarial que actualmente da trabajo a m\u00e1s de dos mil personas ... Read more\" \/>\n<meta property=\"og:url\" content=\"https:\/\/elcotarro.com\/?p=5177\" \/>\n<meta property=\"og:site_name\" content=\"El Cotarro\" \/>\n<meta property=\"article:publisher\" content=\"https:\/\/www.facebook.com\/ElCotarro.Tenerife\" \/>\n<meta property=\"article:published_time\" content=\"2018-03-04T11:02:38+00:00\" \/>\n<meta property=\"article:modified_time\" content=\"2018-03-05T09:29:54+00:00\" \/>\n<meta property=\"og:image\" content=\"https:\/\/elcotarro.com\/wp-content\/uploads\/2018\/03\/FOTO-4.-AMID-ACHI.jpg\" \/>\n<meta name=\"author\" content=\"Jos\u00e9 Carlos Marrero Gonz\u00e1lez\" \/>\n<meta name=\"twitter:label1\" content=\"Escrito por\" \/>\n\t<meta name=\"twitter:data1\" content=\"Jos\u00e9 Carlos Marrero Gonz\u00e1lez\" \/>\n\t<meta name=\"twitter:label2\" content=\"Tiempo de lectura\" \/>\n\t<meta name=\"twitter:data2\" content=\"1 minuto\" \/>\n<script type=\"application\/ld+json\" class=\"yoast-schema-graph\">{\"@context\":\"https:\/\/schema.org\",\"@graph\":[{\"@type\":\"Article\",\"@id\":\"https:\/\/elcotarro.com\/?p=5177#article\",\"isPartOf\":{\"@id\":\"https:\/\/elcotarro.com\/?p=5177\"},\"author\":{\"name\":\"Jos\u00e9 Carlos Marrero Gonz\u00e1lez\",\"@id\":\"https:\/\/elcotarro.com\/#\/schema\/person\/af537ee7d60d15984c7e0affcd8a918b\"},\"headline\":\"EL MI\u00c9RCOLES EN LA REAL ECON\u00d3MICA\",\"datePublished\":\"2018-03-04T11:02:38+00:00\",\"dateModified\":\"2018-03-05T09:29:54+00:00\",\"mainEntityOfPage\":{\"@id\":\"https:\/\/elcotarro.com\/?p=5177\"},\"wordCount\":147,\"commentCount\":0,\"publisher\":{\"@id\":\"https:\/\/elcotarro.com\/#organization\"},\"image\":{\"@id\":\"https:\/\/elcotarro.com\/?p=5177#primaryimage\"},\"thumbnailUrl\":\"https:\/\/elcotarro.com\/wp-content\/uploads\/2018\/03\/FOTO-4.-AMID-ACHI.jpg\",\"inLanguage\":\"es\",\"potentialAction\":[{\"@type\":\"CommentAction\",\"name\":\"Comment\",\"target\":[\"https:\/\/elcotarro.com\/?p=5177#respond\"]}]},{\"@type\":\"WebPage\",\"@id\":\"https:\/\/elcotarro.com\/?p=5177\",\"url\":\"https:\/\/elcotarro.com\/?p=5177\",\"name\":\"EL MI\u00c9RCOLES EN LA REAL ECON\u00d3MICA - El Cotarro\",\"isPartOf\":{\"@id\":\"https:\/\/elcotarro.com\/#website\"},\"primaryImageOfPage\":{\"@id\":\"https:\/\/elcotarro.com\/?p=5177#primaryimage\"},\"image\":{\"@id\":\"https:\/\/elcotarro.com\/?p=5177#primaryimage\"},\"thumbnailUrl\":\"https:\/\/elcotarro.com\/wp-content\/uploads\/2018\/03\/FOTO-4.-AMID-ACHI.jpg\",\"datePublished\":\"2018-03-04T11:02:38+00:00\",\"dateModified\":\"2018-03-05T09:29:54+00:00\",\"breadcrumb\":{\"@id\":\"https:\/\/elcotarro.com\/?p=5177#breadcrumb\"},\"inLanguage\":\"es\",\"potentialAction\":[{\"@type\":\"ReadAction\",\"target\":[\"https:\/\/elcotarro.com\/?p=5177\"]}]},{\"@type\":\"ImageObject\",\"inLanguage\":\"es\",\"@id\":\"https:\/\/elcotarro.com\/?p=5177#primaryimage\",\"url\":\"https:\/\/elcotarro.com\/wp-content\/uploads\/2018\/03\/FOTO-4.-AMID-ACHI.jpg\",\"contentUrl\":\"https:\/\/elcotarro.com\/wp-content\/uploads\/2018\/03\/FOTO-4.-AMID-ACHI.jpg\",\"width\":2848,\"height\":4288},{\"@type\":\"BreadcrumbList\",\"@id\":\"https:\/\/elcotarro.com\/?p=5177#breadcrumb\",\"itemListElement\":[{\"@type\":\"ListItem\",\"position\":1,\"name\":\"Portada\",\"item\":\"https:\/\/elcotarro.com\/\"},{\"@type\":\"ListItem\",\"position\":2,\"name\":\"EL MI\u00c9RCOLES EN LA REAL ECON\u00d3MICA\"}]},{\"@type\":\"WebSite\",\"@id\":\"https:\/\/elcotarro.com\/#website\",\"url\":\"https:\/\/elcotarro.com\/\",\"name\":\"El Cotarro\",\"description\":\"Peri\u00f3dico Digital Independiente dirigido por Jos\u00e9 Carlos Marrero\",\"publisher\":{\"@id\":\"https:\/\/elcotarro.com\/#organization\"},\"potentialAction\":[{\"@type\":\"SearchAction\",\"target\":{\"@type\":\"EntryPoint\",\"urlTemplate\":\"https:\/\/elcotarro.com\/?s={search_term_string}\"},\"query-input\":{\"@type\":\"PropertyValueSpecification\",\"valueRequired\":true,\"valueName\":\"search_term_string\"}}],\"inLanguage\":\"es\"},{\"@type\":\"Organization\",\"@id\":\"https:\/\/elcotarro.com\/#organization\",\"name\":\"El Cotarro\",\"url\":\"https:\/\/elcotarro.com\/\",\"logo\":{\"@type\":\"ImageObject\",\"inLanguage\":\"es\",\"@id\":\"https:\/\/elcotarro.com\/#\/schema\/logo\/image\/\",\"url\":\"https:\/\/elcotarro.com\/wp-content\/uploads\/2014\/09\/Cabecera_El_Cotarro_v2.jpg\",\"contentUrl\":\"https:\/\/elcotarro.com\/wp-content\/uploads\/2014\/09\/Cabecera_El_Cotarro_v2.jpg\",\"width\":3540,\"height\":441,\"caption\":\"El Cotarro\"},\"image\":{\"@id\":\"https:\/\/elcotarro.com\/#\/schema\/logo\/image\/\"},\"sameAs\":[\"https:\/\/www.facebook.com\/ElCotarro.Tenerife\"]},{\"@type\":\"Person\",\"@id\":\"https:\/\/elcotarro.com\/#\/schema\/person\/af537ee7d60d15984c7e0affcd8a918b\",\"name\":\"Jos\u00e9 Carlos Marrero Gonz\u00e1lez\",\"image\":{\"@type\":\"ImageObject\",\"inLanguage\":\"es\",\"@id\":\"https:\/\/elcotarro.com\/#\/schema\/person\/image\/\",\"url\":\"https:\/\/secure.gravatar.com\/avatar\/def4da036efb5d32c74d49c351f6dccc064dd69ad9f3aadc295c5a9a5391ca01?s=96&d=mm&r=g\",\"contentUrl\":\"https:\/\/secure.gravatar.com\/avatar\/def4da036efb5d32c74d49c351f6dccc064dd69ad9f3aadc295c5a9a5391ca01?s=96&d=mm&r=g\",\"caption\":\"Jos\u00e9 Carlos Marrero Gonz\u00e1lez\"},\"sameAs\":[\"https:\/\/elcotarro.com\"],\"url\":\"https:\/\/elcotarro.com\/?author=2\"}]}<\/script>\n<!-- \/ Yoast SEO plugin. -->","yoast_head_json":{"title":"EL MI\u00c9RCOLES EN LA REAL ECON\u00d3MICA - El Cotarro","robots":{"index":"index","follow":"follow","max-snippet":"max-snippet:-1","max-image-preview":"max-image-preview:large","max-video-preview":"max-video-preview:-1"},"canonical":"https:\/\/elcotarro.com\/?p=5177","og_locale":"es_ES","og_type":"article","og_title":"EL MI\u00c9RCOLES EN LA REAL ECON\u00d3MICA - El Cotarro","og_description":"Si usted quiere enterarse de c\u00f3mo una persona emigrante como Amid Achi Fadul, se ha ganado con total merecimiento la consideraci\u00f3n de \u201chijo adoptivo de Tenerife\u201d, o como esta persona, hecha a s\u00ed misma, ha podido construir a partir de cero un impresionante grupo empresarial que actualmente da trabajo a m\u00e1s de dos mil personas ... Read more","og_url":"https:\/\/elcotarro.com\/?p=5177","og_site_name":"El Cotarro","article_publisher":"https:\/\/www.facebook.com\/ElCotarro.Tenerife","article_published_time":"2018-03-04T11:02:38+00:00","article_modified_time":"2018-03-05T09:29:54+00:00","og_image":[{"url":"https:\/\/elcotarro.com\/wp-content\/uploads\/2018\/03\/FOTO-4.-AMID-ACHI.jpg","type":"","width":"","height":""}],"author":"Jos\u00e9 Carlos Marrero Gonz\u00e1lez","twitter_misc":{"Escrito por":"Jos\u00e9 Carlos Marrero Gonz\u00e1lez","Tiempo de lectura":"1 minuto"},"schema":{"@context":"https:\/\/schema.org","@graph":[{"@type":"Article","@id":"https:\/\/elcotarro.com\/?p=5177#article","isPartOf":{"@id":"https:\/\/elcotarro.com\/?p=5177"},"author":{"name":"Jos\u00e9 Carlos Marrero Gonz\u00e1lez","@id":"https:\/\/elcotarro.com\/#\/schema\/person\/af537ee7d60d15984c7e0affcd8a918b"},"headline":"EL MI\u00c9RCOLES EN LA REAL ECON\u00d3MICA","datePublished":"2018-03-04T11:02:38+00:00","dateModified":"2018-03-05T09:29:54+00:00","mainEntityOfPage":{"@id":"https:\/\/elcotarro.com\/?p=5177"},"wordCount":147,"commentCount":0,"publisher":{"@id":"https:\/\/elcotarro.com\/#organization"},"image":{"@id":"https:\/\/elcotarro.com\/?p=5177#primaryimage"},"thumbnailUrl":"https:\/\/elcotarro.com\/wp-content\/uploads\/2018\/03\/FOTO-4.-AMID-ACHI.jpg","inLanguage":"es","potentialAction":[{"@type":"CommentAction","name":"Comment","target":["https:\/\/elcotarro.com\/?p=5177#respond"]}]},{"@type":"WebPage","@id":"https:\/\/elcotarro.com\/?p=5177","url":"https:\/\/elcotarro.com\/?p=5177","name":"EL MI\u00c9RCOLES EN LA REAL ECON\u00d3MICA - El Cotarro","isPartOf":{"@id":"https:\/\/elcotarro.com\/#website"},"primaryImageOfPage":{"@id":"https:\/\/elcotarro.com\/?p=5177#primaryimage"},"image":{"@id":"https:\/\/elcotarro.com\/?p=5177#primaryimage"},"thumbnailUrl":"https:\/\/elcotarro.com\/wp-content\/uploads\/2018\/03\/FOTO-4.-AMID-ACHI.jpg","datePublished":"2018-03-04T11:02:38+00:00","dateModified":"2018-03-05T09:29:54+00:00","breadcrumb":{"@id":"https:\/\/elcotarro.com\/?p=5177#breadcrumb"},"inLanguage":"es","potentialAction":[{"@type":"ReadAction","target":["https:\/\/elcotarro.com\/?p=5177"]}]},{"@type":"ImageObject","inLanguage":"es","@id":"https:\/\/elcotarro.com\/?p=5177#primaryimage","url":"https:\/\/elcotarro.com\/wp-content\/uploads\/2018\/03\/FOTO-4.-AMID-ACHI.jpg","contentUrl":"https:\/\/elcotarro.com\/wp-content\/uploads\/2018\/03\/FOTO-4.-AMID-ACHI.jpg","width":2848,"height":4288},{"@type":"BreadcrumbList","@id":"https:\/\/elcotarro.com\/?p=5177#breadcrumb","itemListElement":[{"@type":"ListItem","position":1,"name":"Portada","item":"https:\/\/elcotarro.com\/"},{"@type":"ListItem","position":2,"name":"EL MI\u00c9RCOLES EN LA REAL ECON\u00d3MICA"}]},{"@type":"WebSite","@id":"https:\/\/elcotarro.com\/#website","url":"https:\/\/elcotarro.com\/","name":"El Cotarro","description":"Peri\u00f3dico Digital Independiente dirigido por Jos\u00e9 Carlos Marrero","publisher":{"@id":"https:\/\/elcotarro.com\/#organization"},"potentialAction":[{"@type":"SearchAction","target":{"@type":"EntryPoint","urlTemplate":"https:\/\/elcotarro.com\/?s={search_term_string}"},"query-input":{"@type":"PropertyValueSpecification","valueRequired":true,"valueName":"search_term_string"}}],"inLanguage":"es"},{"@type":"Organization","@id":"https:\/\/elcotarro.com\/#organization","name":"El Cotarro","url":"https:\/\/elcotarro.com\/","logo":{"@type":"ImageObject","inLanguage":"es","@id":"https:\/\/elcotarro.com\/#\/schema\/logo\/image\/","url":"https:\/\/elcotarro.com\/wp-content\/uploads\/2014\/09\/Cabecera_El_Cotarro_v2.jpg","contentUrl":"https:\/\/elcotarro.com\/wp-content\/uploads\/2014\/09\/Cabecera_El_Cotarro_v2.jpg","width":3540,"height":441,"caption":"El Cotarro"},"image":{"@id":"https:\/\/elcotarro.com\/#\/schema\/logo\/image\/"},"sameAs":["https:\/\/www.facebook.com\/ElCotarro.Tenerife"]},{"@type":"Person","@id":"https:\/\/elcotarro.com\/#\/schema\/person\/af537ee7d60d15984c7e0affcd8a918b","name":"Jos\u00e9 Carlos Marrero Gonz\u00e1lez","image":{"@type":"ImageObject","inLanguage":"es","@id":"https:\/\/elcotarro.com\/#\/schema\/person\/image\/","url":"https:\/\/secure.gravatar.com\/avatar\/def4da036efb5d32c74d49c351f6dccc064dd69ad9f3aadc295c5a9a5391ca01?s=96&d=mm&r=g","contentUrl":"https:\/\/secure.gravatar.com\/avatar\/def4da036efb5d32c74d49c351f6dccc064dd69ad9f3aadc295c5a9a5391ca01?s=96&d=mm&r=g","caption":"Jos\u00e9 Carlos Marrero Gonz\u00e1lez"},"sameAs":["https:\/\/elcotarro.com"],"url":"https:\/\/elcotarro.com\/?author=2"}]}},"jetpack_featured_media_url":"","jetpack_sharing_enabled":true,"_links":{"self":[{"href":"https:\/\/elcotarro.com\/index.php?rest_route=\/wp\/v2\/posts\/5177","targetHints":{"allow":["GET"]}}],"collection":[{"href":"https:\/\/elcotarro.com\/index.php?rest_route=\/wp\/v2\/posts"}],"about":[{"href":"https:\/\/elcotarro.com\/index.php?rest_route=\/wp\/v2\/types\/post"}],"author":[{"embeddable":true,"href":"https:\/\/elcotarro.com\/index.php?rest_route=\/wp\/v2\/users\/2"}],"replies":[{"embeddable":true,"href":"https:\/\/elcotarro.com\/index.php?rest_route=%2Fwp%2Fv2%2Fcomments&post=5177"}],"version-history":[{"count":2,"href":"https:\/\/elcotarro.com\/index.php?rest_route=\/wp\/v2\/posts\/5177\/revisions"}],"predecessor-version":[{"id":5193,"href":"https:\/\/elcotarro.com\/index.php?rest_route=\/wp\/v2\/posts\/5177\/revisions\/5193"}],"wp:attachment":[{"href":"https:\/\/elcotarro.com\/index.php?rest_route=%2Fwp%2Fv2%2Fmedia&parent=5177"}],"wp:term":[{"taxonomy":"category","embeddable":true,"href":"https:\/\/elcotarro.com\/index.php?rest_route=%2Fwp%2Fv2%2Fcategories&post=5177"},{"taxonomy":"post_tag","embeddable":true,"href":"https:\/\/elcotarro.com\/index.php?rest_route=%2Fwp%2Fv2%2Ftags&post=5177"}],"curies":[{"name":"wp","href":"https:\/\/api.w.org\/{rel}","templated":true}]}}