{"id":5248,"date":"2018-03-25T11:02:23","date_gmt":"2018-03-25T10:02:23","guid":{"rendered":"https:\/\/elcotarro.com\/?p=5248"},"modified":"2018-03-24T19:33:17","modified_gmt":"2018-03-24T19:33:17","slug":"envidia-minerva-y-efrain-se-quieren","status":"publish","type":"post","link":"https:\/\/elcotarro.com\/?p=5248","title":{"rendered":"ENVIDIA: MINERVA Y EFRA\u00cdN SE QUIEREN"},"content":{"rendered":"<p>Hay quien dice por ah\u00ed que las relaciones entre el vicepresidente del Cabildo de Tenerife, <b>Efra\u00edn Medina<\/b> y su hom\u00f3loga en el Cabildo de Gran Canaria, <b>Minerva Alonso<\/b>, tienen mala relaci\u00f3n y nada m\u00e1s lejos de la realidad. Tanto <b>Efra\u00edn<\/b> como <b>Minerva<\/b> tienen claro que son servidores de lo p\u00fablico y que, quien tiene que beneficiarse de su gesti\u00f3n, son los ciudadanos de todas las islas. <b>Efra\u00edn<\/b> y <b>Minerva<\/b> han hablado de impulsar conjuntamente temas que llevan ambos, como el comercio, el sector textil o la artesan\u00eda, para buscar la excelencia. Igualmente, la relaci\u00f3n entre t\u00e9cnicos de ambas consejer\u00edas insulares es excelente. Y para muestra esta foto que les pongo en exclusiva y en la que se hace realidad lo de que <i>\u00abuna imagen vale m\u00e1s de mil palabras\u00bb.<\/i> Me consta que, fuera de las c\u00e1maras, la relaci\u00f3n es a\u00fan mejor y de mucha complicidad entre ambos, cosa que a otros compa\u00f1eros pol\u00edticos les da envidia y les corroe. Al final, dice nuestro <b>Efra\u00edn Medina<\/b>, <i>\u201clo importante es el sector empresarial, porque nosotros estamos de paso\u201d<\/i>. Visi\u00f3n de futuro.<\/p>\n<p style=\"text-align: center\"><a href=\"https:\/\/elcotarro.com\/wp-content\/uploads\/2018\/03\/FOTO-4.-EFRA\u00cdN-Y-MINERVA.jpg\"><img loading=\"lazy\" decoding=\"async\" class=\"alignnone size-full wp-image-5249\" src=\"https:\/\/elcotarro.com\/wp-content\/uploads\/2018\/03\/FOTO-4.-EFRA\u00cdN-Y-MINERVA.jpg\" alt=\"FOTO 4.- EFRA\u00cdN Y MINERVA\" width=\"1620\" height=\"1080\" srcset=\"https:\/\/elcotarro.com\/wp-content\/uploads\/2018\/03\/FOTO-4.-EFRA\u00cdN-Y-MINERVA.jpg 1620w, https:\/\/elcotarro.com\/wp-content\/uploads\/2018\/03\/FOTO-4.-EFRA\u00cdN-Y-MINERVA-300x200.jpg 300w, https:\/\/elcotarro.com\/wp-content\/uploads\/2018\/03\/FOTO-4.-EFRA\u00cdN-Y-MINERVA-1024x683.jpg 1024w\" sizes=\"auto, (max-width: 1620px) 100vw, 1620px\" \/><\/a><\/p>\n<p style=\"text-align: center\"><i>Minerva Alonso y Efra\u00edn Medina, dos consejeros que se quieren y se respetan.<\/i><\/p>\n","protected":false},"excerpt":{"rendered":"<p>Hay quien dice por ah\u00ed que las relaciones entre el vicepresidente del Cabildo de Tenerife, Efra\u00edn Medina y su hom\u00f3loga en el Cabildo de Gran Canaria, Minerva Alonso, tienen mala relaci\u00f3n y nada m\u00e1s lejos de la realidad. Tanto Efra\u00edn como Minerva tienen claro que son servidores de lo p\u00fablico y que, quien tiene que &#8230; <a class=\"read-more\" href=\"https:\/\/elcotarro.com\/?p=5248\">Read more<\/a><\/p>\n","protected":false},"author":2,"featured_media":0,"comment_status":"open","ping_status":"open","sticky":false,"template":"","format":"standard","meta":{"_jetpack_memberships_contains_paid_content":false,"footnotes":""},"categories":[1],"tags":[],"class_list":["post-5248","post","type-post","status-publish","format-standard","hentry","category-sin-categoria"],"yoast_head":"<!-- This site is optimized with the Yoast SEO plugin v27.0 - https:\/\/yoast.com\/product\/yoast-seo-wordpress\/ -->\n<title>ENVIDIA: MINERVA Y EFRA\u00cdN SE QUIEREN - El Cotarro<\/title>\n<meta name=\"robots\" content=\"index, follow, max-snippet:-1, max-image-preview:large, max-video-preview:-1\" \/>\n<link rel=\"canonical\" href=\"https:\/\/elcotarro.com\/?p=5248\" \/>\n<meta property=\"og:locale\" content=\"es_ES\" \/>\n<meta property=\"og:type\" content=\"article\" \/>\n<meta property=\"og:title\" content=\"ENVIDIA: MINERVA Y EFRA\u00cdN SE QUIEREN - El Cotarro\" \/>\n<meta property=\"og:description\" content=\"Hay quien dice por ah\u00ed que las relaciones entre el vicepresidente del Cabildo de Tenerife, Efra\u00edn Medina y su hom\u00f3loga en el Cabildo de Gran Canaria, Minerva Alonso, tienen mala relaci\u00f3n y nada m\u00e1s lejos de la realidad. Tanto Efra\u00edn como Minerva tienen claro que son servidores de lo p\u00fablico y que, quien tiene que ... Read more\" \/>\n<meta property=\"og:url\" content=\"https:\/\/elcotarro.com\/?p=5248\" \/>\n<meta property=\"og:site_name\" content=\"El Cotarro\" \/>\n<meta property=\"article:publisher\" content=\"https:\/\/www.facebook.com\/ElCotarro.Tenerife\" \/>\n<meta property=\"article:published_time\" content=\"2018-03-25T10:02:23+00:00\" \/>\n<meta name=\"author\" content=\"Jos\u00e9 Carlos Marrero Gonz\u00e1lez\" \/>\n<meta name=\"twitter:label1\" content=\"Escrito por\" \/>\n\t<meta name=\"twitter:data1\" content=\"Jos\u00e9 Carlos Marrero Gonz\u00e1lez\" \/>\n\t<meta name=\"twitter:label2\" content=\"Tiempo de lectura\" \/>\n\t<meta name=\"twitter:data2\" content=\"1 minuto\" \/>\n<script type=\"application\/ld+json\" class=\"yoast-schema-graph\">{\"@context\":\"https:\/\/schema.org\",\"@graph\":[{\"@type\":\"Article\",\"@id\":\"https:\/\/elcotarro.com\/?p=5248#article\",\"isPartOf\":{\"@id\":\"https:\/\/elcotarro.com\/?p=5248\"},\"author\":{\"name\":\"Jos\u00e9 Carlos Marrero Gonz\u00e1lez\",\"@id\":\"https:\/\/elcotarro.com\/#\/schema\/person\/af537ee7d60d15984c7e0affcd8a918b\"},\"headline\":\"ENVIDIA: MINERVA Y EFRA\u00cdN SE QUIEREN\",\"datePublished\":\"2018-03-25T10:02:23+00:00\",\"mainEntityOfPage\":{\"@id\":\"https:\/\/elcotarro.com\/?p=5248\"},\"wordCount\":220,\"commentCount\":0,\"publisher\":{\"@id\":\"https:\/\/elcotarro.com\/#organization\"},\"inLanguage\":\"es\",\"potentialAction\":[{\"@type\":\"CommentAction\",\"name\":\"Comment\",\"target\":[\"https:\/\/elcotarro.com\/?p=5248#respond\"]}]},{\"@type\":\"WebPage\",\"@id\":\"https:\/\/elcotarro.com\/?p=5248\",\"url\":\"https:\/\/elcotarro.com\/?p=5248\",\"name\":\"ENVIDIA: MINERVA Y EFRA\u00cdN SE QUIEREN - El Cotarro\",\"isPartOf\":{\"@id\":\"https:\/\/elcotarro.com\/#website\"},\"datePublished\":\"2018-03-25T10:02:23+00:00\",\"breadcrumb\":{\"@id\":\"https:\/\/elcotarro.com\/?p=5248#breadcrumb\"},\"inLanguage\":\"es\",\"potentialAction\":[{\"@type\":\"ReadAction\",\"target\":[\"https:\/\/elcotarro.com\/?p=5248\"]}]},{\"@type\":\"BreadcrumbList\",\"@id\":\"https:\/\/elcotarro.com\/?p=5248#breadcrumb\",\"itemListElement\":[{\"@type\":\"ListItem\",\"position\":1,\"name\":\"Portada\",\"item\":\"https:\/\/elcotarro.com\/\"},{\"@type\":\"ListItem\",\"position\":2,\"name\":\"ENVIDIA: MINERVA Y EFRA\u00cdN SE QUIEREN\"}]},{\"@type\":\"WebSite\",\"@id\":\"https:\/\/elcotarro.com\/#website\",\"url\":\"https:\/\/elcotarro.com\/\",\"name\":\"El Cotarro\",\"description\":\"Peri\u00f3dico Digital Independiente dirigido por Jos\u00e9 Carlos Marrero\",\"publisher\":{\"@id\":\"https:\/\/elcotarro.com\/#organization\"},\"potentialAction\":[{\"@type\":\"SearchAction\",\"target\":{\"@type\":\"EntryPoint\",\"urlTemplate\":\"https:\/\/elcotarro.com\/?s={search_term_string}\"},\"query-input\":{\"@type\":\"PropertyValueSpecification\",\"valueRequired\":true,\"valueName\":\"search_term_string\"}}],\"inLanguage\":\"es\"},{\"@type\":\"Organization\",\"@id\":\"https:\/\/elcotarro.com\/#organization\",\"name\":\"El Cotarro\",\"url\":\"https:\/\/elcotarro.com\/\",\"logo\":{\"@type\":\"ImageObject\",\"inLanguage\":\"es\",\"@id\":\"https:\/\/elcotarro.com\/#\/schema\/logo\/image\/\",\"url\":\"https:\/\/elcotarro.com\/wp-content\/uploads\/2014\/09\/Cabecera_El_Cotarro_v2.jpg\",\"contentUrl\":\"https:\/\/elcotarro.com\/wp-content\/uploads\/2014\/09\/Cabecera_El_Cotarro_v2.jpg\",\"width\":3540,\"height\":441,\"caption\":\"El Cotarro\"},\"image\":{\"@id\":\"https:\/\/elcotarro.com\/#\/schema\/logo\/image\/\"},\"sameAs\":[\"https:\/\/www.facebook.com\/ElCotarro.Tenerife\"]},{\"@type\":\"Person\",\"@id\":\"https:\/\/elcotarro.com\/#\/schema\/person\/af537ee7d60d15984c7e0affcd8a918b\",\"name\":\"Jos\u00e9 Carlos Marrero Gonz\u00e1lez\",\"image\":{\"@type\":\"ImageObject\",\"inLanguage\":\"es\",\"@id\":\"https:\/\/elcotarro.com\/#\/schema\/person\/image\/\",\"url\":\"https:\/\/secure.gravatar.com\/avatar\/def4da036efb5d32c74d49c351f6dccc064dd69ad9f3aadc295c5a9a5391ca01?s=96&d=mm&r=g\",\"contentUrl\":\"https:\/\/secure.gravatar.com\/avatar\/def4da036efb5d32c74d49c351f6dccc064dd69ad9f3aadc295c5a9a5391ca01?s=96&d=mm&r=g\",\"caption\":\"Jos\u00e9 Carlos Marrero Gonz\u00e1lez\"},\"sameAs\":[\"https:\/\/elcotarro.com\"],\"url\":\"https:\/\/elcotarro.com\/?author=2\"}]}<\/script>\n<!-- \/ Yoast SEO plugin. -->","yoast_head_json":{"title":"ENVIDIA: MINERVA Y EFRA\u00cdN SE QUIEREN - El Cotarro","robots":{"index":"index","follow":"follow","max-snippet":"max-snippet:-1","max-image-preview":"max-image-preview:large","max-video-preview":"max-video-preview:-1"},"canonical":"https:\/\/elcotarro.com\/?p=5248","og_locale":"es_ES","og_type":"article","og_title":"ENVIDIA: MINERVA Y EFRA\u00cdN SE QUIEREN - El Cotarro","og_description":"Hay quien dice por ah\u00ed que las relaciones entre el vicepresidente del Cabildo de Tenerife, Efra\u00edn Medina y su hom\u00f3loga en el Cabildo de Gran Canaria, Minerva Alonso, tienen mala relaci\u00f3n y nada m\u00e1s lejos de la realidad. Tanto Efra\u00edn como Minerva tienen claro que son servidores de lo p\u00fablico y que, quien tiene que ... Read more","og_url":"https:\/\/elcotarro.com\/?p=5248","og_site_name":"El Cotarro","article_publisher":"https:\/\/www.facebook.com\/ElCotarro.Tenerife","article_published_time":"2018-03-25T10:02:23+00:00","author":"Jos\u00e9 Carlos Marrero Gonz\u00e1lez","twitter_misc":{"Escrito por":"Jos\u00e9 Carlos Marrero Gonz\u00e1lez","Tiempo de lectura":"1 minuto"},"schema":{"@context":"https:\/\/schema.org","@graph":[{"@type":"Article","@id":"https:\/\/elcotarro.com\/?p=5248#article","isPartOf":{"@id":"https:\/\/elcotarro.com\/?p=5248"},"author":{"name":"Jos\u00e9 Carlos Marrero Gonz\u00e1lez","@id":"https:\/\/elcotarro.com\/#\/schema\/person\/af537ee7d60d15984c7e0affcd8a918b"},"headline":"ENVIDIA: MINERVA Y EFRA\u00cdN SE QUIEREN","datePublished":"2018-03-25T10:02:23+00:00","mainEntityOfPage":{"@id":"https:\/\/elcotarro.com\/?p=5248"},"wordCount":220,"commentCount":0,"publisher":{"@id":"https:\/\/elcotarro.com\/#organization"},"inLanguage":"es","potentialAction":[{"@type":"CommentAction","name":"Comment","target":["https:\/\/elcotarro.com\/?p=5248#respond"]}]},{"@type":"WebPage","@id":"https:\/\/elcotarro.com\/?p=5248","url":"https:\/\/elcotarro.com\/?p=5248","name":"ENVIDIA: MINERVA Y EFRA\u00cdN SE QUIEREN - El Cotarro","isPartOf":{"@id":"https:\/\/elcotarro.com\/#website"},"datePublished":"2018-03-25T10:02:23+00:00","breadcrumb":{"@id":"https:\/\/elcotarro.com\/?p=5248#breadcrumb"},"inLanguage":"es","potentialAction":[{"@type":"ReadAction","target":["https:\/\/elcotarro.com\/?p=5248"]}]},{"@type":"BreadcrumbList","@id":"https:\/\/elcotarro.com\/?p=5248#breadcrumb","itemListElement":[{"@type":"ListItem","position":1,"name":"Portada","item":"https:\/\/elcotarro.com\/"},{"@type":"ListItem","position":2,"name":"ENVIDIA: MINERVA Y EFRA\u00cdN SE QUIEREN"}]},{"@type":"WebSite","@id":"https:\/\/elcotarro.com\/#website","url":"https:\/\/elcotarro.com\/","name":"El Cotarro","description":"Peri\u00f3dico Digital Independiente dirigido por Jos\u00e9 Carlos Marrero","publisher":{"@id":"https:\/\/elcotarro.com\/#organization"},"potentialAction":[{"@type":"SearchAction","target":{"@type":"EntryPoint","urlTemplate":"https:\/\/elcotarro.com\/?s={search_term_string}"},"query-input":{"@type":"PropertyValueSpecification","valueRequired":true,"valueName":"search_term_string"}}],"inLanguage":"es"},{"@type":"Organization","@id":"https:\/\/elcotarro.com\/#organization","name":"El Cotarro","url":"https:\/\/elcotarro.com\/","logo":{"@type":"ImageObject","inLanguage":"es","@id":"https:\/\/elcotarro.com\/#\/schema\/logo\/image\/","url":"https:\/\/elcotarro.com\/wp-content\/uploads\/2014\/09\/Cabecera_El_Cotarro_v2.jpg","contentUrl":"https:\/\/elcotarro.com\/wp-content\/uploads\/2014\/09\/Cabecera_El_Cotarro_v2.jpg","width":3540,"height":441,"caption":"El Cotarro"},"image":{"@id":"https:\/\/elcotarro.com\/#\/schema\/logo\/image\/"},"sameAs":["https:\/\/www.facebook.com\/ElCotarro.Tenerife"]},{"@type":"Person","@id":"https:\/\/elcotarro.com\/#\/schema\/person\/af537ee7d60d15984c7e0affcd8a918b","name":"Jos\u00e9 Carlos Marrero Gonz\u00e1lez","image":{"@type":"ImageObject","inLanguage":"es","@id":"https:\/\/elcotarro.com\/#\/schema\/person\/image\/","url":"https:\/\/secure.gravatar.com\/avatar\/def4da036efb5d32c74d49c351f6dccc064dd69ad9f3aadc295c5a9a5391ca01?s=96&d=mm&r=g","contentUrl":"https:\/\/secure.gravatar.com\/avatar\/def4da036efb5d32c74d49c351f6dccc064dd69ad9f3aadc295c5a9a5391ca01?s=96&d=mm&r=g","caption":"Jos\u00e9 Carlos Marrero Gonz\u00e1lez"},"sameAs":["https:\/\/elcotarro.com"],"url":"https:\/\/elcotarro.com\/?author=2"}]}},"jetpack_featured_media_url":"","jetpack_sharing_enabled":true,"_links":{"self":[{"href":"https:\/\/elcotarro.com\/index.php?rest_route=\/wp\/v2\/posts\/5248","targetHints":{"allow":["GET"]}}],"collection":[{"href":"https:\/\/elcotarro.com\/index.php?rest_route=\/wp\/v2\/posts"}],"about":[{"href":"https:\/\/elcotarro.com\/index.php?rest_route=\/wp\/v2\/types\/post"}],"author":[{"embeddable":true,"href":"https:\/\/elcotarro.com\/index.php?rest_route=\/wp\/v2\/users\/2"}],"replies":[{"embeddable":true,"href":"https:\/\/elcotarro.com\/index.php?rest_route=%2Fwp%2Fv2%2Fcomments&post=5248"}],"version-history":[{"count":1,"href":"https:\/\/elcotarro.com\/index.php?rest_route=\/wp\/v2\/posts\/5248\/revisions"}],"predecessor-version":[{"id":5250,"href":"https:\/\/elcotarro.com\/index.php?rest_route=\/wp\/v2\/posts\/5248\/revisions\/5250"}],"wp:attachment":[{"href":"https:\/\/elcotarro.com\/index.php?rest_route=%2Fwp%2Fv2%2Fmedia&parent=5248"}],"wp:term":[{"taxonomy":"category","embeddable":true,"href":"https:\/\/elcotarro.com\/index.php?rest_route=%2Fwp%2Fv2%2Fcategories&post=5248"},{"taxonomy":"post_tag","embeddable":true,"href":"https:\/\/elcotarro.com\/index.php?rest_route=%2Fwp%2Fv2%2Ftags&post=5248"}],"curies":[{"name":"wp","href":"https:\/\/api.w.org\/{rel}","templated":true}]}}