{"id":5267,"date":"2018-04-01T11:04:16","date_gmt":"2018-04-01T10:04:16","guid":{"rendered":"https:\/\/elcotarro.com\/?p=5267"},"modified":"2018-04-01T10:39:52","modified_gmt":"2018-04-01T09:39:52","slug":"huevo-frito-de-pascua-de-el-aderno","status":"publish","type":"post","link":"https:\/\/elcotarro.com\/?p=5267","title":{"rendered":"HUEVO \u201cFRITO\u201d DE PASCUA DE EL ADERNO"},"content":{"rendered":"<p>Como he dicho, en Canarias no \u00edbamos a ser muy distintos y uno de los pasteleros m\u00e1s acreditados de nuestras islas, <strong>Teobaldo M\u00e9ndez<\/strong>, nos sorprende cada a\u00f1o con los dise\u00f1os que salen de su obrador de El Aderno, en Buenavista del Norte. Este a\u00f1o sorprende con huevos de dise\u00f1o y nombres sugerentes como huevo \u201cAzulejo\u201d, huevo \u201cColmena\u201d, huevo \u201cInfinito\u201d o un homenaje desde la \u201cparte dulce\u201d de la gastronom\u00eda a su \u201chermano salado\u201d con un huevo de chocolate que, curiosamente, se llama \u201cHuevo \u201cFrito\u201d. Seguro que ser\u00e1 la \u201cestrella\u201d en las tiendas de El Aderno. Ten\u00eda que ocurr\u00edrsele a <strong>Teobaldo M\u00e9ndez <\/strong>quien, por cierto, prepara una nueva y art\u00edstica sorpresa que presentar\u00e1 oficialmente el pr\u00f3ximo 12 de abril\u2026 atentos a la dulce noticia\u2026<\/p>\n<p style=\"text-align: center\"><a href=\"https:\/\/elcotarro.com\/wp-content\/uploads\/2018\/04\/FOTO-1.-TEOBALDO.jpg\"><img loading=\"lazy\" decoding=\"async\" class=\"alignnone size-full wp-image-5268\" src=\"https:\/\/elcotarro.com\/wp-content\/uploads\/2018\/04\/FOTO-1.-TEOBALDO.jpg\" alt=\"FOTO 1.- TEOBALDO\" width=\"311\" height=\"344\" srcset=\"https:\/\/elcotarro.com\/wp-content\/uploads\/2018\/04\/FOTO-1.-TEOBALDO.jpg 311w, https:\/\/elcotarro.com\/wp-content\/uploads\/2018\/04\/FOTO-1.-TEOBALDO-271x300.jpg 271w\" sizes=\"auto, (max-width: 311px) 100vw, 311px\" \/><\/a><\/p>\n<p style=\"text-align: center\"><em>El gran pastelero, Teobaldo M\u00e9ndez.<\/em><\/p>\n","protected":false},"excerpt":{"rendered":"<p>Como he dicho, en Canarias no \u00edbamos a ser muy distintos y uno de los pasteleros m\u00e1s acreditados de nuestras islas, Teobaldo M\u00e9ndez, nos sorprende cada a\u00f1o con los dise\u00f1os que salen de su obrador de El Aderno, en Buenavista del Norte. Este a\u00f1o sorprende con huevos de dise\u00f1o y nombres sugerentes como huevo \u201cAzulejo\u201d, &#8230; <a class=\"read-more\" href=\"https:\/\/elcotarro.com\/?p=5267\">Read more<\/a><\/p>\n","protected":false},"author":2,"featured_media":0,"comment_status":"open","ping_status":"open","sticky":false,"template":"","format":"standard","meta":{"_jetpack_memberships_contains_paid_content":false,"footnotes":""},"categories":[1],"tags":[],"class_list":["post-5267","post","type-post","status-publish","format-standard","hentry","category-sin-categoria"],"yoast_head":"<!-- This site is optimized with the Yoast SEO plugin v27.0 - https:\/\/yoast.com\/product\/yoast-seo-wordpress\/ -->\n<title>HUEVO \u201cFRITO\u201d DE PASCUA DE EL ADERNO - El Cotarro<\/title>\n<meta name=\"robots\" content=\"index, follow, max-snippet:-1, max-image-preview:large, max-video-preview:-1\" \/>\n<link rel=\"canonical\" href=\"https:\/\/elcotarro.com\/?p=5267\" \/>\n<meta property=\"og:locale\" content=\"es_ES\" \/>\n<meta property=\"og:type\" content=\"article\" \/>\n<meta property=\"og:title\" content=\"HUEVO \u201cFRITO\u201d DE PASCUA DE EL ADERNO - El Cotarro\" \/>\n<meta property=\"og:description\" content=\"Como he dicho, en Canarias no \u00edbamos a ser muy distintos y uno de los pasteleros m\u00e1s acreditados de nuestras islas, Teobaldo M\u00e9ndez, nos sorprende cada a\u00f1o con los dise\u00f1os que salen de su obrador de El Aderno, en Buenavista del Norte. Este a\u00f1o sorprende con huevos de dise\u00f1o y nombres sugerentes como huevo \u201cAzulejo\u201d, ... Read more\" \/>\n<meta property=\"og:url\" content=\"https:\/\/elcotarro.com\/?p=5267\" \/>\n<meta property=\"og:site_name\" content=\"El Cotarro\" \/>\n<meta property=\"article:publisher\" content=\"https:\/\/www.facebook.com\/ElCotarro.Tenerife\" \/>\n<meta property=\"article:published_time\" content=\"2018-04-01T10:04:16+00:00\" \/>\n<meta property=\"og:image\" content=\"https:\/\/elcotarro.com\/wp-content\/uploads\/2018\/04\/FOTO-1.-TEOBALDO.jpg\" \/>\n<meta name=\"author\" content=\"Jos\u00e9 Carlos Marrero Gonz\u00e1lez\" \/>\n<meta name=\"twitter:label1\" content=\"Escrito por\" \/>\n\t<meta name=\"twitter:data1\" content=\"Jos\u00e9 Carlos Marrero Gonz\u00e1lez\" \/>\n\t<meta name=\"twitter:label2\" content=\"Tiempo de lectura\" \/>\n\t<meta name=\"twitter:data2\" content=\"1 minuto\" \/>\n<script type=\"application\/ld+json\" class=\"yoast-schema-graph\">{\"@context\":\"https:\/\/schema.org\",\"@graph\":[{\"@type\":\"Article\",\"@id\":\"https:\/\/elcotarro.com\/?p=5267#article\",\"isPartOf\":{\"@id\":\"https:\/\/elcotarro.com\/?p=5267\"},\"author\":{\"name\":\"Jos\u00e9 Carlos Marrero Gonz\u00e1lez\",\"@id\":\"https:\/\/elcotarro.com\/#\/schema\/person\/af537ee7d60d15984c7e0affcd8a918b\"},\"headline\":\"HUEVO \u201cFRITO\u201d DE PASCUA DE EL ADERNO\",\"datePublished\":\"2018-04-01T10:04:16+00:00\",\"mainEntityOfPage\":{\"@id\":\"https:\/\/elcotarro.com\/?p=5267\"},\"wordCount\":147,\"commentCount\":0,\"publisher\":{\"@id\":\"https:\/\/elcotarro.com\/#organization\"},\"image\":{\"@id\":\"https:\/\/elcotarro.com\/?p=5267#primaryimage\"},\"thumbnailUrl\":\"https:\/\/elcotarro.com\/wp-content\/uploads\/2018\/04\/FOTO-1.-TEOBALDO.jpg\",\"inLanguage\":\"es\",\"potentialAction\":[{\"@type\":\"CommentAction\",\"name\":\"Comment\",\"target\":[\"https:\/\/elcotarro.com\/?p=5267#respond\"]}]},{\"@type\":\"WebPage\",\"@id\":\"https:\/\/elcotarro.com\/?p=5267\",\"url\":\"https:\/\/elcotarro.com\/?p=5267\",\"name\":\"HUEVO \u201cFRITO\u201d DE PASCUA DE EL ADERNO - El Cotarro\",\"isPartOf\":{\"@id\":\"https:\/\/elcotarro.com\/#website\"},\"primaryImageOfPage\":{\"@id\":\"https:\/\/elcotarro.com\/?p=5267#primaryimage\"},\"image\":{\"@id\":\"https:\/\/elcotarro.com\/?p=5267#primaryimage\"},\"thumbnailUrl\":\"https:\/\/elcotarro.com\/wp-content\/uploads\/2018\/04\/FOTO-1.-TEOBALDO.jpg\",\"datePublished\":\"2018-04-01T10:04:16+00:00\",\"breadcrumb\":{\"@id\":\"https:\/\/elcotarro.com\/?p=5267#breadcrumb\"},\"inLanguage\":\"es\",\"potentialAction\":[{\"@type\":\"ReadAction\",\"target\":[\"https:\/\/elcotarro.com\/?p=5267\"]}]},{\"@type\":\"ImageObject\",\"inLanguage\":\"es\",\"@id\":\"https:\/\/elcotarro.com\/?p=5267#primaryimage\",\"url\":\"https:\/\/elcotarro.com\/wp-content\/uploads\/2018\/04\/FOTO-1.-TEOBALDO.jpg\",\"contentUrl\":\"https:\/\/elcotarro.com\/wp-content\/uploads\/2018\/04\/FOTO-1.-TEOBALDO.jpg\",\"width\":311,\"height\":344},{\"@type\":\"BreadcrumbList\",\"@id\":\"https:\/\/elcotarro.com\/?p=5267#breadcrumb\",\"itemListElement\":[{\"@type\":\"ListItem\",\"position\":1,\"name\":\"Portada\",\"item\":\"https:\/\/elcotarro.com\/\"},{\"@type\":\"ListItem\",\"position\":2,\"name\":\"HUEVO \u201cFRITO\u201d DE PASCUA DE EL ADERNO\"}]},{\"@type\":\"WebSite\",\"@id\":\"https:\/\/elcotarro.com\/#website\",\"url\":\"https:\/\/elcotarro.com\/\",\"name\":\"El Cotarro\",\"description\":\"Peri\u00f3dico Digital Independiente dirigido por Jos\u00e9 Carlos Marrero\",\"publisher\":{\"@id\":\"https:\/\/elcotarro.com\/#organization\"},\"potentialAction\":[{\"@type\":\"SearchAction\",\"target\":{\"@type\":\"EntryPoint\",\"urlTemplate\":\"https:\/\/elcotarro.com\/?s={search_term_string}\"},\"query-input\":{\"@type\":\"PropertyValueSpecification\",\"valueRequired\":true,\"valueName\":\"search_term_string\"}}],\"inLanguage\":\"es\"},{\"@type\":\"Organization\",\"@id\":\"https:\/\/elcotarro.com\/#organization\",\"name\":\"El Cotarro\",\"url\":\"https:\/\/elcotarro.com\/\",\"logo\":{\"@type\":\"ImageObject\",\"inLanguage\":\"es\",\"@id\":\"https:\/\/elcotarro.com\/#\/schema\/logo\/image\/\",\"url\":\"https:\/\/elcotarro.com\/wp-content\/uploads\/2014\/09\/Cabecera_El_Cotarro_v2.jpg\",\"contentUrl\":\"https:\/\/elcotarro.com\/wp-content\/uploads\/2014\/09\/Cabecera_El_Cotarro_v2.jpg\",\"width\":3540,\"height\":441,\"caption\":\"El Cotarro\"},\"image\":{\"@id\":\"https:\/\/elcotarro.com\/#\/schema\/logo\/image\/\"},\"sameAs\":[\"https:\/\/www.facebook.com\/ElCotarro.Tenerife\"]},{\"@type\":\"Person\",\"@id\":\"https:\/\/elcotarro.com\/#\/schema\/person\/af537ee7d60d15984c7e0affcd8a918b\",\"name\":\"Jos\u00e9 Carlos Marrero Gonz\u00e1lez\",\"image\":{\"@type\":\"ImageObject\",\"inLanguage\":\"es\",\"@id\":\"https:\/\/elcotarro.com\/#\/schema\/person\/image\/\",\"url\":\"https:\/\/secure.gravatar.com\/avatar\/def4da036efb5d32c74d49c351f6dccc064dd69ad9f3aadc295c5a9a5391ca01?s=96&d=mm&r=g\",\"contentUrl\":\"https:\/\/secure.gravatar.com\/avatar\/def4da036efb5d32c74d49c351f6dccc064dd69ad9f3aadc295c5a9a5391ca01?s=96&d=mm&r=g\",\"caption\":\"Jos\u00e9 Carlos Marrero Gonz\u00e1lez\"},\"sameAs\":[\"https:\/\/elcotarro.com\"],\"url\":\"https:\/\/elcotarro.com\/?author=2\"}]}<\/script>\n<!-- \/ Yoast SEO plugin. -->","yoast_head_json":{"title":"HUEVO \u201cFRITO\u201d DE PASCUA DE EL ADERNO - El Cotarro","robots":{"index":"index","follow":"follow","max-snippet":"max-snippet:-1","max-image-preview":"max-image-preview:large","max-video-preview":"max-video-preview:-1"},"canonical":"https:\/\/elcotarro.com\/?p=5267","og_locale":"es_ES","og_type":"article","og_title":"HUEVO \u201cFRITO\u201d DE PASCUA DE EL ADERNO - El Cotarro","og_description":"Como he dicho, en Canarias no \u00edbamos a ser muy distintos y uno de los pasteleros m\u00e1s acreditados de nuestras islas, Teobaldo M\u00e9ndez, nos sorprende cada a\u00f1o con los dise\u00f1os que salen de su obrador de El Aderno, en Buenavista del Norte. Este a\u00f1o sorprende con huevos de dise\u00f1o y nombres sugerentes como huevo \u201cAzulejo\u201d, ... Read more","og_url":"https:\/\/elcotarro.com\/?p=5267","og_site_name":"El Cotarro","article_publisher":"https:\/\/www.facebook.com\/ElCotarro.Tenerife","article_published_time":"2018-04-01T10:04:16+00:00","og_image":[{"url":"https:\/\/elcotarro.com\/wp-content\/uploads\/2018\/04\/FOTO-1.-TEOBALDO.jpg","type":"","width":"","height":""}],"author":"Jos\u00e9 Carlos Marrero Gonz\u00e1lez","twitter_misc":{"Escrito por":"Jos\u00e9 Carlos Marrero Gonz\u00e1lez","Tiempo de lectura":"1 minuto"},"schema":{"@context":"https:\/\/schema.org","@graph":[{"@type":"Article","@id":"https:\/\/elcotarro.com\/?p=5267#article","isPartOf":{"@id":"https:\/\/elcotarro.com\/?p=5267"},"author":{"name":"Jos\u00e9 Carlos Marrero Gonz\u00e1lez","@id":"https:\/\/elcotarro.com\/#\/schema\/person\/af537ee7d60d15984c7e0affcd8a918b"},"headline":"HUEVO \u201cFRITO\u201d DE PASCUA DE EL ADERNO","datePublished":"2018-04-01T10:04:16+00:00","mainEntityOfPage":{"@id":"https:\/\/elcotarro.com\/?p=5267"},"wordCount":147,"commentCount":0,"publisher":{"@id":"https:\/\/elcotarro.com\/#organization"},"image":{"@id":"https:\/\/elcotarro.com\/?p=5267#primaryimage"},"thumbnailUrl":"https:\/\/elcotarro.com\/wp-content\/uploads\/2018\/04\/FOTO-1.-TEOBALDO.jpg","inLanguage":"es","potentialAction":[{"@type":"CommentAction","name":"Comment","target":["https:\/\/elcotarro.com\/?p=5267#respond"]}]},{"@type":"WebPage","@id":"https:\/\/elcotarro.com\/?p=5267","url":"https:\/\/elcotarro.com\/?p=5267","name":"HUEVO \u201cFRITO\u201d DE PASCUA DE EL ADERNO - El Cotarro","isPartOf":{"@id":"https:\/\/elcotarro.com\/#website"},"primaryImageOfPage":{"@id":"https:\/\/elcotarro.com\/?p=5267#primaryimage"},"image":{"@id":"https:\/\/elcotarro.com\/?p=5267#primaryimage"},"thumbnailUrl":"https:\/\/elcotarro.com\/wp-content\/uploads\/2018\/04\/FOTO-1.-TEOBALDO.jpg","datePublished":"2018-04-01T10:04:16+00:00","breadcrumb":{"@id":"https:\/\/elcotarro.com\/?p=5267#breadcrumb"},"inLanguage":"es","potentialAction":[{"@type":"ReadAction","target":["https:\/\/elcotarro.com\/?p=5267"]}]},{"@type":"ImageObject","inLanguage":"es","@id":"https:\/\/elcotarro.com\/?p=5267#primaryimage","url":"https:\/\/elcotarro.com\/wp-content\/uploads\/2018\/04\/FOTO-1.-TEOBALDO.jpg","contentUrl":"https:\/\/elcotarro.com\/wp-content\/uploads\/2018\/04\/FOTO-1.-TEOBALDO.jpg","width":311,"height":344},{"@type":"BreadcrumbList","@id":"https:\/\/elcotarro.com\/?p=5267#breadcrumb","itemListElement":[{"@type":"ListItem","position":1,"name":"Portada","item":"https:\/\/elcotarro.com\/"},{"@type":"ListItem","position":2,"name":"HUEVO \u201cFRITO\u201d DE PASCUA DE EL ADERNO"}]},{"@type":"WebSite","@id":"https:\/\/elcotarro.com\/#website","url":"https:\/\/elcotarro.com\/","name":"El Cotarro","description":"Peri\u00f3dico Digital Independiente dirigido por Jos\u00e9 Carlos Marrero","publisher":{"@id":"https:\/\/elcotarro.com\/#organization"},"potentialAction":[{"@type":"SearchAction","target":{"@type":"EntryPoint","urlTemplate":"https:\/\/elcotarro.com\/?s={search_term_string}"},"query-input":{"@type":"PropertyValueSpecification","valueRequired":true,"valueName":"search_term_string"}}],"inLanguage":"es"},{"@type":"Organization","@id":"https:\/\/elcotarro.com\/#organization","name":"El Cotarro","url":"https:\/\/elcotarro.com\/","logo":{"@type":"ImageObject","inLanguage":"es","@id":"https:\/\/elcotarro.com\/#\/schema\/logo\/image\/","url":"https:\/\/elcotarro.com\/wp-content\/uploads\/2014\/09\/Cabecera_El_Cotarro_v2.jpg","contentUrl":"https:\/\/elcotarro.com\/wp-content\/uploads\/2014\/09\/Cabecera_El_Cotarro_v2.jpg","width":3540,"height":441,"caption":"El Cotarro"},"image":{"@id":"https:\/\/elcotarro.com\/#\/schema\/logo\/image\/"},"sameAs":["https:\/\/www.facebook.com\/ElCotarro.Tenerife"]},{"@type":"Person","@id":"https:\/\/elcotarro.com\/#\/schema\/person\/af537ee7d60d15984c7e0affcd8a918b","name":"Jos\u00e9 Carlos Marrero Gonz\u00e1lez","image":{"@type":"ImageObject","inLanguage":"es","@id":"https:\/\/elcotarro.com\/#\/schema\/person\/image\/","url":"https:\/\/secure.gravatar.com\/avatar\/def4da036efb5d32c74d49c351f6dccc064dd69ad9f3aadc295c5a9a5391ca01?s=96&d=mm&r=g","contentUrl":"https:\/\/secure.gravatar.com\/avatar\/def4da036efb5d32c74d49c351f6dccc064dd69ad9f3aadc295c5a9a5391ca01?s=96&d=mm&r=g","caption":"Jos\u00e9 Carlos Marrero Gonz\u00e1lez"},"sameAs":["https:\/\/elcotarro.com"],"url":"https:\/\/elcotarro.com\/?author=2"}]}},"jetpack_featured_media_url":"","jetpack_sharing_enabled":true,"_links":{"self":[{"href":"https:\/\/elcotarro.com\/index.php?rest_route=\/wp\/v2\/posts\/5267","targetHints":{"allow":["GET"]}}],"collection":[{"href":"https:\/\/elcotarro.com\/index.php?rest_route=\/wp\/v2\/posts"}],"about":[{"href":"https:\/\/elcotarro.com\/index.php?rest_route=\/wp\/v2\/types\/post"}],"author":[{"embeddable":true,"href":"https:\/\/elcotarro.com\/index.php?rest_route=\/wp\/v2\/users\/2"}],"replies":[{"embeddable":true,"href":"https:\/\/elcotarro.com\/index.php?rest_route=%2Fwp%2Fv2%2Fcomments&post=5267"}],"version-history":[{"count":1,"href":"https:\/\/elcotarro.com\/index.php?rest_route=\/wp\/v2\/posts\/5267\/revisions"}],"predecessor-version":[{"id":5269,"href":"https:\/\/elcotarro.com\/index.php?rest_route=\/wp\/v2\/posts\/5267\/revisions\/5269"}],"wp:attachment":[{"href":"https:\/\/elcotarro.com\/index.php?rest_route=%2Fwp%2Fv2%2Fmedia&parent=5267"}],"wp:term":[{"taxonomy":"category","embeddable":true,"href":"https:\/\/elcotarro.com\/index.php?rest_route=%2Fwp%2Fv2%2Fcategories&post=5267"},{"taxonomy":"post_tag","embeddable":true,"href":"https:\/\/elcotarro.com\/index.php?rest_route=%2Fwp%2Fv2%2Ftags&post=5267"}],"curies":[{"name":"wp","href":"https:\/\/api.w.org\/{rel}","templated":true}]}}