{"id":5351,"date":"2018-04-22T11:02:11","date_gmt":"2018-04-22T10:02:11","guid":{"rendered":"https:\/\/elcotarro.com\/?p=5351"},"modified":"2018-04-22T09:10:55","modified_gmt":"2018-04-22T08:10:55","slug":"tertulias-en-favor-del-arte-canario","status":"publish","type":"post","link":"https:\/\/elcotarro.com\/?p=5351","title":{"rendered":"TERTULIAS EN FAVOR DEL ARTE CANARIO"},"content":{"rendered":"<p>Una iniciativa privada que ya est\u00e1 haciendo mucho y bien por la el arte y la cultura en Tenerife y Canarias. Me refiero al proyecto <em>\u201cDi\u00e1logos con los artistas de la Real Academia Canaria de Bellas Artes de San Miguel Arc\u00e1ngel\u201d<\/em>que, promovidos en el emblem\u00e1tico hotel Bot\u00e1nico del Puerto de la Cruz por su propietario, <strong>Wolfgang Kiessling\u00a0<\/strong>y su esposa <strong>Brigitte<\/strong>, ha cumplido su quinta edici\u00f3n. La atractiva idea de Wolfgang fue ofrecer el marco del Bot\u00e1nico (calificado y conocido ya internacionalmente como hotel-pinacoteca, hotel-museo y hotel-galer\u00eda de arte) para desarrollar tertulias en las que un relevante y destacado artista dialoga con un prestigioso profesor de arte, como en este caso lo es <strong>Fernando Castro Borrego<\/strong>, catedr\u00e1tico de Arte Contempor\u00e1neo de nuestra Universidad de La Laguna (ULL).<\/p>\n<p style=\"text-align: center\"><a href=\"https:\/\/elcotarro.com\/wp-content\/uploads\/2018\/04\/FOTO-4.-DI\u00c1LOGOS-BOT\u00c1NICO.jpg\"><img loading=\"lazy\" decoding=\"async\" class=\"alignnone size-full wp-image-5352\" src=\"https:\/\/elcotarro.com\/wp-content\/uploads\/2018\/04\/FOTO-4.-DI\u00c1LOGOS-BOT\u00c1NICO.jpg\" alt=\"FOTO 4.- DI\u00c1LOGOS BOT\u00c1NICO\" width=\"1980\" height=\"1320\" srcset=\"https:\/\/elcotarro.com\/wp-content\/uploads\/2018\/04\/FOTO-4.-DI\u00c1LOGOS-BOT\u00c1NICO.jpg 1980w, https:\/\/elcotarro.com\/wp-content\/uploads\/2018\/04\/FOTO-4.-DI\u00c1LOGOS-BOT\u00c1NICO-300x200.jpg 300w, https:\/\/elcotarro.com\/wp-content\/uploads\/2018\/04\/FOTO-4.-DI\u00c1LOGOS-BOT\u00c1NICO-1024x683.jpg 1024w\" sizes=\"auto, (max-width: 1980px) 100vw, 1980px\" \/><\/a><\/p>\n<p style=\"text-align: center\"><em>De Izda. a Dcha.:\u2008Carlos Mill\u00e1n Hern\u00e1ndez (presidente de la RACBA), el catedr\u00e1tico Fernando Castro: el artista Ernesto Valc\u00e1rcel; el empresario Wolfgang Kiessling y su esposa Brigitte Kiessling (Foto: Mois\u00e9s P\u00e9rez)<\/em><\/p>\n","protected":false},"excerpt":{"rendered":"<p>Una iniciativa privada que ya est\u00e1 haciendo mucho y bien por la el arte y la cultura en Tenerife y Canarias. Me refiero al proyecto \u201cDi\u00e1logos con los artistas de la Real Academia Canaria de Bellas Artes de San Miguel Arc\u00e1ngel\u201dque, promovidos en el emblem\u00e1tico hotel Bot\u00e1nico del Puerto de la Cruz por su propietario, &#8230; <a class=\"read-more\" href=\"https:\/\/elcotarro.com\/?p=5351\">Read more<\/a><\/p>\n","protected":false},"author":2,"featured_media":0,"comment_status":"open","ping_status":"open","sticky":false,"template":"","format":"standard","meta":{"_jetpack_memberships_contains_paid_content":false,"footnotes":""},"categories":[1],"tags":[],"class_list":["post-5351","post","type-post","status-publish","format-standard","hentry","category-sin-categoria"],"yoast_head":"<!-- This site is optimized with the Yoast SEO plugin v27.0 - https:\/\/yoast.com\/product\/yoast-seo-wordpress\/ -->\n<title>TERTULIAS EN FAVOR DEL ARTE CANARIO - El Cotarro<\/title>\n<meta name=\"robots\" content=\"index, follow, max-snippet:-1, max-image-preview:large, max-video-preview:-1\" \/>\n<link rel=\"canonical\" href=\"https:\/\/elcotarro.com\/?p=5351\" \/>\n<meta property=\"og:locale\" content=\"es_ES\" \/>\n<meta property=\"og:type\" content=\"article\" \/>\n<meta property=\"og:title\" content=\"TERTULIAS EN FAVOR DEL ARTE CANARIO - El Cotarro\" \/>\n<meta property=\"og:description\" content=\"Una iniciativa privada que ya est\u00e1 haciendo mucho y bien por la el arte y la cultura en Tenerife y Canarias. Me refiero al proyecto \u201cDi\u00e1logos con los artistas de la Real Academia Canaria de Bellas Artes de San Miguel Arc\u00e1ngel\u201dque, promovidos en el emblem\u00e1tico hotel Bot\u00e1nico del Puerto de la Cruz por su propietario, ... Read more\" \/>\n<meta property=\"og:url\" content=\"https:\/\/elcotarro.com\/?p=5351\" \/>\n<meta property=\"og:site_name\" content=\"El Cotarro\" \/>\n<meta property=\"article:publisher\" content=\"https:\/\/www.facebook.com\/ElCotarro.Tenerife\" \/>\n<meta property=\"article:published_time\" content=\"2018-04-22T10:02:11+00:00\" \/>\n<meta name=\"author\" content=\"Jos\u00e9 Carlos Marrero Gonz\u00e1lez\" \/>\n<meta name=\"twitter:label1\" content=\"Escrito por\" \/>\n\t<meta name=\"twitter:data1\" content=\"Jos\u00e9 Carlos Marrero Gonz\u00e1lez\" \/>\n\t<meta name=\"twitter:label2\" content=\"Tiempo de lectura\" \/>\n\t<meta name=\"twitter:data2\" content=\"1 minuto\" \/>\n<script type=\"application\/ld+json\" class=\"yoast-schema-graph\">{\"@context\":\"https:\/\/schema.org\",\"@graph\":[{\"@type\":\"Article\",\"@id\":\"https:\/\/elcotarro.com\/?p=5351#article\",\"isPartOf\":{\"@id\":\"https:\/\/elcotarro.com\/?p=5351\"},\"author\":{\"name\":\"Jos\u00e9 Carlos Marrero Gonz\u00e1lez\",\"@id\":\"https:\/\/elcotarro.com\/#\/schema\/person\/af537ee7d60d15984c7e0affcd8a918b\"},\"headline\":\"TERTULIAS EN FAVOR DEL ARTE CANARIO\",\"datePublished\":\"2018-04-22T10:02:11+00:00\",\"mainEntityOfPage\":{\"@id\":\"https:\/\/elcotarro.com\/?p=5351\"},\"wordCount\":180,\"commentCount\":0,\"publisher\":{\"@id\":\"https:\/\/elcotarro.com\/#organization\"},\"inLanguage\":\"es\",\"potentialAction\":[{\"@type\":\"CommentAction\",\"name\":\"Comment\",\"target\":[\"https:\/\/elcotarro.com\/?p=5351#respond\"]}]},{\"@type\":\"WebPage\",\"@id\":\"https:\/\/elcotarro.com\/?p=5351\",\"url\":\"https:\/\/elcotarro.com\/?p=5351\",\"name\":\"TERTULIAS EN FAVOR DEL ARTE CANARIO - El Cotarro\",\"isPartOf\":{\"@id\":\"https:\/\/elcotarro.com\/#website\"},\"datePublished\":\"2018-04-22T10:02:11+00:00\",\"breadcrumb\":{\"@id\":\"https:\/\/elcotarro.com\/?p=5351#breadcrumb\"},\"inLanguage\":\"es\",\"potentialAction\":[{\"@type\":\"ReadAction\",\"target\":[\"https:\/\/elcotarro.com\/?p=5351\"]}]},{\"@type\":\"BreadcrumbList\",\"@id\":\"https:\/\/elcotarro.com\/?p=5351#breadcrumb\",\"itemListElement\":[{\"@type\":\"ListItem\",\"position\":1,\"name\":\"Portada\",\"item\":\"https:\/\/elcotarro.com\/\"},{\"@type\":\"ListItem\",\"position\":2,\"name\":\"TERTULIAS EN FAVOR DEL ARTE CANARIO\"}]},{\"@type\":\"WebSite\",\"@id\":\"https:\/\/elcotarro.com\/#website\",\"url\":\"https:\/\/elcotarro.com\/\",\"name\":\"El Cotarro\",\"description\":\"Peri\u00f3dico Digital Independiente dirigido por Jos\u00e9 Carlos Marrero\",\"publisher\":{\"@id\":\"https:\/\/elcotarro.com\/#organization\"},\"potentialAction\":[{\"@type\":\"SearchAction\",\"target\":{\"@type\":\"EntryPoint\",\"urlTemplate\":\"https:\/\/elcotarro.com\/?s={search_term_string}\"},\"query-input\":{\"@type\":\"PropertyValueSpecification\",\"valueRequired\":true,\"valueName\":\"search_term_string\"}}],\"inLanguage\":\"es\"},{\"@type\":\"Organization\",\"@id\":\"https:\/\/elcotarro.com\/#organization\",\"name\":\"El Cotarro\",\"url\":\"https:\/\/elcotarro.com\/\",\"logo\":{\"@type\":\"ImageObject\",\"inLanguage\":\"es\",\"@id\":\"https:\/\/elcotarro.com\/#\/schema\/logo\/image\/\",\"url\":\"https:\/\/elcotarro.com\/wp-content\/uploads\/2014\/09\/Cabecera_El_Cotarro_v2.jpg\",\"contentUrl\":\"https:\/\/elcotarro.com\/wp-content\/uploads\/2014\/09\/Cabecera_El_Cotarro_v2.jpg\",\"width\":3540,\"height\":441,\"caption\":\"El Cotarro\"},\"image\":{\"@id\":\"https:\/\/elcotarro.com\/#\/schema\/logo\/image\/\"},\"sameAs\":[\"https:\/\/www.facebook.com\/ElCotarro.Tenerife\"]},{\"@type\":\"Person\",\"@id\":\"https:\/\/elcotarro.com\/#\/schema\/person\/af537ee7d60d15984c7e0affcd8a918b\",\"name\":\"Jos\u00e9 Carlos Marrero Gonz\u00e1lez\",\"image\":{\"@type\":\"ImageObject\",\"inLanguage\":\"es\",\"@id\":\"https:\/\/elcotarro.com\/#\/schema\/person\/image\/\",\"url\":\"https:\/\/secure.gravatar.com\/avatar\/def4da036efb5d32c74d49c351f6dccc064dd69ad9f3aadc295c5a9a5391ca01?s=96&d=mm&r=g\",\"contentUrl\":\"https:\/\/secure.gravatar.com\/avatar\/def4da036efb5d32c74d49c351f6dccc064dd69ad9f3aadc295c5a9a5391ca01?s=96&d=mm&r=g\",\"caption\":\"Jos\u00e9 Carlos Marrero Gonz\u00e1lez\"},\"sameAs\":[\"https:\/\/elcotarro.com\"],\"url\":\"https:\/\/elcotarro.com\/?author=2\"}]}<\/script>\n<!-- \/ Yoast SEO plugin. -->","yoast_head_json":{"title":"TERTULIAS EN FAVOR DEL ARTE CANARIO - El Cotarro","robots":{"index":"index","follow":"follow","max-snippet":"max-snippet:-1","max-image-preview":"max-image-preview:large","max-video-preview":"max-video-preview:-1"},"canonical":"https:\/\/elcotarro.com\/?p=5351","og_locale":"es_ES","og_type":"article","og_title":"TERTULIAS EN FAVOR DEL ARTE CANARIO - El Cotarro","og_description":"Una iniciativa privada que ya est\u00e1 haciendo mucho y bien por la el arte y la cultura en Tenerife y Canarias. Me refiero al proyecto \u201cDi\u00e1logos con los artistas de la Real Academia Canaria de Bellas Artes de San Miguel Arc\u00e1ngel\u201dque, promovidos en el emblem\u00e1tico hotel Bot\u00e1nico del Puerto de la Cruz por su propietario, ... Read more","og_url":"https:\/\/elcotarro.com\/?p=5351","og_site_name":"El Cotarro","article_publisher":"https:\/\/www.facebook.com\/ElCotarro.Tenerife","article_published_time":"2018-04-22T10:02:11+00:00","author":"Jos\u00e9 Carlos Marrero Gonz\u00e1lez","twitter_misc":{"Escrito por":"Jos\u00e9 Carlos Marrero Gonz\u00e1lez","Tiempo de lectura":"1 minuto"},"schema":{"@context":"https:\/\/schema.org","@graph":[{"@type":"Article","@id":"https:\/\/elcotarro.com\/?p=5351#article","isPartOf":{"@id":"https:\/\/elcotarro.com\/?p=5351"},"author":{"name":"Jos\u00e9 Carlos Marrero Gonz\u00e1lez","@id":"https:\/\/elcotarro.com\/#\/schema\/person\/af537ee7d60d15984c7e0affcd8a918b"},"headline":"TERTULIAS EN FAVOR DEL ARTE CANARIO","datePublished":"2018-04-22T10:02:11+00:00","mainEntityOfPage":{"@id":"https:\/\/elcotarro.com\/?p=5351"},"wordCount":180,"commentCount":0,"publisher":{"@id":"https:\/\/elcotarro.com\/#organization"},"inLanguage":"es","potentialAction":[{"@type":"CommentAction","name":"Comment","target":["https:\/\/elcotarro.com\/?p=5351#respond"]}]},{"@type":"WebPage","@id":"https:\/\/elcotarro.com\/?p=5351","url":"https:\/\/elcotarro.com\/?p=5351","name":"TERTULIAS EN FAVOR DEL ARTE CANARIO - El Cotarro","isPartOf":{"@id":"https:\/\/elcotarro.com\/#website"},"datePublished":"2018-04-22T10:02:11+00:00","breadcrumb":{"@id":"https:\/\/elcotarro.com\/?p=5351#breadcrumb"},"inLanguage":"es","potentialAction":[{"@type":"ReadAction","target":["https:\/\/elcotarro.com\/?p=5351"]}]},{"@type":"BreadcrumbList","@id":"https:\/\/elcotarro.com\/?p=5351#breadcrumb","itemListElement":[{"@type":"ListItem","position":1,"name":"Portada","item":"https:\/\/elcotarro.com\/"},{"@type":"ListItem","position":2,"name":"TERTULIAS EN FAVOR DEL ARTE CANARIO"}]},{"@type":"WebSite","@id":"https:\/\/elcotarro.com\/#website","url":"https:\/\/elcotarro.com\/","name":"El Cotarro","description":"Peri\u00f3dico Digital Independiente dirigido por Jos\u00e9 Carlos Marrero","publisher":{"@id":"https:\/\/elcotarro.com\/#organization"},"potentialAction":[{"@type":"SearchAction","target":{"@type":"EntryPoint","urlTemplate":"https:\/\/elcotarro.com\/?s={search_term_string}"},"query-input":{"@type":"PropertyValueSpecification","valueRequired":true,"valueName":"search_term_string"}}],"inLanguage":"es"},{"@type":"Organization","@id":"https:\/\/elcotarro.com\/#organization","name":"El Cotarro","url":"https:\/\/elcotarro.com\/","logo":{"@type":"ImageObject","inLanguage":"es","@id":"https:\/\/elcotarro.com\/#\/schema\/logo\/image\/","url":"https:\/\/elcotarro.com\/wp-content\/uploads\/2014\/09\/Cabecera_El_Cotarro_v2.jpg","contentUrl":"https:\/\/elcotarro.com\/wp-content\/uploads\/2014\/09\/Cabecera_El_Cotarro_v2.jpg","width":3540,"height":441,"caption":"El Cotarro"},"image":{"@id":"https:\/\/elcotarro.com\/#\/schema\/logo\/image\/"},"sameAs":["https:\/\/www.facebook.com\/ElCotarro.Tenerife"]},{"@type":"Person","@id":"https:\/\/elcotarro.com\/#\/schema\/person\/af537ee7d60d15984c7e0affcd8a918b","name":"Jos\u00e9 Carlos Marrero Gonz\u00e1lez","image":{"@type":"ImageObject","inLanguage":"es","@id":"https:\/\/elcotarro.com\/#\/schema\/person\/image\/","url":"https:\/\/secure.gravatar.com\/avatar\/def4da036efb5d32c74d49c351f6dccc064dd69ad9f3aadc295c5a9a5391ca01?s=96&d=mm&r=g","contentUrl":"https:\/\/secure.gravatar.com\/avatar\/def4da036efb5d32c74d49c351f6dccc064dd69ad9f3aadc295c5a9a5391ca01?s=96&d=mm&r=g","caption":"Jos\u00e9 Carlos Marrero Gonz\u00e1lez"},"sameAs":["https:\/\/elcotarro.com"],"url":"https:\/\/elcotarro.com\/?author=2"}]}},"jetpack_featured_media_url":"","jetpack_sharing_enabled":true,"_links":{"self":[{"href":"https:\/\/elcotarro.com\/index.php?rest_route=\/wp\/v2\/posts\/5351","targetHints":{"allow":["GET"]}}],"collection":[{"href":"https:\/\/elcotarro.com\/index.php?rest_route=\/wp\/v2\/posts"}],"about":[{"href":"https:\/\/elcotarro.com\/index.php?rest_route=\/wp\/v2\/types\/post"}],"author":[{"embeddable":true,"href":"https:\/\/elcotarro.com\/index.php?rest_route=\/wp\/v2\/users\/2"}],"replies":[{"embeddable":true,"href":"https:\/\/elcotarro.com\/index.php?rest_route=%2Fwp%2Fv2%2Fcomments&post=5351"}],"version-history":[{"count":1,"href":"https:\/\/elcotarro.com\/index.php?rest_route=\/wp\/v2\/posts\/5351\/revisions"}],"predecessor-version":[{"id":5353,"href":"https:\/\/elcotarro.com\/index.php?rest_route=\/wp\/v2\/posts\/5351\/revisions\/5353"}],"wp:attachment":[{"href":"https:\/\/elcotarro.com\/index.php?rest_route=%2Fwp%2Fv2%2Fmedia&parent=5351"}],"wp:term":[{"taxonomy":"category","embeddable":true,"href":"https:\/\/elcotarro.com\/index.php?rest_route=%2Fwp%2Fv2%2Fcategories&post=5351"},{"taxonomy":"post_tag","embeddable":true,"href":"https:\/\/elcotarro.com\/index.php?rest_route=%2Fwp%2Fv2%2Ftags&post=5351"}],"curies":[{"name":"wp","href":"https:\/\/api.w.org\/{rel}","templated":true}]}}