{"id":5406,"date":"2018-05-06T11:00:01","date_gmt":"2018-05-06T10:00:01","guid":{"rendered":"https:\/\/elcotarro.com\/?p=5406"},"modified":"2018-05-06T11:07:26","modified_gmt":"2018-05-06T10:07:26","slug":"la-tuna-de-medicina-a-por-los-50-anos","status":"publish","type":"post","link":"https:\/\/elcotarro.com\/?p=5406","title":{"rendered":"LA TUNA DE MEDICINA, A POR LOS 50 A\u00d1OS"},"content":{"rendered":"<p>Una \u00faltima y sencilla rese\u00f1a para adelantarles que nuestra querida y popular Tuna de Medicina de la Universidad de La Laguna (fundada en 1969), se acerca a sus primeros 50 a\u00f1os de vida y ya como \u201cTuna Decana de Canarias\u201d. Para calentar motores, el pr\u00f3ximo fin de semana va a ser la organizadora del V\u2008Certamen de Tunas Universitarias \u201cCiudad de Santa Cruz\u201d. La Tuna de Medicina, presidida actualmente por <strong>Jos\u00e9 \u00c1ngel Torres (\u201cGroucho\u201d)\u00a0<\/strong>con <strong>Alejandro Lemus (\u201cTalio\u201d)\u00a0<\/strong>como director Musical, prepara para el viernes y s\u00e1bado (11 y 12 de mayo) un atractivo programa de actos con la participaci\u00f3n de la Tuna Femenina de La Laguna, la Tuna de Inform\u00e1tica, la de Econ\u00f3micas y, como invitada especial, la Tuna de la Universidad de Las Palmas. Toda la informaci\u00f3n, con los lugares y horarios de los pasacalles y actuaciones est\u00e1 en <a href=\"http:\/\/www.tunamedull.es\" target=\"_blank\">www.tunamedull.es<\/a><\/p>\n<p style=\"text-align: center;\"><a href=\"https:\/\/elcotarro.com\/wp-content\/uploads\/2018\/05\/FOTO-6.-TUNA-ULL.jpg\"><img loading=\"lazy\" decoding=\"async\" class=\"alignnone size-full wp-image-5407\" src=\"https:\/\/elcotarro.com\/wp-content\/uploads\/2018\/05\/FOTO-6.-TUNA-ULL.jpg\" alt=\"FOTO 6.- TUNA ULL\" width=\"1600\" height=\"1200\" srcset=\"https:\/\/elcotarro.com\/wp-content\/uploads\/2018\/05\/FOTO-6.-TUNA-ULL.jpg 1600w, https:\/\/elcotarro.com\/wp-content\/uploads\/2018\/05\/FOTO-6.-TUNA-ULL-300x225.jpg 300w, https:\/\/elcotarro.com\/wp-content\/uploads\/2018\/05\/FOTO-6.-TUNA-ULL-1024x768.jpg 1024w\" sizes=\"auto, (max-width: 1600px) 100vw, 1600px\" \/><\/a><\/p>\n<p style=\"text-align: center;\"><em>Parte de los actuales y veteranos miembros de la Muy Ilustre, Decana, Nocturna y Andariega Tuna de Medicina de la Universidad de La Laguna, que el pr\u00f3ximo fin de semana celebrar\u00e1 su V\u2008Certamen en Santa Cruz de Tenerife.<\/em><\/p>\n<p style=\"text-align: center;\"><a href=\"http:\/\/www.careca.es\/\" target=\"_blank\"><img loading=\"lazy\" decoding=\"async\" class=\"size-full wp-image-2216 aligncenter\" src=\"https:\/\/elcotarro.com\/wp-content\/uploads\/2016\/07\/InsulacafeElCotarro.jpg\" alt=\"Bnn_Careca\" width=\"750\" height=\"150\" \/><\/a><\/p>\n","protected":false},"excerpt":{"rendered":"<p>Una \u00faltima y sencilla rese\u00f1a para adelantarles que nuestra querida y popular Tuna de Medicina de la Universidad de La Laguna (fundada en 1969), se acerca a sus primeros 50 a\u00f1os de vida y ya como \u201cTuna Decana de Canarias\u201d. Para calentar motores, el pr\u00f3ximo fin de semana va a ser la organizadora del V\u2008Certamen &#8230; <a class=\"read-more\" href=\"https:\/\/elcotarro.com\/?p=5406\">Read more<\/a><\/p>\n","protected":false},"author":2,"featured_media":0,"comment_status":"open","ping_status":"open","sticky":false,"template":"","format":"standard","meta":{"_jetpack_memberships_contains_paid_content":false,"footnotes":""},"categories":[1],"tags":[],"class_list":["post-5406","post","type-post","status-publish","format-standard","hentry","category-sin-categoria"],"yoast_head":"<!-- This site is optimized with the Yoast SEO plugin v27.0 - https:\/\/yoast.com\/product\/yoast-seo-wordpress\/ -->\n<title>LA TUNA DE MEDICINA, A POR LOS 50 A\u00d1OS - El Cotarro<\/title>\n<meta name=\"robots\" content=\"index, follow, max-snippet:-1, max-image-preview:large, max-video-preview:-1\" \/>\n<link rel=\"canonical\" href=\"https:\/\/elcotarro.com\/?p=5406\" \/>\n<meta property=\"og:locale\" content=\"es_ES\" \/>\n<meta property=\"og:type\" content=\"article\" \/>\n<meta property=\"og:title\" content=\"LA TUNA DE MEDICINA, A POR LOS 50 A\u00d1OS - El Cotarro\" \/>\n<meta property=\"og:description\" content=\"Una \u00faltima y sencilla rese\u00f1a para adelantarles que nuestra querida y popular Tuna de Medicina de la Universidad de La Laguna (fundada en 1969), se acerca a sus primeros 50 a\u00f1os de vida y ya como \u201cTuna Decana de Canarias\u201d. Para calentar motores, el pr\u00f3ximo fin de semana va a ser la organizadora del V\u2008Certamen ... Read more\" \/>\n<meta property=\"og:url\" content=\"https:\/\/elcotarro.com\/?p=5406\" \/>\n<meta property=\"og:site_name\" content=\"El Cotarro\" \/>\n<meta property=\"article:publisher\" content=\"https:\/\/www.facebook.com\/ElCotarro.Tenerife\" \/>\n<meta property=\"article:published_time\" content=\"2018-05-06T10:00:01+00:00\" \/>\n<meta property=\"article:modified_time\" content=\"2018-05-06T10:07:26+00:00\" \/>\n<meta property=\"og:image\" content=\"https:\/\/elcotarro.com\/wp-content\/uploads\/2018\/05\/FOTO-6.-TUNA-ULL.jpg\" \/>\n<meta name=\"author\" content=\"Jos\u00e9 Carlos Marrero Gonz\u00e1lez\" \/>\n<meta name=\"twitter:label1\" content=\"Escrito por\" \/>\n\t<meta name=\"twitter:data1\" content=\"Jos\u00e9 Carlos Marrero Gonz\u00e1lez\" \/>\n\t<meta name=\"twitter:label2\" content=\"Tiempo de lectura\" \/>\n\t<meta name=\"twitter:data2\" content=\"1 minuto\" \/>\n<script type=\"application\/ld+json\" class=\"yoast-schema-graph\">{\"@context\":\"https:\/\/schema.org\",\"@graph\":[{\"@type\":\"Article\",\"@id\":\"https:\/\/elcotarro.com\/?p=5406#article\",\"isPartOf\":{\"@id\":\"https:\/\/elcotarro.com\/?p=5406\"},\"author\":{\"name\":\"Jos\u00e9 Carlos Marrero Gonz\u00e1lez\",\"@id\":\"https:\/\/elcotarro.com\/#\/schema\/person\/af537ee7d60d15984c7e0affcd8a918b\"},\"headline\":\"LA TUNA DE MEDICINA, A POR LOS 50 A\u00d1OS\",\"datePublished\":\"2018-05-06T10:00:01+00:00\",\"dateModified\":\"2018-05-06T10:07:26+00:00\",\"mainEntityOfPage\":{\"@id\":\"https:\/\/elcotarro.com\/?p=5406\"},\"wordCount\":197,\"commentCount\":0,\"publisher\":{\"@id\":\"https:\/\/elcotarro.com\/#organization\"},\"image\":{\"@id\":\"https:\/\/elcotarro.com\/?p=5406#primaryimage\"},\"thumbnailUrl\":\"https:\/\/elcotarro.com\/wp-content\/uploads\/2018\/05\/FOTO-6.-TUNA-ULL.jpg\",\"inLanguage\":\"es\",\"potentialAction\":[{\"@type\":\"CommentAction\",\"name\":\"Comment\",\"target\":[\"https:\/\/elcotarro.com\/?p=5406#respond\"]}]},{\"@type\":\"WebPage\",\"@id\":\"https:\/\/elcotarro.com\/?p=5406\",\"url\":\"https:\/\/elcotarro.com\/?p=5406\",\"name\":\"LA TUNA DE MEDICINA, A POR LOS 50 A\u00d1OS - El Cotarro\",\"isPartOf\":{\"@id\":\"https:\/\/elcotarro.com\/#website\"},\"primaryImageOfPage\":{\"@id\":\"https:\/\/elcotarro.com\/?p=5406#primaryimage\"},\"image\":{\"@id\":\"https:\/\/elcotarro.com\/?p=5406#primaryimage\"},\"thumbnailUrl\":\"https:\/\/elcotarro.com\/wp-content\/uploads\/2018\/05\/FOTO-6.-TUNA-ULL.jpg\",\"datePublished\":\"2018-05-06T10:00:01+00:00\",\"dateModified\":\"2018-05-06T10:07:26+00:00\",\"breadcrumb\":{\"@id\":\"https:\/\/elcotarro.com\/?p=5406#breadcrumb\"},\"inLanguage\":\"es\",\"potentialAction\":[{\"@type\":\"ReadAction\",\"target\":[\"https:\/\/elcotarro.com\/?p=5406\"]}]},{\"@type\":\"ImageObject\",\"inLanguage\":\"es\",\"@id\":\"https:\/\/elcotarro.com\/?p=5406#primaryimage\",\"url\":\"https:\/\/elcotarro.com\/wp-content\/uploads\/2018\/05\/FOTO-6.-TUNA-ULL.jpg\",\"contentUrl\":\"https:\/\/elcotarro.com\/wp-content\/uploads\/2018\/05\/FOTO-6.-TUNA-ULL.jpg\",\"width\":1600,\"height\":1200},{\"@type\":\"BreadcrumbList\",\"@id\":\"https:\/\/elcotarro.com\/?p=5406#breadcrumb\",\"itemListElement\":[{\"@type\":\"ListItem\",\"position\":1,\"name\":\"Portada\",\"item\":\"https:\/\/elcotarro.com\/\"},{\"@type\":\"ListItem\",\"position\":2,\"name\":\"LA TUNA DE MEDICINA, A POR LOS 50 A\u00d1OS\"}]},{\"@type\":\"WebSite\",\"@id\":\"https:\/\/elcotarro.com\/#website\",\"url\":\"https:\/\/elcotarro.com\/\",\"name\":\"El Cotarro\",\"description\":\"Peri\u00f3dico Digital Independiente dirigido por Jos\u00e9 Carlos Marrero\",\"publisher\":{\"@id\":\"https:\/\/elcotarro.com\/#organization\"},\"potentialAction\":[{\"@type\":\"SearchAction\",\"target\":{\"@type\":\"EntryPoint\",\"urlTemplate\":\"https:\/\/elcotarro.com\/?s={search_term_string}\"},\"query-input\":{\"@type\":\"PropertyValueSpecification\",\"valueRequired\":true,\"valueName\":\"search_term_string\"}}],\"inLanguage\":\"es\"},{\"@type\":\"Organization\",\"@id\":\"https:\/\/elcotarro.com\/#organization\",\"name\":\"El Cotarro\",\"url\":\"https:\/\/elcotarro.com\/\",\"logo\":{\"@type\":\"ImageObject\",\"inLanguage\":\"es\",\"@id\":\"https:\/\/elcotarro.com\/#\/schema\/logo\/image\/\",\"url\":\"https:\/\/elcotarro.com\/wp-content\/uploads\/2014\/09\/Cabecera_El_Cotarro_v2.jpg\",\"contentUrl\":\"https:\/\/elcotarro.com\/wp-content\/uploads\/2014\/09\/Cabecera_El_Cotarro_v2.jpg\",\"width\":3540,\"height\":441,\"caption\":\"El Cotarro\"},\"image\":{\"@id\":\"https:\/\/elcotarro.com\/#\/schema\/logo\/image\/\"},\"sameAs\":[\"https:\/\/www.facebook.com\/ElCotarro.Tenerife\"]},{\"@type\":\"Person\",\"@id\":\"https:\/\/elcotarro.com\/#\/schema\/person\/af537ee7d60d15984c7e0affcd8a918b\",\"name\":\"Jos\u00e9 Carlos Marrero Gonz\u00e1lez\",\"image\":{\"@type\":\"ImageObject\",\"inLanguage\":\"es\",\"@id\":\"https:\/\/elcotarro.com\/#\/schema\/person\/image\/\",\"url\":\"https:\/\/secure.gravatar.com\/avatar\/def4da036efb5d32c74d49c351f6dccc064dd69ad9f3aadc295c5a9a5391ca01?s=96&d=mm&r=g\",\"contentUrl\":\"https:\/\/secure.gravatar.com\/avatar\/def4da036efb5d32c74d49c351f6dccc064dd69ad9f3aadc295c5a9a5391ca01?s=96&d=mm&r=g\",\"caption\":\"Jos\u00e9 Carlos Marrero Gonz\u00e1lez\"},\"sameAs\":[\"https:\/\/elcotarro.com\"],\"url\":\"https:\/\/elcotarro.com\/?author=2\"}]}<\/script>\n<!-- \/ Yoast SEO plugin. -->","yoast_head_json":{"title":"LA TUNA DE MEDICINA, A POR LOS 50 A\u00d1OS - El Cotarro","robots":{"index":"index","follow":"follow","max-snippet":"max-snippet:-1","max-image-preview":"max-image-preview:large","max-video-preview":"max-video-preview:-1"},"canonical":"https:\/\/elcotarro.com\/?p=5406","og_locale":"es_ES","og_type":"article","og_title":"LA TUNA DE MEDICINA, A POR LOS 50 A\u00d1OS - El Cotarro","og_description":"Una \u00faltima y sencilla rese\u00f1a para adelantarles que nuestra querida y popular Tuna de Medicina de la Universidad de La Laguna (fundada en 1969), se acerca a sus primeros 50 a\u00f1os de vida y ya como \u201cTuna Decana de Canarias\u201d. Para calentar motores, el pr\u00f3ximo fin de semana va a ser la organizadora del V\u2008Certamen ... Read more","og_url":"https:\/\/elcotarro.com\/?p=5406","og_site_name":"El Cotarro","article_publisher":"https:\/\/www.facebook.com\/ElCotarro.Tenerife","article_published_time":"2018-05-06T10:00:01+00:00","article_modified_time":"2018-05-06T10:07:26+00:00","og_image":[{"url":"https:\/\/elcotarro.com\/wp-content\/uploads\/2018\/05\/FOTO-6.-TUNA-ULL.jpg","type":"","width":"","height":""}],"author":"Jos\u00e9 Carlos Marrero Gonz\u00e1lez","twitter_misc":{"Escrito por":"Jos\u00e9 Carlos Marrero Gonz\u00e1lez","Tiempo de lectura":"1 minuto"},"schema":{"@context":"https:\/\/schema.org","@graph":[{"@type":"Article","@id":"https:\/\/elcotarro.com\/?p=5406#article","isPartOf":{"@id":"https:\/\/elcotarro.com\/?p=5406"},"author":{"name":"Jos\u00e9 Carlos Marrero Gonz\u00e1lez","@id":"https:\/\/elcotarro.com\/#\/schema\/person\/af537ee7d60d15984c7e0affcd8a918b"},"headline":"LA TUNA DE MEDICINA, A POR LOS 50 A\u00d1OS","datePublished":"2018-05-06T10:00:01+00:00","dateModified":"2018-05-06T10:07:26+00:00","mainEntityOfPage":{"@id":"https:\/\/elcotarro.com\/?p=5406"},"wordCount":197,"commentCount":0,"publisher":{"@id":"https:\/\/elcotarro.com\/#organization"},"image":{"@id":"https:\/\/elcotarro.com\/?p=5406#primaryimage"},"thumbnailUrl":"https:\/\/elcotarro.com\/wp-content\/uploads\/2018\/05\/FOTO-6.-TUNA-ULL.jpg","inLanguage":"es","potentialAction":[{"@type":"CommentAction","name":"Comment","target":["https:\/\/elcotarro.com\/?p=5406#respond"]}]},{"@type":"WebPage","@id":"https:\/\/elcotarro.com\/?p=5406","url":"https:\/\/elcotarro.com\/?p=5406","name":"LA TUNA DE MEDICINA, A POR LOS 50 A\u00d1OS - El Cotarro","isPartOf":{"@id":"https:\/\/elcotarro.com\/#website"},"primaryImageOfPage":{"@id":"https:\/\/elcotarro.com\/?p=5406#primaryimage"},"image":{"@id":"https:\/\/elcotarro.com\/?p=5406#primaryimage"},"thumbnailUrl":"https:\/\/elcotarro.com\/wp-content\/uploads\/2018\/05\/FOTO-6.-TUNA-ULL.jpg","datePublished":"2018-05-06T10:00:01+00:00","dateModified":"2018-05-06T10:07:26+00:00","breadcrumb":{"@id":"https:\/\/elcotarro.com\/?p=5406#breadcrumb"},"inLanguage":"es","potentialAction":[{"@type":"ReadAction","target":["https:\/\/elcotarro.com\/?p=5406"]}]},{"@type":"ImageObject","inLanguage":"es","@id":"https:\/\/elcotarro.com\/?p=5406#primaryimage","url":"https:\/\/elcotarro.com\/wp-content\/uploads\/2018\/05\/FOTO-6.-TUNA-ULL.jpg","contentUrl":"https:\/\/elcotarro.com\/wp-content\/uploads\/2018\/05\/FOTO-6.-TUNA-ULL.jpg","width":1600,"height":1200},{"@type":"BreadcrumbList","@id":"https:\/\/elcotarro.com\/?p=5406#breadcrumb","itemListElement":[{"@type":"ListItem","position":1,"name":"Portada","item":"https:\/\/elcotarro.com\/"},{"@type":"ListItem","position":2,"name":"LA TUNA DE MEDICINA, A POR LOS 50 A\u00d1OS"}]},{"@type":"WebSite","@id":"https:\/\/elcotarro.com\/#website","url":"https:\/\/elcotarro.com\/","name":"El Cotarro","description":"Peri\u00f3dico Digital Independiente dirigido por Jos\u00e9 Carlos Marrero","publisher":{"@id":"https:\/\/elcotarro.com\/#organization"},"potentialAction":[{"@type":"SearchAction","target":{"@type":"EntryPoint","urlTemplate":"https:\/\/elcotarro.com\/?s={search_term_string}"},"query-input":{"@type":"PropertyValueSpecification","valueRequired":true,"valueName":"search_term_string"}}],"inLanguage":"es"},{"@type":"Organization","@id":"https:\/\/elcotarro.com\/#organization","name":"El Cotarro","url":"https:\/\/elcotarro.com\/","logo":{"@type":"ImageObject","inLanguage":"es","@id":"https:\/\/elcotarro.com\/#\/schema\/logo\/image\/","url":"https:\/\/elcotarro.com\/wp-content\/uploads\/2014\/09\/Cabecera_El_Cotarro_v2.jpg","contentUrl":"https:\/\/elcotarro.com\/wp-content\/uploads\/2014\/09\/Cabecera_El_Cotarro_v2.jpg","width":3540,"height":441,"caption":"El Cotarro"},"image":{"@id":"https:\/\/elcotarro.com\/#\/schema\/logo\/image\/"},"sameAs":["https:\/\/www.facebook.com\/ElCotarro.Tenerife"]},{"@type":"Person","@id":"https:\/\/elcotarro.com\/#\/schema\/person\/af537ee7d60d15984c7e0affcd8a918b","name":"Jos\u00e9 Carlos Marrero Gonz\u00e1lez","image":{"@type":"ImageObject","inLanguage":"es","@id":"https:\/\/elcotarro.com\/#\/schema\/person\/image\/","url":"https:\/\/secure.gravatar.com\/avatar\/def4da036efb5d32c74d49c351f6dccc064dd69ad9f3aadc295c5a9a5391ca01?s=96&d=mm&r=g","contentUrl":"https:\/\/secure.gravatar.com\/avatar\/def4da036efb5d32c74d49c351f6dccc064dd69ad9f3aadc295c5a9a5391ca01?s=96&d=mm&r=g","caption":"Jos\u00e9 Carlos Marrero Gonz\u00e1lez"},"sameAs":["https:\/\/elcotarro.com"],"url":"https:\/\/elcotarro.com\/?author=2"}]}},"jetpack_featured_media_url":"","jetpack_sharing_enabled":true,"_links":{"self":[{"href":"https:\/\/elcotarro.com\/index.php?rest_route=\/wp\/v2\/posts\/5406","targetHints":{"allow":["GET"]}}],"collection":[{"href":"https:\/\/elcotarro.com\/index.php?rest_route=\/wp\/v2\/posts"}],"about":[{"href":"https:\/\/elcotarro.com\/index.php?rest_route=\/wp\/v2\/types\/post"}],"author":[{"embeddable":true,"href":"https:\/\/elcotarro.com\/index.php?rest_route=\/wp\/v2\/users\/2"}],"replies":[{"embeddable":true,"href":"https:\/\/elcotarro.com\/index.php?rest_route=%2Fwp%2Fv2%2Fcomments&post=5406"}],"version-history":[{"count":2,"href":"https:\/\/elcotarro.com\/index.php?rest_route=\/wp\/v2\/posts\/5406\/revisions"}],"predecessor-version":[{"id":5414,"href":"https:\/\/elcotarro.com\/index.php?rest_route=\/wp\/v2\/posts\/5406\/revisions\/5414"}],"wp:attachment":[{"href":"https:\/\/elcotarro.com\/index.php?rest_route=%2Fwp%2Fv2%2Fmedia&parent=5406"}],"wp:term":[{"taxonomy":"category","embeddable":true,"href":"https:\/\/elcotarro.com\/index.php?rest_route=%2Fwp%2Fv2%2Fcategories&post=5406"},{"taxonomy":"post_tag","embeddable":true,"href":"https:\/\/elcotarro.com\/index.php?rest_route=%2Fwp%2Fv2%2Ftags&post=5406"}],"curies":[{"name":"wp","href":"https:\/\/api.w.org\/{rel}","templated":true}]}}