{"id":543,"date":"2014-12-14T12:01:27","date_gmt":"2014-12-14T12:01:27","guid":{"rendered":"https:\/\/elcotarro.com\/?p=543"},"modified":"2014-12-14T10:32:00","modified_gmt":"2014-12-14T10:32:00","slug":"calle-vicente-alvarez","status":"publish","type":"post","link":"https:\/\/elcotarro.com\/?p=543","title":{"rendered":"CALLE PARA VICENTE \u00c1LVAREZ"},"content":{"rendered":"<p>\u2666 El pr\u00f3ximo mi\u00e9rcoles, a las 18:00 horas, una \u201casignatura pendiente\u201d desde hace a\u00f1os quedar\u00e1, por fin, definitivamente aprobada&#8230; A partir de esa hora, una calle de Santa Cruz de Tenerife llevar\u00e1 el nombre del muy respetado y recordado <strong>Vicente \u00c1lvarez Pedreira<\/strong> (Q.e.p.d.) el prestigioso abogado y mejor persona que fue en la etapa preauton\u00f3mica presidente de la Junta de Canarias en 1980&#8230; En el acto, que ser\u00e1 presidido por el alcalde <strong>Jos\u00e9 Manuel Berm\u00fadez<\/strong>, seguro que estar\u00e1 presente su viuda <strong>Leonor Gil<\/strong>, junto a sus tres hijos: <strong>Vicente<\/strong> (tambi\u00e9n gran abogado, que dirige actualmente el prestigioso bufete \u00c1lvarez-Pedreira, fundado por su padre junto con <strong>Jos\u00e9 Luis Rodr\u00edguez Refojo<\/strong>), su hermano <strong>Gonzalo<\/strong> (tambi\u00e9n abogado) y su hermana <strong>Leonor \u00c1lvarez -Pedreira Gil<\/strong>&#8230; El acto es p\u00fablico y puede asistir quien lo desee, sabiendo que la calle donde se descubrir\u00e1 la placa est\u00e1 ubicada en la zona de Cabo-Llanos, entre las calles <strong>Ad\u00e1n Mart\u00edn Menis<\/strong> y <strong>Julio Hardisson Pizarroso<\/strong>&#8230; Habr\u00e1 que hacer una \u201cpinza\u201d en la apretada agenda, para estar presente en el merecido homenaje a <strong>Don Vicente \u00c1lvarez Pedreira<\/strong>.<\/p>\n<p><a href=\"https:\/\/elcotarro.com\/wp-content\/uploads\/2014\/12\/FOTO-5-VICENTE-\u00c1LVAREZ-PEDREIRA.jpg\"><img loading=\"lazy\" decoding=\"async\" class=\"aligncenter wp-image-544\" src=\"https:\/\/elcotarro.com\/wp-content\/uploads\/2014\/12\/FOTO-5-VICENTE-\u00c1LVAREZ-PEDREIRA.jpg\" alt=\"FOTO 5 - VICENTE \u00c1LVAREZ PEDREIRA\" width=\"650\" height=\"376\" srcset=\"https:\/\/elcotarro.com\/wp-content\/uploads\/2014\/12\/FOTO-5-VICENTE-\u00c1LVAREZ-PEDREIRA.jpg 1264w, https:\/\/elcotarro.com\/wp-content\/uploads\/2014\/12\/FOTO-5-VICENTE-\u00c1LVAREZ-PEDREIRA-300x173.jpg 300w, https:\/\/elcotarro.com\/wp-content\/uploads\/2014\/12\/FOTO-5-VICENTE-\u00c1LVAREZ-PEDREIRA-1024x592.jpg 1024w\" sizes=\"auto, (max-width: 650px) 100vw, 650px\" \/><\/a><\/p>\n<p class=\"comentario\" style=\"text-align: center;\">Vicente \u00c1lvarez Pedreira (d) entrevistado por un joven periodista hace 25 a\u00f1os<\/p>\n","protected":false},"excerpt":{"rendered":"<p>\u2666 El pr\u00f3ximo mi\u00e9rcoles, a las 18:00 horas, una \u201casignatura pendiente\u201d desde hace a\u00f1os quedar\u00e1, por fin, definitivamente aprobada&#8230; A partir de esa hora, una calle de Santa Cruz de Tenerife llevar\u00e1 el nombre del muy respetado y recordado Vicente \u00c1lvarez Pedreira (Q.e.p.d.) el prestigioso abogado y mejor persona que fue en la etapa preauton\u00f3mica &#8230; <a class=\"read-more\" href=\"https:\/\/elcotarro.com\/?p=543\">Read more<\/a><\/p>\n","protected":false},"author":2,"featured_media":0,"comment_status":"open","ping_status":"open","sticky":false,"template":"","format":"standard","meta":{"_jetpack_memberships_contains_paid_content":false,"footnotes":""},"categories":[54],"tags":[256,254,253,48,257,255,251,252,250],"class_list":["post-543","post","type-post","status-publish","format-standard","hentry","category-personajes","tag-adan-martin-menis","tag-gonzalo","tag-jose-luis-rodriguez-refojo","tag-jose-manuel-bermudez","tag-julio-hardisson-pizarroso","tag-leonor-alvarez-pedreira-gil","tag-leonor-gil","tag-vicente","tag-vicente-alvarez-pedreira"],"yoast_head":"<!-- This site is optimized with the Yoast SEO plugin v27.0 - https:\/\/yoast.com\/product\/yoast-seo-wordpress\/ -->\n<title>CALLE PARA VICENTE \u00c1LVAREZ - El Cotarrro<\/title>\n<meta name=\"description\" content=\"Vicente \u00c1lvarez Pedreira (Q.e.p.d.) el prestigioso abogado y mejor persona que fue en la etapa preauton\u00f3mica presidente ...\" \/>\n<meta name=\"robots\" content=\"index, follow, max-snippet:-1, max-image-preview:large, max-video-preview:-1\" \/>\n<link rel=\"canonical\" href=\"https:\/\/elcotarro.com\/?p=543\" \/>\n<meta property=\"og:locale\" content=\"es_ES\" \/>\n<meta property=\"og:type\" content=\"article\" \/>\n<meta property=\"og:title\" content=\"CALLE PARA VICENTE \u00c1LVAREZ - El Cotarrro\" \/>\n<meta property=\"og:description\" content=\"Vicente \u00c1lvarez Pedreira (Q.e.p.d.) el prestigioso abogado y mejor persona que fue en la etapa preauton\u00f3mica presidente ...\" \/>\n<meta property=\"og:url\" content=\"https:\/\/elcotarro.com\/?p=543\" \/>\n<meta property=\"og:site_name\" content=\"El Cotarro\" \/>\n<meta property=\"article:publisher\" content=\"https:\/\/www.facebook.com\/ElCotarro.Tenerife\" \/>\n<meta property=\"article:published_time\" content=\"2014-12-14T12:01:27+00:00\" \/>\n<meta name=\"author\" content=\"Jos\u00e9 Carlos Marrero Gonz\u00e1lez\" \/>\n<meta name=\"twitter:label1\" content=\"Escrito por\" \/>\n\t<meta name=\"twitter:data1\" content=\"Jos\u00e9 Carlos Marrero Gonz\u00e1lez\" \/>\n\t<meta name=\"twitter:label2\" content=\"Tiempo de lectura\" \/>\n\t<meta name=\"twitter:data2\" content=\"1 minuto\" \/>\n<script type=\"application\/ld+json\" class=\"yoast-schema-graph\">{\"@context\":\"https:\/\/schema.org\",\"@graph\":[{\"@type\":\"Article\",\"@id\":\"https:\/\/elcotarro.com\/?p=543#article\",\"isPartOf\":{\"@id\":\"https:\/\/elcotarro.com\/?p=543\"},\"author\":{\"name\":\"Jos\u00e9 Carlos Marrero Gonz\u00e1lez\",\"@id\":\"https:\/\/elcotarro.com\/#\/schema\/person\/af537ee7d60d15984c7e0affcd8a918b\"},\"headline\":\"CALLE PARA VICENTE \u00c1LVAREZ\",\"datePublished\":\"2014-12-14T12:01:27+00:00\",\"mainEntityOfPage\":{\"@id\":\"https:\/\/elcotarro.com\/?p=543\"},\"wordCount\":205,\"commentCount\":0,\"publisher\":{\"@id\":\"https:\/\/elcotarro.com\/#organization\"},\"keywords\":[\"Ad\u00e1n Mart\u00edn Menis\",\"Gonzalo\",\"Jos\u00e9 Luis Rodr\u00edguez Refojo\",\"Jos\u00e9 Manuel Berm\u00fadez\",\"Julio Hardisson Pizarroso\",\"Leonor \u00c1lvarez -Pedreira Gil\",\"Leonor Gil\",\"Vicente\",\"Vicente \u00c1lvarez Pedreira\"],\"articleSection\":[\"Personajes\"],\"inLanguage\":\"es\",\"potentialAction\":[{\"@type\":\"CommentAction\",\"name\":\"Comment\",\"target\":[\"https:\/\/elcotarro.com\/?p=543#respond\"]}]},{\"@type\":\"WebPage\",\"@id\":\"https:\/\/elcotarro.com\/?p=543\",\"url\":\"https:\/\/elcotarro.com\/?p=543\",\"name\":\"CALLE PARA VICENTE \u00c1LVAREZ - El Cotarrro\",\"isPartOf\":{\"@id\":\"https:\/\/elcotarro.com\/#website\"},\"datePublished\":\"2014-12-14T12:01:27+00:00\",\"description\":\"Vicente \u00c1lvarez Pedreira (Q.e.p.d.) el prestigioso abogado y mejor persona que fue en la etapa preauton\u00f3mica presidente ...\",\"breadcrumb\":{\"@id\":\"https:\/\/elcotarro.com\/?p=543#breadcrumb\"},\"inLanguage\":\"es\",\"potentialAction\":[{\"@type\":\"ReadAction\",\"target\":[\"https:\/\/elcotarro.com\/?p=543\"]}]},{\"@type\":\"BreadcrumbList\",\"@id\":\"https:\/\/elcotarro.com\/?p=543#breadcrumb\",\"itemListElement\":[{\"@type\":\"ListItem\",\"position\":1,\"name\":\"Portada\",\"item\":\"https:\/\/elcotarro.com\/\"},{\"@type\":\"ListItem\",\"position\":2,\"name\":\"CALLE PARA VICENTE \u00c1LVAREZ\"}]},{\"@type\":\"WebSite\",\"@id\":\"https:\/\/elcotarro.com\/#website\",\"url\":\"https:\/\/elcotarro.com\/\",\"name\":\"El Cotarro\",\"description\":\"Peri\u00f3dico Digital Independiente dirigido por Jos\u00e9 Carlos Marrero\",\"publisher\":{\"@id\":\"https:\/\/elcotarro.com\/#organization\"},\"potentialAction\":[{\"@type\":\"SearchAction\",\"target\":{\"@type\":\"EntryPoint\",\"urlTemplate\":\"https:\/\/elcotarro.com\/?s={search_term_string}\"},\"query-input\":{\"@type\":\"PropertyValueSpecification\",\"valueRequired\":true,\"valueName\":\"search_term_string\"}}],\"inLanguage\":\"es\"},{\"@type\":\"Organization\",\"@id\":\"https:\/\/elcotarro.com\/#organization\",\"name\":\"El Cotarro\",\"url\":\"https:\/\/elcotarro.com\/\",\"logo\":{\"@type\":\"ImageObject\",\"inLanguage\":\"es\",\"@id\":\"https:\/\/elcotarro.com\/#\/schema\/logo\/image\/\",\"url\":\"https:\/\/elcotarro.com\/wp-content\/uploads\/2014\/09\/Cabecera_El_Cotarro_v2.jpg\",\"contentUrl\":\"https:\/\/elcotarro.com\/wp-content\/uploads\/2014\/09\/Cabecera_El_Cotarro_v2.jpg\",\"width\":3540,\"height\":441,\"caption\":\"El Cotarro\"},\"image\":{\"@id\":\"https:\/\/elcotarro.com\/#\/schema\/logo\/image\/\"},\"sameAs\":[\"https:\/\/www.facebook.com\/ElCotarro.Tenerife\"]},{\"@type\":\"Person\",\"@id\":\"https:\/\/elcotarro.com\/#\/schema\/person\/af537ee7d60d15984c7e0affcd8a918b\",\"name\":\"Jos\u00e9 Carlos Marrero Gonz\u00e1lez\",\"image\":{\"@type\":\"ImageObject\",\"inLanguage\":\"es\",\"@id\":\"https:\/\/elcotarro.com\/#\/schema\/person\/image\/\",\"url\":\"https:\/\/secure.gravatar.com\/avatar\/def4da036efb5d32c74d49c351f6dccc064dd69ad9f3aadc295c5a9a5391ca01?s=96&d=mm&r=g\",\"contentUrl\":\"https:\/\/secure.gravatar.com\/avatar\/def4da036efb5d32c74d49c351f6dccc064dd69ad9f3aadc295c5a9a5391ca01?s=96&d=mm&r=g\",\"caption\":\"Jos\u00e9 Carlos Marrero Gonz\u00e1lez\"},\"sameAs\":[\"https:\/\/elcotarro.com\"],\"url\":\"https:\/\/elcotarro.com\/?author=2\"}]}<\/script>\n<!-- \/ Yoast SEO plugin. -->","yoast_head_json":{"title":"CALLE PARA VICENTE \u00c1LVAREZ - El Cotarrro","description":"Vicente \u00c1lvarez Pedreira (Q.e.p.d.) el prestigioso abogado y mejor persona que fue en la etapa preauton\u00f3mica presidente ...","robots":{"index":"index","follow":"follow","max-snippet":"max-snippet:-1","max-image-preview":"max-image-preview:large","max-video-preview":"max-video-preview:-1"},"canonical":"https:\/\/elcotarro.com\/?p=543","og_locale":"es_ES","og_type":"article","og_title":"CALLE PARA VICENTE \u00c1LVAREZ - El Cotarrro","og_description":"Vicente \u00c1lvarez Pedreira (Q.e.p.d.) el prestigioso abogado y mejor persona que fue en la etapa preauton\u00f3mica presidente ...","og_url":"https:\/\/elcotarro.com\/?p=543","og_site_name":"El Cotarro","article_publisher":"https:\/\/www.facebook.com\/ElCotarro.Tenerife","article_published_time":"2014-12-14T12:01:27+00:00","author":"Jos\u00e9 Carlos Marrero Gonz\u00e1lez","twitter_misc":{"Escrito por":"Jos\u00e9 Carlos Marrero Gonz\u00e1lez","Tiempo de lectura":"1 minuto"},"schema":{"@context":"https:\/\/schema.org","@graph":[{"@type":"Article","@id":"https:\/\/elcotarro.com\/?p=543#article","isPartOf":{"@id":"https:\/\/elcotarro.com\/?p=543"},"author":{"name":"Jos\u00e9 Carlos Marrero Gonz\u00e1lez","@id":"https:\/\/elcotarro.com\/#\/schema\/person\/af537ee7d60d15984c7e0affcd8a918b"},"headline":"CALLE PARA VICENTE \u00c1LVAREZ","datePublished":"2014-12-14T12:01:27+00:00","mainEntityOfPage":{"@id":"https:\/\/elcotarro.com\/?p=543"},"wordCount":205,"commentCount":0,"publisher":{"@id":"https:\/\/elcotarro.com\/#organization"},"keywords":["Ad\u00e1n Mart\u00edn Menis","Gonzalo","Jos\u00e9 Luis Rodr\u00edguez Refojo","Jos\u00e9 Manuel Berm\u00fadez","Julio Hardisson Pizarroso","Leonor \u00c1lvarez -Pedreira Gil","Leonor Gil","Vicente","Vicente \u00c1lvarez Pedreira"],"articleSection":["Personajes"],"inLanguage":"es","potentialAction":[{"@type":"CommentAction","name":"Comment","target":["https:\/\/elcotarro.com\/?p=543#respond"]}]},{"@type":"WebPage","@id":"https:\/\/elcotarro.com\/?p=543","url":"https:\/\/elcotarro.com\/?p=543","name":"CALLE PARA VICENTE \u00c1LVAREZ - El Cotarrro","isPartOf":{"@id":"https:\/\/elcotarro.com\/#website"},"datePublished":"2014-12-14T12:01:27+00:00","description":"Vicente \u00c1lvarez Pedreira (Q.e.p.d.) el prestigioso abogado y mejor persona que fue en la etapa preauton\u00f3mica presidente ...","breadcrumb":{"@id":"https:\/\/elcotarro.com\/?p=543#breadcrumb"},"inLanguage":"es","potentialAction":[{"@type":"ReadAction","target":["https:\/\/elcotarro.com\/?p=543"]}]},{"@type":"BreadcrumbList","@id":"https:\/\/elcotarro.com\/?p=543#breadcrumb","itemListElement":[{"@type":"ListItem","position":1,"name":"Portada","item":"https:\/\/elcotarro.com\/"},{"@type":"ListItem","position":2,"name":"CALLE PARA VICENTE \u00c1LVAREZ"}]},{"@type":"WebSite","@id":"https:\/\/elcotarro.com\/#website","url":"https:\/\/elcotarro.com\/","name":"El Cotarro","description":"Peri\u00f3dico Digital Independiente dirigido por Jos\u00e9 Carlos Marrero","publisher":{"@id":"https:\/\/elcotarro.com\/#organization"},"potentialAction":[{"@type":"SearchAction","target":{"@type":"EntryPoint","urlTemplate":"https:\/\/elcotarro.com\/?s={search_term_string}"},"query-input":{"@type":"PropertyValueSpecification","valueRequired":true,"valueName":"search_term_string"}}],"inLanguage":"es"},{"@type":"Organization","@id":"https:\/\/elcotarro.com\/#organization","name":"El Cotarro","url":"https:\/\/elcotarro.com\/","logo":{"@type":"ImageObject","inLanguage":"es","@id":"https:\/\/elcotarro.com\/#\/schema\/logo\/image\/","url":"https:\/\/elcotarro.com\/wp-content\/uploads\/2014\/09\/Cabecera_El_Cotarro_v2.jpg","contentUrl":"https:\/\/elcotarro.com\/wp-content\/uploads\/2014\/09\/Cabecera_El_Cotarro_v2.jpg","width":3540,"height":441,"caption":"El Cotarro"},"image":{"@id":"https:\/\/elcotarro.com\/#\/schema\/logo\/image\/"},"sameAs":["https:\/\/www.facebook.com\/ElCotarro.Tenerife"]},{"@type":"Person","@id":"https:\/\/elcotarro.com\/#\/schema\/person\/af537ee7d60d15984c7e0affcd8a918b","name":"Jos\u00e9 Carlos Marrero Gonz\u00e1lez","image":{"@type":"ImageObject","inLanguage":"es","@id":"https:\/\/elcotarro.com\/#\/schema\/person\/image\/","url":"https:\/\/secure.gravatar.com\/avatar\/def4da036efb5d32c74d49c351f6dccc064dd69ad9f3aadc295c5a9a5391ca01?s=96&d=mm&r=g","contentUrl":"https:\/\/secure.gravatar.com\/avatar\/def4da036efb5d32c74d49c351f6dccc064dd69ad9f3aadc295c5a9a5391ca01?s=96&d=mm&r=g","caption":"Jos\u00e9 Carlos Marrero Gonz\u00e1lez"},"sameAs":["https:\/\/elcotarro.com"],"url":"https:\/\/elcotarro.com\/?author=2"}]}},"jetpack_featured_media_url":"","jetpack_sharing_enabled":true,"_links":{"self":[{"href":"https:\/\/elcotarro.com\/index.php?rest_route=\/wp\/v2\/posts\/543","targetHints":{"allow":["GET"]}}],"collection":[{"href":"https:\/\/elcotarro.com\/index.php?rest_route=\/wp\/v2\/posts"}],"about":[{"href":"https:\/\/elcotarro.com\/index.php?rest_route=\/wp\/v2\/types\/post"}],"author":[{"embeddable":true,"href":"https:\/\/elcotarro.com\/index.php?rest_route=\/wp\/v2\/users\/2"}],"replies":[{"embeddable":true,"href":"https:\/\/elcotarro.com\/index.php?rest_route=%2Fwp%2Fv2%2Fcomments&post=543"}],"version-history":[{"count":1,"href":"https:\/\/elcotarro.com\/index.php?rest_route=\/wp\/v2\/posts\/543\/revisions"}],"predecessor-version":[{"id":545,"href":"https:\/\/elcotarro.com\/index.php?rest_route=\/wp\/v2\/posts\/543\/revisions\/545"}],"wp:attachment":[{"href":"https:\/\/elcotarro.com\/index.php?rest_route=%2Fwp%2Fv2%2Fmedia&parent=543"}],"wp:term":[{"taxonomy":"category","embeddable":true,"href":"https:\/\/elcotarro.com\/index.php?rest_route=%2Fwp%2Fv2%2Fcategories&post=543"},{"taxonomy":"post_tag","embeddable":true,"href":"https:\/\/elcotarro.com\/index.php?rest_route=%2Fwp%2Fv2%2Ftags&post=543"}],"curies":[{"name":"wp","href":"https:\/\/api.w.org\/{rel}","templated":true}]}}