{"id":5435,"date":"2018-05-13T10:59:49","date_gmt":"2018-05-13T09:59:49","guid":{"rendered":"https:\/\/elcotarro.com\/?p=5435"},"modified":"2018-05-13T10:34:56","modified_gmt":"2018-05-13T09:34:56","slug":"gran-canaria-quiere-el-tenerife-norte","status":"publish","type":"post","link":"https:\/\/elcotarro.com\/?p=5435","title":{"rendered":"GRAN CANARIA QUIERE EL TENERIFE NORTE"},"content":{"rendered":"<p>De todos modos y, en cualquier caso, nunca hay que olvidar que la obsesi\u00f3n del \u201ccanari\u00f3n\u201d es ganar al \u201cchicha\u201d y, en el terreno aeroportuario, siempre le ha \u201cfastidiado\u201d (y le sigue \u201cmosqueando\u201d) que Tenerife tenga dos aeropuertos y Gran Canaria s\u00f3lo uno. Si no es en ese sentido, no se entiende que ahora pretendan, por lo que se ha podido ver, \u201cbirlarle\u201d el aeropuerto Tenerife Norte a La Laguna y, por extensi\u00f3n, a Tenerife. Y si tienen alguna duda, no se pierdan las fotograf\u00edas tomadas en exclusiva el jueves (3 de mayo) en el aeropuerto internacional <strong>Humberto Delgado<\/strong>, en Lisboa (Portugal). Tanto en las pantallas informativas dispuestas por todo el aeropuerto, como las de los mostradores de facturaci\u00f3n anunciaban la salida del vuelo de Binter NT6811, con destino a Gran Canaria &#8211; Tenerife Norte. Y es que&#8230; no se les puede dejar solos&#8230; P.D.: amigo <strong>Rudy<\/strong>, arregla eso por las buenas.<\/p>\n<p style=\"text-align: center\"><a href=\"https:\/\/elcotarro.com\/wp-content\/uploads\/2018\/05\/FOTO-7.-TENERIFE-NORTE.jpg\"><img loading=\"lazy\" decoding=\"async\" class=\"size-full wp-image-5436 alignnone\" src=\"https:\/\/elcotarro.com\/wp-content\/uploads\/2018\/05\/FOTO-7.-TENERIFE-NORTE.jpg\" alt=\"FOTO 7.- TENERIFE NORTE\" width=\"2016\" height=\"1512\" srcset=\"https:\/\/elcotarro.com\/wp-content\/uploads\/2018\/05\/FOTO-7.-TENERIFE-NORTE.jpg 2016w, https:\/\/elcotarro.com\/wp-content\/uploads\/2018\/05\/FOTO-7.-TENERIFE-NORTE-300x225.jpg 300w, https:\/\/elcotarro.com\/wp-content\/uploads\/2018\/05\/FOTO-7.-TENERIFE-NORTE-1024x768.jpg 1024w\" sizes=\"auto, (max-width: 2016px) 100vw, 2016px\" \/><\/a><\/p>\n<p style=\"text-align: center\"><em>El curioso aviso tambi\u00e9n en las pantallas de informaci\u00f3n de los mostradores de facturaci\u00f3n del aeropuerto de Lisboa, con \u201capropiaci\u00f3n indebida\u201d manifiesta.<\/em><\/p>\n<p style=\"text-align: center\"><a href=\"http:\/\/www.careca.es\/\" target=\"_blank\"><img loading=\"lazy\" decoding=\"async\" class=\"size-full wp-image-2216 aligncenter\" src=\"https:\/\/elcotarro.com\/wp-content\/uploads\/2016\/07\/InsulacafeElCotarro.jpg\" alt=\"Bnn_Careca\" width=\"750\" height=\"150\" \/><\/a><\/p>\n","protected":false},"excerpt":{"rendered":"<p>De todos modos y, en cualquier caso, nunca hay que olvidar que la obsesi\u00f3n del \u201ccanari\u00f3n\u201d es ganar al \u201cchicha\u201d y, en el terreno aeroportuario, siempre le ha \u201cfastidiado\u201d (y le sigue \u201cmosqueando\u201d) que Tenerife tenga dos aeropuertos y Gran Canaria s\u00f3lo uno. Si no es en ese sentido, no se entiende que ahora pretendan, &#8230; <a class=\"read-more\" href=\"https:\/\/elcotarro.com\/?p=5435\">Read more<\/a><\/p>\n","protected":false},"author":2,"featured_media":0,"comment_status":"open","ping_status":"open","sticky":false,"template":"","format":"standard","meta":{"_jetpack_memberships_contains_paid_content":false,"footnotes":""},"categories":[1],"tags":[],"class_list":["post-5435","post","type-post","status-publish","format-standard","hentry","category-sin-categoria"],"yoast_head":"<!-- This site is optimized with the Yoast SEO plugin v27.0 - https:\/\/yoast.com\/product\/yoast-seo-wordpress\/ -->\n<title>GRAN CANARIA QUIERE EL TENERIFE NORTE - El Cotarro<\/title>\n<meta name=\"robots\" content=\"index, follow, max-snippet:-1, max-image-preview:large, max-video-preview:-1\" \/>\n<link rel=\"canonical\" href=\"https:\/\/elcotarro.com\/?p=5435\" \/>\n<meta property=\"og:locale\" content=\"es_ES\" \/>\n<meta property=\"og:type\" content=\"article\" \/>\n<meta property=\"og:title\" content=\"GRAN CANARIA QUIERE EL TENERIFE NORTE - El Cotarro\" \/>\n<meta property=\"og:description\" content=\"De todos modos y, en cualquier caso, nunca hay que olvidar que la obsesi\u00f3n del \u201ccanari\u00f3n\u201d es ganar al \u201cchicha\u201d y, en el terreno aeroportuario, siempre le ha \u201cfastidiado\u201d (y le sigue \u201cmosqueando\u201d) que Tenerife tenga dos aeropuertos y Gran Canaria s\u00f3lo uno. Si no es en ese sentido, no se entiende que ahora pretendan, ... Read more\" \/>\n<meta property=\"og:url\" content=\"https:\/\/elcotarro.com\/?p=5435\" \/>\n<meta property=\"og:site_name\" content=\"El Cotarro\" \/>\n<meta property=\"article:publisher\" content=\"https:\/\/www.facebook.com\/ElCotarro.Tenerife\" \/>\n<meta property=\"article:published_time\" content=\"2018-05-13T09:59:49+00:00\" \/>\n<meta property=\"og:image\" content=\"https:\/\/elcotarro.com\/wp-content\/uploads\/2018\/05\/FOTO-7.-TENERIFE-NORTE.jpg\" \/>\n<meta name=\"author\" content=\"Jos\u00e9 Carlos Marrero Gonz\u00e1lez\" \/>\n<meta name=\"twitter:label1\" content=\"Escrito por\" \/>\n\t<meta name=\"twitter:data1\" content=\"Jos\u00e9 Carlos Marrero Gonz\u00e1lez\" \/>\n\t<meta name=\"twitter:label2\" content=\"Tiempo de lectura\" \/>\n\t<meta name=\"twitter:data2\" content=\"1 minuto\" \/>\n<script type=\"application\/ld+json\" class=\"yoast-schema-graph\">{\"@context\":\"https:\/\/schema.org\",\"@graph\":[{\"@type\":\"Article\",\"@id\":\"https:\/\/elcotarro.com\/?p=5435#article\",\"isPartOf\":{\"@id\":\"https:\/\/elcotarro.com\/?p=5435\"},\"author\":{\"name\":\"Jos\u00e9 Carlos Marrero Gonz\u00e1lez\",\"@id\":\"https:\/\/elcotarro.com\/#\/schema\/person\/af537ee7d60d15984c7e0affcd8a918b\"},\"headline\":\"GRAN CANARIA QUIERE EL TENERIFE NORTE\",\"datePublished\":\"2018-05-13T09:59:49+00:00\",\"mainEntityOfPage\":{\"@id\":\"https:\/\/elcotarro.com\/?p=5435\"},\"wordCount\":190,\"commentCount\":0,\"publisher\":{\"@id\":\"https:\/\/elcotarro.com\/#organization\"},\"image\":{\"@id\":\"https:\/\/elcotarro.com\/?p=5435#primaryimage\"},\"thumbnailUrl\":\"https:\/\/elcotarro.com\/wp-content\/uploads\/2018\/05\/FOTO-7.-TENERIFE-NORTE.jpg\",\"inLanguage\":\"es\",\"potentialAction\":[{\"@type\":\"CommentAction\",\"name\":\"Comment\",\"target\":[\"https:\/\/elcotarro.com\/?p=5435#respond\"]}]},{\"@type\":\"WebPage\",\"@id\":\"https:\/\/elcotarro.com\/?p=5435\",\"url\":\"https:\/\/elcotarro.com\/?p=5435\",\"name\":\"GRAN CANARIA QUIERE EL TENERIFE NORTE - El Cotarro\",\"isPartOf\":{\"@id\":\"https:\/\/elcotarro.com\/#website\"},\"primaryImageOfPage\":{\"@id\":\"https:\/\/elcotarro.com\/?p=5435#primaryimage\"},\"image\":{\"@id\":\"https:\/\/elcotarro.com\/?p=5435#primaryimage\"},\"thumbnailUrl\":\"https:\/\/elcotarro.com\/wp-content\/uploads\/2018\/05\/FOTO-7.-TENERIFE-NORTE.jpg\",\"datePublished\":\"2018-05-13T09:59:49+00:00\",\"breadcrumb\":{\"@id\":\"https:\/\/elcotarro.com\/?p=5435#breadcrumb\"},\"inLanguage\":\"es\",\"potentialAction\":[{\"@type\":\"ReadAction\",\"target\":[\"https:\/\/elcotarro.com\/?p=5435\"]}]},{\"@type\":\"ImageObject\",\"inLanguage\":\"es\",\"@id\":\"https:\/\/elcotarro.com\/?p=5435#primaryimage\",\"url\":\"https:\/\/elcotarro.com\/wp-content\/uploads\/2018\/05\/FOTO-7.-TENERIFE-NORTE.jpg\",\"contentUrl\":\"https:\/\/elcotarro.com\/wp-content\/uploads\/2018\/05\/FOTO-7.-TENERIFE-NORTE.jpg\",\"width\":2016,\"height\":1512},{\"@type\":\"BreadcrumbList\",\"@id\":\"https:\/\/elcotarro.com\/?p=5435#breadcrumb\",\"itemListElement\":[{\"@type\":\"ListItem\",\"position\":1,\"name\":\"Portada\",\"item\":\"https:\/\/elcotarro.com\/\"},{\"@type\":\"ListItem\",\"position\":2,\"name\":\"GRAN CANARIA QUIERE EL TENERIFE NORTE\"}]},{\"@type\":\"WebSite\",\"@id\":\"https:\/\/elcotarro.com\/#website\",\"url\":\"https:\/\/elcotarro.com\/\",\"name\":\"El Cotarro\",\"description\":\"Peri\u00f3dico Digital Independiente dirigido por Jos\u00e9 Carlos Marrero\",\"publisher\":{\"@id\":\"https:\/\/elcotarro.com\/#organization\"},\"potentialAction\":[{\"@type\":\"SearchAction\",\"target\":{\"@type\":\"EntryPoint\",\"urlTemplate\":\"https:\/\/elcotarro.com\/?s={search_term_string}\"},\"query-input\":{\"@type\":\"PropertyValueSpecification\",\"valueRequired\":true,\"valueName\":\"search_term_string\"}}],\"inLanguage\":\"es\"},{\"@type\":\"Organization\",\"@id\":\"https:\/\/elcotarro.com\/#organization\",\"name\":\"El Cotarro\",\"url\":\"https:\/\/elcotarro.com\/\",\"logo\":{\"@type\":\"ImageObject\",\"inLanguage\":\"es\",\"@id\":\"https:\/\/elcotarro.com\/#\/schema\/logo\/image\/\",\"url\":\"https:\/\/elcotarro.com\/wp-content\/uploads\/2014\/09\/Cabecera_El_Cotarro_v2.jpg\",\"contentUrl\":\"https:\/\/elcotarro.com\/wp-content\/uploads\/2014\/09\/Cabecera_El_Cotarro_v2.jpg\",\"width\":3540,\"height\":441,\"caption\":\"El Cotarro\"},\"image\":{\"@id\":\"https:\/\/elcotarro.com\/#\/schema\/logo\/image\/\"},\"sameAs\":[\"https:\/\/www.facebook.com\/ElCotarro.Tenerife\"]},{\"@type\":\"Person\",\"@id\":\"https:\/\/elcotarro.com\/#\/schema\/person\/af537ee7d60d15984c7e0affcd8a918b\",\"name\":\"Jos\u00e9 Carlos Marrero Gonz\u00e1lez\",\"image\":{\"@type\":\"ImageObject\",\"inLanguage\":\"es\",\"@id\":\"https:\/\/elcotarro.com\/#\/schema\/person\/image\/\",\"url\":\"https:\/\/secure.gravatar.com\/avatar\/def4da036efb5d32c74d49c351f6dccc064dd69ad9f3aadc295c5a9a5391ca01?s=96&d=mm&r=g\",\"contentUrl\":\"https:\/\/secure.gravatar.com\/avatar\/def4da036efb5d32c74d49c351f6dccc064dd69ad9f3aadc295c5a9a5391ca01?s=96&d=mm&r=g\",\"caption\":\"Jos\u00e9 Carlos Marrero Gonz\u00e1lez\"},\"sameAs\":[\"https:\/\/elcotarro.com\"],\"url\":\"https:\/\/elcotarro.com\/?author=2\"}]}<\/script>\n<!-- \/ Yoast SEO plugin. -->","yoast_head_json":{"title":"GRAN CANARIA QUIERE EL TENERIFE NORTE - El Cotarro","robots":{"index":"index","follow":"follow","max-snippet":"max-snippet:-1","max-image-preview":"max-image-preview:large","max-video-preview":"max-video-preview:-1"},"canonical":"https:\/\/elcotarro.com\/?p=5435","og_locale":"es_ES","og_type":"article","og_title":"GRAN CANARIA QUIERE EL TENERIFE NORTE - El Cotarro","og_description":"De todos modos y, en cualquier caso, nunca hay que olvidar que la obsesi\u00f3n del \u201ccanari\u00f3n\u201d es ganar al \u201cchicha\u201d y, en el terreno aeroportuario, siempre le ha \u201cfastidiado\u201d (y le sigue \u201cmosqueando\u201d) que Tenerife tenga dos aeropuertos y Gran Canaria s\u00f3lo uno. Si no es en ese sentido, no se entiende que ahora pretendan, ... Read more","og_url":"https:\/\/elcotarro.com\/?p=5435","og_site_name":"El Cotarro","article_publisher":"https:\/\/www.facebook.com\/ElCotarro.Tenerife","article_published_time":"2018-05-13T09:59:49+00:00","og_image":[{"url":"https:\/\/elcotarro.com\/wp-content\/uploads\/2018\/05\/FOTO-7.-TENERIFE-NORTE.jpg","type":"","width":"","height":""}],"author":"Jos\u00e9 Carlos Marrero Gonz\u00e1lez","twitter_misc":{"Escrito por":"Jos\u00e9 Carlos Marrero Gonz\u00e1lez","Tiempo de lectura":"1 minuto"},"schema":{"@context":"https:\/\/schema.org","@graph":[{"@type":"Article","@id":"https:\/\/elcotarro.com\/?p=5435#article","isPartOf":{"@id":"https:\/\/elcotarro.com\/?p=5435"},"author":{"name":"Jos\u00e9 Carlos Marrero Gonz\u00e1lez","@id":"https:\/\/elcotarro.com\/#\/schema\/person\/af537ee7d60d15984c7e0affcd8a918b"},"headline":"GRAN CANARIA QUIERE EL TENERIFE NORTE","datePublished":"2018-05-13T09:59:49+00:00","mainEntityOfPage":{"@id":"https:\/\/elcotarro.com\/?p=5435"},"wordCount":190,"commentCount":0,"publisher":{"@id":"https:\/\/elcotarro.com\/#organization"},"image":{"@id":"https:\/\/elcotarro.com\/?p=5435#primaryimage"},"thumbnailUrl":"https:\/\/elcotarro.com\/wp-content\/uploads\/2018\/05\/FOTO-7.-TENERIFE-NORTE.jpg","inLanguage":"es","potentialAction":[{"@type":"CommentAction","name":"Comment","target":["https:\/\/elcotarro.com\/?p=5435#respond"]}]},{"@type":"WebPage","@id":"https:\/\/elcotarro.com\/?p=5435","url":"https:\/\/elcotarro.com\/?p=5435","name":"GRAN CANARIA QUIERE EL TENERIFE NORTE - El Cotarro","isPartOf":{"@id":"https:\/\/elcotarro.com\/#website"},"primaryImageOfPage":{"@id":"https:\/\/elcotarro.com\/?p=5435#primaryimage"},"image":{"@id":"https:\/\/elcotarro.com\/?p=5435#primaryimage"},"thumbnailUrl":"https:\/\/elcotarro.com\/wp-content\/uploads\/2018\/05\/FOTO-7.-TENERIFE-NORTE.jpg","datePublished":"2018-05-13T09:59:49+00:00","breadcrumb":{"@id":"https:\/\/elcotarro.com\/?p=5435#breadcrumb"},"inLanguage":"es","potentialAction":[{"@type":"ReadAction","target":["https:\/\/elcotarro.com\/?p=5435"]}]},{"@type":"ImageObject","inLanguage":"es","@id":"https:\/\/elcotarro.com\/?p=5435#primaryimage","url":"https:\/\/elcotarro.com\/wp-content\/uploads\/2018\/05\/FOTO-7.-TENERIFE-NORTE.jpg","contentUrl":"https:\/\/elcotarro.com\/wp-content\/uploads\/2018\/05\/FOTO-7.-TENERIFE-NORTE.jpg","width":2016,"height":1512},{"@type":"BreadcrumbList","@id":"https:\/\/elcotarro.com\/?p=5435#breadcrumb","itemListElement":[{"@type":"ListItem","position":1,"name":"Portada","item":"https:\/\/elcotarro.com\/"},{"@type":"ListItem","position":2,"name":"GRAN CANARIA QUIERE EL TENERIFE NORTE"}]},{"@type":"WebSite","@id":"https:\/\/elcotarro.com\/#website","url":"https:\/\/elcotarro.com\/","name":"El Cotarro","description":"Peri\u00f3dico Digital Independiente dirigido por Jos\u00e9 Carlos Marrero","publisher":{"@id":"https:\/\/elcotarro.com\/#organization"},"potentialAction":[{"@type":"SearchAction","target":{"@type":"EntryPoint","urlTemplate":"https:\/\/elcotarro.com\/?s={search_term_string}"},"query-input":{"@type":"PropertyValueSpecification","valueRequired":true,"valueName":"search_term_string"}}],"inLanguage":"es"},{"@type":"Organization","@id":"https:\/\/elcotarro.com\/#organization","name":"El Cotarro","url":"https:\/\/elcotarro.com\/","logo":{"@type":"ImageObject","inLanguage":"es","@id":"https:\/\/elcotarro.com\/#\/schema\/logo\/image\/","url":"https:\/\/elcotarro.com\/wp-content\/uploads\/2014\/09\/Cabecera_El_Cotarro_v2.jpg","contentUrl":"https:\/\/elcotarro.com\/wp-content\/uploads\/2014\/09\/Cabecera_El_Cotarro_v2.jpg","width":3540,"height":441,"caption":"El Cotarro"},"image":{"@id":"https:\/\/elcotarro.com\/#\/schema\/logo\/image\/"},"sameAs":["https:\/\/www.facebook.com\/ElCotarro.Tenerife"]},{"@type":"Person","@id":"https:\/\/elcotarro.com\/#\/schema\/person\/af537ee7d60d15984c7e0affcd8a918b","name":"Jos\u00e9 Carlos Marrero Gonz\u00e1lez","image":{"@type":"ImageObject","inLanguage":"es","@id":"https:\/\/elcotarro.com\/#\/schema\/person\/image\/","url":"https:\/\/secure.gravatar.com\/avatar\/def4da036efb5d32c74d49c351f6dccc064dd69ad9f3aadc295c5a9a5391ca01?s=96&d=mm&r=g","contentUrl":"https:\/\/secure.gravatar.com\/avatar\/def4da036efb5d32c74d49c351f6dccc064dd69ad9f3aadc295c5a9a5391ca01?s=96&d=mm&r=g","caption":"Jos\u00e9 Carlos Marrero Gonz\u00e1lez"},"sameAs":["https:\/\/elcotarro.com"],"url":"https:\/\/elcotarro.com\/?author=2"}]}},"jetpack_featured_media_url":"","jetpack_sharing_enabled":true,"_links":{"self":[{"href":"https:\/\/elcotarro.com\/index.php?rest_route=\/wp\/v2\/posts\/5435","targetHints":{"allow":["GET"]}}],"collection":[{"href":"https:\/\/elcotarro.com\/index.php?rest_route=\/wp\/v2\/posts"}],"about":[{"href":"https:\/\/elcotarro.com\/index.php?rest_route=\/wp\/v2\/types\/post"}],"author":[{"embeddable":true,"href":"https:\/\/elcotarro.com\/index.php?rest_route=\/wp\/v2\/users\/2"}],"replies":[{"embeddable":true,"href":"https:\/\/elcotarro.com\/index.php?rest_route=%2Fwp%2Fv2%2Fcomments&post=5435"}],"version-history":[{"count":1,"href":"https:\/\/elcotarro.com\/index.php?rest_route=\/wp\/v2\/posts\/5435\/revisions"}],"predecessor-version":[{"id":5437,"href":"https:\/\/elcotarro.com\/index.php?rest_route=\/wp\/v2\/posts\/5435\/revisions\/5437"}],"wp:attachment":[{"href":"https:\/\/elcotarro.com\/index.php?rest_route=%2Fwp%2Fv2%2Fmedia&parent=5435"}],"wp:term":[{"taxonomy":"category","embeddable":true,"href":"https:\/\/elcotarro.com\/index.php?rest_route=%2Fwp%2Fv2%2Fcategories&post=5435"},{"taxonomy":"post_tag","embeddable":true,"href":"https:\/\/elcotarro.com\/index.php?rest_route=%2Fwp%2Fv2%2Ftags&post=5435"}],"curies":[{"name":"wp","href":"https:\/\/api.w.org\/{rel}","templated":true}]}}