{"id":546,"date":"2014-12-14T12:02:53","date_gmt":"2014-12-14T12:02:53","guid":{"rendered":"https:\/\/elcotarro.com\/?p=546"},"modified":"2014-12-14T10:39:34","modified_gmt":"2014-12-14T10:39:34","slug":"chefs-vestidos-de-canarias","status":"publish","type":"post","link":"https:\/\/elcotarro.com\/?p=546","title":{"rendered":"CHEFS VESTIDOS DE CANARIAS"},"content":{"rendered":"<p style=\"text-align: justify;\">\u2666\u00a0Todo lo que sea aportar en positivo bienvenido sea&#8230; Es lo que podemos decir de la iniciativa de la dise\u00f1adora de moda <strong>Felipa Rodr\u00edguez<\/strong>, quien, con su firma JaviLar, ha llegado a un acuerdo con el consejero del Cabildo Tenerife, el siempre <em>desinquieto<\/em> <strong>Efra\u00edn Medina<\/strong> para, a trav\u00e9s de la empresa p\u00fablica Tenerife Moda que dirige <strong>Jos\u00e9 E. S\u00e1nchez Giuseppe<\/strong>, promover la fabricaci\u00f3n de una l\u00ednea de vestimenta profesional para la buena gente de la gastronom\u00eda canaria&#8230;\u00a0 El campe\u00f3n de Espa\u00f1a de <em>kick boxing<\/em>, <strong>Francis Jorge<\/strong>, convertido en eventual modelo y acompa\u00f1ado de la tambi\u00e9n modelo <strong>Esther Hern\u00e1ndez<\/strong>, presentaron a un restringido n\u00famero de personas relacionadas con el Turismo y el sector de la Hosteler\u00eda y la Restauraci\u00f3n, unos atractivos prototipos de dise\u00f1os de <strong>Felipa Rodr\u00edguez<\/strong>, inspirados en los paisajes del Parque Nacional del Teide&#8230; Un ilusionado <strong>Efra\u00edn Medina<\/strong> no dud\u00f3 en ajustar la chaquetilla de <strong>Francis Jorge<\/strong>, asegurando que si se hacen las cosas como Dios manda (y para eso nadie mejor que <strong>Felipa<\/strong> y <strong>Giuseppe<\/strong>) Tenerife podr\u00eda tambi\u00e9n ser \u201cpuente tricontinental\u201d de lo que yo mismo en GastroCanarias he denominado \u201c<em>ModaChef<\/em>\u201d&#8230; Sepan que en Canarias, cada d\u00eda, 37.000 profesionales se visten de cocineras o cocineros&#8230; Y de personal de sala, camareras y camareros, ni les cuento&#8230; Y en Marruecos que est\u00e1 ah\u00ed enfrente, tres cuartos de lo mismo&#8230; Y, como bien dice <strong>Efra\u00edn Medina<\/strong>, a todos los podemos vestir profesionalmente desde aqu\u00ed con <strong>Felipa Rodr\u00edguez<\/strong>. \u00a1O\u00eddo cocina!<\/p>\n<p style=\"text-align: justify;\"><a href=\"https:\/\/elcotarro.com\/wp-content\/uploads\/2014\/12\/FOTO-4-EFRA\u00cdN-MEDINA-CON-FRANCIS-JORGE.jpg\"><img loading=\"lazy\" decoding=\"async\" class=\"aligncenter wp-image-548\" src=\"https:\/\/elcotarro.com\/wp-content\/uploads\/2014\/12\/FOTO-4-EFRA\u00cdN-MEDINA-CON-FRANCIS-JORGE.jpg\" alt=\"Tenerife Moda - Efrain medina\" width=\"651\" height=\"488\" srcset=\"https:\/\/elcotarro.com\/wp-content\/uploads\/2014\/12\/FOTO-4-EFRA\u00cdN-MEDINA-CON-FRANCIS-JORGE.jpg 3264w, https:\/\/elcotarro.com\/wp-content\/uploads\/2014\/12\/FOTO-4-EFRA\u00cdN-MEDINA-CON-FRANCIS-JORGE-300x225.jpg 300w, https:\/\/elcotarro.com\/wp-content\/uploads\/2014\/12\/FOTO-4-EFRA\u00cdN-MEDINA-CON-FRANCIS-JORGE-1024x768.jpg 1024w\" sizes=\"auto, (max-width: 651px) 100vw, 651px\" \/><\/a><\/p>\n<p class=\"comentario\" style=\"text-align: center;\">Efra\u00edn Medina ajusta a Francis Jorge la chaquetilla dise\u00f1ada por Felipa Rguez<\/p>\n","protected":false},"excerpt":{"rendered":"<p>\u2666\u00a0Todo lo que sea aportar en positivo bienvenido sea&#8230; Es lo que podemos decir de la iniciativa de la dise\u00f1adora de moda Felipa Rodr\u00edguez, quien, con su firma JaviLar, ha llegado a un acuerdo con el consejero del Cabildo Tenerife, el siempre desinquieto Efra\u00edn Medina para, a trav\u00e9s de la empresa p\u00fablica Tenerife Moda que &#8230; <a class=\"read-more\" href=\"https:\/\/elcotarro.com\/?p=546\">Read more<\/a><\/p>\n","protected":false},"author":2,"featured_media":0,"comment_status":"open","ping_status":"open","sticky":false,"template":"","format":"standard","meta":{"_jetpack_memberships_contains_paid_content":false,"footnotes":""},"categories":[62],"tags":[53,261,258,260,259],"class_list":["post-546","post","type-post","status-publish","format-standard","hentry","category-gastronomia","tag-efrain-medina","tag-esther-hernandez","tag-felipa-rodriguez","tag-francis-jorge","tag-jose-e-sanchez-giuseppe"],"yoast_head":"<!-- This site is optimized with the Yoast SEO plugin v27.0 - https:\/\/yoast.com\/product\/yoast-seo-wordpress\/ -->\n<title>CHEFS VESTIDOS DE CANARIAS - El Cotarrro<\/title>\n<meta name=\"description\" content=\"Todo lo que sea aportar en positivo bienvenido sea... Es lo que podemos decir de la iniciativa de la dise\u00f1adora de moda Felipa Rodr\u00edguez, quien, con su fi\" \/>\n<meta name=\"robots\" content=\"index, follow, max-snippet:-1, max-image-preview:large, max-video-preview:-1\" \/>\n<link rel=\"canonical\" href=\"https:\/\/elcotarro.com\/?p=546\" \/>\n<meta property=\"og:locale\" content=\"es_ES\" \/>\n<meta property=\"og:type\" content=\"article\" \/>\n<meta property=\"og:title\" content=\"CHEFS VESTIDOS DE CANARIAS - El Cotarrro\" \/>\n<meta property=\"og:description\" content=\"Todo lo que sea aportar en positivo bienvenido sea... Es lo que podemos decir de la iniciativa de la dise\u00f1adora de moda Felipa Rodr\u00edguez, quien, con su fi\" \/>\n<meta property=\"og:url\" content=\"https:\/\/elcotarro.com\/?p=546\" \/>\n<meta property=\"og:site_name\" content=\"El Cotarro\" \/>\n<meta property=\"article:publisher\" content=\"https:\/\/www.facebook.com\/ElCotarro.Tenerife\" \/>\n<meta property=\"article:published_time\" content=\"2014-12-14T12:02:53+00:00\" \/>\n<meta name=\"author\" content=\"Jos\u00e9 Carlos Marrero Gonz\u00e1lez\" \/>\n<meta name=\"twitter:label1\" content=\"Escrito por\" \/>\n\t<meta name=\"twitter:data1\" content=\"Jos\u00e9 Carlos Marrero Gonz\u00e1lez\" \/>\n\t<meta name=\"twitter:label2\" content=\"Tiempo de lectura\" \/>\n\t<meta name=\"twitter:data2\" content=\"1 minuto\" \/>\n<script type=\"application\/ld+json\" class=\"yoast-schema-graph\">{\"@context\":\"https:\/\/schema.org\",\"@graph\":[{\"@type\":\"Article\",\"@id\":\"https:\/\/elcotarro.com\/?p=546#article\",\"isPartOf\":{\"@id\":\"https:\/\/elcotarro.com\/?p=546\"},\"author\":{\"name\":\"Jos\u00e9 Carlos Marrero Gonz\u00e1lez\",\"@id\":\"https:\/\/elcotarro.com\/#\/schema\/person\/af537ee7d60d15984c7e0affcd8a918b\"},\"headline\":\"CHEFS VESTIDOS DE CANARIAS\",\"datePublished\":\"2014-12-14T12:02:53+00:00\",\"mainEntityOfPage\":{\"@id\":\"https:\/\/elcotarro.com\/?p=546\"},\"wordCount\":282,\"commentCount\":0,\"publisher\":{\"@id\":\"https:\/\/elcotarro.com\/#organization\"},\"keywords\":[\"Efra\u00edn Medina\",\"Esther Hern\u00e1ndez\",\"Felipa Rodr\u00edguez\",\"Francis Jorge\",\"Jos\u00e9 E. S\u00e1nchez Giuseppe\"],\"articleSection\":[\"Gastronom\u00eda\"],\"inLanguage\":\"es\",\"potentialAction\":[{\"@type\":\"CommentAction\",\"name\":\"Comment\",\"target\":[\"https:\/\/elcotarro.com\/?p=546#respond\"]}]},{\"@type\":\"WebPage\",\"@id\":\"https:\/\/elcotarro.com\/?p=546\",\"url\":\"https:\/\/elcotarro.com\/?p=546\",\"name\":\"CHEFS VESTIDOS DE CANARIAS - El Cotarrro\",\"isPartOf\":{\"@id\":\"https:\/\/elcotarro.com\/#website\"},\"datePublished\":\"2014-12-14T12:02:53+00:00\",\"description\":\"Todo lo que sea aportar en positivo bienvenido sea... Es lo que podemos decir de la iniciativa de la dise\u00f1adora de moda Felipa Rodr\u00edguez, quien, con su fi\",\"breadcrumb\":{\"@id\":\"https:\/\/elcotarro.com\/?p=546#breadcrumb\"},\"inLanguage\":\"es\",\"potentialAction\":[{\"@type\":\"ReadAction\",\"target\":[\"https:\/\/elcotarro.com\/?p=546\"]}]},{\"@type\":\"BreadcrumbList\",\"@id\":\"https:\/\/elcotarro.com\/?p=546#breadcrumb\",\"itemListElement\":[{\"@type\":\"ListItem\",\"position\":1,\"name\":\"Portada\",\"item\":\"https:\/\/elcotarro.com\/\"},{\"@type\":\"ListItem\",\"position\":2,\"name\":\"CHEFS VESTIDOS DE CANARIAS\"}]},{\"@type\":\"WebSite\",\"@id\":\"https:\/\/elcotarro.com\/#website\",\"url\":\"https:\/\/elcotarro.com\/\",\"name\":\"El Cotarro\",\"description\":\"Peri\u00f3dico Digital Independiente dirigido por Jos\u00e9 Carlos Marrero\",\"publisher\":{\"@id\":\"https:\/\/elcotarro.com\/#organization\"},\"potentialAction\":[{\"@type\":\"SearchAction\",\"target\":{\"@type\":\"EntryPoint\",\"urlTemplate\":\"https:\/\/elcotarro.com\/?s={search_term_string}\"},\"query-input\":{\"@type\":\"PropertyValueSpecification\",\"valueRequired\":true,\"valueName\":\"search_term_string\"}}],\"inLanguage\":\"es\"},{\"@type\":\"Organization\",\"@id\":\"https:\/\/elcotarro.com\/#organization\",\"name\":\"El Cotarro\",\"url\":\"https:\/\/elcotarro.com\/\",\"logo\":{\"@type\":\"ImageObject\",\"inLanguage\":\"es\",\"@id\":\"https:\/\/elcotarro.com\/#\/schema\/logo\/image\/\",\"url\":\"https:\/\/elcotarro.com\/wp-content\/uploads\/2014\/09\/Cabecera_El_Cotarro_v2.jpg\",\"contentUrl\":\"https:\/\/elcotarro.com\/wp-content\/uploads\/2014\/09\/Cabecera_El_Cotarro_v2.jpg\",\"width\":3540,\"height\":441,\"caption\":\"El Cotarro\"},\"image\":{\"@id\":\"https:\/\/elcotarro.com\/#\/schema\/logo\/image\/\"},\"sameAs\":[\"https:\/\/www.facebook.com\/ElCotarro.Tenerife\"]},{\"@type\":\"Person\",\"@id\":\"https:\/\/elcotarro.com\/#\/schema\/person\/af537ee7d60d15984c7e0affcd8a918b\",\"name\":\"Jos\u00e9 Carlos Marrero Gonz\u00e1lez\",\"image\":{\"@type\":\"ImageObject\",\"inLanguage\":\"es\",\"@id\":\"https:\/\/elcotarro.com\/#\/schema\/person\/image\/\",\"url\":\"https:\/\/secure.gravatar.com\/avatar\/def4da036efb5d32c74d49c351f6dccc064dd69ad9f3aadc295c5a9a5391ca01?s=96&d=mm&r=g\",\"contentUrl\":\"https:\/\/secure.gravatar.com\/avatar\/def4da036efb5d32c74d49c351f6dccc064dd69ad9f3aadc295c5a9a5391ca01?s=96&d=mm&r=g\",\"caption\":\"Jos\u00e9 Carlos Marrero Gonz\u00e1lez\"},\"sameAs\":[\"https:\/\/elcotarro.com\"],\"url\":\"https:\/\/elcotarro.com\/?author=2\"}]}<\/script>\n<!-- \/ Yoast SEO plugin. -->","yoast_head_json":{"title":"CHEFS VESTIDOS DE CANARIAS - El Cotarrro","description":"Todo lo que sea aportar en positivo bienvenido sea... Es lo que podemos decir de la iniciativa de la dise\u00f1adora de moda Felipa Rodr\u00edguez, quien, con su fi","robots":{"index":"index","follow":"follow","max-snippet":"max-snippet:-1","max-image-preview":"max-image-preview:large","max-video-preview":"max-video-preview:-1"},"canonical":"https:\/\/elcotarro.com\/?p=546","og_locale":"es_ES","og_type":"article","og_title":"CHEFS VESTIDOS DE CANARIAS - El Cotarrro","og_description":"Todo lo que sea aportar en positivo bienvenido sea... Es lo que podemos decir de la iniciativa de la dise\u00f1adora de moda Felipa Rodr\u00edguez, quien, con su fi","og_url":"https:\/\/elcotarro.com\/?p=546","og_site_name":"El Cotarro","article_publisher":"https:\/\/www.facebook.com\/ElCotarro.Tenerife","article_published_time":"2014-12-14T12:02:53+00:00","author":"Jos\u00e9 Carlos Marrero Gonz\u00e1lez","twitter_misc":{"Escrito por":"Jos\u00e9 Carlos Marrero Gonz\u00e1lez","Tiempo de lectura":"1 minuto"},"schema":{"@context":"https:\/\/schema.org","@graph":[{"@type":"Article","@id":"https:\/\/elcotarro.com\/?p=546#article","isPartOf":{"@id":"https:\/\/elcotarro.com\/?p=546"},"author":{"name":"Jos\u00e9 Carlos Marrero Gonz\u00e1lez","@id":"https:\/\/elcotarro.com\/#\/schema\/person\/af537ee7d60d15984c7e0affcd8a918b"},"headline":"CHEFS VESTIDOS DE CANARIAS","datePublished":"2014-12-14T12:02:53+00:00","mainEntityOfPage":{"@id":"https:\/\/elcotarro.com\/?p=546"},"wordCount":282,"commentCount":0,"publisher":{"@id":"https:\/\/elcotarro.com\/#organization"},"keywords":["Efra\u00edn Medina","Esther Hern\u00e1ndez","Felipa Rodr\u00edguez","Francis Jorge","Jos\u00e9 E. S\u00e1nchez Giuseppe"],"articleSection":["Gastronom\u00eda"],"inLanguage":"es","potentialAction":[{"@type":"CommentAction","name":"Comment","target":["https:\/\/elcotarro.com\/?p=546#respond"]}]},{"@type":"WebPage","@id":"https:\/\/elcotarro.com\/?p=546","url":"https:\/\/elcotarro.com\/?p=546","name":"CHEFS VESTIDOS DE CANARIAS - El Cotarrro","isPartOf":{"@id":"https:\/\/elcotarro.com\/#website"},"datePublished":"2014-12-14T12:02:53+00:00","description":"Todo lo que sea aportar en positivo bienvenido sea... Es lo que podemos decir de la iniciativa de la dise\u00f1adora de moda Felipa Rodr\u00edguez, quien, con su fi","breadcrumb":{"@id":"https:\/\/elcotarro.com\/?p=546#breadcrumb"},"inLanguage":"es","potentialAction":[{"@type":"ReadAction","target":["https:\/\/elcotarro.com\/?p=546"]}]},{"@type":"BreadcrumbList","@id":"https:\/\/elcotarro.com\/?p=546#breadcrumb","itemListElement":[{"@type":"ListItem","position":1,"name":"Portada","item":"https:\/\/elcotarro.com\/"},{"@type":"ListItem","position":2,"name":"CHEFS VESTIDOS DE CANARIAS"}]},{"@type":"WebSite","@id":"https:\/\/elcotarro.com\/#website","url":"https:\/\/elcotarro.com\/","name":"El Cotarro","description":"Peri\u00f3dico Digital Independiente dirigido por Jos\u00e9 Carlos Marrero","publisher":{"@id":"https:\/\/elcotarro.com\/#organization"},"potentialAction":[{"@type":"SearchAction","target":{"@type":"EntryPoint","urlTemplate":"https:\/\/elcotarro.com\/?s={search_term_string}"},"query-input":{"@type":"PropertyValueSpecification","valueRequired":true,"valueName":"search_term_string"}}],"inLanguage":"es"},{"@type":"Organization","@id":"https:\/\/elcotarro.com\/#organization","name":"El Cotarro","url":"https:\/\/elcotarro.com\/","logo":{"@type":"ImageObject","inLanguage":"es","@id":"https:\/\/elcotarro.com\/#\/schema\/logo\/image\/","url":"https:\/\/elcotarro.com\/wp-content\/uploads\/2014\/09\/Cabecera_El_Cotarro_v2.jpg","contentUrl":"https:\/\/elcotarro.com\/wp-content\/uploads\/2014\/09\/Cabecera_El_Cotarro_v2.jpg","width":3540,"height":441,"caption":"El Cotarro"},"image":{"@id":"https:\/\/elcotarro.com\/#\/schema\/logo\/image\/"},"sameAs":["https:\/\/www.facebook.com\/ElCotarro.Tenerife"]},{"@type":"Person","@id":"https:\/\/elcotarro.com\/#\/schema\/person\/af537ee7d60d15984c7e0affcd8a918b","name":"Jos\u00e9 Carlos Marrero Gonz\u00e1lez","image":{"@type":"ImageObject","inLanguage":"es","@id":"https:\/\/elcotarro.com\/#\/schema\/person\/image\/","url":"https:\/\/secure.gravatar.com\/avatar\/def4da036efb5d32c74d49c351f6dccc064dd69ad9f3aadc295c5a9a5391ca01?s=96&d=mm&r=g","contentUrl":"https:\/\/secure.gravatar.com\/avatar\/def4da036efb5d32c74d49c351f6dccc064dd69ad9f3aadc295c5a9a5391ca01?s=96&d=mm&r=g","caption":"Jos\u00e9 Carlos Marrero Gonz\u00e1lez"},"sameAs":["https:\/\/elcotarro.com"],"url":"https:\/\/elcotarro.com\/?author=2"}]}},"jetpack_featured_media_url":"","jetpack_sharing_enabled":true,"_links":{"self":[{"href":"https:\/\/elcotarro.com\/index.php?rest_route=\/wp\/v2\/posts\/546","targetHints":{"allow":["GET"]}}],"collection":[{"href":"https:\/\/elcotarro.com\/index.php?rest_route=\/wp\/v2\/posts"}],"about":[{"href":"https:\/\/elcotarro.com\/index.php?rest_route=\/wp\/v2\/types\/post"}],"author":[{"embeddable":true,"href":"https:\/\/elcotarro.com\/index.php?rest_route=\/wp\/v2\/users\/2"}],"replies":[{"embeddable":true,"href":"https:\/\/elcotarro.com\/index.php?rest_route=%2Fwp%2Fv2%2Fcomments&post=546"}],"version-history":[{"count":2,"href":"https:\/\/elcotarro.com\/index.php?rest_route=\/wp\/v2\/posts\/546\/revisions"}],"predecessor-version":[{"id":549,"href":"https:\/\/elcotarro.com\/index.php?rest_route=\/wp\/v2\/posts\/546\/revisions\/549"}],"wp:attachment":[{"href":"https:\/\/elcotarro.com\/index.php?rest_route=%2Fwp%2Fv2%2Fmedia&parent=546"}],"wp:term":[{"taxonomy":"category","embeddable":true,"href":"https:\/\/elcotarro.com\/index.php?rest_route=%2Fwp%2Fv2%2Fcategories&post=546"},{"taxonomy":"post_tag","embeddable":true,"href":"https:\/\/elcotarro.com\/index.php?rest_route=%2Fwp%2Fv2%2Ftags&post=546"}],"curies":[{"name":"wp","href":"https:\/\/api.w.org\/{rel}","templated":true}]}}