{"id":5472,"date":"2018-05-27T11:05:04","date_gmt":"2018-05-27T10:05:04","guid":{"rendered":"https:\/\/elcotarro.com\/?p=5472"},"modified":"2018-05-27T10:32:55","modified_gmt":"2018-05-27T09:32:55","slug":"foto-que-al-parecer-hara-temblar","status":"publish","type":"post","link":"https:\/\/elcotarro.com\/?p=5472","title":{"rendered":"FOTO QUE, AL PARECER&#8230;, HAR\u00c1 TEMBLAR"},"content":{"rendered":"<p>El 5\u00ba Sal\u00f3n Gastron\u00f3mico de Canarias &#8211; GastroCanarias 2018, ha dejado innumerables y sabrosas an\u00e9cdotas, que poco a poco, ir\u00e1n saliendo y se las ir\u00e9 contando. Quiz\u00e1 una de las m\u00e1s curiosas y simp\u00e1ticas tiene que ver con una fotograf\u00eda que ven aqu\u00ed encima, protagonizada por los dos presidentes de los cabildos de Tenerife y Gran Canaria, y sacada en el stand de la firma Insular Canarias de Bebidas (INCABE) mientras <strong>Carlos Alonso<\/strong>y <strong>Antonio Morales,<\/strong>degustabaninvitados por <strong>Ezequiel P\u00e9rez\u00a0<\/strong>(director general de INCABE) la nueva \u201cLadr\u00f3n de Manzanas\u201d una bebida muy especial y refrescante, elaborada a partir de manzanas, que ya est\u00e1 haciendo furor en Canarias.<\/p>\n<p style=\"text-align: center\"><a href=\"https:\/\/elcotarro.com\/wp-content\/uploads\/2018\/05\/FOTO-1.-INAUGURACI\u00d3N.jpg\"><img loading=\"lazy\" decoding=\"async\" class=\"alignnone size-full wp-image-5473\" src=\"https:\/\/elcotarro.com\/wp-content\/uploads\/2018\/05\/FOTO-1.-INAUGURACI\u00d3N.jpg\" alt=\"FOTO 1.- INAUGURACI\u00d3N\" width=\"1700\" height=\"1135\" srcset=\"https:\/\/elcotarro.com\/wp-content\/uploads\/2018\/05\/FOTO-1.-INAUGURACI\u00d3N.jpg 1700w, https:\/\/elcotarro.com\/wp-content\/uploads\/2018\/05\/FOTO-1.-INAUGURACI\u00d3N-300x200.jpg 300w, https:\/\/elcotarro.com\/wp-content\/uploads\/2018\/05\/FOTO-1.-INAUGURACI\u00d3N-1024x684.jpg 1024w\" sizes=\"auto, (max-width: 1700px) 100vw, 1700px\" \/><\/a><\/p>\n<p style=\"text-align: center\"><em>Foto de familia en la inauguraci\u00f3n del 5\u00ba Sal\u00f3n Gastron\u00f3mico de Canarias<\/em><\/p>\n","protected":false},"excerpt":{"rendered":"<p>El 5\u00ba Sal\u00f3n Gastron\u00f3mico de Canarias &#8211; GastroCanarias 2018, ha dejado innumerables y sabrosas an\u00e9cdotas, que poco a poco, ir\u00e1n saliendo y se las ir\u00e9 contando. Quiz\u00e1 una de las m\u00e1s curiosas y simp\u00e1ticas tiene que ver con una fotograf\u00eda que ven aqu\u00ed encima, protagonizada por los dos presidentes de los cabildos de Tenerife y &#8230; <a class=\"read-more\" href=\"https:\/\/elcotarro.com\/?p=5472\">Read more<\/a><\/p>\n","protected":false},"author":2,"featured_media":0,"comment_status":"open","ping_status":"open","sticky":false,"template":"","format":"standard","meta":{"_jetpack_memberships_contains_paid_content":false,"footnotes":""},"categories":[1],"tags":[],"class_list":["post-5472","post","type-post","status-publish","format-standard","hentry","category-sin-categoria"],"yoast_head":"<!-- This site is optimized with the Yoast SEO plugin v27.0 - https:\/\/yoast.com\/product\/yoast-seo-wordpress\/ -->\n<title>FOTO QUE, AL PARECER..., HAR\u00c1 TEMBLAR - El Cotarro<\/title>\n<meta name=\"robots\" content=\"index, follow, max-snippet:-1, max-image-preview:large, max-video-preview:-1\" \/>\n<link rel=\"canonical\" href=\"https:\/\/elcotarro.com\/?p=5472\" \/>\n<meta property=\"og:locale\" content=\"es_ES\" \/>\n<meta property=\"og:type\" content=\"article\" \/>\n<meta property=\"og:title\" content=\"FOTO QUE, AL PARECER..., HAR\u00c1 TEMBLAR - El Cotarro\" \/>\n<meta property=\"og:description\" content=\"El 5\u00ba Sal\u00f3n Gastron\u00f3mico de Canarias &#8211; GastroCanarias 2018, ha dejado innumerables y sabrosas an\u00e9cdotas, que poco a poco, ir\u00e1n saliendo y se las ir\u00e9 contando. Quiz\u00e1 una de las m\u00e1s curiosas y simp\u00e1ticas tiene que ver con una fotograf\u00eda que ven aqu\u00ed encima, protagonizada por los dos presidentes de los cabildos de Tenerife y ... Read more\" \/>\n<meta property=\"og:url\" content=\"https:\/\/elcotarro.com\/?p=5472\" \/>\n<meta property=\"og:site_name\" content=\"El Cotarro\" \/>\n<meta property=\"article:publisher\" content=\"https:\/\/www.facebook.com\/ElCotarro.Tenerife\" \/>\n<meta property=\"article:published_time\" content=\"2018-05-27T10:05:04+00:00\" \/>\n<meta name=\"author\" content=\"Jos\u00e9 Carlos Marrero Gonz\u00e1lez\" \/>\n<meta name=\"twitter:label1\" content=\"Escrito por\" \/>\n\t<meta name=\"twitter:data1\" content=\"Jos\u00e9 Carlos Marrero Gonz\u00e1lez\" \/>\n\t<meta name=\"twitter:label2\" content=\"Tiempo de lectura\" \/>\n\t<meta name=\"twitter:data2\" content=\"1 minuto\" \/>\n<script type=\"application\/ld+json\" class=\"yoast-schema-graph\">{\"@context\":\"https:\/\/schema.org\",\"@graph\":[{\"@type\":\"Article\",\"@id\":\"https:\/\/elcotarro.com\/?p=5472#article\",\"isPartOf\":{\"@id\":\"https:\/\/elcotarro.com\/?p=5472\"},\"author\":{\"name\":\"Jos\u00e9 Carlos Marrero Gonz\u00e1lez\",\"@id\":\"https:\/\/elcotarro.com\/#\/schema\/person\/af537ee7d60d15984c7e0affcd8a918b\"},\"headline\":\"FOTO QUE, AL PARECER&#8230;, HAR\u00c1 TEMBLAR\",\"datePublished\":\"2018-05-27T10:05:04+00:00\",\"mainEntityOfPage\":{\"@id\":\"https:\/\/elcotarro.com\/?p=5472\"},\"wordCount\":133,\"commentCount\":0,\"publisher\":{\"@id\":\"https:\/\/elcotarro.com\/#organization\"},\"inLanguage\":\"es\",\"potentialAction\":[{\"@type\":\"CommentAction\",\"name\":\"Comment\",\"target\":[\"https:\/\/elcotarro.com\/?p=5472#respond\"]}]},{\"@type\":\"WebPage\",\"@id\":\"https:\/\/elcotarro.com\/?p=5472\",\"url\":\"https:\/\/elcotarro.com\/?p=5472\",\"name\":\"FOTO QUE, AL PARECER..., HAR\u00c1 TEMBLAR - El Cotarro\",\"isPartOf\":{\"@id\":\"https:\/\/elcotarro.com\/#website\"},\"datePublished\":\"2018-05-27T10:05:04+00:00\",\"breadcrumb\":{\"@id\":\"https:\/\/elcotarro.com\/?p=5472#breadcrumb\"},\"inLanguage\":\"es\",\"potentialAction\":[{\"@type\":\"ReadAction\",\"target\":[\"https:\/\/elcotarro.com\/?p=5472\"]}]},{\"@type\":\"BreadcrumbList\",\"@id\":\"https:\/\/elcotarro.com\/?p=5472#breadcrumb\",\"itemListElement\":[{\"@type\":\"ListItem\",\"position\":1,\"name\":\"Portada\",\"item\":\"https:\/\/elcotarro.com\/\"},{\"@type\":\"ListItem\",\"position\":2,\"name\":\"FOTO QUE, AL PARECER&#8230;, HAR\u00c1 TEMBLAR\"}]},{\"@type\":\"WebSite\",\"@id\":\"https:\/\/elcotarro.com\/#website\",\"url\":\"https:\/\/elcotarro.com\/\",\"name\":\"El Cotarro\",\"description\":\"Peri\u00f3dico Digital Independiente dirigido por Jos\u00e9 Carlos Marrero\",\"publisher\":{\"@id\":\"https:\/\/elcotarro.com\/#organization\"},\"potentialAction\":[{\"@type\":\"SearchAction\",\"target\":{\"@type\":\"EntryPoint\",\"urlTemplate\":\"https:\/\/elcotarro.com\/?s={search_term_string}\"},\"query-input\":{\"@type\":\"PropertyValueSpecification\",\"valueRequired\":true,\"valueName\":\"search_term_string\"}}],\"inLanguage\":\"es\"},{\"@type\":\"Organization\",\"@id\":\"https:\/\/elcotarro.com\/#organization\",\"name\":\"El Cotarro\",\"url\":\"https:\/\/elcotarro.com\/\",\"logo\":{\"@type\":\"ImageObject\",\"inLanguage\":\"es\",\"@id\":\"https:\/\/elcotarro.com\/#\/schema\/logo\/image\/\",\"url\":\"https:\/\/elcotarro.com\/wp-content\/uploads\/2014\/09\/Cabecera_El_Cotarro_v2.jpg\",\"contentUrl\":\"https:\/\/elcotarro.com\/wp-content\/uploads\/2014\/09\/Cabecera_El_Cotarro_v2.jpg\",\"width\":3540,\"height\":441,\"caption\":\"El Cotarro\"},\"image\":{\"@id\":\"https:\/\/elcotarro.com\/#\/schema\/logo\/image\/\"},\"sameAs\":[\"https:\/\/www.facebook.com\/ElCotarro.Tenerife\"]},{\"@type\":\"Person\",\"@id\":\"https:\/\/elcotarro.com\/#\/schema\/person\/af537ee7d60d15984c7e0affcd8a918b\",\"name\":\"Jos\u00e9 Carlos Marrero Gonz\u00e1lez\",\"image\":{\"@type\":\"ImageObject\",\"inLanguage\":\"es\",\"@id\":\"https:\/\/elcotarro.com\/#\/schema\/person\/image\/\",\"url\":\"https:\/\/secure.gravatar.com\/avatar\/def4da036efb5d32c74d49c351f6dccc064dd69ad9f3aadc295c5a9a5391ca01?s=96&d=mm&r=g\",\"contentUrl\":\"https:\/\/secure.gravatar.com\/avatar\/def4da036efb5d32c74d49c351f6dccc064dd69ad9f3aadc295c5a9a5391ca01?s=96&d=mm&r=g\",\"caption\":\"Jos\u00e9 Carlos Marrero Gonz\u00e1lez\"},\"sameAs\":[\"https:\/\/elcotarro.com\"],\"url\":\"https:\/\/elcotarro.com\/?author=2\"}]}<\/script>\n<!-- \/ Yoast SEO plugin. -->","yoast_head_json":{"title":"FOTO QUE, AL PARECER..., HAR\u00c1 TEMBLAR - El Cotarro","robots":{"index":"index","follow":"follow","max-snippet":"max-snippet:-1","max-image-preview":"max-image-preview:large","max-video-preview":"max-video-preview:-1"},"canonical":"https:\/\/elcotarro.com\/?p=5472","og_locale":"es_ES","og_type":"article","og_title":"FOTO QUE, AL PARECER..., HAR\u00c1 TEMBLAR - El Cotarro","og_description":"El 5\u00ba Sal\u00f3n Gastron\u00f3mico de Canarias &#8211; GastroCanarias 2018, ha dejado innumerables y sabrosas an\u00e9cdotas, que poco a poco, ir\u00e1n saliendo y se las ir\u00e9 contando. Quiz\u00e1 una de las m\u00e1s curiosas y simp\u00e1ticas tiene que ver con una fotograf\u00eda que ven aqu\u00ed encima, protagonizada por los dos presidentes de los cabildos de Tenerife y ... Read more","og_url":"https:\/\/elcotarro.com\/?p=5472","og_site_name":"El Cotarro","article_publisher":"https:\/\/www.facebook.com\/ElCotarro.Tenerife","article_published_time":"2018-05-27T10:05:04+00:00","author":"Jos\u00e9 Carlos Marrero Gonz\u00e1lez","twitter_misc":{"Escrito por":"Jos\u00e9 Carlos Marrero Gonz\u00e1lez","Tiempo de lectura":"1 minuto"},"schema":{"@context":"https:\/\/schema.org","@graph":[{"@type":"Article","@id":"https:\/\/elcotarro.com\/?p=5472#article","isPartOf":{"@id":"https:\/\/elcotarro.com\/?p=5472"},"author":{"name":"Jos\u00e9 Carlos Marrero Gonz\u00e1lez","@id":"https:\/\/elcotarro.com\/#\/schema\/person\/af537ee7d60d15984c7e0affcd8a918b"},"headline":"FOTO QUE, AL PARECER&#8230;, HAR\u00c1 TEMBLAR","datePublished":"2018-05-27T10:05:04+00:00","mainEntityOfPage":{"@id":"https:\/\/elcotarro.com\/?p=5472"},"wordCount":133,"commentCount":0,"publisher":{"@id":"https:\/\/elcotarro.com\/#organization"},"inLanguage":"es","potentialAction":[{"@type":"CommentAction","name":"Comment","target":["https:\/\/elcotarro.com\/?p=5472#respond"]}]},{"@type":"WebPage","@id":"https:\/\/elcotarro.com\/?p=5472","url":"https:\/\/elcotarro.com\/?p=5472","name":"FOTO QUE, AL PARECER..., HAR\u00c1 TEMBLAR - El Cotarro","isPartOf":{"@id":"https:\/\/elcotarro.com\/#website"},"datePublished":"2018-05-27T10:05:04+00:00","breadcrumb":{"@id":"https:\/\/elcotarro.com\/?p=5472#breadcrumb"},"inLanguage":"es","potentialAction":[{"@type":"ReadAction","target":["https:\/\/elcotarro.com\/?p=5472"]}]},{"@type":"BreadcrumbList","@id":"https:\/\/elcotarro.com\/?p=5472#breadcrumb","itemListElement":[{"@type":"ListItem","position":1,"name":"Portada","item":"https:\/\/elcotarro.com\/"},{"@type":"ListItem","position":2,"name":"FOTO QUE, AL PARECER&#8230;, HAR\u00c1 TEMBLAR"}]},{"@type":"WebSite","@id":"https:\/\/elcotarro.com\/#website","url":"https:\/\/elcotarro.com\/","name":"El Cotarro","description":"Peri\u00f3dico Digital Independiente dirigido por Jos\u00e9 Carlos Marrero","publisher":{"@id":"https:\/\/elcotarro.com\/#organization"},"potentialAction":[{"@type":"SearchAction","target":{"@type":"EntryPoint","urlTemplate":"https:\/\/elcotarro.com\/?s={search_term_string}"},"query-input":{"@type":"PropertyValueSpecification","valueRequired":true,"valueName":"search_term_string"}}],"inLanguage":"es"},{"@type":"Organization","@id":"https:\/\/elcotarro.com\/#organization","name":"El Cotarro","url":"https:\/\/elcotarro.com\/","logo":{"@type":"ImageObject","inLanguage":"es","@id":"https:\/\/elcotarro.com\/#\/schema\/logo\/image\/","url":"https:\/\/elcotarro.com\/wp-content\/uploads\/2014\/09\/Cabecera_El_Cotarro_v2.jpg","contentUrl":"https:\/\/elcotarro.com\/wp-content\/uploads\/2014\/09\/Cabecera_El_Cotarro_v2.jpg","width":3540,"height":441,"caption":"El Cotarro"},"image":{"@id":"https:\/\/elcotarro.com\/#\/schema\/logo\/image\/"},"sameAs":["https:\/\/www.facebook.com\/ElCotarro.Tenerife"]},{"@type":"Person","@id":"https:\/\/elcotarro.com\/#\/schema\/person\/af537ee7d60d15984c7e0affcd8a918b","name":"Jos\u00e9 Carlos Marrero Gonz\u00e1lez","image":{"@type":"ImageObject","inLanguage":"es","@id":"https:\/\/elcotarro.com\/#\/schema\/person\/image\/","url":"https:\/\/secure.gravatar.com\/avatar\/def4da036efb5d32c74d49c351f6dccc064dd69ad9f3aadc295c5a9a5391ca01?s=96&d=mm&r=g","contentUrl":"https:\/\/secure.gravatar.com\/avatar\/def4da036efb5d32c74d49c351f6dccc064dd69ad9f3aadc295c5a9a5391ca01?s=96&d=mm&r=g","caption":"Jos\u00e9 Carlos Marrero Gonz\u00e1lez"},"sameAs":["https:\/\/elcotarro.com"],"url":"https:\/\/elcotarro.com\/?author=2"}]}},"jetpack_featured_media_url":"","jetpack_sharing_enabled":true,"_links":{"self":[{"href":"https:\/\/elcotarro.com\/index.php?rest_route=\/wp\/v2\/posts\/5472","targetHints":{"allow":["GET"]}}],"collection":[{"href":"https:\/\/elcotarro.com\/index.php?rest_route=\/wp\/v2\/posts"}],"about":[{"href":"https:\/\/elcotarro.com\/index.php?rest_route=\/wp\/v2\/types\/post"}],"author":[{"embeddable":true,"href":"https:\/\/elcotarro.com\/index.php?rest_route=\/wp\/v2\/users\/2"}],"replies":[{"embeddable":true,"href":"https:\/\/elcotarro.com\/index.php?rest_route=%2Fwp%2Fv2%2Fcomments&post=5472"}],"version-history":[{"count":1,"href":"https:\/\/elcotarro.com\/index.php?rest_route=\/wp\/v2\/posts\/5472\/revisions"}],"predecessor-version":[{"id":5474,"href":"https:\/\/elcotarro.com\/index.php?rest_route=\/wp\/v2\/posts\/5472\/revisions\/5474"}],"wp:attachment":[{"href":"https:\/\/elcotarro.com\/index.php?rest_route=%2Fwp%2Fv2%2Fmedia&parent=5472"}],"wp:term":[{"taxonomy":"category","embeddable":true,"href":"https:\/\/elcotarro.com\/index.php?rest_route=%2Fwp%2Fv2%2Fcategories&post=5472"},{"taxonomy":"post_tag","embeddable":true,"href":"https:\/\/elcotarro.com\/index.php?rest_route=%2Fwp%2Fv2%2Ftags&post=5472"}],"curies":[{"name":"wp","href":"https:\/\/api.w.org\/{rel}","templated":true}]}}