{"id":5475,"date":"2018-05-27T11:04:00","date_gmt":"2018-05-27T10:04:00","guid":{"rendered":"https:\/\/elcotarro.com\/?p=5475"},"modified":"2018-05-27T10:33:46","modified_gmt":"2018-05-27T09:33:46","slug":"tiembla-roman-tiembla-fernando","status":"publish","type":"post","link":"https:\/\/elcotarro.com\/?p=5475","title":{"rendered":"\u00a1TIEMBLA ROM\u00c1N!, \u00a1TIEMBLA FERNANDO!"},"content":{"rendered":"<p>Justo en el momento de la instant\u00e1nea se oy\u00f3 una voz desde detr\u00e1s de la c\u00e1mara que exclam\u00f3 <em>\u201c\u00a1tiembla, <strong>Rom\u00e1n<\/strong>!\u201d\u00a0<\/em>a la sigui\u00f3 inmediatamente otra voz que respondi\u00f3 diciendo <em>\u201c\u00a1tiembla, <strong>Fernando<\/strong>!\u201d<\/em>. Me comentan que esta segunda exclamaci\u00f3n fue pronunciada por <strong>Carlos Alonso<\/strong>, pero este extremo no est\u00e1 confirmado. Y tampoco se sabe a ciencia cierta si, efectivamente, el ex-presidente <strong>Rom\u00e1n Rodr\u00edguez\u00a0<\/strong>(Nueva Canarias) o el presidente <strong>Fernando Clavijo\u00a0<\/strong>(Coalici\u00f3n Canaria) se han echado a temblar por la foto y por lo dicho. A lo mejor s\u00ed. Y es que la unidad del nacionalismo moderado canario se est\u00e1 deseando y esperando.<\/p>\n<p style=\"text-align: center\"><a href=\"https:\/\/elcotarro.com\/wp-content\/uploads\/2018\/05\/FOTO-2.-CARLOS-Y-ANTONIO.jpg\"><img loading=\"lazy\" decoding=\"async\" class=\"alignnone size-full wp-image-5476\" src=\"https:\/\/elcotarro.com\/wp-content\/uploads\/2018\/05\/FOTO-2.-CARLOS-Y-ANTONIO.jpg\" alt=\"FOTO 2.- CARLOS Y ANTONIO\" width=\"3024\" height=\"2268\" srcset=\"https:\/\/elcotarro.com\/wp-content\/uploads\/2018\/05\/FOTO-2.-CARLOS-Y-ANTONIO.jpg 3024w, https:\/\/elcotarro.com\/wp-content\/uploads\/2018\/05\/FOTO-2.-CARLOS-Y-ANTONIO-300x225.jpg 300w, https:\/\/elcotarro.com\/wp-content\/uploads\/2018\/05\/FOTO-2.-CARLOS-Y-ANTONIO-1024x768.jpg 1024w\" sizes=\"auto, (max-width: 3024px) 100vw, 3024px\" \/><\/a><\/p>\n<p style=\"text-align: center\"><em>La foto que hace \u201ctemblar\u201d a otros&#8230; A la izquierda, Carlos Alonso (presidente del Cabildo de Tenerife) junto con Antonio Morales (presidente del Cabildo de Gran Canaria).<\/em><\/p>\n","protected":false},"excerpt":{"rendered":"<p>Justo en el momento de la instant\u00e1nea se oy\u00f3 una voz desde detr\u00e1s de la c\u00e1mara que exclam\u00f3 \u201c\u00a1tiembla, Rom\u00e1n!\u201d\u00a0a la sigui\u00f3 inmediatamente otra voz que respondi\u00f3 diciendo \u201c\u00a1tiembla, Fernando!\u201d. Me comentan que esta segunda exclamaci\u00f3n fue pronunciada por Carlos Alonso, pero este extremo no est\u00e1 confirmado. Y tampoco se sabe a ciencia cierta si, &#8230; <a class=\"read-more\" href=\"https:\/\/elcotarro.com\/?p=5475\">Read more<\/a><\/p>\n","protected":false},"author":2,"featured_media":0,"comment_status":"open","ping_status":"open","sticky":false,"template":"","format":"standard","meta":{"_jetpack_memberships_contains_paid_content":false,"footnotes":""},"categories":[1],"tags":[],"class_list":["post-5475","post","type-post","status-publish","format-standard","hentry","category-sin-categoria"],"yoast_head":"<!-- This site is optimized with the Yoast SEO plugin v27.0 - https:\/\/yoast.com\/product\/yoast-seo-wordpress\/ -->\n<title>\u00a1TIEMBLA ROM\u00c1N!, \u00a1TIEMBLA FERNANDO! - El Cotarro<\/title>\n<meta name=\"robots\" content=\"index, follow, max-snippet:-1, max-image-preview:large, max-video-preview:-1\" \/>\n<link rel=\"canonical\" href=\"https:\/\/elcotarro.com\/?p=5475\" \/>\n<meta property=\"og:locale\" content=\"es_ES\" \/>\n<meta property=\"og:type\" content=\"article\" \/>\n<meta property=\"og:title\" content=\"\u00a1TIEMBLA ROM\u00c1N!, \u00a1TIEMBLA FERNANDO! - El Cotarro\" \/>\n<meta property=\"og:description\" content=\"Justo en el momento de la instant\u00e1nea se oy\u00f3 una voz desde detr\u00e1s de la c\u00e1mara que exclam\u00f3 \u201c\u00a1tiembla, Rom\u00e1n!\u201d\u00a0a la sigui\u00f3 inmediatamente otra voz que respondi\u00f3 diciendo \u201c\u00a1tiembla, Fernando!\u201d. Me comentan que esta segunda exclamaci\u00f3n fue pronunciada por Carlos Alonso, pero este extremo no est\u00e1 confirmado. Y tampoco se sabe a ciencia cierta si, ... Read more\" \/>\n<meta property=\"og:url\" content=\"https:\/\/elcotarro.com\/?p=5475\" \/>\n<meta property=\"og:site_name\" content=\"El Cotarro\" \/>\n<meta property=\"article:publisher\" content=\"https:\/\/www.facebook.com\/ElCotarro.Tenerife\" \/>\n<meta property=\"article:published_time\" content=\"2018-05-27T10:04:00+00:00\" \/>\n<meta property=\"og:image\" content=\"https:\/\/elcotarro.com\/wp-content\/uploads\/2018\/05\/FOTO-2.-CARLOS-Y-ANTONIO.jpg\" \/>\n<meta name=\"author\" content=\"Jos\u00e9 Carlos Marrero Gonz\u00e1lez\" \/>\n<meta name=\"twitter:label1\" content=\"Escrito por\" \/>\n\t<meta name=\"twitter:data1\" content=\"Jos\u00e9 Carlos Marrero Gonz\u00e1lez\" \/>\n\t<meta name=\"twitter:label2\" content=\"Tiempo de lectura\" \/>\n\t<meta name=\"twitter:data2\" content=\"1 minuto\" \/>\n<script type=\"application\/ld+json\" class=\"yoast-schema-graph\">{\"@context\":\"https:\/\/schema.org\",\"@graph\":[{\"@type\":\"Article\",\"@id\":\"https:\/\/elcotarro.com\/?p=5475#article\",\"isPartOf\":{\"@id\":\"https:\/\/elcotarro.com\/?p=5475\"},\"author\":{\"name\":\"Jos\u00e9 Carlos Marrero Gonz\u00e1lez\",\"@id\":\"https:\/\/elcotarro.com\/#\/schema\/person\/af537ee7d60d15984c7e0affcd8a918b\"},\"headline\":\"\u00a1TIEMBLA ROM\u00c1N!, \u00a1TIEMBLA FERNANDO!\",\"datePublished\":\"2018-05-27T10:04:00+00:00\",\"mainEntityOfPage\":{\"@id\":\"https:\/\/elcotarro.com\/?p=5475\"},\"wordCount\":140,\"commentCount\":0,\"publisher\":{\"@id\":\"https:\/\/elcotarro.com\/#organization\"},\"image\":{\"@id\":\"https:\/\/elcotarro.com\/?p=5475#primaryimage\"},\"thumbnailUrl\":\"https:\/\/elcotarro.com\/wp-content\/uploads\/2018\/05\/FOTO-2.-CARLOS-Y-ANTONIO.jpg\",\"inLanguage\":\"es\",\"potentialAction\":[{\"@type\":\"CommentAction\",\"name\":\"Comment\",\"target\":[\"https:\/\/elcotarro.com\/?p=5475#respond\"]}]},{\"@type\":\"WebPage\",\"@id\":\"https:\/\/elcotarro.com\/?p=5475\",\"url\":\"https:\/\/elcotarro.com\/?p=5475\",\"name\":\"\u00a1TIEMBLA ROM\u00c1N!, \u00a1TIEMBLA FERNANDO! - El Cotarro\",\"isPartOf\":{\"@id\":\"https:\/\/elcotarro.com\/#website\"},\"primaryImageOfPage\":{\"@id\":\"https:\/\/elcotarro.com\/?p=5475#primaryimage\"},\"image\":{\"@id\":\"https:\/\/elcotarro.com\/?p=5475#primaryimage\"},\"thumbnailUrl\":\"https:\/\/elcotarro.com\/wp-content\/uploads\/2018\/05\/FOTO-2.-CARLOS-Y-ANTONIO.jpg\",\"datePublished\":\"2018-05-27T10:04:00+00:00\",\"breadcrumb\":{\"@id\":\"https:\/\/elcotarro.com\/?p=5475#breadcrumb\"},\"inLanguage\":\"es\",\"potentialAction\":[{\"@type\":\"ReadAction\",\"target\":[\"https:\/\/elcotarro.com\/?p=5475\"]}]},{\"@type\":\"ImageObject\",\"inLanguage\":\"es\",\"@id\":\"https:\/\/elcotarro.com\/?p=5475#primaryimage\",\"url\":\"https:\/\/elcotarro.com\/wp-content\/uploads\/2018\/05\/FOTO-2.-CARLOS-Y-ANTONIO.jpg\",\"contentUrl\":\"https:\/\/elcotarro.com\/wp-content\/uploads\/2018\/05\/FOTO-2.-CARLOS-Y-ANTONIO.jpg\",\"width\":3024,\"height\":2268},{\"@type\":\"BreadcrumbList\",\"@id\":\"https:\/\/elcotarro.com\/?p=5475#breadcrumb\",\"itemListElement\":[{\"@type\":\"ListItem\",\"position\":1,\"name\":\"Portada\",\"item\":\"https:\/\/elcotarro.com\/\"},{\"@type\":\"ListItem\",\"position\":2,\"name\":\"\u00a1TIEMBLA ROM\u00c1N!, \u00a1TIEMBLA FERNANDO!\"}]},{\"@type\":\"WebSite\",\"@id\":\"https:\/\/elcotarro.com\/#website\",\"url\":\"https:\/\/elcotarro.com\/\",\"name\":\"El Cotarro\",\"description\":\"Peri\u00f3dico Digital Independiente dirigido por Jos\u00e9 Carlos Marrero\",\"publisher\":{\"@id\":\"https:\/\/elcotarro.com\/#organization\"},\"potentialAction\":[{\"@type\":\"SearchAction\",\"target\":{\"@type\":\"EntryPoint\",\"urlTemplate\":\"https:\/\/elcotarro.com\/?s={search_term_string}\"},\"query-input\":{\"@type\":\"PropertyValueSpecification\",\"valueRequired\":true,\"valueName\":\"search_term_string\"}}],\"inLanguage\":\"es\"},{\"@type\":\"Organization\",\"@id\":\"https:\/\/elcotarro.com\/#organization\",\"name\":\"El Cotarro\",\"url\":\"https:\/\/elcotarro.com\/\",\"logo\":{\"@type\":\"ImageObject\",\"inLanguage\":\"es\",\"@id\":\"https:\/\/elcotarro.com\/#\/schema\/logo\/image\/\",\"url\":\"https:\/\/elcotarro.com\/wp-content\/uploads\/2014\/09\/Cabecera_El_Cotarro_v2.jpg\",\"contentUrl\":\"https:\/\/elcotarro.com\/wp-content\/uploads\/2014\/09\/Cabecera_El_Cotarro_v2.jpg\",\"width\":3540,\"height\":441,\"caption\":\"El Cotarro\"},\"image\":{\"@id\":\"https:\/\/elcotarro.com\/#\/schema\/logo\/image\/\"},\"sameAs\":[\"https:\/\/www.facebook.com\/ElCotarro.Tenerife\"]},{\"@type\":\"Person\",\"@id\":\"https:\/\/elcotarro.com\/#\/schema\/person\/af537ee7d60d15984c7e0affcd8a918b\",\"name\":\"Jos\u00e9 Carlos Marrero Gonz\u00e1lez\",\"image\":{\"@type\":\"ImageObject\",\"inLanguage\":\"es\",\"@id\":\"https:\/\/elcotarro.com\/#\/schema\/person\/image\/\",\"url\":\"https:\/\/secure.gravatar.com\/avatar\/def4da036efb5d32c74d49c351f6dccc064dd69ad9f3aadc295c5a9a5391ca01?s=96&d=mm&r=g\",\"contentUrl\":\"https:\/\/secure.gravatar.com\/avatar\/def4da036efb5d32c74d49c351f6dccc064dd69ad9f3aadc295c5a9a5391ca01?s=96&d=mm&r=g\",\"caption\":\"Jos\u00e9 Carlos Marrero Gonz\u00e1lez\"},\"sameAs\":[\"https:\/\/elcotarro.com\"],\"url\":\"https:\/\/elcotarro.com\/?author=2\"}]}<\/script>\n<!-- \/ Yoast SEO plugin. -->","yoast_head_json":{"title":"\u00a1TIEMBLA ROM\u00c1N!, \u00a1TIEMBLA FERNANDO! - El Cotarro","robots":{"index":"index","follow":"follow","max-snippet":"max-snippet:-1","max-image-preview":"max-image-preview:large","max-video-preview":"max-video-preview:-1"},"canonical":"https:\/\/elcotarro.com\/?p=5475","og_locale":"es_ES","og_type":"article","og_title":"\u00a1TIEMBLA ROM\u00c1N!, \u00a1TIEMBLA FERNANDO! - El Cotarro","og_description":"Justo en el momento de la instant\u00e1nea se oy\u00f3 una voz desde detr\u00e1s de la c\u00e1mara que exclam\u00f3 \u201c\u00a1tiembla, Rom\u00e1n!\u201d\u00a0a la sigui\u00f3 inmediatamente otra voz que respondi\u00f3 diciendo \u201c\u00a1tiembla, Fernando!\u201d. Me comentan que esta segunda exclamaci\u00f3n fue pronunciada por Carlos Alonso, pero este extremo no est\u00e1 confirmado. Y tampoco se sabe a ciencia cierta si, ... Read more","og_url":"https:\/\/elcotarro.com\/?p=5475","og_site_name":"El Cotarro","article_publisher":"https:\/\/www.facebook.com\/ElCotarro.Tenerife","article_published_time":"2018-05-27T10:04:00+00:00","og_image":[{"url":"https:\/\/elcotarro.com\/wp-content\/uploads\/2018\/05\/FOTO-2.-CARLOS-Y-ANTONIO.jpg","type":"","width":"","height":""}],"author":"Jos\u00e9 Carlos Marrero Gonz\u00e1lez","twitter_misc":{"Escrito por":"Jos\u00e9 Carlos Marrero Gonz\u00e1lez","Tiempo de lectura":"1 minuto"},"schema":{"@context":"https:\/\/schema.org","@graph":[{"@type":"Article","@id":"https:\/\/elcotarro.com\/?p=5475#article","isPartOf":{"@id":"https:\/\/elcotarro.com\/?p=5475"},"author":{"name":"Jos\u00e9 Carlos Marrero Gonz\u00e1lez","@id":"https:\/\/elcotarro.com\/#\/schema\/person\/af537ee7d60d15984c7e0affcd8a918b"},"headline":"\u00a1TIEMBLA ROM\u00c1N!, \u00a1TIEMBLA FERNANDO!","datePublished":"2018-05-27T10:04:00+00:00","mainEntityOfPage":{"@id":"https:\/\/elcotarro.com\/?p=5475"},"wordCount":140,"commentCount":0,"publisher":{"@id":"https:\/\/elcotarro.com\/#organization"},"image":{"@id":"https:\/\/elcotarro.com\/?p=5475#primaryimage"},"thumbnailUrl":"https:\/\/elcotarro.com\/wp-content\/uploads\/2018\/05\/FOTO-2.-CARLOS-Y-ANTONIO.jpg","inLanguage":"es","potentialAction":[{"@type":"CommentAction","name":"Comment","target":["https:\/\/elcotarro.com\/?p=5475#respond"]}]},{"@type":"WebPage","@id":"https:\/\/elcotarro.com\/?p=5475","url":"https:\/\/elcotarro.com\/?p=5475","name":"\u00a1TIEMBLA ROM\u00c1N!, \u00a1TIEMBLA FERNANDO! - El Cotarro","isPartOf":{"@id":"https:\/\/elcotarro.com\/#website"},"primaryImageOfPage":{"@id":"https:\/\/elcotarro.com\/?p=5475#primaryimage"},"image":{"@id":"https:\/\/elcotarro.com\/?p=5475#primaryimage"},"thumbnailUrl":"https:\/\/elcotarro.com\/wp-content\/uploads\/2018\/05\/FOTO-2.-CARLOS-Y-ANTONIO.jpg","datePublished":"2018-05-27T10:04:00+00:00","breadcrumb":{"@id":"https:\/\/elcotarro.com\/?p=5475#breadcrumb"},"inLanguage":"es","potentialAction":[{"@type":"ReadAction","target":["https:\/\/elcotarro.com\/?p=5475"]}]},{"@type":"ImageObject","inLanguage":"es","@id":"https:\/\/elcotarro.com\/?p=5475#primaryimage","url":"https:\/\/elcotarro.com\/wp-content\/uploads\/2018\/05\/FOTO-2.-CARLOS-Y-ANTONIO.jpg","contentUrl":"https:\/\/elcotarro.com\/wp-content\/uploads\/2018\/05\/FOTO-2.-CARLOS-Y-ANTONIO.jpg","width":3024,"height":2268},{"@type":"BreadcrumbList","@id":"https:\/\/elcotarro.com\/?p=5475#breadcrumb","itemListElement":[{"@type":"ListItem","position":1,"name":"Portada","item":"https:\/\/elcotarro.com\/"},{"@type":"ListItem","position":2,"name":"\u00a1TIEMBLA ROM\u00c1N!, \u00a1TIEMBLA FERNANDO!"}]},{"@type":"WebSite","@id":"https:\/\/elcotarro.com\/#website","url":"https:\/\/elcotarro.com\/","name":"El Cotarro","description":"Peri\u00f3dico Digital Independiente dirigido por Jos\u00e9 Carlos Marrero","publisher":{"@id":"https:\/\/elcotarro.com\/#organization"},"potentialAction":[{"@type":"SearchAction","target":{"@type":"EntryPoint","urlTemplate":"https:\/\/elcotarro.com\/?s={search_term_string}"},"query-input":{"@type":"PropertyValueSpecification","valueRequired":true,"valueName":"search_term_string"}}],"inLanguage":"es"},{"@type":"Organization","@id":"https:\/\/elcotarro.com\/#organization","name":"El Cotarro","url":"https:\/\/elcotarro.com\/","logo":{"@type":"ImageObject","inLanguage":"es","@id":"https:\/\/elcotarro.com\/#\/schema\/logo\/image\/","url":"https:\/\/elcotarro.com\/wp-content\/uploads\/2014\/09\/Cabecera_El_Cotarro_v2.jpg","contentUrl":"https:\/\/elcotarro.com\/wp-content\/uploads\/2014\/09\/Cabecera_El_Cotarro_v2.jpg","width":3540,"height":441,"caption":"El Cotarro"},"image":{"@id":"https:\/\/elcotarro.com\/#\/schema\/logo\/image\/"},"sameAs":["https:\/\/www.facebook.com\/ElCotarro.Tenerife"]},{"@type":"Person","@id":"https:\/\/elcotarro.com\/#\/schema\/person\/af537ee7d60d15984c7e0affcd8a918b","name":"Jos\u00e9 Carlos Marrero Gonz\u00e1lez","image":{"@type":"ImageObject","inLanguage":"es","@id":"https:\/\/elcotarro.com\/#\/schema\/person\/image\/","url":"https:\/\/secure.gravatar.com\/avatar\/def4da036efb5d32c74d49c351f6dccc064dd69ad9f3aadc295c5a9a5391ca01?s=96&d=mm&r=g","contentUrl":"https:\/\/secure.gravatar.com\/avatar\/def4da036efb5d32c74d49c351f6dccc064dd69ad9f3aadc295c5a9a5391ca01?s=96&d=mm&r=g","caption":"Jos\u00e9 Carlos Marrero Gonz\u00e1lez"},"sameAs":["https:\/\/elcotarro.com"],"url":"https:\/\/elcotarro.com\/?author=2"}]}},"jetpack_featured_media_url":"","jetpack_sharing_enabled":true,"_links":{"self":[{"href":"https:\/\/elcotarro.com\/index.php?rest_route=\/wp\/v2\/posts\/5475","targetHints":{"allow":["GET"]}}],"collection":[{"href":"https:\/\/elcotarro.com\/index.php?rest_route=\/wp\/v2\/posts"}],"about":[{"href":"https:\/\/elcotarro.com\/index.php?rest_route=\/wp\/v2\/types\/post"}],"author":[{"embeddable":true,"href":"https:\/\/elcotarro.com\/index.php?rest_route=\/wp\/v2\/users\/2"}],"replies":[{"embeddable":true,"href":"https:\/\/elcotarro.com\/index.php?rest_route=%2Fwp%2Fv2%2Fcomments&post=5475"}],"version-history":[{"count":1,"href":"https:\/\/elcotarro.com\/index.php?rest_route=\/wp\/v2\/posts\/5475\/revisions"}],"predecessor-version":[{"id":5477,"href":"https:\/\/elcotarro.com\/index.php?rest_route=\/wp\/v2\/posts\/5475\/revisions\/5477"}],"wp:attachment":[{"href":"https:\/\/elcotarro.com\/index.php?rest_route=%2Fwp%2Fv2%2Fmedia&parent=5475"}],"wp:term":[{"taxonomy":"category","embeddable":true,"href":"https:\/\/elcotarro.com\/index.php?rest_route=%2Fwp%2Fv2%2Fcategories&post=5475"},{"taxonomy":"post_tag","embeddable":true,"href":"https:\/\/elcotarro.com\/index.php?rest_route=%2Fwp%2Fv2%2Ftags&post=5475"}],"curies":[{"name":"wp","href":"https:\/\/api.w.org\/{rel}","templated":true}]}}