{"id":5478,"date":"2018-05-27T11:03:51","date_gmt":"2018-05-27T10:03:51","guid":{"rendered":"https:\/\/elcotarro.com\/?p=5478"},"modified":"2018-05-27T10:34:54","modified_gmt":"2018-05-27T09:34:54","slug":"y-desde-la-laguna-siempre-mediando","status":"publish","type":"post","link":"https:\/\/elcotarro.com\/?p=5478","title":{"rendered":"Y DESDE LA LAGUNA, SIEMPRE MEDIANDO"},"content":{"rendered":"<p>Otra fotograf\u00eda (curiosamente sacada bajo el gran arco de entrada al stand de Gran Canaria, la \u201cIsla Invitada\u201d en GastroCanarias 2018) ha circulado tambi\u00e9n como prueba de lo que puede estar sucediendo para bien. Y es que, seg\u00fan comentan, el alcalde lagunero, <strong>Jos\u00e9 Alberto D\u00edaz\u00a0<\/strong>(CC) est\u00e1 haciendo de mediador y \u201chombre bueno\u201d para limar las in\u00fatiles \u201casperezas\u201d y absurdos \u201cpiques\u201d que separan a los nacionalistas canarios moderados y que, de seguir as\u00ed, les pueden llevar a lo que yo llamo el \u201ctrompetazo electoral\u201d del pr\u00f3ximo y electoral mes de mayo de 2019. El otro mediador podr\u00eda ser la persona que aparece a la derecha de la foto y que no es otro que <strong>Marino Aldu\u00e1n<\/strong>, (procedente de ICAN, como <strong>Jos\u00e9 Alberto<\/strong>) quien en otro momento fuera viceconsejero de Educaci\u00f3n del Gobierno de Canarias presidido por <strong>Rom\u00e1n Rodr\u00edguez\u00a0<\/strong>y que actualmente es el director general de Presidencia del Cabildo de Gran Canaria. Veremos a ver qu\u00e9 pasa.<\/p>\n<p style=\"text-align: center\"><a href=\"https:\/\/elcotarro.com\/wp-content\/uploads\/2018\/05\/FOTO-3.-LOS-MEDIADORES.jpg\"><img loading=\"lazy\" decoding=\"async\" class=\"alignnone size-full wp-image-5479\" src=\"https:\/\/elcotarro.com\/wp-content\/uploads\/2018\/05\/FOTO-3.-LOS-MEDIADORES.jpg\" alt=\"FOTO 3.- LOS MEDIADORES\" width=\"3024\" height=\"2268\" srcset=\"https:\/\/elcotarro.com\/wp-content\/uploads\/2018\/05\/FOTO-3.-LOS-MEDIADORES.jpg 3024w, https:\/\/elcotarro.com\/wp-content\/uploads\/2018\/05\/FOTO-3.-LOS-MEDIADORES-300x225.jpg 300w, https:\/\/elcotarro.com\/wp-content\/uploads\/2018\/05\/FOTO-3.-LOS-MEDIADORES-1024x768.jpg 1024w\" sizes=\"auto, (max-width: 3024px) 100vw, 3024px\" \/><\/a><\/p>\n<p style=\"text-align: center\"><em>De izquierda a derecha: Jos\u00e9 Alberto D\u00edaz (alcalde de La laguna), Antonio Morales (presidente del Cabildo de Gran Canaria) y su director general, Marino Aldu\u00e1n.<\/em><\/p>\n","protected":false},"excerpt":{"rendered":"<p>Otra fotograf\u00eda (curiosamente sacada bajo el gran arco de entrada al stand de Gran Canaria, la \u201cIsla Invitada\u201d en GastroCanarias 2018) ha circulado tambi\u00e9n como prueba de lo que puede estar sucediendo para bien. Y es que, seg\u00fan comentan, el alcalde lagunero, Jos\u00e9 Alberto D\u00edaz\u00a0(CC) est\u00e1 haciendo de mediador y \u201chombre bueno\u201d para limar las &#8230; <a class=\"read-more\" href=\"https:\/\/elcotarro.com\/?p=5478\">Read more<\/a><\/p>\n","protected":false},"author":2,"featured_media":0,"comment_status":"open","ping_status":"open","sticky":false,"template":"","format":"standard","meta":{"_jetpack_memberships_contains_paid_content":false,"footnotes":""},"categories":[1],"tags":[],"class_list":["post-5478","post","type-post","status-publish","format-standard","hentry","category-sin-categoria"],"yoast_head":"<!-- This site is optimized with the Yoast SEO plugin v27.0 - https:\/\/yoast.com\/product\/yoast-seo-wordpress\/ -->\n<title>Y DESDE LA LAGUNA, SIEMPRE MEDIANDO - El Cotarro<\/title>\n<meta name=\"robots\" content=\"index, follow, max-snippet:-1, max-image-preview:large, max-video-preview:-1\" \/>\n<link rel=\"canonical\" href=\"https:\/\/elcotarro.com\/?p=5478\" \/>\n<meta property=\"og:locale\" content=\"es_ES\" \/>\n<meta property=\"og:type\" content=\"article\" \/>\n<meta property=\"og:title\" content=\"Y DESDE LA LAGUNA, SIEMPRE MEDIANDO - El Cotarro\" \/>\n<meta property=\"og:description\" content=\"Otra fotograf\u00eda (curiosamente sacada bajo el gran arco de entrada al stand de Gran Canaria, la \u201cIsla Invitada\u201d en GastroCanarias 2018) ha circulado tambi\u00e9n como prueba de lo que puede estar sucediendo para bien. Y es que, seg\u00fan comentan, el alcalde lagunero, Jos\u00e9 Alberto D\u00edaz\u00a0(CC) est\u00e1 haciendo de mediador y \u201chombre bueno\u201d para limar las ... Read more\" \/>\n<meta property=\"og:url\" content=\"https:\/\/elcotarro.com\/?p=5478\" \/>\n<meta property=\"og:site_name\" content=\"El Cotarro\" \/>\n<meta property=\"article:publisher\" content=\"https:\/\/www.facebook.com\/ElCotarro.Tenerife\" \/>\n<meta property=\"article:published_time\" content=\"2018-05-27T10:03:51+00:00\" \/>\n<meta property=\"og:image\" content=\"https:\/\/elcotarro.com\/wp-content\/uploads\/2018\/05\/FOTO-3.-LOS-MEDIADORES.jpg\" \/>\n<meta name=\"author\" content=\"Jos\u00e9 Carlos Marrero Gonz\u00e1lez\" \/>\n<meta name=\"twitter:label1\" content=\"Escrito por\" \/>\n\t<meta name=\"twitter:data1\" content=\"Jos\u00e9 Carlos Marrero Gonz\u00e1lez\" \/>\n\t<meta name=\"twitter:label2\" content=\"Tiempo de lectura\" \/>\n\t<meta name=\"twitter:data2\" content=\"1 minuto\" \/>\n<script type=\"application\/ld+json\" class=\"yoast-schema-graph\">{\"@context\":\"https:\/\/schema.org\",\"@graph\":[{\"@type\":\"Article\",\"@id\":\"https:\/\/elcotarro.com\/?p=5478#article\",\"isPartOf\":{\"@id\":\"https:\/\/elcotarro.com\/?p=5478\"},\"author\":{\"name\":\"Jos\u00e9 Carlos Marrero Gonz\u00e1lez\",\"@id\":\"https:\/\/elcotarro.com\/#\/schema\/person\/af537ee7d60d15984c7e0affcd8a918b\"},\"headline\":\"Y DESDE LA LAGUNA, SIEMPRE MEDIANDO\",\"datePublished\":\"2018-05-27T10:03:51+00:00\",\"mainEntityOfPage\":{\"@id\":\"https:\/\/elcotarro.com\/?p=5478\"},\"wordCount\":199,\"commentCount\":0,\"publisher\":{\"@id\":\"https:\/\/elcotarro.com\/#organization\"},\"image\":{\"@id\":\"https:\/\/elcotarro.com\/?p=5478#primaryimage\"},\"thumbnailUrl\":\"https:\/\/elcotarro.com\/wp-content\/uploads\/2018\/05\/FOTO-3.-LOS-MEDIADORES.jpg\",\"inLanguage\":\"es\",\"potentialAction\":[{\"@type\":\"CommentAction\",\"name\":\"Comment\",\"target\":[\"https:\/\/elcotarro.com\/?p=5478#respond\"]}]},{\"@type\":\"WebPage\",\"@id\":\"https:\/\/elcotarro.com\/?p=5478\",\"url\":\"https:\/\/elcotarro.com\/?p=5478\",\"name\":\"Y DESDE LA LAGUNA, SIEMPRE MEDIANDO - El Cotarro\",\"isPartOf\":{\"@id\":\"https:\/\/elcotarro.com\/#website\"},\"primaryImageOfPage\":{\"@id\":\"https:\/\/elcotarro.com\/?p=5478#primaryimage\"},\"image\":{\"@id\":\"https:\/\/elcotarro.com\/?p=5478#primaryimage\"},\"thumbnailUrl\":\"https:\/\/elcotarro.com\/wp-content\/uploads\/2018\/05\/FOTO-3.-LOS-MEDIADORES.jpg\",\"datePublished\":\"2018-05-27T10:03:51+00:00\",\"breadcrumb\":{\"@id\":\"https:\/\/elcotarro.com\/?p=5478#breadcrumb\"},\"inLanguage\":\"es\",\"potentialAction\":[{\"@type\":\"ReadAction\",\"target\":[\"https:\/\/elcotarro.com\/?p=5478\"]}]},{\"@type\":\"ImageObject\",\"inLanguage\":\"es\",\"@id\":\"https:\/\/elcotarro.com\/?p=5478#primaryimage\",\"url\":\"https:\/\/elcotarro.com\/wp-content\/uploads\/2018\/05\/FOTO-3.-LOS-MEDIADORES.jpg\",\"contentUrl\":\"https:\/\/elcotarro.com\/wp-content\/uploads\/2018\/05\/FOTO-3.-LOS-MEDIADORES.jpg\",\"width\":3024,\"height\":2268},{\"@type\":\"BreadcrumbList\",\"@id\":\"https:\/\/elcotarro.com\/?p=5478#breadcrumb\",\"itemListElement\":[{\"@type\":\"ListItem\",\"position\":1,\"name\":\"Portada\",\"item\":\"https:\/\/elcotarro.com\/\"},{\"@type\":\"ListItem\",\"position\":2,\"name\":\"Y DESDE LA LAGUNA, SIEMPRE MEDIANDO\"}]},{\"@type\":\"WebSite\",\"@id\":\"https:\/\/elcotarro.com\/#website\",\"url\":\"https:\/\/elcotarro.com\/\",\"name\":\"El Cotarro\",\"description\":\"Peri\u00f3dico Digital Independiente dirigido por Jos\u00e9 Carlos Marrero\",\"publisher\":{\"@id\":\"https:\/\/elcotarro.com\/#organization\"},\"potentialAction\":[{\"@type\":\"SearchAction\",\"target\":{\"@type\":\"EntryPoint\",\"urlTemplate\":\"https:\/\/elcotarro.com\/?s={search_term_string}\"},\"query-input\":{\"@type\":\"PropertyValueSpecification\",\"valueRequired\":true,\"valueName\":\"search_term_string\"}}],\"inLanguage\":\"es\"},{\"@type\":\"Organization\",\"@id\":\"https:\/\/elcotarro.com\/#organization\",\"name\":\"El Cotarro\",\"url\":\"https:\/\/elcotarro.com\/\",\"logo\":{\"@type\":\"ImageObject\",\"inLanguage\":\"es\",\"@id\":\"https:\/\/elcotarro.com\/#\/schema\/logo\/image\/\",\"url\":\"https:\/\/elcotarro.com\/wp-content\/uploads\/2014\/09\/Cabecera_El_Cotarro_v2.jpg\",\"contentUrl\":\"https:\/\/elcotarro.com\/wp-content\/uploads\/2014\/09\/Cabecera_El_Cotarro_v2.jpg\",\"width\":3540,\"height\":441,\"caption\":\"El Cotarro\"},\"image\":{\"@id\":\"https:\/\/elcotarro.com\/#\/schema\/logo\/image\/\"},\"sameAs\":[\"https:\/\/www.facebook.com\/ElCotarro.Tenerife\"]},{\"@type\":\"Person\",\"@id\":\"https:\/\/elcotarro.com\/#\/schema\/person\/af537ee7d60d15984c7e0affcd8a918b\",\"name\":\"Jos\u00e9 Carlos Marrero Gonz\u00e1lez\",\"image\":{\"@type\":\"ImageObject\",\"inLanguage\":\"es\",\"@id\":\"https:\/\/elcotarro.com\/#\/schema\/person\/image\/\",\"url\":\"https:\/\/secure.gravatar.com\/avatar\/def4da036efb5d32c74d49c351f6dccc064dd69ad9f3aadc295c5a9a5391ca01?s=96&d=mm&r=g\",\"contentUrl\":\"https:\/\/secure.gravatar.com\/avatar\/def4da036efb5d32c74d49c351f6dccc064dd69ad9f3aadc295c5a9a5391ca01?s=96&d=mm&r=g\",\"caption\":\"Jos\u00e9 Carlos Marrero Gonz\u00e1lez\"},\"sameAs\":[\"https:\/\/elcotarro.com\"],\"url\":\"https:\/\/elcotarro.com\/?author=2\"}]}<\/script>\n<!-- \/ Yoast SEO plugin. -->","yoast_head_json":{"title":"Y DESDE LA LAGUNA, SIEMPRE MEDIANDO - El Cotarro","robots":{"index":"index","follow":"follow","max-snippet":"max-snippet:-1","max-image-preview":"max-image-preview:large","max-video-preview":"max-video-preview:-1"},"canonical":"https:\/\/elcotarro.com\/?p=5478","og_locale":"es_ES","og_type":"article","og_title":"Y DESDE LA LAGUNA, SIEMPRE MEDIANDO - El Cotarro","og_description":"Otra fotograf\u00eda (curiosamente sacada bajo el gran arco de entrada al stand de Gran Canaria, la \u201cIsla Invitada\u201d en GastroCanarias 2018) ha circulado tambi\u00e9n como prueba de lo que puede estar sucediendo para bien. Y es que, seg\u00fan comentan, el alcalde lagunero, Jos\u00e9 Alberto D\u00edaz\u00a0(CC) est\u00e1 haciendo de mediador y \u201chombre bueno\u201d para limar las ... Read more","og_url":"https:\/\/elcotarro.com\/?p=5478","og_site_name":"El Cotarro","article_publisher":"https:\/\/www.facebook.com\/ElCotarro.Tenerife","article_published_time":"2018-05-27T10:03:51+00:00","og_image":[{"url":"https:\/\/elcotarro.com\/wp-content\/uploads\/2018\/05\/FOTO-3.-LOS-MEDIADORES.jpg","type":"","width":"","height":""}],"author":"Jos\u00e9 Carlos Marrero Gonz\u00e1lez","twitter_misc":{"Escrito por":"Jos\u00e9 Carlos Marrero Gonz\u00e1lez","Tiempo de lectura":"1 minuto"},"schema":{"@context":"https:\/\/schema.org","@graph":[{"@type":"Article","@id":"https:\/\/elcotarro.com\/?p=5478#article","isPartOf":{"@id":"https:\/\/elcotarro.com\/?p=5478"},"author":{"name":"Jos\u00e9 Carlos Marrero Gonz\u00e1lez","@id":"https:\/\/elcotarro.com\/#\/schema\/person\/af537ee7d60d15984c7e0affcd8a918b"},"headline":"Y DESDE LA LAGUNA, SIEMPRE MEDIANDO","datePublished":"2018-05-27T10:03:51+00:00","mainEntityOfPage":{"@id":"https:\/\/elcotarro.com\/?p=5478"},"wordCount":199,"commentCount":0,"publisher":{"@id":"https:\/\/elcotarro.com\/#organization"},"image":{"@id":"https:\/\/elcotarro.com\/?p=5478#primaryimage"},"thumbnailUrl":"https:\/\/elcotarro.com\/wp-content\/uploads\/2018\/05\/FOTO-3.-LOS-MEDIADORES.jpg","inLanguage":"es","potentialAction":[{"@type":"CommentAction","name":"Comment","target":["https:\/\/elcotarro.com\/?p=5478#respond"]}]},{"@type":"WebPage","@id":"https:\/\/elcotarro.com\/?p=5478","url":"https:\/\/elcotarro.com\/?p=5478","name":"Y DESDE LA LAGUNA, SIEMPRE MEDIANDO - El Cotarro","isPartOf":{"@id":"https:\/\/elcotarro.com\/#website"},"primaryImageOfPage":{"@id":"https:\/\/elcotarro.com\/?p=5478#primaryimage"},"image":{"@id":"https:\/\/elcotarro.com\/?p=5478#primaryimage"},"thumbnailUrl":"https:\/\/elcotarro.com\/wp-content\/uploads\/2018\/05\/FOTO-3.-LOS-MEDIADORES.jpg","datePublished":"2018-05-27T10:03:51+00:00","breadcrumb":{"@id":"https:\/\/elcotarro.com\/?p=5478#breadcrumb"},"inLanguage":"es","potentialAction":[{"@type":"ReadAction","target":["https:\/\/elcotarro.com\/?p=5478"]}]},{"@type":"ImageObject","inLanguage":"es","@id":"https:\/\/elcotarro.com\/?p=5478#primaryimage","url":"https:\/\/elcotarro.com\/wp-content\/uploads\/2018\/05\/FOTO-3.-LOS-MEDIADORES.jpg","contentUrl":"https:\/\/elcotarro.com\/wp-content\/uploads\/2018\/05\/FOTO-3.-LOS-MEDIADORES.jpg","width":3024,"height":2268},{"@type":"BreadcrumbList","@id":"https:\/\/elcotarro.com\/?p=5478#breadcrumb","itemListElement":[{"@type":"ListItem","position":1,"name":"Portada","item":"https:\/\/elcotarro.com\/"},{"@type":"ListItem","position":2,"name":"Y DESDE LA LAGUNA, SIEMPRE MEDIANDO"}]},{"@type":"WebSite","@id":"https:\/\/elcotarro.com\/#website","url":"https:\/\/elcotarro.com\/","name":"El Cotarro","description":"Peri\u00f3dico Digital Independiente dirigido por Jos\u00e9 Carlos Marrero","publisher":{"@id":"https:\/\/elcotarro.com\/#organization"},"potentialAction":[{"@type":"SearchAction","target":{"@type":"EntryPoint","urlTemplate":"https:\/\/elcotarro.com\/?s={search_term_string}"},"query-input":{"@type":"PropertyValueSpecification","valueRequired":true,"valueName":"search_term_string"}}],"inLanguage":"es"},{"@type":"Organization","@id":"https:\/\/elcotarro.com\/#organization","name":"El Cotarro","url":"https:\/\/elcotarro.com\/","logo":{"@type":"ImageObject","inLanguage":"es","@id":"https:\/\/elcotarro.com\/#\/schema\/logo\/image\/","url":"https:\/\/elcotarro.com\/wp-content\/uploads\/2014\/09\/Cabecera_El_Cotarro_v2.jpg","contentUrl":"https:\/\/elcotarro.com\/wp-content\/uploads\/2014\/09\/Cabecera_El_Cotarro_v2.jpg","width":3540,"height":441,"caption":"El Cotarro"},"image":{"@id":"https:\/\/elcotarro.com\/#\/schema\/logo\/image\/"},"sameAs":["https:\/\/www.facebook.com\/ElCotarro.Tenerife"]},{"@type":"Person","@id":"https:\/\/elcotarro.com\/#\/schema\/person\/af537ee7d60d15984c7e0affcd8a918b","name":"Jos\u00e9 Carlos Marrero Gonz\u00e1lez","image":{"@type":"ImageObject","inLanguage":"es","@id":"https:\/\/elcotarro.com\/#\/schema\/person\/image\/","url":"https:\/\/secure.gravatar.com\/avatar\/def4da036efb5d32c74d49c351f6dccc064dd69ad9f3aadc295c5a9a5391ca01?s=96&d=mm&r=g","contentUrl":"https:\/\/secure.gravatar.com\/avatar\/def4da036efb5d32c74d49c351f6dccc064dd69ad9f3aadc295c5a9a5391ca01?s=96&d=mm&r=g","caption":"Jos\u00e9 Carlos Marrero Gonz\u00e1lez"},"sameAs":["https:\/\/elcotarro.com"],"url":"https:\/\/elcotarro.com\/?author=2"}]}},"jetpack_featured_media_url":"","jetpack_sharing_enabled":true,"_links":{"self":[{"href":"https:\/\/elcotarro.com\/index.php?rest_route=\/wp\/v2\/posts\/5478","targetHints":{"allow":["GET"]}}],"collection":[{"href":"https:\/\/elcotarro.com\/index.php?rest_route=\/wp\/v2\/posts"}],"about":[{"href":"https:\/\/elcotarro.com\/index.php?rest_route=\/wp\/v2\/types\/post"}],"author":[{"embeddable":true,"href":"https:\/\/elcotarro.com\/index.php?rest_route=\/wp\/v2\/users\/2"}],"replies":[{"embeddable":true,"href":"https:\/\/elcotarro.com\/index.php?rest_route=%2Fwp%2Fv2%2Fcomments&post=5478"}],"version-history":[{"count":1,"href":"https:\/\/elcotarro.com\/index.php?rest_route=\/wp\/v2\/posts\/5478\/revisions"}],"predecessor-version":[{"id":5480,"href":"https:\/\/elcotarro.com\/index.php?rest_route=\/wp\/v2\/posts\/5478\/revisions\/5480"}],"wp:attachment":[{"href":"https:\/\/elcotarro.com\/index.php?rest_route=%2Fwp%2Fv2%2Fmedia&parent=5478"}],"wp:term":[{"taxonomy":"category","embeddable":true,"href":"https:\/\/elcotarro.com\/index.php?rest_route=%2Fwp%2Fv2%2Fcategories&post=5478"},{"taxonomy":"post_tag","embeddable":true,"href":"https:\/\/elcotarro.com\/index.php?rest_route=%2Fwp%2Fv2%2Ftags&post=5478"}],"curies":[{"name":"wp","href":"https:\/\/api.w.org\/{rel}","templated":true}]}}