{"id":5481,"date":"2018-05-27T11:02:59","date_gmt":"2018-05-27T10:02:59","guid":{"rendered":"https:\/\/elcotarro.com\/?p=5481"},"modified":"2018-05-27T10:35:51","modified_gmt":"2018-05-27T09:35:51","slug":"la-milicia-se-une-a-la-gastronomia","status":"publish","type":"post","link":"https:\/\/elcotarro.com\/?p=5481","title":{"rendered":"LA MILICIA SE UNE A LA GASTRONOM\u00cdA"},"content":{"rendered":"<p>En este fin de semana del D\u00eda de las Fuerzas Armadas, merece la pena destacar y agradecer el detallazo del teniente general Jefe del Mando de Canarias, <strong>Carlos Palacios Zaforteza<\/strong>(nuestro actual Capit\u00e1n General de Canarias) y su general Jefe del Estado Mayor del Mando de Canarias, <strong>Antonio Cipr\u00e9s Palac\u00edn<\/strong>, quienes no dudaron en acercarse a visitar el 5\u00ba Sal\u00f3n Gastron\u00f3mico y disfrutaron tom\u00e1ndose una cervecita Heineken junto con los co-directores del mismo, <strong>Jonay L\u00f3pez Soto\u00a0<\/strong>y un servidor. Si la Milicia y su buena y fluida relaci\u00f3n con la sociedad a la que sirve es fundamental, <strong>Carlos Palacios\u00a0<\/strong>y <strong>Antonio Cipr\u00e9s\u00a0<\/strong>demostraron esa perfecta relaci\u00f3n saludando a todos, con naturalidad y cercan\u00eda. Un puntazo.<\/p>\n<p style=\"text-align: center\"><a href=\"https:\/\/elcotarro.com\/wp-content\/uploads\/2018\/05\/FOTO-4.-CAPIT\u00c1N-GENERAL.jpg\"><img loading=\"lazy\" decoding=\"async\" class=\"alignnone size-full wp-image-5482\" src=\"https:\/\/elcotarro.com\/wp-content\/uploads\/2018\/05\/FOTO-4.-CAPIT\u00c1N-GENERAL.jpg\" alt=\"FOTO 4.- CAPIT\u00c1N GENERAL\" width=\"1177\" height=\"890\" srcset=\"https:\/\/elcotarro.com\/wp-content\/uploads\/2018\/05\/FOTO-4.-CAPIT\u00c1N-GENERAL.jpg 1177w, https:\/\/elcotarro.com\/wp-content\/uploads\/2018\/05\/FOTO-4.-CAPIT\u00c1N-GENERAL-300x227.jpg 300w, https:\/\/elcotarro.com\/wp-content\/uploads\/2018\/05\/FOTO-4.-CAPIT\u00c1N-GENERAL-1024x774.jpg 1024w\" sizes=\"auto, (max-width: 1177px) 100vw, 1177px\" \/><\/a><\/p>\n<p style=\"text-align: center\"><em>Antonio Cipr\u00e9s (jefe de Estado Mayor), un servidor, Carlos Palacios (Capit\u00e1n General de Canarias) y Jonay L\u00f3pez (co-director del 5\u00ba Sal\u00f3n)<\/em><\/p>\n","protected":false},"excerpt":{"rendered":"<p>En este fin de semana del D\u00eda de las Fuerzas Armadas, merece la pena destacar y agradecer el detallazo del teniente general Jefe del Mando de Canarias, Carlos Palacios Zaforteza(nuestro actual Capit\u00e1n General de Canarias) y su general Jefe del Estado Mayor del Mando de Canarias, Antonio Cipr\u00e9s Palac\u00edn, quienes no dudaron en acercarse a &#8230; <a class=\"read-more\" href=\"https:\/\/elcotarro.com\/?p=5481\">Read more<\/a><\/p>\n","protected":false},"author":2,"featured_media":0,"comment_status":"open","ping_status":"open","sticky":false,"template":"","format":"standard","meta":{"_jetpack_memberships_contains_paid_content":false,"footnotes":""},"categories":[1],"tags":[],"class_list":["post-5481","post","type-post","status-publish","format-standard","hentry","category-sin-categoria"],"yoast_head":"<!-- This site is optimized with the Yoast SEO plugin v27.0 - https:\/\/yoast.com\/product\/yoast-seo-wordpress\/ -->\n<title>LA MILICIA SE UNE A LA GASTRONOM\u00cdA - El Cotarro<\/title>\n<meta name=\"robots\" content=\"index, follow, max-snippet:-1, max-image-preview:large, max-video-preview:-1\" \/>\n<link rel=\"canonical\" href=\"https:\/\/elcotarro.com\/?p=5481\" \/>\n<meta property=\"og:locale\" content=\"es_ES\" \/>\n<meta property=\"og:type\" content=\"article\" \/>\n<meta property=\"og:title\" content=\"LA MILICIA SE UNE A LA GASTRONOM\u00cdA - El Cotarro\" \/>\n<meta property=\"og:description\" content=\"En este fin de semana del D\u00eda de las Fuerzas Armadas, merece la pena destacar y agradecer el detallazo del teniente general Jefe del Mando de Canarias, Carlos Palacios Zaforteza(nuestro actual Capit\u00e1n General de Canarias) y su general Jefe del Estado Mayor del Mando de Canarias, Antonio Cipr\u00e9s Palac\u00edn, quienes no dudaron en acercarse a ... Read more\" \/>\n<meta property=\"og:url\" content=\"https:\/\/elcotarro.com\/?p=5481\" \/>\n<meta property=\"og:site_name\" content=\"El Cotarro\" \/>\n<meta property=\"article:publisher\" content=\"https:\/\/www.facebook.com\/ElCotarro.Tenerife\" \/>\n<meta property=\"article:published_time\" content=\"2018-05-27T10:02:59+00:00\" \/>\n<meta name=\"author\" content=\"Jos\u00e9 Carlos Marrero Gonz\u00e1lez\" \/>\n<meta name=\"twitter:label1\" content=\"Escrito por\" \/>\n\t<meta name=\"twitter:data1\" content=\"Jos\u00e9 Carlos Marrero Gonz\u00e1lez\" \/>\n\t<meta name=\"twitter:label2\" content=\"Tiempo de lectura\" \/>\n\t<meta name=\"twitter:data2\" content=\"1 minuto\" \/>\n<script type=\"application\/ld+json\" class=\"yoast-schema-graph\">{\"@context\":\"https:\/\/schema.org\",\"@graph\":[{\"@type\":\"Article\",\"@id\":\"https:\/\/elcotarro.com\/?p=5481#article\",\"isPartOf\":{\"@id\":\"https:\/\/elcotarro.com\/?p=5481\"},\"author\":{\"name\":\"Jos\u00e9 Carlos Marrero Gonz\u00e1lez\",\"@id\":\"https:\/\/elcotarro.com\/#\/schema\/person\/af537ee7d60d15984c7e0affcd8a918b\"},\"headline\":\"LA MILICIA SE UNE A LA GASTRONOM\u00cdA\",\"datePublished\":\"2018-05-27T10:02:59+00:00\",\"mainEntityOfPage\":{\"@id\":\"https:\/\/elcotarro.com\/?p=5481\"},\"wordCount\":158,\"commentCount\":0,\"publisher\":{\"@id\":\"https:\/\/elcotarro.com\/#organization\"},\"inLanguage\":\"es\",\"potentialAction\":[{\"@type\":\"CommentAction\",\"name\":\"Comment\",\"target\":[\"https:\/\/elcotarro.com\/?p=5481#respond\"]}]},{\"@type\":\"WebPage\",\"@id\":\"https:\/\/elcotarro.com\/?p=5481\",\"url\":\"https:\/\/elcotarro.com\/?p=5481\",\"name\":\"LA MILICIA SE UNE A LA GASTRONOM\u00cdA - El Cotarro\",\"isPartOf\":{\"@id\":\"https:\/\/elcotarro.com\/#website\"},\"datePublished\":\"2018-05-27T10:02:59+00:00\",\"breadcrumb\":{\"@id\":\"https:\/\/elcotarro.com\/?p=5481#breadcrumb\"},\"inLanguage\":\"es\",\"potentialAction\":[{\"@type\":\"ReadAction\",\"target\":[\"https:\/\/elcotarro.com\/?p=5481\"]}]},{\"@type\":\"BreadcrumbList\",\"@id\":\"https:\/\/elcotarro.com\/?p=5481#breadcrumb\",\"itemListElement\":[{\"@type\":\"ListItem\",\"position\":1,\"name\":\"Portada\",\"item\":\"https:\/\/elcotarro.com\/\"},{\"@type\":\"ListItem\",\"position\":2,\"name\":\"LA MILICIA SE UNE A LA GASTRONOM\u00cdA\"}]},{\"@type\":\"WebSite\",\"@id\":\"https:\/\/elcotarro.com\/#website\",\"url\":\"https:\/\/elcotarro.com\/\",\"name\":\"El Cotarro\",\"description\":\"Peri\u00f3dico Digital Independiente dirigido por Jos\u00e9 Carlos Marrero\",\"publisher\":{\"@id\":\"https:\/\/elcotarro.com\/#organization\"},\"potentialAction\":[{\"@type\":\"SearchAction\",\"target\":{\"@type\":\"EntryPoint\",\"urlTemplate\":\"https:\/\/elcotarro.com\/?s={search_term_string}\"},\"query-input\":{\"@type\":\"PropertyValueSpecification\",\"valueRequired\":true,\"valueName\":\"search_term_string\"}}],\"inLanguage\":\"es\"},{\"@type\":\"Organization\",\"@id\":\"https:\/\/elcotarro.com\/#organization\",\"name\":\"El Cotarro\",\"url\":\"https:\/\/elcotarro.com\/\",\"logo\":{\"@type\":\"ImageObject\",\"inLanguage\":\"es\",\"@id\":\"https:\/\/elcotarro.com\/#\/schema\/logo\/image\/\",\"url\":\"https:\/\/elcotarro.com\/wp-content\/uploads\/2014\/09\/Cabecera_El_Cotarro_v2.jpg\",\"contentUrl\":\"https:\/\/elcotarro.com\/wp-content\/uploads\/2014\/09\/Cabecera_El_Cotarro_v2.jpg\",\"width\":3540,\"height\":441,\"caption\":\"El Cotarro\"},\"image\":{\"@id\":\"https:\/\/elcotarro.com\/#\/schema\/logo\/image\/\"},\"sameAs\":[\"https:\/\/www.facebook.com\/ElCotarro.Tenerife\"]},{\"@type\":\"Person\",\"@id\":\"https:\/\/elcotarro.com\/#\/schema\/person\/af537ee7d60d15984c7e0affcd8a918b\",\"name\":\"Jos\u00e9 Carlos Marrero Gonz\u00e1lez\",\"image\":{\"@type\":\"ImageObject\",\"inLanguage\":\"es\",\"@id\":\"https:\/\/elcotarro.com\/#\/schema\/person\/image\/\",\"url\":\"https:\/\/secure.gravatar.com\/avatar\/def4da036efb5d32c74d49c351f6dccc064dd69ad9f3aadc295c5a9a5391ca01?s=96&d=mm&r=g\",\"contentUrl\":\"https:\/\/secure.gravatar.com\/avatar\/def4da036efb5d32c74d49c351f6dccc064dd69ad9f3aadc295c5a9a5391ca01?s=96&d=mm&r=g\",\"caption\":\"Jos\u00e9 Carlos Marrero Gonz\u00e1lez\"},\"sameAs\":[\"https:\/\/elcotarro.com\"],\"url\":\"https:\/\/elcotarro.com\/?author=2\"}]}<\/script>\n<!-- \/ Yoast SEO plugin. -->","yoast_head_json":{"title":"LA MILICIA SE UNE A LA GASTRONOM\u00cdA - El Cotarro","robots":{"index":"index","follow":"follow","max-snippet":"max-snippet:-1","max-image-preview":"max-image-preview:large","max-video-preview":"max-video-preview:-1"},"canonical":"https:\/\/elcotarro.com\/?p=5481","og_locale":"es_ES","og_type":"article","og_title":"LA MILICIA SE UNE A LA GASTRONOM\u00cdA - El Cotarro","og_description":"En este fin de semana del D\u00eda de las Fuerzas Armadas, merece la pena destacar y agradecer el detallazo del teniente general Jefe del Mando de Canarias, Carlos Palacios Zaforteza(nuestro actual Capit\u00e1n General de Canarias) y su general Jefe del Estado Mayor del Mando de Canarias, Antonio Cipr\u00e9s Palac\u00edn, quienes no dudaron en acercarse a ... Read more","og_url":"https:\/\/elcotarro.com\/?p=5481","og_site_name":"El Cotarro","article_publisher":"https:\/\/www.facebook.com\/ElCotarro.Tenerife","article_published_time":"2018-05-27T10:02:59+00:00","author":"Jos\u00e9 Carlos Marrero Gonz\u00e1lez","twitter_misc":{"Escrito por":"Jos\u00e9 Carlos Marrero Gonz\u00e1lez","Tiempo de lectura":"1 minuto"},"schema":{"@context":"https:\/\/schema.org","@graph":[{"@type":"Article","@id":"https:\/\/elcotarro.com\/?p=5481#article","isPartOf":{"@id":"https:\/\/elcotarro.com\/?p=5481"},"author":{"name":"Jos\u00e9 Carlos Marrero Gonz\u00e1lez","@id":"https:\/\/elcotarro.com\/#\/schema\/person\/af537ee7d60d15984c7e0affcd8a918b"},"headline":"LA MILICIA SE UNE A LA GASTRONOM\u00cdA","datePublished":"2018-05-27T10:02:59+00:00","mainEntityOfPage":{"@id":"https:\/\/elcotarro.com\/?p=5481"},"wordCount":158,"commentCount":0,"publisher":{"@id":"https:\/\/elcotarro.com\/#organization"},"inLanguage":"es","potentialAction":[{"@type":"CommentAction","name":"Comment","target":["https:\/\/elcotarro.com\/?p=5481#respond"]}]},{"@type":"WebPage","@id":"https:\/\/elcotarro.com\/?p=5481","url":"https:\/\/elcotarro.com\/?p=5481","name":"LA MILICIA SE UNE A LA GASTRONOM\u00cdA - El Cotarro","isPartOf":{"@id":"https:\/\/elcotarro.com\/#website"},"datePublished":"2018-05-27T10:02:59+00:00","breadcrumb":{"@id":"https:\/\/elcotarro.com\/?p=5481#breadcrumb"},"inLanguage":"es","potentialAction":[{"@type":"ReadAction","target":["https:\/\/elcotarro.com\/?p=5481"]}]},{"@type":"BreadcrumbList","@id":"https:\/\/elcotarro.com\/?p=5481#breadcrumb","itemListElement":[{"@type":"ListItem","position":1,"name":"Portada","item":"https:\/\/elcotarro.com\/"},{"@type":"ListItem","position":2,"name":"LA MILICIA SE UNE A LA GASTRONOM\u00cdA"}]},{"@type":"WebSite","@id":"https:\/\/elcotarro.com\/#website","url":"https:\/\/elcotarro.com\/","name":"El Cotarro","description":"Peri\u00f3dico Digital Independiente dirigido por Jos\u00e9 Carlos Marrero","publisher":{"@id":"https:\/\/elcotarro.com\/#organization"},"potentialAction":[{"@type":"SearchAction","target":{"@type":"EntryPoint","urlTemplate":"https:\/\/elcotarro.com\/?s={search_term_string}"},"query-input":{"@type":"PropertyValueSpecification","valueRequired":true,"valueName":"search_term_string"}}],"inLanguage":"es"},{"@type":"Organization","@id":"https:\/\/elcotarro.com\/#organization","name":"El Cotarro","url":"https:\/\/elcotarro.com\/","logo":{"@type":"ImageObject","inLanguage":"es","@id":"https:\/\/elcotarro.com\/#\/schema\/logo\/image\/","url":"https:\/\/elcotarro.com\/wp-content\/uploads\/2014\/09\/Cabecera_El_Cotarro_v2.jpg","contentUrl":"https:\/\/elcotarro.com\/wp-content\/uploads\/2014\/09\/Cabecera_El_Cotarro_v2.jpg","width":3540,"height":441,"caption":"El Cotarro"},"image":{"@id":"https:\/\/elcotarro.com\/#\/schema\/logo\/image\/"},"sameAs":["https:\/\/www.facebook.com\/ElCotarro.Tenerife"]},{"@type":"Person","@id":"https:\/\/elcotarro.com\/#\/schema\/person\/af537ee7d60d15984c7e0affcd8a918b","name":"Jos\u00e9 Carlos Marrero Gonz\u00e1lez","image":{"@type":"ImageObject","inLanguage":"es","@id":"https:\/\/elcotarro.com\/#\/schema\/person\/image\/","url":"https:\/\/secure.gravatar.com\/avatar\/def4da036efb5d32c74d49c351f6dccc064dd69ad9f3aadc295c5a9a5391ca01?s=96&d=mm&r=g","contentUrl":"https:\/\/secure.gravatar.com\/avatar\/def4da036efb5d32c74d49c351f6dccc064dd69ad9f3aadc295c5a9a5391ca01?s=96&d=mm&r=g","caption":"Jos\u00e9 Carlos Marrero Gonz\u00e1lez"},"sameAs":["https:\/\/elcotarro.com"],"url":"https:\/\/elcotarro.com\/?author=2"}]}},"jetpack_featured_media_url":"","jetpack_sharing_enabled":true,"_links":{"self":[{"href":"https:\/\/elcotarro.com\/index.php?rest_route=\/wp\/v2\/posts\/5481","targetHints":{"allow":["GET"]}}],"collection":[{"href":"https:\/\/elcotarro.com\/index.php?rest_route=\/wp\/v2\/posts"}],"about":[{"href":"https:\/\/elcotarro.com\/index.php?rest_route=\/wp\/v2\/types\/post"}],"author":[{"embeddable":true,"href":"https:\/\/elcotarro.com\/index.php?rest_route=\/wp\/v2\/users\/2"}],"replies":[{"embeddable":true,"href":"https:\/\/elcotarro.com\/index.php?rest_route=%2Fwp%2Fv2%2Fcomments&post=5481"}],"version-history":[{"count":1,"href":"https:\/\/elcotarro.com\/index.php?rest_route=\/wp\/v2\/posts\/5481\/revisions"}],"predecessor-version":[{"id":5483,"href":"https:\/\/elcotarro.com\/index.php?rest_route=\/wp\/v2\/posts\/5481\/revisions\/5483"}],"wp:attachment":[{"href":"https:\/\/elcotarro.com\/index.php?rest_route=%2Fwp%2Fv2%2Fmedia&parent=5481"}],"wp:term":[{"taxonomy":"category","embeddable":true,"href":"https:\/\/elcotarro.com\/index.php?rest_route=%2Fwp%2Fv2%2Fcategories&post=5481"},{"taxonomy":"post_tag","embeddable":true,"href":"https:\/\/elcotarro.com\/index.php?rest_route=%2Fwp%2Fv2%2Ftags&post=5481"}],"curies":[{"name":"wp","href":"https:\/\/api.w.org\/{rel}","templated":true}]}}