{"id":5497,"date":"2018-06-03T11:05:38","date_gmt":"2018-06-03T10:05:38","guid":{"rendered":"https:\/\/elcotarro.com\/?p=5497"},"modified":"2018-06-03T10:31:34","modified_gmt":"2018-06-03T09:31:34","slug":"el-gran-acongojo-de-pedro-sanchez","status":"publish","type":"post","link":"https:\/\/elcotarro.com\/?p=5497","title":{"rendered":"EL GRAN \u201cACONGOJO\u201d DE PEDRO S\u00c1NCHEZ"},"content":{"rendered":"<p>Insistentes rumores (que no se han podido confirmar) llegan procedentes del Congreso de los Diputados desde unos minutos despu\u00e9s de que el ya hoy presidente del Gobierno del Reino de Espa\u00f1a, <strong>Pedro S\u00e1nchez P\u00e9rez-Castej\u00f3n\u00a0<\/strong>ganara la moci\u00f3n de censura contra Mariano Rajoy. Al parecer, un entre contento y \u201cacongojado\u201d <strong>Pedro S\u00e1nchez\u00a0<\/strong>pidi\u00f3 que alg\u00fan compa\u00f1ero le dijera c\u00f3mo gobernar con solo 84 diputados y una ristra de parlamentarios de diferentes partidos, colores, intereses y pelajes. Est\u00e1 claro que el amigo S\u00e1nchez no lo va a tener nada f\u00e1cil, a la vista del gallinero pol\u00edtico que le rodear\u00e1 en el Parlamento.<\/p>\n<p style=\"text-align: center\"><a href=\"https:\/\/elcotarro.com\/wp-content\/uploads\/2018\/06\/FOTO-1.-PEDRO-S\u00c1NCHEZ.jpg\"><img loading=\"lazy\" decoding=\"async\" class=\"alignnone size-full wp-image-5498\" src=\"https:\/\/elcotarro.com\/wp-content\/uploads\/2018\/06\/FOTO-1.-PEDRO-S\u00c1NCHEZ.jpg\" alt=\"FOTO 1.- PEDRO S\u00c1NCHEZ\" width=\"286\" height=\"176\" \/><\/a><\/p>\n<p style=\"text-align: center\"><em>Pedro S\u00e1nchez P\u00e9rez-Castej\u00f3n, nuevo presidente del Gobierno del Reino de Espa\u00f1a<\/em><\/p>\n","protected":false},"excerpt":{"rendered":"<p>Insistentes rumores (que no se han podido confirmar) llegan procedentes del Congreso de los Diputados desde unos minutos despu\u00e9s de que el ya hoy presidente del Gobierno del Reino de Espa\u00f1a, Pedro S\u00e1nchez P\u00e9rez-Castej\u00f3n\u00a0ganara la moci\u00f3n de censura contra Mariano Rajoy. Al parecer, un entre contento y \u201cacongojado\u201d Pedro S\u00e1nchez\u00a0pidi\u00f3 que alg\u00fan compa\u00f1ero le dijera &#8230; <a class=\"read-more\" href=\"https:\/\/elcotarro.com\/?p=5497\">Read more<\/a><\/p>\n","protected":false},"author":2,"featured_media":0,"comment_status":"open","ping_status":"open","sticky":false,"template":"","format":"standard","meta":{"_jetpack_memberships_contains_paid_content":false,"footnotes":""},"categories":[1],"tags":[],"class_list":["post-5497","post","type-post","status-publish","format-standard","hentry","category-sin-categoria"],"yoast_head":"<!-- This site is optimized with the Yoast SEO plugin v27.0 - https:\/\/yoast.com\/product\/yoast-seo-wordpress\/ -->\n<title>EL GRAN \u201cACONGOJO\u201d DE PEDRO S\u00c1NCHEZ - El Cotarro<\/title>\n<meta name=\"robots\" content=\"index, follow, max-snippet:-1, max-image-preview:large, max-video-preview:-1\" \/>\n<link rel=\"canonical\" href=\"https:\/\/elcotarro.com\/?p=5497\" \/>\n<meta property=\"og:locale\" content=\"es_ES\" \/>\n<meta property=\"og:type\" content=\"article\" \/>\n<meta property=\"og:title\" content=\"EL GRAN \u201cACONGOJO\u201d DE PEDRO S\u00c1NCHEZ - El Cotarro\" \/>\n<meta property=\"og:description\" content=\"Insistentes rumores (que no se han podido confirmar) llegan procedentes del Congreso de los Diputados desde unos minutos despu\u00e9s de que el ya hoy presidente del Gobierno del Reino de Espa\u00f1a, Pedro S\u00e1nchez P\u00e9rez-Castej\u00f3n\u00a0ganara la moci\u00f3n de censura contra Mariano Rajoy. Al parecer, un entre contento y \u201cacongojado\u201d Pedro S\u00e1nchez\u00a0pidi\u00f3 que alg\u00fan compa\u00f1ero le dijera ... Read more\" \/>\n<meta property=\"og:url\" content=\"https:\/\/elcotarro.com\/?p=5497\" \/>\n<meta property=\"og:site_name\" content=\"El Cotarro\" \/>\n<meta property=\"article:publisher\" content=\"https:\/\/www.facebook.com\/ElCotarro.Tenerife\" \/>\n<meta property=\"article:published_time\" content=\"2018-06-03T10:05:38+00:00\" \/>\n<meta name=\"author\" content=\"Jos\u00e9 Carlos Marrero Gonz\u00e1lez\" \/>\n<meta name=\"twitter:label1\" content=\"Escrito por\" \/>\n\t<meta name=\"twitter:data1\" content=\"Jos\u00e9 Carlos Marrero Gonz\u00e1lez\" \/>\n\t<meta name=\"twitter:label2\" content=\"Tiempo de lectura\" \/>\n\t<meta name=\"twitter:data2\" content=\"1 minuto\" \/>\n<script type=\"application\/ld+json\" class=\"yoast-schema-graph\">{\"@context\":\"https:\/\/schema.org\",\"@graph\":[{\"@type\":\"Article\",\"@id\":\"https:\/\/elcotarro.com\/?p=5497#article\",\"isPartOf\":{\"@id\":\"https:\/\/elcotarro.com\/?p=5497\"},\"author\":{\"name\":\"Jos\u00e9 Carlos Marrero Gonz\u00e1lez\",\"@id\":\"https:\/\/elcotarro.com\/#\/schema\/person\/af537ee7d60d15984c7e0affcd8a918b\"},\"headline\":\"EL GRAN \u201cACONGOJO\u201d DE PEDRO S\u00c1NCHEZ\",\"datePublished\":\"2018-06-03T10:05:38+00:00\",\"mainEntityOfPage\":{\"@id\":\"https:\/\/elcotarro.com\/?p=5497\"},\"wordCount\":134,\"commentCount\":0,\"publisher\":{\"@id\":\"https:\/\/elcotarro.com\/#organization\"},\"inLanguage\":\"es\",\"potentialAction\":[{\"@type\":\"CommentAction\",\"name\":\"Comment\",\"target\":[\"https:\/\/elcotarro.com\/?p=5497#respond\"]}]},{\"@type\":\"WebPage\",\"@id\":\"https:\/\/elcotarro.com\/?p=5497\",\"url\":\"https:\/\/elcotarro.com\/?p=5497\",\"name\":\"EL GRAN \u201cACONGOJO\u201d DE PEDRO S\u00c1NCHEZ - El Cotarro\",\"isPartOf\":{\"@id\":\"https:\/\/elcotarro.com\/#website\"},\"datePublished\":\"2018-06-03T10:05:38+00:00\",\"breadcrumb\":{\"@id\":\"https:\/\/elcotarro.com\/?p=5497#breadcrumb\"},\"inLanguage\":\"es\",\"potentialAction\":[{\"@type\":\"ReadAction\",\"target\":[\"https:\/\/elcotarro.com\/?p=5497\"]}]},{\"@type\":\"BreadcrumbList\",\"@id\":\"https:\/\/elcotarro.com\/?p=5497#breadcrumb\",\"itemListElement\":[{\"@type\":\"ListItem\",\"position\":1,\"name\":\"Portada\",\"item\":\"https:\/\/elcotarro.com\/\"},{\"@type\":\"ListItem\",\"position\":2,\"name\":\"EL GRAN \u201cACONGOJO\u201d DE PEDRO S\u00c1NCHEZ\"}]},{\"@type\":\"WebSite\",\"@id\":\"https:\/\/elcotarro.com\/#website\",\"url\":\"https:\/\/elcotarro.com\/\",\"name\":\"El Cotarro\",\"description\":\"Peri\u00f3dico Digital Independiente dirigido por Jos\u00e9 Carlos Marrero\",\"publisher\":{\"@id\":\"https:\/\/elcotarro.com\/#organization\"},\"potentialAction\":[{\"@type\":\"SearchAction\",\"target\":{\"@type\":\"EntryPoint\",\"urlTemplate\":\"https:\/\/elcotarro.com\/?s={search_term_string}\"},\"query-input\":{\"@type\":\"PropertyValueSpecification\",\"valueRequired\":true,\"valueName\":\"search_term_string\"}}],\"inLanguage\":\"es\"},{\"@type\":\"Organization\",\"@id\":\"https:\/\/elcotarro.com\/#organization\",\"name\":\"El Cotarro\",\"url\":\"https:\/\/elcotarro.com\/\",\"logo\":{\"@type\":\"ImageObject\",\"inLanguage\":\"es\",\"@id\":\"https:\/\/elcotarro.com\/#\/schema\/logo\/image\/\",\"url\":\"https:\/\/elcotarro.com\/wp-content\/uploads\/2014\/09\/Cabecera_El_Cotarro_v2.jpg\",\"contentUrl\":\"https:\/\/elcotarro.com\/wp-content\/uploads\/2014\/09\/Cabecera_El_Cotarro_v2.jpg\",\"width\":3540,\"height\":441,\"caption\":\"El Cotarro\"},\"image\":{\"@id\":\"https:\/\/elcotarro.com\/#\/schema\/logo\/image\/\"},\"sameAs\":[\"https:\/\/www.facebook.com\/ElCotarro.Tenerife\"]},{\"@type\":\"Person\",\"@id\":\"https:\/\/elcotarro.com\/#\/schema\/person\/af537ee7d60d15984c7e0affcd8a918b\",\"name\":\"Jos\u00e9 Carlos Marrero Gonz\u00e1lez\",\"image\":{\"@type\":\"ImageObject\",\"inLanguage\":\"es\",\"@id\":\"https:\/\/elcotarro.com\/#\/schema\/person\/image\/\",\"url\":\"https:\/\/secure.gravatar.com\/avatar\/def4da036efb5d32c74d49c351f6dccc064dd69ad9f3aadc295c5a9a5391ca01?s=96&d=mm&r=g\",\"contentUrl\":\"https:\/\/secure.gravatar.com\/avatar\/def4da036efb5d32c74d49c351f6dccc064dd69ad9f3aadc295c5a9a5391ca01?s=96&d=mm&r=g\",\"caption\":\"Jos\u00e9 Carlos Marrero Gonz\u00e1lez\"},\"sameAs\":[\"https:\/\/elcotarro.com\"],\"url\":\"https:\/\/elcotarro.com\/?author=2\"}]}<\/script>\n<!-- \/ Yoast SEO plugin. -->","yoast_head_json":{"title":"EL GRAN \u201cACONGOJO\u201d DE PEDRO S\u00c1NCHEZ - El Cotarro","robots":{"index":"index","follow":"follow","max-snippet":"max-snippet:-1","max-image-preview":"max-image-preview:large","max-video-preview":"max-video-preview:-1"},"canonical":"https:\/\/elcotarro.com\/?p=5497","og_locale":"es_ES","og_type":"article","og_title":"EL GRAN \u201cACONGOJO\u201d DE PEDRO S\u00c1NCHEZ - El Cotarro","og_description":"Insistentes rumores (que no se han podido confirmar) llegan procedentes del Congreso de los Diputados desde unos minutos despu\u00e9s de que el ya hoy presidente del Gobierno del Reino de Espa\u00f1a, Pedro S\u00e1nchez P\u00e9rez-Castej\u00f3n\u00a0ganara la moci\u00f3n de censura contra Mariano Rajoy. Al parecer, un entre contento y \u201cacongojado\u201d Pedro S\u00e1nchez\u00a0pidi\u00f3 que alg\u00fan compa\u00f1ero le dijera ... Read more","og_url":"https:\/\/elcotarro.com\/?p=5497","og_site_name":"El Cotarro","article_publisher":"https:\/\/www.facebook.com\/ElCotarro.Tenerife","article_published_time":"2018-06-03T10:05:38+00:00","author":"Jos\u00e9 Carlos Marrero Gonz\u00e1lez","twitter_misc":{"Escrito por":"Jos\u00e9 Carlos Marrero Gonz\u00e1lez","Tiempo de lectura":"1 minuto"},"schema":{"@context":"https:\/\/schema.org","@graph":[{"@type":"Article","@id":"https:\/\/elcotarro.com\/?p=5497#article","isPartOf":{"@id":"https:\/\/elcotarro.com\/?p=5497"},"author":{"name":"Jos\u00e9 Carlos Marrero Gonz\u00e1lez","@id":"https:\/\/elcotarro.com\/#\/schema\/person\/af537ee7d60d15984c7e0affcd8a918b"},"headline":"EL GRAN \u201cACONGOJO\u201d DE PEDRO S\u00c1NCHEZ","datePublished":"2018-06-03T10:05:38+00:00","mainEntityOfPage":{"@id":"https:\/\/elcotarro.com\/?p=5497"},"wordCount":134,"commentCount":0,"publisher":{"@id":"https:\/\/elcotarro.com\/#organization"},"inLanguage":"es","potentialAction":[{"@type":"CommentAction","name":"Comment","target":["https:\/\/elcotarro.com\/?p=5497#respond"]}]},{"@type":"WebPage","@id":"https:\/\/elcotarro.com\/?p=5497","url":"https:\/\/elcotarro.com\/?p=5497","name":"EL GRAN \u201cACONGOJO\u201d DE PEDRO S\u00c1NCHEZ - El Cotarro","isPartOf":{"@id":"https:\/\/elcotarro.com\/#website"},"datePublished":"2018-06-03T10:05:38+00:00","breadcrumb":{"@id":"https:\/\/elcotarro.com\/?p=5497#breadcrumb"},"inLanguage":"es","potentialAction":[{"@type":"ReadAction","target":["https:\/\/elcotarro.com\/?p=5497"]}]},{"@type":"BreadcrumbList","@id":"https:\/\/elcotarro.com\/?p=5497#breadcrumb","itemListElement":[{"@type":"ListItem","position":1,"name":"Portada","item":"https:\/\/elcotarro.com\/"},{"@type":"ListItem","position":2,"name":"EL GRAN \u201cACONGOJO\u201d DE PEDRO S\u00c1NCHEZ"}]},{"@type":"WebSite","@id":"https:\/\/elcotarro.com\/#website","url":"https:\/\/elcotarro.com\/","name":"El Cotarro","description":"Peri\u00f3dico Digital Independiente dirigido por Jos\u00e9 Carlos Marrero","publisher":{"@id":"https:\/\/elcotarro.com\/#organization"},"potentialAction":[{"@type":"SearchAction","target":{"@type":"EntryPoint","urlTemplate":"https:\/\/elcotarro.com\/?s={search_term_string}"},"query-input":{"@type":"PropertyValueSpecification","valueRequired":true,"valueName":"search_term_string"}}],"inLanguage":"es"},{"@type":"Organization","@id":"https:\/\/elcotarro.com\/#organization","name":"El Cotarro","url":"https:\/\/elcotarro.com\/","logo":{"@type":"ImageObject","inLanguage":"es","@id":"https:\/\/elcotarro.com\/#\/schema\/logo\/image\/","url":"https:\/\/elcotarro.com\/wp-content\/uploads\/2014\/09\/Cabecera_El_Cotarro_v2.jpg","contentUrl":"https:\/\/elcotarro.com\/wp-content\/uploads\/2014\/09\/Cabecera_El_Cotarro_v2.jpg","width":3540,"height":441,"caption":"El Cotarro"},"image":{"@id":"https:\/\/elcotarro.com\/#\/schema\/logo\/image\/"},"sameAs":["https:\/\/www.facebook.com\/ElCotarro.Tenerife"]},{"@type":"Person","@id":"https:\/\/elcotarro.com\/#\/schema\/person\/af537ee7d60d15984c7e0affcd8a918b","name":"Jos\u00e9 Carlos Marrero Gonz\u00e1lez","image":{"@type":"ImageObject","inLanguage":"es","@id":"https:\/\/elcotarro.com\/#\/schema\/person\/image\/","url":"https:\/\/secure.gravatar.com\/avatar\/def4da036efb5d32c74d49c351f6dccc064dd69ad9f3aadc295c5a9a5391ca01?s=96&d=mm&r=g","contentUrl":"https:\/\/secure.gravatar.com\/avatar\/def4da036efb5d32c74d49c351f6dccc064dd69ad9f3aadc295c5a9a5391ca01?s=96&d=mm&r=g","caption":"Jos\u00e9 Carlos Marrero Gonz\u00e1lez"},"sameAs":["https:\/\/elcotarro.com"],"url":"https:\/\/elcotarro.com\/?author=2"}]}},"jetpack_featured_media_url":"","jetpack_sharing_enabled":true,"_links":{"self":[{"href":"https:\/\/elcotarro.com\/index.php?rest_route=\/wp\/v2\/posts\/5497","targetHints":{"allow":["GET"]}}],"collection":[{"href":"https:\/\/elcotarro.com\/index.php?rest_route=\/wp\/v2\/posts"}],"about":[{"href":"https:\/\/elcotarro.com\/index.php?rest_route=\/wp\/v2\/types\/post"}],"author":[{"embeddable":true,"href":"https:\/\/elcotarro.com\/index.php?rest_route=\/wp\/v2\/users\/2"}],"replies":[{"embeddable":true,"href":"https:\/\/elcotarro.com\/index.php?rest_route=%2Fwp%2Fv2%2Fcomments&post=5497"}],"version-history":[{"count":1,"href":"https:\/\/elcotarro.com\/index.php?rest_route=\/wp\/v2\/posts\/5497\/revisions"}],"predecessor-version":[{"id":5499,"href":"https:\/\/elcotarro.com\/index.php?rest_route=\/wp\/v2\/posts\/5497\/revisions\/5499"}],"wp:attachment":[{"href":"https:\/\/elcotarro.com\/index.php?rest_route=%2Fwp%2Fv2%2Fmedia&parent=5497"}],"wp:term":[{"taxonomy":"category","embeddable":true,"href":"https:\/\/elcotarro.com\/index.php?rest_route=%2Fwp%2Fv2%2Fcategories&post=5497"},{"taxonomy":"post_tag","embeddable":true,"href":"https:\/\/elcotarro.com\/index.php?rest_route=%2Fwp%2Fv2%2Ftags&post=5497"}],"curies":[{"name":"wp","href":"https:\/\/api.w.org\/{rel}","templated":true}]}}