{"id":5506,"date":"2018-06-03T11:02:39","date_gmt":"2018-06-03T10:02:39","guid":{"rendered":"https:\/\/elcotarro.com\/?p=5506"},"modified":"2018-06-03T10:34:25","modified_gmt":"2018-06-03T09:34:25","slug":"el-verano-llego-con-el-jardin-zen","status":"publish","type":"post","link":"https:\/\/elcotarro.com\/?p=5506","title":{"rendered":"EL VERANO LLEG\u00d3 CON EL \u201cJARD\u00cdN ZEN\u201d"},"content":{"rendered":"<p>Mientras se debat\u00eda la moci\u00f3n el pasado jueves, <strong>Carlos Alonso\u00a0<\/strong>(presidente del Cabildo de Tenerife) aseguraba en el Puerto de la Cruz que el verano llega y se van las lluvias en nuestra isla, cuando el empresario <strong>Wolfgang Kiessling<\/strong>, inaugura una nueva atracci\u00f3n en su famoso y popular Loro Parque. Y vive Dios que, si no es exactamente as\u00ed, poco le falta. Y el pasado jueves, <strong>Wolfgang Kiessling<\/strong>, acompa\u00f1ado por su inseparable esposa <strong>Brigitte Kiessling\u00a0<\/strong>y un nutrido grupo de invitados y primeras autoridades, inaugur\u00f3 y abri\u00f3 al p\u00fablico su nueva y espectacular atracci\u00f3n denominada \u201cJard\u00edn Zen\u201d, un maravilloso acuario paisaj\u00edstico sin precedentes, al ser el primero de su tipo que se construye en el mundo, inspirado en los jardines japoneses y en las majestuosas cordilleras de las monta\u00f1as asi\u00e1ticas.<\/p>\n<p style=\"text-align: center\"><a href=\"https:\/\/elcotarro.com\/wp-content\/uploads\/2018\/06\/FOTO-4.-WOLFGANG-Y-CARLOS.jpg\"><img loading=\"lazy\" decoding=\"async\" class=\"alignnone size-full wp-image-5507\" src=\"https:\/\/elcotarro.com\/wp-content\/uploads\/2018\/06\/FOTO-4.-WOLFGANG-Y-CARLOS.jpg\" alt=\"FOTO 4.- WOLFGANG Y CARLOS\" width=\"1212\" height=\"886\" srcset=\"https:\/\/elcotarro.com\/wp-content\/uploads\/2018\/06\/FOTO-4.-WOLFGANG-Y-CARLOS.jpg 1212w, https:\/\/elcotarro.com\/wp-content\/uploads\/2018\/06\/FOTO-4.-WOLFGANG-Y-CARLOS-300x219.jpg 300w, https:\/\/elcotarro.com\/wp-content\/uploads\/2018\/06\/FOTO-4.-WOLFGANG-Y-CARLOS-1024x749.jpg 1024w\" sizes=\"auto, (max-width: 1212px) 100vw, 1212px\" \/><\/a><\/p>\n<p style=\"text-align: center\">Carlos Alonso (i) y Wolfgang Kiessling, satisfechos por los resultados de cuando pol\u00edticos y empresarios de unen en beneficio de Tenerife.<\/p>\n","protected":false},"excerpt":{"rendered":"<p>Mientras se debat\u00eda la moci\u00f3n el pasado jueves, Carlos Alonso\u00a0(presidente del Cabildo de Tenerife) aseguraba en el Puerto de la Cruz que el verano llega y se van las lluvias en nuestra isla, cuando el empresario Wolfgang Kiessling, inaugura una nueva atracci\u00f3n en su famoso y popular Loro Parque. Y vive Dios que, si no &#8230; <a class=\"read-more\" href=\"https:\/\/elcotarro.com\/?p=5506\">Read more<\/a><\/p>\n","protected":false},"author":2,"featured_media":0,"comment_status":"open","ping_status":"open","sticky":false,"template":"","format":"standard","meta":{"_jetpack_memberships_contains_paid_content":false,"footnotes":""},"categories":[1],"tags":[],"class_list":["post-5506","post","type-post","status-publish","format-standard","hentry","category-sin-categoria"],"yoast_head":"<!-- This site is optimized with the Yoast SEO plugin v27.0 - https:\/\/yoast.com\/product\/yoast-seo-wordpress\/ -->\n<title>EL VERANO LLEG\u00d3 CON EL \u201cJARD\u00cdN ZEN\u201d - El Cotarro<\/title>\n<meta name=\"robots\" content=\"index, follow, max-snippet:-1, max-image-preview:large, max-video-preview:-1\" \/>\n<link rel=\"canonical\" href=\"https:\/\/elcotarro.com\/?p=5506\" \/>\n<meta property=\"og:locale\" content=\"es_ES\" \/>\n<meta property=\"og:type\" content=\"article\" \/>\n<meta property=\"og:title\" content=\"EL VERANO LLEG\u00d3 CON EL \u201cJARD\u00cdN ZEN\u201d - El Cotarro\" \/>\n<meta property=\"og:description\" content=\"Mientras se debat\u00eda la moci\u00f3n el pasado jueves, Carlos Alonso\u00a0(presidente del Cabildo de Tenerife) aseguraba en el Puerto de la Cruz que el verano llega y se van las lluvias en nuestra isla, cuando el empresario Wolfgang Kiessling, inaugura una nueva atracci\u00f3n en su famoso y popular Loro Parque. Y vive Dios que, si no ... Read more\" \/>\n<meta property=\"og:url\" content=\"https:\/\/elcotarro.com\/?p=5506\" \/>\n<meta property=\"og:site_name\" content=\"El Cotarro\" \/>\n<meta property=\"article:publisher\" content=\"https:\/\/www.facebook.com\/ElCotarro.Tenerife\" \/>\n<meta property=\"article:published_time\" content=\"2018-06-03T10:02:39+00:00\" \/>\n<meta property=\"og:image\" content=\"https:\/\/elcotarro.com\/wp-content\/uploads\/2018\/06\/FOTO-4.-WOLFGANG-Y-CARLOS.jpg\" \/>\n<meta name=\"author\" content=\"Jos\u00e9 Carlos Marrero Gonz\u00e1lez\" \/>\n<meta name=\"twitter:label1\" content=\"Escrito por\" \/>\n\t<meta name=\"twitter:data1\" content=\"Jos\u00e9 Carlos Marrero Gonz\u00e1lez\" \/>\n\t<meta name=\"twitter:label2\" content=\"Tiempo de lectura\" \/>\n\t<meta name=\"twitter:data2\" content=\"1 minuto\" \/>\n<script type=\"application\/ld+json\" class=\"yoast-schema-graph\">{\"@context\":\"https:\/\/schema.org\",\"@graph\":[{\"@type\":\"Article\",\"@id\":\"https:\/\/elcotarro.com\/?p=5506#article\",\"isPartOf\":{\"@id\":\"https:\/\/elcotarro.com\/?p=5506\"},\"author\":{\"name\":\"Jos\u00e9 Carlos Marrero Gonz\u00e1lez\",\"@id\":\"https:\/\/elcotarro.com\/#\/schema\/person\/af537ee7d60d15984c7e0affcd8a918b\"},\"headline\":\"EL VERANO LLEG\u00d3 CON EL \u201cJARD\u00cdN ZEN\u201d\",\"datePublished\":\"2018-06-03T10:02:39+00:00\",\"mainEntityOfPage\":{\"@id\":\"https:\/\/elcotarro.com\/?p=5506\"},\"wordCount\":170,\"commentCount\":0,\"publisher\":{\"@id\":\"https:\/\/elcotarro.com\/#organization\"},\"image\":{\"@id\":\"https:\/\/elcotarro.com\/?p=5506#primaryimage\"},\"thumbnailUrl\":\"https:\/\/elcotarro.com\/wp-content\/uploads\/2018\/06\/FOTO-4.-WOLFGANG-Y-CARLOS.jpg\",\"inLanguage\":\"es\",\"potentialAction\":[{\"@type\":\"CommentAction\",\"name\":\"Comment\",\"target\":[\"https:\/\/elcotarro.com\/?p=5506#respond\"]}]},{\"@type\":\"WebPage\",\"@id\":\"https:\/\/elcotarro.com\/?p=5506\",\"url\":\"https:\/\/elcotarro.com\/?p=5506\",\"name\":\"EL VERANO LLEG\u00d3 CON EL \u201cJARD\u00cdN ZEN\u201d - El Cotarro\",\"isPartOf\":{\"@id\":\"https:\/\/elcotarro.com\/#website\"},\"primaryImageOfPage\":{\"@id\":\"https:\/\/elcotarro.com\/?p=5506#primaryimage\"},\"image\":{\"@id\":\"https:\/\/elcotarro.com\/?p=5506#primaryimage\"},\"thumbnailUrl\":\"https:\/\/elcotarro.com\/wp-content\/uploads\/2018\/06\/FOTO-4.-WOLFGANG-Y-CARLOS.jpg\",\"datePublished\":\"2018-06-03T10:02:39+00:00\",\"breadcrumb\":{\"@id\":\"https:\/\/elcotarro.com\/?p=5506#breadcrumb\"},\"inLanguage\":\"es\",\"potentialAction\":[{\"@type\":\"ReadAction\",\"target\":[\"https:\/\/elcotarro.com\/?p=5506\"]}]},{\"@type\":\"ImageObject\",\"inLanguage\":\"es\",\"@id\":\"https:\/\/elcotarro.com\/?p=5506#primaryimage\",\"url\":\"https:\/\/elcotarro.com\/wp-content\/uploads\/2018\/06\/FOTO-4.-WOLFGANG-Y-CARLOS.jpg\",\"contentUrl\":\"https:\/\/elcotarro.com\/wp-content\/uploads\/2018\/06\/FOTO-4.-WOLFGANG-Y-CARLOS.jpg\",\"width\":1212,\"height\":886},{\"@type\":\"BreadcrumbList\",\"@id\":\"https:\/\/elcotarro.com\/?p=5506#breadcrumb\",\"itemListElement\":[{\"@type\":\"ListItem\",\"position\":1,\"name\":\"Portada\",\"item\":\"https:\/\/elcotarro.com\/\"},{\"@type\":\"ListItem\",\"position\":2,\"name\":\"EL VERANO LLEG\u00d3 CON EL \u201cJARD\u00cdN ZEN\u201d\"}]},{\"@type\":\"WebSite\",\"@id\":\"https:\/\/elcotarro.com\/#website\",\"url\":\"https:\/\/elcotarro.com\/\",\"name\":\"El Cotarro\",\"description\":\"Peri\u00f3dico Digital Independiente dirigido por Jos\u00e9 Carlos Marrero\",\"publisher\":{\"@id\":\"https:\/\/elcotarro.com\/#organization\"},\"potentialAction\":[{\"@type\":\"SearchAction\",\"target\":{\"@type\":\"EntryPoint\",\"urlTemplate\":\"https:\/\/elcotarro.com\/?s={search_term_string}\"},\"query-input\":{\"@type\":\"PropertyValueSpecification\",\"valueRequired\":true,\"valueName\":\"search_term_string\"}}],\"inLanguage\":\"es\"},{\"@type\":\"Organization\",\"@id\":\"https:\/\/elcotarro.com\/#organization\",\"name\":\"El Cotarro\",\"url\":\"https:\/\/elcotarro.com\/\",\"logo\":{\"@type\":\"ImageObject\",\"inLanguage\":\"es\",\"@id\":\"https:\/\/elcotarro.com\/#\/schema\/logo\/image\/\",\"url\":\"https:\/\/elcotarro.com\/wp-content\/uploads\/2014\/09\/Cabecera_El_Cotarro_v2.jpg\",\"contentUrl\":\"https:\/\/elcotarro.com\/wp-content\/uploads\/2014\/09\/Cabecera_El_Cotarro_v2.jpg\",\"width\":3540,\"height\":441,\"caption\":\"El Cotarro\"},\"image\":{\"@id\":\"https:\/\/elcotarro.com\/#\/schema\/logo\/image\/\"},\"sameAs\":[\"https:\/\/www.facebook.com\/ElCotarro.Tenerife\"]},{\"@type\":\"Person\",\"@id\":\"https:\/\/elcotarro.com\/#\/schema\/person\/af537ee7d60d15984c7e0affcd8a918b\",\"name\":\"Jos\u00e9 Carlos Marrero Gonz\u00e1lez\",\"image\":{\"@type\":\"ImageObject\",\"inLanguage\":\"es\",\"@id\":\"https:\/\/elcotarro.com\/#\/schema\/person\/image\/\",\"url\":\"https:\/\/secure.gravatar.com\/avatar\/def4da036efb5d32c74d49c351f6dccc064dd69ad9f3aadc295c5a9a5391ca01?s=96&d=mm&r=g\",\"contentUrl\":\"https:\/\/secure.gravatar.com\/avatar\/def4da036efb5d32c74d49c351f6dccc064dd69ad9f3aadc295c5a9a5391ca01?s=96&d=mm&r=g\",\"caption\":\"Jos\u00e9 Carlos Marrero Gonz\u00e1lez\"},\"sameAs\":[\"https:\/\/elcotarro.com\"],\"url\":\"https:\/\/elcotarro.com\/?author=2\"}]}<\/script>\n<!-- \/ Yoast SEO plugin. -->","yoast_head_json":{"title":"EL VERANO LLEG\u00d3 CON EL \u201cJARD\u00cdN ZEN\u201d - El Cotarro","robots":{"index":"index","follow":"follow","max-snippet":"max-snippet:-1","max-image-preview":"max-image-preview:large","max-video-preview":"max-video-preview:-1"},"canonical":"https:\/\/elcotarro.com\/?p=5506","og_locale":"es_ES","og_type":"article","og_title":"EL VERANO LLEG\u00d3 CON EL \u201cJARD\u00cdN ZEN\u201d - El Cotarro","og_description":"Mientras se debat\u00eda la moci\u00f3n el pasado jueves, Carlos Alonso\u00a0(presidente del Cabildo de Tenerife) aseguraba en el Puerto de la Cruz que el verano llega y se van las lluvias en nuestra isla, cuando el empresario Wolfgang Kiessling, inaugura una nueva atracci\u00f3n en su famoso y popular Loro Parque. Y vive Dios que, si no ... Read more","og_url":"https:\/\/elcotarro.com\/?p=5506","og_site_name":"El Cotarro","article_publisher":"https:\/\/www.facebook.com\/ElCotarro.Tenerife","article_published_time":"2018-06-03T10:02:39+00:00","og_image":[{"url":"https:\/\/elcotarro.com\/wp-content\/uploads\/2018\/06\/FOTO-4.-WOLFGANG-Y-CARLOS.jpg","type":"","width":"","height":""}],"author":"Jos\u00e9 Carlos Marrero Gonz\u00e1lez","twitter_misc":{"Escrito por":"Jos\u00e9 Carlos Marrero Gonz\u00e1lez","Tiempo de lectura":"1 minuto"},"schema":{"@context":"https:\/\/schema.org","@graph":[{"@type":"Article","@id":"https:\/\/elcotarro.com\/?p=5506#article","isPartOf":{"@id":"https:\/\/elcotarro.com\/?p=5506"},"author":{"name":"Jos\u00e9 Carlos Marrero Gonz\u00e1lez","@id":"https:\/\/elcotarro.com\/#\/schema\/person\/af537ee7d60d15984c7e0affcd8a918b"},"headline":"EL VERANO LLEG\u00d3 CON EL \u201cJARD\u00cdN ZEN\u201d","datePublished":"2018-06-03T10:02:39+00:00","mainEntityOfPage":{"@id":"https:\/\/elcotarro.com\/?p=5506"},"wordCount":170,"commentCount":0,"publisher":{"@id":"https:\/\/elcotarro.com\/#organization"},"image":{"@id":"https:\/\/elcotarro.com\/?p=5506#primaryimage"},"thumbnailUrl":"https:\/\/elcotarro.com\/wp-content\/uploads\/2018\/06\/FOTO-4.-WOLFGANG-Y-CARLOS.jpg","inLanguage":"es","potentialAction":[{"@type":"CommentAction","name":"Comment","target":["https:\/\/elcotarro.com\/?p=5506#respond"]}]},{"@type":"WebPage","@id":"https:\/\/elcotarro.com\/?p=5506","url":"https:\/\/elcotarro.com\/?p=5506","name":"EL VERANO LLEG\u00d3 CON EL \u201cJARD\u00cdN ZEN\u201d - El Cotarro","isPartOf":{"@id":"https:\/\/elcotarro.com\/#website"},"primaryImageOfPage":{"@id":"https:\/\/elcotarro.com\/?p=5506#primaryimage"},"image":{"@id":"https:\/\/elcotarro.com\/?p=5506#primaryimage"},"thumbnailUrl":"https:\/\/elcotarro.com\/wp-content\/uploads\/2018\/06\/FOTO-4.-WOLFGANG-Y-CARLOS.jpg","datePublished":"2018-06-03T10:02:39+00:00","breadcrumb":{"@id":"https:\/\/elcotarro.com\/?p=5506#breadcrumb"},"inLanguage":"es","potentialAction":[{"@type":"ReadAction","target":["https:\/\/elcotarro.com\/?p=5506"]}]},{"@type":"ImageObject","inLanguage":"es","@id":"https:\/\/elcotarro.com\/?p=5506#primaryimage","url":"https:\/\/elcotarro.com\/wp-content\/uploads\/2018\/06\/FOTO-4.-WOLFGANG-Y-CARLOS.jpg","contentUrl":"https:\/\/elcotarro.com\/wp-content\/uploads\/2018\/06\/FOTO-4.-WOLFGANG-Y-CARLOS.jpg","width":1212,"height":886},{"@type":"BreadcrumbList","@id":"https:\/\/elcotarro.com\/?p=5506#breadcrumb","itemListElement":[{"@type":"ListItem","position":1,"name":"Portada","item":"https:\/\/elcotarro.com\/"},{"@type":"ListItem","position":2,"name":"EL VERANO LLEG\u00d3 CON EL \u201cJARD\u00cdN ZEN\u201d"}]},{"@type":"WebSite","@id":"https:\/\/elcotarro.com\/#website","url":"https:\/\/elcotarro.com\/","name":"El Cotarro","description":"Peri\u00f3dico Digital Independiente dirigido por Jos\u00e9 Carlos Marrero","publisher":{"@id":"https:\/\/elcotarro.com\/#organization"},"potentialAction":[{"@type":"SearchAction","target":{"@type":"EntryPoint","urlTemplate":"https:\/\/elcotarro.com\/?s={search_term_string}"},"query-input":{"@type":"PropertyValueSpecification","valueRequired":true,"valueName":"search_term_string"}}],"inLanguage":"es"},{"@type":"Organization","@id":"https:\/\/elcotarro.com\/#organization","name":"El Cotarro","url":"https:\/\/elcotarro.com\/","logo":{"@type":"ImageObject","inLanguage":"es","@id":"https:\/\/elcotarro.com\/#\/schema\/logo\/image\/","url":"https:\/\/elcotarro.com\/wp-content\/uploads\/2014\/09\/Cabecera_El_Cotarro_v2.jpg","contentUrl":"https:\/\/elcotarro.com\/wp-content\/uploads\/2014\/09\/Cabecera_El_Cotarro_v2.jpg","width":3540,"height":441,"caption":"El Cotarro"},"image":{"@id":"https:\/\/elcotarro.com\/#\/schema\/logo\/image\/"},"sameAs":["https:\/\/www.facebook.com\/ElCotarro.Tenerife"]},{"@type":"Person","@id":"https:\/\/elcotarro.com\/#\/schema\/person\/af537ee7d60d15984c7e0affcd8a918b","name":"Jos\u00e9 Carlos Marrero Gonz\u00e1lez","image":{"@type":"ImageObject","inLanguage":"es","@id":"https:\/\/elcotarro.com\/#\/schema\/person\/image\/","url":"https:\/\/secure.gravatar.com\/avatar\/def4da036efb5d32c74d49c351f6dccc064dd69ad9f3aadc295c5a9a5391ca01?s=96&d=mm&r=g","contentUrl":"https:\/\/secure.gravatar.com\/avatar\/def4da036efb5d32c74d49c351f6dccc064dd69ad9f3aadc295c5a9a5391ca01?s=96&d=mm&r=g","caption":"Jos\u00e9 Carlos Marrero Gonz\u00e1lez"},"sameAs":["https:\/\/elcotarro.com"],"url":"https:\/\/elcotarro.com\/?author=2"}]}},"jetpack_featured_media_url":"","jetpack_sharing_enabled":true,"_links":{"self":[{"href":"https:\/\/elcotarro.com\/index.php?rest_route=\/wp\/v2\/posts\/5506","targetHints":{"allow":["GET"]}}],"collection":[{"href":"https:\/\/elcotarro.com\/index.php?rest_route=\/wp\/v2\/posts"}],"about":[{"href":"https:\/\/elcotarro.com\/index.php?rest_route=\/wp\/v2\/types\/post"}],"author":[{"embeddable":true,"href":"https:\/\/elcotarro.com\/index.php?rest_route=\/wp\/v2\/users\/2"}],"replies":[{"embeddable":true,"href":"https:\/\/elcotarro.com\/index.php?rest_route=%2Fwp%2Fv2%2Fcomments&post=5506"}],"version-history":[{"count":1,"href":"https:\/\/elcotarro.com\/index.php?rest_route=\/wp\/v2\/posts\/5506\/revisions"}],"predecessor-version":[{"id":5508,"href":"https:\/\/elcotarro.com\/index.php?rest_route=\/wp\/v2\/posts\/5506\/revisions\/5508"}],"wp:attachment":[{"href":"https:\/\/elcotarro.com\/index.php?rest_route=%2Fwp%2Fv2%2Fmedia&parent=5506"}],"wp:term":[{"taxonomy":"category","embeddable":true,"href":"https:\/\/elcotarro.com\/index.php?rest_route=%2Fwp%2Fv2%2Fcategories&post=5506"},{"taxonomy":"post_tag","embeddable":true,"href":"https:\/\/elcotarro.com\/index.php?rest_route=%2Fwp%2Fv2%2Ftags&post=5506"}],"curies":[{"name":"wp","href":"https:\/\/api.w.org\/{rel}","templated":true}]}}